{"id":152678,"date":"2024-07-16T21:49:56","date_gmt":"2024-07-17T00:49:56","guid":{"rendered":"https:\/\/www.gaveanews.com\/?p=152678"},"modified":"2024-07-16T21:49:58","modified_gmt":"2024-07-17T00:49:58","slug":"adidas-faz-publicacao-direcionada-a-vini-jr-mbappe-e-bellingham","status":"publish","type":"post","link":"https:\/\/www.gaveanews.com\/index.php\/2024\/07\/16\/adidas-faz-publicacao-direcionada-a-vini-jr-mbappe-e-bellingham\/","title":{"rendered":"Adidas faz publica\u00e7\u00e3o direcionada a Vini Jr, Mbapp\u00e9 e Bellingham"},"content":{"rendered":"\n<p>No dia 3 de junho, o Real Madrid anunciou a contrata\u00e7\u00e3o de Kylian\u00a0Mbapp\u00e9, mas apenas nesta ter\u00e7a-feira (16), o craque foi oficialmente apresentado pelo clube merengue. Ap\u00f3s o ocorrido, o perfil franc\u00eas da Adidas, no X, antigo Twitter, fez uma publica\u00e7\u00e3o direcionada a alguns jogadores. <\/p>\n\n\n\n<ul class=\"wp-block-list\">\n<li><a href=\"https:\/\/www.gaveanews.com\/index.php\/2024\/07\/04\/adidas-faz-exigencia-ao-flamengo-sobre-usar-uniforme-alternativo\/\">Adidas faz exig\u00eancia ao Flamengo sobre usar \u2018uniforme alternativo\u2019<\/a><\/li>\n\n\n\n<li><a href=\"https:\/\/www.gaveanews.com\/index.php\/2024\/07\/01\/adidas-promove-mudanca-no-uniforme-do-flamengo-veja\/\">Adidas promove mudan\u00e7a no uniforme do Flamengo; veja<\/a><\/li>\n<\/ul>\n\n\n\n<p>Kylian Mbapp\u00e9 vai defender a camisa de n\u00famero 9 do Real Madrid, e a postagem da Adidas colocava o craque franc\u00eas entre outros dois protagonistas do elenco. Pelo lado esquerdo, o n\u00famero 5 do ingl\u00eas Jude Bellingham, e pelo lado direito, o n\u00famero 7 do brasileiro Vini Jr. <\/p>\n\n\n\n<p>A partir de agora, um trio da pesada se une na defesa do uniforme merengue. Nesta ter\u00e7a (16), Mbapp\u00e9 assinou o contrato junto ao Presidente Florentino P\u00e9rez e foi apresentado a uma multid\u00e3o de torcedores no Est\u00e1dio Santiago Bernab\u00e9u. Na apresenta\u00e7\u00e3o, o craque falou sobre a chegada ao clube. <\/p>\n\n\n\n<p>\u2014 \u00c9 um dia incr\u00edvel. Desde que eu era crian\u00e7a, tinha um sonho, e estar aqui significa muito para mim. Obrigado aos madridistas, porque h\u00e1 muitos anos me entregam seu amor. Agora tenho outro sonho, que \u00e9 de estar \u00e0 altura da hist\u00f3ria deste clube. Vou dar a vida pelo Real e por este escudo. Estou no maior da hist\u00f3ria -,disse.<\/p>\n\n\n\n<p>Para contar com Kylian Mbapp\u00e9, o Real Madrid n\u00e3o teve custos. Isso porque o franc\u00eas deixou o PSG ao final do contrato, e saiu do ex-clube sem custos. Portanto, o clube merengue vai arcar &#8220;apenas&#8221; com o sal\u00e1rio do astro, que deve girar em torno de 15 milh\u00f5es de euros anuais, R$ 89 milh\u00f5es\/ano na atual cota\u00e7\u00e3o.<\/p>\n\n\n\n<p>Kylian Mbapp\u00e9 assinou contrato de cinco temporadas com o Real Madrid, v\u00e1lido at\u00e9 o final do primeiro semestre de 2029. O craque assume a camisa 9 que estava vaga desde a sa\u00edda de Karim Benzema, que deixou o clube merengue em outubro de 2023. <\/p>\n\n\n\n<p><\/p>\n","protected":false},"excerpt":{"rendered":"<p>No dia 3 de junho, o Real Madrid anunciou a contrata\u00e7\u00e3o de Kylian\u00a0Mbapp\u00e9, mas apenas nesta ter\u00e7a-feira (16), o craque foi oficialmente apresentado pelo clube merengue. Ap\u00f3s o ocorrido, o perfil franc\u00eas da Adidas, no X, antigo Twitter, fez uma publica\u00e7\u00e3o direcionada a alguns jogadores. Kylian Mbapp\u00e9 vai defender a camisa de n\u00famero 9 do [&hellip;]<\/p>\n","protected":false},"author":18,"featured_media":127936,"comment_status":"open","ping_status":"closed","sticky":false,"template":"","format":"standard","meta":{"footnotes":""},"categories":[1],"tags":[],"class_list":["post-152678","post","type-post","status-publish","format-standard","has-post-thumbnail","hentry","category-flamengo"],"yoast_head":"<!-- This site is optimized with the Yoast SEO Premium plugin v24.2 (Yoast SEO v26.9) - https:\/\/yoast.com\/product\/yoast-seo-premium-wordpress\/ -->\n<title>Adidas faz publica\u00e7\u00e3o direcionada a Vini Jr, Mbapp\u00e9 e Bellingham<\/title>\n<meta name=\"robots\" content=\"index, follow, max-snippet:-1, max-image-preview:large, max-video-preview:-1\" \/>\n<link rel=\"canonical\" href=\"https:\/\/www.gaveanews.com\/index.php\/2024\/07\/16\/adidas-faz-publicacao-direcionada-a-vini-jr-mbappe-e-bellingham\/\" \/>\n<meta property=\"og:locale\" content=\"pt_BR\" \/>\n<meta property=\"og:type\" content=\"article\" \/>\n<meta property=\"og:title\" content=\"Adidas faz publica\u00e7\u00e3o direcionada a Vini Jr, Mbapp\u00e9 e Bellingham\" \/>\n<meta property=\"og:description\" content=\"No dia 3 de junho, o Real Madrid anunciou a contrata\u00e7\u00e3o de Kylian\u00a0Mbapp\u00e9, mas apenas nesta ter\u00e7a-feira (16), o craque foi oficialmente apresentado pelo clube merengue. Ap\u00f3s o ocorrido, o perfil franc\u00eas da Adidas, no X, antigo Twitter, fez uma publica\u00e7\u00e3o direcionada a alguns jogadores. Kylian Mbapp\u00e9 vai defender a camisa de n\u00famero 9 do [&hellip;]\" \/>\n<meta property=\"og:url\" content=\"https:\/\/www.gaveanews.com\/index.php\/2024\/07\/16\/adidas-faz-publicacao-direcionada-a-vini-jr-mbappe-e-bellingham\/\" \/>\n<meta property=\"og:site_name\" content=\"G\u00e1vea News\" \/>\n<meta property=\"article:publisher\" content=\"https:\/\/facebook.com\/gaveaNews\/\" \/>\n<meta property=\"article:published_time\" content=\"2024-07-17T00:49:56+00:00\" \/>\n<meta property=\"article:modified_time\" content=\"2024-07-17T00:49:58+00:00\" \/>\n<meta property=\"og:image\" content=\"https:\/\/www.gaveanews.com\/wp-content\/uploads\/k.mbappe_1708474514717.webp\" \/>\n\t<meta property=\"og:image:width\" content=\"1222\" \/>\n\t<meta property=\"og:image:height\" content=\"815\" \/>\n\t<meta property=\"og:image:type\" content=\"image\/webp\" \/>\n<meta name=\"author\" content=\"Paula Silva\" \/>\n<meta name=\"twitter:card\" content=\"summary_large_image\" \/>\n<meta name=\"twitter:label1\" content=\"Escrito por\" \/>\n\t<meta name=\"twitter:data1\" content=\"Paula Silva\" \/>\n\t<meta name=\"twitter:label2\" content=\"Est. tempo de leitura\" \/>\n\t<meta name=\"twitter:data2\" content=\"2 minutos\" \/>\n<script type=\"application\/ld+json\" class=\"yoast-schema-graph\">{\"@context\":\"https:\/\/schema.org\",\"@graph\":[{\"@type\":\"NewsArticle\",\"@id\":\"https:\/\/www.gaveanews.com\/index.php\/2024\/07\/16\/adidas-faz-publicacao-direcionada-a-vini-jr-mbappe-e-bellingham\/#article\",\"isPartOf\":{\"@id\":\"https:\/\/www.gaveanews.com\/index.php\/2024\/07\/16\/adidas-faz-publicacao-direcionada-a-vini-jr-mbappe-e-bellingham\/\"},\"author\":{\"name\":\"Paula Silva\",\"@id\":\"https:\/\/www.gaveanews.com\/#\/schema\/person\/daf63eec72e1164eb13dc35096c2b8da\"},\"headline\":\"Adidas faz publica\u00e7\u00e3o direcionada a Vini Jr, Mbapp\u00e9 e Bellingham\",\"datePublished\":\"2024-07-17T00:49:56+00:00\",\"dateModified\":\"2024-07-17T00:49:58+00:00\",\"mainEntityOfPage\":{\"@id\":\"https:\/\/www.gaveanews.com\/index.php\/2024\/07\/16\/adidas-faz-publicacao-direcionada-a-vini-jr-mbappe-e-bellingham\/\"},\"wordCount\":350,\"commentCount\":0,\"image\":{\"@id\":\"https:\/\/www.gaveanews.com\/index.php\/2024\/07\/16\/adidas-faz-publicacao-direcionada-a-vini-jr-mbappe-e-bellingham\/#primaryimage\"},\"thumbnailUrl\":\"https:\/\/www.gaveanews.com\/wp-content\/uploads\/k.mbappe_1708474514717.webp\",\"articleSection\":[\"Flamengo\"],\"inLanguage\":\"pt-BR\",\"potentialAction\":[{\"@type\":\"CommentAction\",\"name\":\"Comment\",\"target\":[\"https:\/\/www.gaveanews.com\/index.php\/2024\/07\/16\/adidas-faz-publicacao-direcionada-a-vini-jr-mbappe-e-bellingham\/#respond\"]}],\"copyrightYear\":\"2024\",\"copyrightHolder\":{\"@id\":\"https:\/\/www.gaveanews.com\/#organization\"}},{\"@type\":\"WebPage\",\"@id\":\"https:\/\/www.gaveanews.com\/index.php\/2024\/07\/16\/adidas-faz-publicacao-direcionada-a-vini-jr-mbappe-e-bellingham\/\",\"url\":\"https:\/\/www.gaveanews.com\/index.php\/2024\/07\/16\/adidas-faz-publicacao-direcionada-a-vini-jr-mbappe-e-bellingham\/\",\"name\":\"Adidas faz publica\u00e7\u00e3o direcionada a Vini Jr, Mbapp\u00e9 e Bellingham\",\"isPartOf\":{\"@id\":\"https:\/\/www.gaveanews.com\/#website\"},\"primaryImageOfPage\":{\"@id\":\"https:\/\/www.gaveanews.com\/index.php\/2024\/07\/16\/adidas-faz-publicacao-direcionada-a-vini-jr-mbappe-e-bellingham\/#primaryimage\"},\"image\":{\"@id\":\"https:\/\/www.gaveanews.com\/index.php\/2024\/07\/16\/adidas-faz-publicacao-direcionada-a-vini-jr-mbappe-e-bellingham\/#primaryimage\"},\"thumbnailUrl\":\"https:\/\/www.gaveanews.com\/wp-content\/uploads\/k.mbappe_1708474514717.webp\",\"datePublished\":\"2024-07-17T00:49:56+00:00\",\"dateModified\":\"2024-07-17T00:49:58+00:00\",\"author\":{\"@id\":\"https:\/\/www.gaveanews.com\/#\/schema\/person\/daf63eec72e1164eb13dc35096c2b8da\"},\"breadcrumb\":{\"@id\":\"https:\/\/www.gaveanews.com\/index.php\/2024\/07\/16\/adidas-faz-publicacao-direcionada-a-vini-jr-mbappe-e-bellingham\/#breadcrumb\"},\"inLanguage\":\"pt-BR\",\"potentialAction\":[{\"@type\":\"ReadAction\",\"target\":[\"https:\/\/www.gaveanews.com\/index.php\/2024\/07\/16\/adidas-faz-publicacao-direcionada-a-vini-jr-mbappe-e-bellingham\/\"]}]},{\"@type\":\"ImageObject\",\"inLanguage\":\"pt-BR\",\"@id\":\"https:\/\/www.gaveanews.com\/index.php\/2024\/07\/16\/adidas-faz-publicacao-direcionada-a-vini-jr-mbappe-e-bellingham\/#primaryimage\",\"url\":\"https:\/\/www.gaveanews.com\/wp-content\/uploads\/k.mbappe_1708474514717.webp\",\"contentUrl\":\"https:\/\/www.gaveanews.com\/wp-content\/uploads\/k.mbappe_1708474514717.webp\",\"width\":1222,\"height\":815,\"caption\":\"Kylian Mbappe em a\u00e7\u00e3o pela sele\u00e7\u00e3o da Fran\u00e7a (Foto: Reprodu\u00e7\u00e3o\/Instagram)\"},{\"@type\":\"BreadcrumbList\",\"@id\":\"https:\/\/www.gaveanews.com\/index.php\/2024\/07\/16\/adidas-faz-publicacao-direcionada-a-vini-jr-mbappe-e-bellingham\/#breadcrumb\",\"itemListElement\":[{\"@type\":\"ListItem\",\"position\":1,\"name\":\"Home\",\"item\":\"https:\/\/www.gaveanews.com\/\"},{\"@type\":\"ListItem\",\"position\":2,\"name\":\"Adidas faz publica\u00e7\u00e3o direcionada a Vini Jr, Mbapp\u00e9 e Bellingham\"}]},{\"@type\":\"WebSite\",\"@id\":\"https:\/\/www.gaveanews.com\/#website\",\"url\":\"https:\/\/www.gaveanews.com\/\",\"name\":\"G\u00e1vea News\",\"description\":\"Veja todas as not\u00edcias sobre o Flamengo: Contrata\u00e7\u00f5es, categorias de base, resultados das partidas, tabela de classifica\u00e7\u00e3o, pr\u00f3ximos jogos!\",\"potentialAction\":[{\"@type\":\"SearchAction\",\"target\":{\"@type\":\"EntryPoint\",\"urlTemplate\":\"https:\/\/www.gaveanews.com\/?s={search_term_string}\"},\"query-input\":{\"@type\":\"PropertyValueSpecification\",\"valueRequired\":true,\"valueName\":\"search_term_string\"}}],\"inLanguage\":\"pt-BR\"},{\"@type\":\"Person\",\"@id\":\"https:\/\/www.gaveanews.com\/#\/schema\/person\/daf63eec72e1164eb13dc35096c2b8da\",\"name\":\"Paula Silva\",\"image\":{\"@type\":\"ImageObject\",\"inLanguage\":\"pt-BR\",\"@id\":\"https:\/\/www.gaveanews.com\/#\/schema\/person\/image\/\",\"url\":\"https:\/\/secure.gravatar.com\/avatar\/eda381c845527cc5d64c13b901833cda29d97500ba040d3e6461f76f51d163bb?s=96&d=mm&r=g\",\"contentUrl\":\"https:\/\/secure.gravatar.com\/avatar\/eda381c845527cc5d64c13b901833cda29d97500ba040d3e6461f76f51d163bb?s=96&d=mm&r=g\",\"caption\":\"Paula Silva\"}}]}<\/script>\n<!-- \/ Yoast SEO Premium plugin. -->","yoast_head_json":{"title":"Adidas faz publica\u00e7\u00e3o direcionada a Vini Jr, Mbapp\u00e9 e Bellingham","robots":{"index":"index","follow":"follow","max-snippet":"max-snippet:-1","max-image-preview":"max-image-preview:large","max-video-preview":"max-video-preview:-1"},"canonical":"https:\/\/www.gaveanews.com\/index.php\/2024\/07\/16\/adidas-faz-publicacao-direcionada-a-vini-jr-mbappe-e-bellingham\/","og_locale":"pt_BR","og_type":"article","og_title":"Adidas faz publica\u00e7\u00e3o direcionada a Vini Jr, Mbapp\u00e9 e Bellingham","og_description":"No dia 3 de junho, o Real Madrid anunciou a contrata\u00e7\u00e3o de Kylian\u00a0Mbapp\u00e9, mas apenas nesta ter\u00e7a-feira (16), o craque foi oficialmente apresentado pelo clube merengue. Ap\u00f3s o ocorrido, o perfil franc\u00eas da Adidas, no X, antigo Twitter, fez uma publica\u00e7\u00e3o direcionada a alguns jogadores. Kylian Mbapp\u00e9 vai defender a camisa de n\u00famero 9 do [&hellip;]","og_url":"https:\/\/www.gaveanews.com\/index.php\/2024\/07\/16\/adidas-faz-publicacao-direcionada-a-vini-jr-mbappe-e-bellingham\/","og_site_name":"G\u00e1vea News","article_publisher":"https:\/\/facebook.com\/gaveaNews\/","article_published_time":"2024-07-17T00:49:56+00:00","article_modified_time":"2024-07-17T00:49:58+00:00","og_image":[{"width":1222,"height":815,"url":"https:\/\/www.gaveanews.com\/wp-content\/uploads\/k.mbappe_1708474514717.webp","type":"image\/webp"}],"author":"Paula Silva","twitter_card":"summary_large_image","twitter_misc":{"Escrito por":"Paula Silva","Est. tempo de leitura":"2 minutos"},"schema":{"@context":"https:\/\/schema.org","@graph":[{"@type":"NewsArticle","@id":"https:\/\/www.gaveanews.com\/index.php\/2024\/07\/16\/adidas-faz-publicacao-direcionada-a-vini-jr-mbappe-e-bellingham\/#article","isPartOf":{"@id":"https:\/\/www.gaveanews.com\/index.php\/2024\/07\/16\/adidas-faz-publicacao-direcionada-a-vini-jr-mbappe-e-bellingham\/"},"author":{"name":"Paula Silva","@id":"https:\/\/www.gaveanews.com\/#\/schema\/person\/daf63eec72e1164eb13dc35096c2b8da"},"headline":"Adidas faz publica\u00e7\u00e3o direcionada a Vini Jr, Mbapp\u00e9 e Bellingham","datePublished":"2024-07-17T00:49:56+00:00","dateModified":"2024-07-17T00:49:58+00:00","mainEntityOfPage":{"@id":"https:\/\/www.gaveanews.com\/index.php\/2024\/07\/16\/adidas-faz-publicacao-direcionada-a-vini-jr-mbappe-e-bellingham\/"},"wordCount":350,"commentCount":0,"image":{"@id":"https:\/\/www.gaveanews.com\/index.php\/2024\/07\/16\/adidas-faz-publicacao-direcionada-a-vini-jr-mbappe-e-bellingham\/#primaryimage"},"thumbnailUrl":"https:\/\/www.gaveanews.com\/wp-content\/uploads\/k.mbappe_1708474514717.webp","articleSection":["Flamengo"],"inLanguage":"pt-BR","potentialAction":[{"@type":"CommentAction","name":"Comment","target":["https:\/\/www.gaveanews.com\/index.php\/2024\/07\/16\/adidas-faz-publicacao-direcionada-a-vini-jr-mbappe-e-bellingham\/#respond"]}],"copyrightYear":"2024","copyrightHolder":{"@id":"https:\/\/www.gaveanews.com\/#organization"}},{"@type":"WebPage","@id":"https:\/\/www.gaveanews.com\/index.php\/2024\/07\/16\/adidas-faz-publicacao-direcionada-a-vini-jr-mbappe-e-bellingham\/","url":"https:\/\/www.gaveanews.com\/index.php\/2024\/07\/16\/adidas-faz-publicacao-direcionada-a-vini-jr-mbappe-e-bellingham\/","name":"Adidas faz publica\u00e7\u00e3o direcionada a Vini Jr, Mbapp\u00e9 e Bellingham","isPartOf":{"@id":"https:\/\/www.gaveanews.com\/#website"},"primaryImageOfPage":{"@id":"https:\/\/www.gaveanews.com\/index.php\/2024\/07\/16\/adidas-faz-publicacao-direcionada-a-vini-jr-mbappe-e-bellingham\/#primaryimage"},"image":{"@id":"https:\/\/www.gaveanews.com\/index.php\/2024\/07\/16\/adidas-faz-publicacao-direcionada-a-vini-jr-mbappe-e-bellingham\/#primaryimage"},"thumbnailUrl":"https:\/\/www.gaveanews.com\/wp-content\/uploads\/k.mbappe_1708474514717.webp","datePublished":"2024-07-17T00:49:56+00:00","dateModified":"2024-07-17T00:49:58+00:00","author":{"@id":"https:\/\/www.gaveanews.com\/#\/schema\/person\/daf63eec72e1164eb13dc35096c2b8da"},"breadcrumb":{"@id":"https:\/\/www.gaveanews.com\/index.php\/2024\/07\/16\/adidas-faz-publicacao-direcionada-a-vini-jr-mbappe-e-bellingham\/#breadcrumb"},"inLanguage":"pt-BR","potentialAction":[{"@type":"ReadAction","target":["https:\/\/www.gaveanews.com\/index.php\/2024\/07\/16\/adidas-faz-publicacao-direcionada-a-vini-jr-mbappe-e-bellingham\/"]}]},{"@type":"ImageObject","inLanguage":"pt-BR","@id":"https:\/\/www.gaveanews.com\/index.php\/2024\/07\/16\/adidas-faz-publicacao-direcionada-a-vini-jr-mbappe-e-bellingham\/#primaryimage","url":"https:\/\/www.gaveanews.com\/wp-content\/uploads\/k.mbappe_1708474514717.webp","contentUrl":"https:\/\/www.gaveanews.com\/wp-content\/uploads\/k.mbappe_1708474514717.webp","width":1222,"height":815,"caption":"Kylian Mbappe em a\u00e7\u00e3o pela sele\u00e7\u00e3o da Fran\u00e7a (Foto: Reprodu\u00e7\u00e3o\/Instagram)"},{"@type":"BreadcrumbList","@id":"https:\/\/www.gaveanews.com\/index.php\/2024\/07\/16\/adidas-faz-publicacao-direcionada-a-vini-jr-mbappe-e-bellingham\/#breadcrumb","itemListElement":[{"@type":"ListItem","position":1,"name":"Home","item":"https:\/\/www.gaveanews.com\/"},{"@type":"ListItem","position":2,"name":"Adidas faz publica\u00e7\u00e3o direcionada a Vini Jr, Mbapp\u00e9 e Bellingham"}]},{"@type":"WebSite","@id":"https:\/\/www.gaveanews.com\/#website","url":"https:\/\/www.gaveanews.com\/","name":"G\u00e1vea News","description":"Veja todas as not\u00edcias sobre o Flamengo: Contrata\u00e7\u00f5es, categorias de base, resultados das partidas, tabela de classifica\u00e7\u00e3o, pr\u00f3ximos jogos!","potentialAction":[{"@type":"SearchAction","target":{"@type":"EntryPoint","urlTemplate":"https:\/\/www.gaveanews.com\/?s={search_term_string}"},"query-input":{"@type":"PropertyValueSpecification","valueRequired":true,"valueName":"search_term_string"}}],"inLanguage":"pt-BR"},{"@type":"Person","@id":"https:\/\/www.gaveanews.com\/#\/schema\/person\/daf63eec72e1164eb13dc35096c2b8da","name":"Paula Silva","image":{"@type":"ImageObject","inLanguage":"pt-BR","@id":"https:\/\/www.gaveanews.com\/#\/schema\/person\/image\/","url":"https:\/\/secure.gravatar.com\/avatar\/eda381c845527cc5d64c13b901833cda29d97500ba040d3e6461f76f51d163bb?s=96&d=mm&r=g","contentUrl":"https:\/\/secure.gravatar.com\/avatar\/eda381c845527cc5d64c13b901833cda29d97500ba040d3e6461f76f51d163bb?s=96&d=mm&r=g","caption":"Paula Silva"}}]}},"_links":{"self":[{"href":"https:\/\/www.gaveanews.com\/index.php\/wp-json\/wp\/v2\/posts\/152678","targetHints":{"allow":["GET"]}}],"collection":[{"href":"https:\/\/www.gaveanews.com\/index.php\/wp-json\/wp\/v2\/posts"}],"about":[{"href":"https:\/\/www.gaveanews.com\/index.php\/wp-json\/wp\/v2\/types\/post"}],"author":[{"embeddable":true,"href":"https:\/\/www.gaveanews.com\/index.php\/wp-json\/wp\/v2\/users\/18"}],"replies":[{"embeddable":true,"href":"https:\/\/www.gaveanews.com\/index.php\/wp-json\/wp\/v2\/comments?post=152678"}],"version-history":[{"count":1,"href":"https:\/\/www.gaveanews.com\/index.php\/wp-json\/wp\/v2\/posts\/152678\/revisions"}],"predecessor-version":[{"id":152681,"href":"https:\/\/www.gaveanews.com\/index.php\/wp-json\/wp\/v2\/posts\/152678\/revisions\/152681"}],"wp:featuredmedia":[{"embeddable":true,"href":"https:\/\/www.gaveanews.com\/index.php\/wp-json\/wp\/v2\/media\/127936"}],"wp:attachment":[{"href":"https:\/\/www.gaveanews.com\/index.php\/wp-json\/wp\/v2\/media?parent=152678"}],"wp:term":[{"taxonomy":"category","embeddable":true,"href":"https:\/\/www.gaveanews.com\/index.php\/wp-json\/wp\/v2\/categories?post=152678"},{"taxonomy":"post_tag","embeddable":true,"href":"https:\/\/www.gaveanews.com\/index.php\/wp-json\/wp\/v2\/tags?post=152678"}],"curies":[{"name":"wp","href":"https:\/\/api.w.org\/{rel}","templated":true}]}}