{"id":152706,"date":"2024-07-17T11:09:09","date_gmt":"2024-07-17T14:09:09","guid":{"rendered":"https:\/\/www.gaveanews.com\/?p=152706"},"modified":"2024-07-17T11:09:11","modified_gmt":"2024-07-17T14:09:11","slug":"ex-flamengo-hugo-souza-se-manifesta-apos-estreia-pelo-corinthians","status":"publish","type":"post","link":"https:\/\/www.gaveanews.com\/index.php\/2024\/07\/17\/ex-flamengo-hugo-souza-se-manifesta-apos-estreia-pelo-corinthians\/","title":{"rendered":"Ex-Flamengo, Hugo Souza se manifesta ap\u00f3s estreia pelo Corinthians"},"content":{"rendered":"\n<p>De volta ao Brasil ap\u00f3s temporada na Europa, Hugo Souza estreou por seu novo clube. O goleiro foi acionado por Ram\u00f3n D\u00edaz, que tamb\u00e9m inicia jornada no clube paulista, para o duelo contra o Crici\u00fama.<\/p>\n\n\n\n<p>A partida foi disputada em casa e contou com uma atua\u00e7\u00e3o em alto n\u00edvel de Hugo. O arqueiro comemorou muito a vit\u00f3ria em sua primeira participa\u00e7\u00e3o pela equipe com uma publica\u00e7\u00e3o bastante calorosa nas redes sociais.<\/p>\n\n\n\n<p><em>\u201cDeus \u00e9 bom o tempo todo. Obrigado, Senhor! Feliz demais pela estreia com essa camisa e ainda mais pela vit\u00f3ria. Que seja s\u00f3 o come\u00e7o de uma grande trajet\u00f3ria neste clube gigante que \u00e9 o Corinthians. Jesus na frente, sempre! Seguimos no plano e VAI CORINTHIANS!\u201d<\/em><\/p>\n\n\n\n<h2 class=\"wp-block-heading\" id=\"h-veja-a-publicacao\">Veja a publica\u00e7\u00e3o:<\/h2>\n\n\n\n<figure class=\"wp-block-embed is-type-rich is-provider-twitter wp-block-embed-twitter\"><div class=\"wp-block-embed__wrapper\">\n<blockquote class=\"twitter-tweet\" data-width=\"550\" data-dnt=\"true\"><p lang=\"pt\" dir=\"ltr\">Deus \u00e9 bom o tempo todo. Obrigado, Senhor! Feliz demais pela estreia com essa camisa e ainda mais pela vit\u00f3ria. Que seja s\u00f3 o come\u00e7o de uma grande trajet\u00f3ria neste clube gigante que \u00e9 o <a href=\"https:\/\/twitter.com\/Corinthians?ref_src=twsrc%5Etfw\">@corinthians<\/a>. Jesus na frente, sempre! Seguimos no plano e VAI CORINTHIANS! \ud83d\ude4c\ud83c\udffe\ud83d\udd25\ud83e\udd85 <a href=\"https:\/\/t.co\/CHiGGl1M20\">pic.twitter.com\/CHiGGl1M20<\/a><\/p>&mdash; Hugo Souza (@Hugo99_) <a href=\"https:\/\/twitter.com\/Hugo99_\/status\/1813429153057944055?ref_src=twsrc%5Etfw\">July 17, 2024<\/a><\/blockquote><script async src=\"https:\/\/platform.twitter.com\/widgets.js\" charset=\"utf-8\"><\/script>\n<\/div><\/figure>\n\n\n\n<p>Sem espa\u00e7o no Flamengo, apesar do bom desempenho pelo Chaves, de Portugal, Hugo Souza foi emprestado ao Corinthians para manter sequ\u00eancia dentro das quatro linhas. O atual v\u00ednculo do goleiro com o Tim\u00e3o vai at\u00e9 dezembro deste ano.<\/p>\n\n\n\n<p>A chegada do goleiro tamb\u00e9m fez bem ao clube paulista. A vit\u00f3ria somou pontos importantes \u00e0 equipe na tabela de classifica\u00e7\u00e3o do Campeonato Brasileiro. <\/p>\n\n\n\n<p>No momento, o Corinthians soma os mesmos 15 pontos do Vit\u00f3ria, primeiro time fora da zona de rebaixamento, mas permanece no Z-4 por conta dos crit\u00e9rios de desempate. Desta forma, o clube fica mais pr\u00f3ximo de deixar a zona de perigo da competi\u00e7\u00e3o.<\/p>\n\n\n\n<h2 class=\"wp-block-heading\" id=\"h-agenda-do-flamengo-para-o-mes-de-julho\">Agenda do Flamengo para o m\u00eas de julho<\/h2>\n\n\n\n<ul class=\"wp-block-list\">\n<li>03\/07 Atl\u00e9tico-MG 2 x 4 Flamengo &#8211; 21h30 &#8211; Arena MRV &#8211; Brasileir\u00e3o<\/li>\n\n\n\n<li>06\/07 Flamengo 1 x 1 Cuiab\u00e1 &#8211; 20h &#8211; Maracan\u00e3 &#8211; Brasileir\u00e3o<\/li>\n\n\n\n<li>11\/07 Flamengo 1 x 2 Fortaleza &#8211; 20h &#8211; Maracan\u00e3 &#8211; Brasileir\u00e3o<\/li>\n\n\n\n<li><strong>20\/07 Flamengo x Crici\u00fama &#8211; 16h &#8211; Man\u00e9 Garrincha &#8211; Brasileir\u00e3o<\/strong><\/li>\n\n\n\n<li>24\/07 Vit\u00f3ria x Flamengo &#8211; 20h &#8211; Barrad\u00e3o &#8211; Brasileir\u00e3o<\/li>\n\n\n\n<li>28\/07 Flamengo x Atl\u00e9tico-GO &#8211; <em>a definir<\/em> &#8211; <em>a definir<\/em> &#8211; Brasileir\u00e3o<br><em>Obs.: todos os hor\u00e1rios est\u00e3o alinhados ao fuso de Bras\u00edlia.<\/em><br><em>Obs. 2: o jogo de ida pelas oitavas de final da Copa do Brasil acontece na semana do dia 31, mas ainda n\u00e3o tem advers\u00e1rio, data nem hor\u00e1rio confirmados.<\/em><\/li>\n<\/ul>\n","protected":false},"excerpt":{"rendered":"<p>De volta ao Brasil ap\u00f3s temporada na Europa, Hugo Souza estreou por seu novo clube. O goleiro foi acionado por Ram\u00f3n D\u00edaz, que tamb\u00e9m inicia jornada no clube paulista, para o duelo contra o Crici\u00fama. A partida foi disputada em casa e contou com uma atua\u00e7\u00e3o em alto n\u00edvel de Hugo. O arqueiro comemorou muito [&hellip;]<\/p>\n","protected":false},"author":4,"featured_media":152721,"comment_status":"open","ping_status":"closed","sticky":false,"template":"","format":"standard","meta":{"footnotes":""},"categories":[1],"tags":[],"class_list":["post-152706","post","type-post","status-publish","format-standard","has-post-thumbnail","hentry","category-flamengo"],"yoast_head":"<!-- This site is optimized with the Yoast SEO Premium plugin v24.2 (Yoast SEO v26.9) - https:\/\/yoast.com\/product\/yoast-seo-premium-wordpress\/ -->\n<title>Ex-Flamengo, Hugo Souza se manifesta ap\u00f3s estreia pelo Corinthians<\/title>\n<meta name=\"robots\" content=\"index, follow, max-snippet:-1, max-image-preview:large, max-video-preview:-1\" \/>\n<link rel=\"canonical\" href=\"https:\/\/www.gaveanews.com\/index.php\/2024\/07\/17\/ex-flamengo-hugo-souza-se-manifesta-apos-estreia-pelo-corinthians\/\" \/>\n<meta property=\"og:locale\" content=\"pt_BR\" \/>\n<meta property=\"og:type\" content=\"article\" \/>\n<meta property=\"og:title\" content=\"Ex-Flamengo, Hugo Souza se manifesta ap\u00f3s estreia pelo Corinthians\" \/>\n<meta property=\"og:description\" content=\"De volta ao Brasil ap\u00f3s temporada na Europa, Hugo Souza estreou por seu novo clube. O goleiro foi acionado por Ram\u00f3n D\u00edaz, que tamb\u00e9m inicia jornada no clube paulista, para o duelo contra o Crici\u00fama. A partida foi disputada em casa e contou com uma atua\u00e7\u00e3o em alto n\u00edvel de Hugo. O arqueiro comemorou muito [&hellip;]\" \/>\n<meta property=\"og:url\" content=\"https:\/\/www.gaveanews.com\/index.php\/2024\/07\/17\/ex-flamengo-hugo-souza-se-manifesta-apos-estreia-pelo-corinthians\/\" \/>\n<meta property=\"og:site_name\" content=\"G\u00e1vea News\" \/>\n<meta property=\"article:publisher\" content=\"https:\/\/facebook.com\/gaveaNews\/\" \/>\n<meta property=\"article:published_time\" content=\"2024-07-17T14:09:09+00:00\" \/>\n<meta property=\"article:modified_time\" content=\"2024-07-17T14:09:11+00:00\" \/>\n<meta property=\"og:image\" content=\"https:\/\/www.gaveanews.com\/wp-content\/uploads\/Hugo-Souza-vibra-durante-sua-estreia-pelo-Corinthians.webp\" \/>\n\t<meta property=\"og:image:width\" content=\"1080\" \/>\n\t<meta property=\"og:image:height\" content=\"1346\" \/>\n\t<meta property=\"og:image:type\" content=\"image\/jpeg\" \/>\n<meta name=\"author\" content=\"Let\u00edcia Gerheim\" \/>\n<meta name=\"twitter:card\" content=\"summary_large_image\" \/>\n<meta name=\"twitter:label1\" content=\"Escrito por\" \/>\n\t<meta name=\"twitter:data1\" content=\"Let\u00edcia Gerheim\" \/>\n\t<meta name=\"twitter:label2\" content=\"Est. tempo de leitura\" \/>\n\t<meta name=\"twitter:data2\" content=\"2 minutos\" \/>\n<script type=\"application\/ld+json\" class=\"yoast-schema-graph\">{\"@context\":\"https:\/\/schema.org\",\"@graph\":[{\"@type\":\"NewsArticle\",\"@id\":\"https:\/\/www.gaveanews.com\/index.php\/2024\/07\/17\/ex-flamengo-hugo-souza-se-manifesta-apos-estreia-pelo-corinthians\/#article\",\"isPartOf\":{\"@id\":\"https:\/\/www.gaveanews.com\/index.php\/2024\/07\/17\/ex-flamengo-hugo-souza-se-manifesta-apos-estreia-pelo-corinthians\/\"},\"author\":{\"name\":\"Let\u00edcia Gerheim\",\"@id\":\"https:\/\/www.gaveanews.com\/#\/schema\/person\/714c67050b836198af2450ba1c142a67\"},\"headline\":\"Ex-Flamengo, Hugo Souza se manifesta ap\u00f3s estreia pelo Corinthians\",\"datePublished\":\"2024-07-17T14:09:09+00:00\",\"dateModified\":\"2024-07-17T14:09:11+00:00\",\"mainEntityOfPage\":{\"@id\":\"https:\/\/www.gaveanews.com\/index.php\/2024\/07\/17\/ex-flamengo-hugo-souza-se-manifesta-apos-estreia-pelo-corinthians\/\"},\"wordCount\":382,\"commentCount\":0,\"image\":{\"@id\":\"https:\/\/www.gaveanews.com\/index.php\/2024\/07\/17\/ex-flamengo-hugo-souza-se-manifesta-apos-estreia-pelo-corinthians\/#primaryimage\"},\"thumbnailUrl\":\"https:\/\/www.gaveanews.com\/wp-content\/uploads\/Hugo-Souza-vibra-durante-sua-estreia-pelo-Corinthians.webp\",\"articleSection\":[\"Flamengo\"],\"inLanguage\":\"pt-BR\",\"potentialAction\":[{\"@type\":\"CommentAction\",\"name\":\"Comment\",\"target\":[\"https:\/\/www.gaveanews.com\/index.php\/2024\/07\/17\/ex-flamengo-hugo-souza-se-manifesta-apos-estreia-pelo-corinthians\/#respond\"]}],\"copyrightYear\":\"2024\",\"copyrightHolder\":{\"@id\":\"https:\/\/www.gaveanews.com\/#organization\"}},{\"@type\":\"WebPage\",\"@id\":\"https:\/\/www.gaveanews.com\/index.php\/2024\/07\/17\/ex-flamengo-hugo-souza-se-manifesta-apos-estreia-pelo-corinthians\/\",\"url\":\"https:\/\/www.gaveanews.com\/index.php\/2024\/07\/17\/ex-flamengo-hugo-souza-se-manifesta-apos-estreia-pelo-corinthians\/\",\"name\":\"Ex-Flamengo, Hugo Souza se manifesta ap\u00f3s estreia pelo Corinthians\",\"isPartOf\":{\"@id\":\"https:\/\/www.gaveanews.com\/#website\"},\"primaryImageOfPage\":{\"@id\":\"https:\/\/www.gaveanews.com\/index.php\/2024\/07\/17\/ex-flamengo-hugo-souza-se-manifesta-apos-estreia-pelo-corinthians\/#primaryimage\"},\"image\":{\"@id\":\"https:\/\/www.gaveanews.com\/index.php\/2024\/07\/17\/ex-flamengo-hugo-souza-se-manifesta-apos-estreia-pelo-corinthians\/#primaryimage\"},\"thumbnailUrl\":\"https:\/\/www.gaveanews.com\/wp-content\/uploads\/Hugo-Souza-vibra-durante-sua-estreia-pelo-Corinthians.webp\",\"datePublished\":\"2024-07-17T14:09:09+00:00\",\"dateModified\":\"2024-07-17T14:09:11+00:00\",\"author\":{\"@id\":\"https:\/\/www.gaveanews.com\/#\/schema\/person\/714c67050b836198af2450ba1c142a67\"},\"breadcrumb\":{\"@id\":\"https:\/\/www.gaveanews.com\/index.php\/2024\/07\/17\/ex-flamengo-hugo-souza-se-manifesta-apos-estreia-pelo-corinthians\/#breadcrumb\"},\"inLanguage\":\"pt-BR\",\"potentialAction\":[{\"@type\":\"ReadAction\",\"target\":[\"https:\/\/www.gaveanews.com\/index.php\/2024\/07\/17\/ex-flamengo-hugo-souza-se-manifesta-apos-estreia-pelo-corinthians\/\"]}]},{\"@type\":\"ImageObject\",\"inLanguage\":\"pt-BR\",\"@id\":\"https:\/\/www.gaveanews.com\/index.php\/2024\/07\/17\/ex-flamengo-hugo-souza-se-manifesta-apos-estreia-pelo-corinthians\/#primaryimage\",\"url\":\"https:\/\/www.gaveanews.com\/wp-content\/uploads\/Hugo-Souza-vibra-durante-sua-estreia-pelo-Corinthians.webp\",\"contentUrl\":\"https:\/\/www.gaveanews.com\/wp-content\/uploads\/Hugo-Souza-vibra-durante-sua-estreia-pelo-Corinthians.webp\",\"width\":1080,\"height\":1346,\"caption\":\"Hugo Souza vibra durante sua estreia pelo Corinthians (Foto: Reprodu\u00e7\u00e3o\/Instagram)\"},{\"@type\":\"BreadcrumbList\",\"@id\":\"https:\/\/www.gaveanews.com\/index.php\/2024\/07\/17\/ex-flamengo-hugo-souza-se-manifesta-apos-estreia-pelo-corinthians\/#breadcrumb\",\"itemListElement\":[{\"@type\":\"ListItem\",\"position\":1,\"name\":\"Home\",\"item\":\"https:\/\/www.gaveanews.com\/\"},{\"@type\":\"ListItem\",\"position\":2,\"name\":\"Ex-Flamengo, Hugo Souza se manifesta ap\u00f3s estreia pelo Corinthians\"}]},{\"@type\":\"WebSite\",\"@id\":\"https:\/\/www.gaveanews.com\/#website\",\"url\":\"https:\/\/www.gaveanews.com\/\",\"name\":\"G\u00e1vea News\",\"description\":\"Veja todas as not\u00edcias sobre o Flamengo: Contrata\u00e7\u00f5es, categorias de base, resultados das partidas, tabela de classifica\u00e7\u00e3o, pr\u00f3ximos jogos!\",\"potentialAction\":[{\"@type\":\"SearchAction\",\"target\":{\"@type\":\"EntryPoint\",\"urlTemplate\":\"https:\/\/www.gaveanews.com\/?s={search_term_string}\"},\"query-input\":{\"@type\":\"PropertyValueSpecification\",\"valueRequired\":true,\"valueName\":\"search_term_string\"}}],\"inLanguage\":\"pt-BR\"},{\"@type\":\"Person\",\"@id\":\"https:\/\/www.gaveanews.com\/#\/schema\/person\/714c67050b836198af2450ba1c142a67\",\"name\":\"Let\u00edcia Gerheim\",\"image\":{\"@type\":\"ImageObject\",\"inLanguage\":\"pt-BR\",\"@id\":\"https:\/\/www.gaveanews.com\/#\/schema\/person\/image\/\",\"url\":\"https:\/\/secure.gravatar.com\/avatar\/60734739c50fcebfbac509e2a826ccd0ff405c019bc73aab9354f19ecad1dcb4?s=96&d=mm&r=g\",\"contentUrl\":\"https:\/\/secure.gravatar.com\/avatar\/60734739c50fcebfbac509e2a826ccd0ff405c019bc73aab9354f19ecad1dcb4?s=96&d=mm&r=g\",\"caption\":\"Let\u00edcia Gerheim\"}}]}<\/script>\n<!-- \/ Yoast SEO Premium plugin. -->","yoast_head_json":{"title":"Ex-Flamengo, Hugo Souza se manifesta ap\u00f3s estreia pelo Corinthians","robots":{"index":"index","follow":"follow","max-snippet":"max-snippet:-1","max-image-preview":"max-image-preview:large","max-video-preview":"max-video-preview:-1"},"canonical":"https:\/\/www.gaveanews.com\/index.php\/2024\/07\/17\/ex-flamengo-hugo-souza-se-manifesta-apos-estreia-pelo-corinthians\/","og_locale":"pt_BR","og_type":"article","og_title":"Ex-Flamengo, Hugo Souza se manifesta ap\u00f3s estreia pelo Corinthians","og_description":"De volta ao Brasil ap\u00f3s temporada na Europa, Hugo Souza estreou por seu novo clube. O goleiro foi acionado por Ram\u00f3n D\u00edaz, que tamb\u00e9m inicia jornada no clube paulista, para o duelo contra o Crici\u00fama. A partida foi disputada em casa e contou com uma atua\u00e7\u00e3o em alto n\u00edvel de Hugo. O arqueiro comemorou muito [&hellip;]","og_url":"https:\/\/www.gaveanews.com\/index.php\/2024\/07\/17\/ex-flamengo-hugo-souza-se-manifesta-apos-estreia-pelo-corinthians\/","og_site_name":"G\u00e1vea News","article_publisher":"https:\/\/facebook.com\/gaveaNews\/","article_published_time":"2024-07-17T14:09:09+00:00","article_modified_time":"2024-07-17T14:09:11+00:00","og_image":[{"width":1080,"height":1346,"url":"https:\/\/www.gaveanews.com\/wp-content\/uploads\/Hugo-Souza-vibra-durante-sua-estreia-pelo-Corinthians.webp","type":"image\/jpeg"}],"author":"Let\u00edcia Gerheim","twitter_card":"summary_large_image","twitter_misc":{"Escrito por":"Let\u00edcia Gerheim","Est. tempo de leitura":"2 minutos"},"schema":{"@context":"https:\/\/schema.org","@graph":[{"@type":"NewsArticle","@id":"https:\/\/www.gaveanews.com\/index.php\/2024\/07\/17\/ex-flamengo-hugo-souza-se-manifesta-apos-estreia-pelo-corinthians\/#article","isPartOf":{"@id":"https:\/\/www.gaveanews.com\/index.php\/2024\/07\/17\/ex-flamengo-hugo-souza-se-manifesta-apos-estreia-pelo-corinthians\/"},"author":{"name":"Let\u00edcia Gerheim","@id":"https:\/\/www.gaveanews.com\/#\/schema\/person\/714c67050b836198af2450ba1c142a67"},"headline":"Ex-Flamengo, Hugo Souza se manifesta ap\u00f3s estreia pelo Corinthians","datePublished":"2024-07-17T14:09:09+00:00","dateModified":"2024-07-17T14:09:11+00:00","mainEntityOfPage":{"@id":"https:\/\/www.gaveanews.com\/index.php\/2024\/07\/17\/ex-flamengo-hugo-souza-se-manifesta-apos-estreia-pelo-corinthians\/"},"wordCount":382,"commentCount":0,"image":{"@id":"https:\/\/www.gaveanews.com\/index.php\/2024\/07\/17\/ex-flamengo-hugo-souza-se-manifesta-apos-estreia-pelo-corinthians\/#primaryimage"},"thumbnailUrl":"https:\/\/www.gaveanews.com\/wp-content\/uploads\/Hugo-Souza-vibra-durante-sua-estreia-pelo-Corinthians.webp","articleSection":["Flamengo"],"inLanguage":"pt-BR","potentialAction":[{"@type":"CommentAction","name":"Comment","target":["https:\/\/www.gaveanews.com\/index.php\/2024\/07\/17\/ex-flamengo-hugo-souza-se-manifesta-apos-estreia-pelo-corinthians\/#respond"]}],"copyrightYear":"2024","copyrightHolder":{"@id":"https:\/\/www.gaveanews.com\/#organization"}},{"@type":"WebPage","@id":"https:\/\/www.gaveanews.com\/index.php\/2024\/07\/17\/ex-flamengo-hugo-souza-se-manifesta-apos-estreia-pelo-corinthians\/","url":"https:\/\/www.gaveanews.com\/index.php\/2024\/07\/17\/ex-flamengo-hugo-souza-se-manifesta-apos-estreia-pelo-corinthians\/","name":"Ex-Flamengo, Hugo Souza se manifesta ap\u00f3s estreia pelo Corinthians","isPartOf":{"@id":"https:\/\/www.gaveanews.com\/#website"},"primaryImageOfPage":{"@id":"https:\/\/www.gaveanews.com\/index.php\/2024\/07\/17\/ex-flamengo-hugo-souza-se-manifesta-apos-estreia-pelo-corinthians\/#primaryimage"},"image":{"@id":"https:\/\/www.gaveanews.com\/index.php\/2024\/07\/17\/ex-flamengo-hugo-souza-se-manifesta-apos-estreia-pelo-corinthians\/#primaryimage"},"thumbnailUrl":"https:\/\/www.gaveanews.com\/wp-content\/uploads\/Hugo-Souza-vibra-durante-sua-estreia-pelo-Corinthians.webp","datePublished":"2024-07-17T14:09:09+00:00","dateModified":"2024-07-17T14:09:11+00:00","author":{"@id":"https:\/\/www.gaveanews.com\/#\/schema\/person\/714c67050b836198af2450ba1c142a67"},"breadcrumb":{"@id":"https:\/\/www.gaveanews.com\/index.php\/2024\/07\/17\/ex-flamengo-hugo-souza-se-manifesta-apos-estreia-pelo-corinthians\/#breadcrumb"},"inLanguage":"pt-BR","potentialAction":[{"@type":"ReadAction","target":["https:\/\/www.gaveanews.com\/index.php\/2024\/07\/17\/ex-flamengo-hugo-souza-se-manifesta-apos-estreia-pelo-corinthians\/"]}]},{"@type":"ImageObject","inLanguage":"pt-BR","@id":"https:\/\/www.gaveanews.com\/index.php\/2024\/07\/17\/ex-flamengo-hugo-souza-se-manifesta-apos-estreia-pelo-corinthians\/#primaryimage","url":"https:\/\/www.gaveanews.com\/wp-content\/uploads\/Hugo-Souza-vibra-durante-sua-estreia-pelo-Corinthians.webp","contentUrl":"https:\/\/www.gaveanews.com\/wp-content\/uploads\/Hugo-Souza-vibra-durante-sua-estreia-pelo-Corinthians.webp","width":1080,"height":1346,"caption":"Hugo Souza vibra durante sua estreia pelo Corinthians (Foto: Reprodu\u00e7\u00e3o\/Instagram)"},{"@type":"BreadcrumbList","@id":"https:\/\/www.gaveanews.com\/index.php\/2024\/07\/17\/ex-flamengo-hugo-souza-se-manifesta-apos-estreia-pelo-corinthians\/#breadcrumb","itemListElement":[{"@type":"ListItem","position":1,"name":"Home","item":"https:\/\/www.gaveanews.com\/"},{"@type":"ListItem","position":2,"name":"Ex-Flamengo, Hugo Souza se manifesta ap\u00f3s estreia pelo Corinthians"}]},{"@type":"WebSite","@id":"https:\/\/www.gaveanews.com\/#website","url":"https:\/\/www.gaveanews.com\/","name":"G\u00e1vea News","description":"Veja todas as not\u00edcias sobre o Flamengo: Contrata\u00e7\u00f5es, categorias de base, resultados das partidas, tabela de classifica\u00e7\u00e3o, pr\u00f3ximos jogos!","potentialAction":[{"@type":"SearchAction","target":{"@type":"EntryPoint","urlTemplate":"https:\/\/www.gaveanews.com\/?s={search_term_string}"},"query-input":{"@type":"PropertyValueSpecification","valueRequired":true,"valueName":"search_term_string"}}],"inLanguage":"pt-BR"},{"@type":"Person","@id":"https:\/\/www.gaveanews.com\/#\/schema\/person\/714c67050b836198af2450ba1c142a67","name":"Let\u00edcia Gerheim","image":{"@type":"ImageObject","inLanguage":"pt-BR","@id":"https:\/\/www.gaveanews.com\/#\/schema\/person\/image\/","url":"https:\/\/secure.gravatar.com\/avatar\/60734739c50fcebfbac509e2a826ccd0ff405c019bc73aab9354f19ecad1dcb4?s=96&d=mm&r=g","contentUrl":"https:\/\/secure.gravatar.com\/avatar\/60734739c50fcebfbac509e2a826ccd0ff405c019bc73aab9354f19ecad1dcb4?s=96&d=mm&r=g","caption":"Let\u00edcia Gerheim"}}]}},"_links":{"self":[{"href":"https:\/\/www.gaveanews.com\/index.php\/wp-json\/wp\/v2\/posts\/152706","targetHints":{"allow":["GET"]}}],"collection":[{"href":"https:\/\/www.gaveanews.com\/index.php\/wp-json\/wp\/v2\/posts"}],"about":[{"href":"https:\/\/www.gaveanews.com\/index.php\/wp-json\/wp\/v2\/types\/post"}],"author":[{"embeddable":true,"href":"https:\/\/www.gaveanews.com\/index.php\/wp-json\/wp\/v2\/users\/4"}],"replies":[{"embeddable":true,"href":"https:\/\/www.gaveanews.com\/index.php\/wp-json\/wp\/v2\/comments?post=152706"}],"version-history":[{"count":1,"href":"https:\/\/www.gaveanews.com\/index.php\/wp-json\/wp\/v2\/posts\/152706\/revisions"}],"predecessor-version":[{"id":152716,"href":"https:\/\/www.gaveanews.com\/index.php\/wp-json\/wp\/v2\/posts\/152706\/revisions\/152716"}],"wp:featuredmedia":[{"embeddable":true,"href":"https:\/\/www.gaveanews.com\/index.php\/wp-json\/wp\/v2\/media\/152721"}],"wp:attachment":[{"href":"https:\/\/www.gaveanews.com\/index.php\/wp-json\/wp\/v2\/media?parent=152706"}],"wp:term":[{"taxonomy":"category","embeddable":true,"href":"https:\/\/www.gaveanews.com\/index.php\/wp-json\/wp\/v2\/categories?post=152706"},{"taxonomy":"post_tag","embeddable":true,"href":"https:\/\/www.gaveanews.com\/index.php\/wp-json\/wp\/v2\/tags?post=152706"}],"curies":[{"name":"wp","href":"https:\/\/api.w.org\/{rel}","templated":true}]}}