{"id":152711,"date":"2024-07-17T11:00:00","date_gmt":"2024-07-17T14:00:00","guid":{"rendered":"https:\/\/www.gaveanews.com\/?p=152711"},"modified":"2024-07-17T10:53:22","modified_gmt":"2024-07-17T13:53:22","slug":"gabigol-volta-a-treinar-no-ninho-mesmo-apos-suspensao-do-cas","status":"publish","type":"post","link":"https:\/\/www.gaveanews.com\/index.php\/2024\/07\/17\/gabigol-volta-a-treinar-no-ninho-mesmo-apos-suspensao-do-cas\/","title":{"rendered":"Gabigol volta a treinar no Ninho mesmo ap\u00f3s suspens\u00e3o do CAS"},"content":{"rendered":"\n<h2 class=\"wp-block-heading\" id=\"h-gabigol-se-apresenta-para-treinar-no-ct-do-flamengo-enquanto-clube-nao-e-notificado-pela-cas\">Gabigol se apresenta para treinar no CT do Flamengo enquanto clube n\u00e3o \u00e9 notificado pela CAS<\/h2>\n\n\n\n<p>A Corte Arbitral do Esporte (CAS) optou por anular o processo envolvendo Gabigol devido a um erro na comunica\u00e7\u00e3o com a Uni\u00e3o Federal, o que exigir\u00e1 o rein\u00edcio do julgamento. Com essa decis\u00e3o, a suspens\u00e3o tempor\u00e1ria obtida anteriormente foi revogada, resultando na suspens\u00e3o do jogador at\u00e9 abril de 2025. No entanto, como tanto o Flamengo quanto o atleta ainda n\u00e3o foram notificados oficialmente, Gabigol segue sua rotina normalmente.<\/p>\n\n\n\n<ul class=\"wp-block-list\">\n<li><a href=\"https:\/\/www.gaveanews.com\/index.php\/2024\/07\/16\/veja-fotos-do-novo-affair-de-gabigol-que-ja-namorou-vinicius-jr\/\">Veja fotos do novo affair de Gabigol, que j\u00e1 namorou Vinicius Jr<\/a><\/li>\n\n\n\n<li><a href=\"Gabigol est\u00e1 impedido de jogar pelo Flamengo (gaveanews.com)\">URGENTE: Gabigol est\u00e1 impedido de jogar pelo Flamengo<\/a><\/li>\n<\/ul>\n\n\n\n<p>Na manh\u00e3 desta quarta-feira, o atacante se apresentou no Ninho do Urubu pontualmente \u00e0s 08h25 para as atividades programadas para iniciar \u00e0s 9h. O Flamengo est\u00e1 ciente do desdobramento do caso e aguarda a notifica\u00e7\u00e3o para cumprir as determina\u00e7\u00f5es da CAS. Enquanto isso, Gabigol permanece treinando com o restante do time.<\/p>\n\n\n\n<p>Assim que forem notificados, Gabigol ficar\u00e1 impossibilitado de jogar e treinar nas instala\u00e7\u00f5es de qualquer clube profissional novamente.<\/p>\n\n\n\n<figure class=\"wp-block-image size-large\"><img loading=\"lazy\" decoding=\"async\" width=\"1024\" height=\"683\" src=\"https:\/\/www.gaveanews.com\/wp-content\/uploads\/gabigol-sampaoli-treino-flamengo-1024x683.webp\" alt=\"\" class=\"wp-image-102344\" srcset=\"https:\/\/www.gaveanews.com\/wp-content\/uploads\/gabigol-sampaoli-treino-flamengo-1024x683.webp 1024w, https:\/\/www.gaveanews.com\/wp-content\/uploads\/gabigol-sampaoli-treino-flamengo-300x200.webp 300w, https:\/\/www.gaveanews.com\/wp-content\/uploads\/gabigol-sampaoli-treino-flamengo-768x512.webp 768w, https:\/\/www.gaveanews.com\/wp-content\/uploads\/gabigol-sampaoli-treino-flamengo-1536x1024.webp 1536w, https:\/\/www.gaveanews.com\/wp-content\/uploads\/gabigol-sampaoli-treino-flamengo-2048x1365.webp 2048w, https:\/\/www.gaveanews.com\/wp-content\/uploads\/gabigol-sampaoli-treino-flamengo-630x420.webp 630w, https:\/\/www.gaveanews.com\/wp-content\/uploads\/gabigol-sampaoli-treino-flamengo-1260x840.webp 1260w, https:\/\/www.gaveanews.com\/wp-content\/uploads\/gabigol-sampaoli-treino-flamengo-640x427.webp 640w, https:\/\/www.gaveanews.com\/wp-content\/uploads\/gabigol-sampaoli-treino-flamengo-1280x853.webp 1280w, https:\/\/www.gaveanews.com\/wp-content\/uploads\/gabigol-sampaoli-treino-flamengo-681x454.webp 681w, https:\/\/www.gaveanews.com\/wp-content\/uploads\/gabigol-sampaoli-treino-flamengo-1362x908.webp 1362w, https:\/\/www.gaveanews.com\/wp-content\/uploads\/gabigol-sampaoli-treino-flamengo-100x67.webp 100w\" sizes=\"auto, (max-width: 1024px) 100vw, 1024px\" \/><figcaption class=\"wp-element-caption\">Gabigol em treino do Flamengo no Ninho do Urubu (Foto: Gilvan de Souza\/Flamengo)<\/figcaption><\/figure>\n\n\n\n<h2 class=\"wp-block-heading\" id=\"h-vamos-relembrar-o-caso\">Vamos relembrar o caso:<\/h2>\n\n\n\n<p>Em 25 de mar\u00e7o, Gabigol recebeu uma suspens\u00e3o de dois anos por tentativa de fraude em exame antidoping durante um julgamento no Tribunal de Justi\u00e7a Desportiva Antidopagem (TJD-AD). Conforme as regras antidoping vigentes, a pena teve in\u00edcio em 8 de abril de 2023, data da realiza\u00e7\u00e3o dos exames no CT.<\/p>\n\n\n\n<p>Menos de um m\u00eas ap\u00f3s a suspens\u00e3o original em 30 de abril, o time do jogador conseguiu uma decis\u00e3o tempor\u00e1ria a seu favor no CAS. A audi\u00eancia presencial do atleta na Su\u00ed\u00e7a foi adiada em junho por solicita\u00e7\u00e3o da Uni\u00e3o Federal, que faz parte do processo e argumentou que n\u00e3o foi informada adequadamente, e, portanto, n\u00e3o havia indicado um \u00e1rbitro para a audi\u00eancia. A entidade federal pediu o adiamento da audi\u00eancia, e o CAS concordou.<\/p>\n\n\n\n<p>Agora, para dar seguimento ao caso, o CAS invalidou completamente o processo, resultando na perda da decis\u00e3o tempor\u00e1ria por parte do Gabigol. Para recuperar sua elegibilidade para jogar, os representantes do jogador apresentar\u00e3o um novo pedido de decis\u00e3o tempor\u00e1ria provavelmente ainda esta semana. Eles est\u00e3o aguardando serem notificados para formalizar o pedido.<\/p>\n","protected":false},"excerpt":{"rendered":"<p>Gabigol volta a treinar no Ninho mesmo ap\u00f3s suspens\u00e3o do CAS<\/p>\n","protected":false},"author":16,"featured_media":142381,"comment_status":"open","ping_status":"closed","sticky":false,"template":"","format":"standard","meta":{"footnotes":""},"categories":[1],"tags":[],"class_list":["post-152711","post","type-post","status-publish","format-standard","has-post-thumbnail","hentry","category-flamengo"],"yoast_head":"<!-- This site is optimized with the Yoast SEO Premium plugin v24.2 (Yoast SEO v26.9) - https:\/\/yoast.com\/product\/yoast-seo-premium-wordpress\/ -->\n<title>Gabigol volta a treinar no Ninho mesmo ap\u00f3s suspens\u00e3o do CAS<\/title>\n<meta name=\"robots\" content=\"index, follow, max-snippet:-1, max-image-preview:large, max-video-preview:-1\" \/>\n<link rel=\"canonical\" href=\"https:\/\/www.gaveanews.com\/index.php\/2024\/07\/17\/gabigol-volta-a-treinar-no-ninho-mesmo-apos-suspensao-do-cas\/\" \/>\n<meta property=\"og:locale\" content=\"pt_BR\" \/>\n<meta property=\"og:type\" content=\"article\" \/>\n<meta property=\"og:title\" content=\"Gabigol volta a treinar no Ninho mesmo ap\u00f3s suspens\u00e3o do CAS\" \/>\n<meta property=\"og:description\" content=\"Gabigol volta a treinar no Ninho mesmo ap\u00f3s suspens\u00e3o do CAS\" \/>\n<meta property=\"og:url\" content=\"https:\/\/www.gaveanews.com\/index.php\/2024\/07\/17\/gabigol-volta-a-treinar-no-ninho-mesmo-apos-suspensao-do-cas\/\" \/>\n<meta property=\"og:site_name\" content=\"G\u00e1vea News\" \/>\n<meta property=\"article:publisher\" content=\"https:\/\/facebook.com\/gaveaNews\/\" \/>\n<meta property=\"article:published_time\" content=\"2024-07-17T14:00:00+00:00\" \/>\n<meta property=\"og:image\" content=\"https:\/\/www.gaveanews.com\/wp-content\/uploads\/gabigol-treino-flamengo.webp\" \/>\n\t<meta property=\"og:image:width\" content=\"640\" \/>\n\t<meta property=\"og:image:height\" content=\"400\" \/>\n\t<meta property=\"og:image:type\" content=\"image\/jpeg\" \/>\n<meta name=\"author\" content=\"D\u00e9bora Figueiredo\" \/>\n<meta name=\"twitter:card\" content=\"summary_large_image\" \/>\n<meta name=\"twitter:label1\" content=\"Escrito por\" \/>\n\t<meta name=\"twitter:data1\" content=\"D\u00e9bora Figueiredo\" \/>\n\t<meta name=\"twitter:label2\" content=\"Est. tempo de leitura\" \/>\n\t<meta name=\"twitter:data2\" content=\"3 minutos\" \/>\n<script type=\"application\/ld+json\" class=\"yoast-schema-graph\">{\"@context\":\"https:\/\/schema.org\",\"@graph\":[{\"@type\":\"NewsArticle\",\"@id\":\"https:\/\/www.gaveanews.com\/index.php\/2024\/07\/17\/gabigol-volta-a-treinar-no-ninho-mesmo-apos-suspensao-do-cas\/#article\",\"isPartOf\":{\"@id\":\"https:\/\/www.gaveanews.com\/index.php\/2024\/07\/17\/gabigol-volta-a-treinar-no-ninho-mesmo-apos-suspensao-do-cas\/\"},\"author\":{\"name\":\"D\u00e9bora Figueiredo\",\"@id\":\"https:\/\/www.gaveanews.com\/#\/schema\/person\/37122681a8575a5c8db05a56f099a5e4\"},\"headline\":\"Gabigol volta a treinar no Ninho mesmo ap\u00f3s suspens\u00e3o do CAS\",\"datePublished\":\"2024-07-17T14:00:00+00:00\",\"mainEntityOfPage\":{\"@id\":\"https:\/\/www.gaveanews.com\/index.php\/2024\/07\/17\/gabigol-volta-a-treinar-no-ninho-mesmo-apos-suspensao-do-cas\/\"},\"wordCount\":411,\"commentCount\":0,\"image\":{\"@id\":\"https:\/\/www.gaveanews.com\/index.php\/2024\/07\/17\/gabigol-volta-a-treinar-no-ninho-mesmo-apos-suspensao-do-cas\/#primaryimage\"},\"thumbnailUrl\":\"https:\/\/www.gaveanews.com\/wp-content\/uploads\/gabigol-treino-flamengo.webp\",\"articleSection\":[\"Flamengo\"],\"inLanguage\":\"pt-BR\",\"potentialAction\":[{\"@type\":\"CommentAction\",\"name\":\"Comment\",\"target\":[\"https:\/\/www.gaveanews.com\/index.php\/2024\/07\/17\/gabigol-volta-a-treinar-no-ninho-mesmo-apos-suspensao-do-cas\/#respond\"]}],\"copyrightYear\":\"2024\",\"copyrightHolder\":{\"@id\":\"https:\/\/www.gaveanews.com\/#organization\"}},{\"@type\":\"WebPage\",\"@id\":\"https:\/\/www.gaveanews.com\/index.php\/2024\/07\/17\/gabigol-volta-a-treinar-no-ninho-mesmo-apos-suspensao-do-cas\/\",\"url\":\"https:\/\/www.gaveanews.com\/index.php\/2024\/07\/17\/gabigol-volta-a-treinar-no-ninho-mesmo-apos-suspensao-do-cas\/\",\"name\":\"Gabigol volta a treinar no Ninho mesmo ap\u00f3s suspens\u00e3o do CAS\",\"isPartOf\":{\"@id\":\"https:\/\/www.gaveanews.com\/#website\"},\"primaryImageOfPage\":{\"@id\":\"https:\/\/www.gaveanews.com\/index.php\/2024\/07\/17\/gabigol-volta-a-treinar-no-ninho-mesmo-apos-suspensao-do-cas\/#primaryimage\"},\"image\":{\"@id\":\"https:\/\/www.gaveanews.com\/index.php\/2024\/07\/17\/gabigol-volta-a-treinar-no-ninho-mesmo-apos-suspensao-do-cas\/#primaryimage\"},\"thumbnailUrl\":\"https:\/\/www.gaveanews.com\/wp-content\/uploads\/gabigol-treino-flamengo.webp\",\"datePublished\":\"2024-07-17T14:00:00+00:00\",\"author\":{\"@id\":\"https:\/\/www.gaveanews.com\/#\/schema\/person\/37122681a8575a5c8db05a56f099a5e4\"},\"breadcrumb\":{\"@id\":\"https:\/\/www.gaveanews.com\/index.php\/2024\/07\/17\/gabigol-volta-a-treinar-no-ninho-mesmo-apos-suspensao-do-cas\/#breadcrumb\"},\"inLanguage\":\"pt-BR\",\"potentialAction\":[{\"@type\":\"ReadAction\",\"target\":[\"https:\/\/www.gaveanews.com\/index.php\/2024\/07\/17\/gabigol-volta-a-treinar-no-ninho-mesmo-apos-suspensao-do-cas\/\"]}]},{\"@type\":\"ImageObject\",\"inLanguage\":\"pt-BR\",\"@id\":\"https:\/\/www.gaveanews.com\/index.php\/2024\/07\/17\/gabigol-volta-a-treinar-no-ninho-mesmo-apos-suspensao-do-cas\/#primaryimage\",\"url\":\"https:\/\/www.gaveanews.com\/wp-content\/uploads\/gabigol-treino-flamengo.webp\",\"contentUrl\":\"https:\/\/www.gaveanews.com\/wp-content\/uploads\/gabigol-treino-flamengo.webp\",\"width\":640,\"height\":400,\"caption\":\"Gabigol participa de treino do Flamengo (Foto: Divulga\u00e7\u00e3o\/Flamengo)\"},{\"@type\":\"BreadcrumbList\",\"@id\":\"https:\/\/www.gaveanews.com\/index.php\/2024\/07\/17\/gabigol-volta-a-treinar-no-ninho-mesmo-apos-suspensao-do-cas\/#breadcrumb\",\"itemListElement\":[{\"@type\":\"ListItem\",\"position\":1,\"name\":\"Home\",\"item\":\"https:\/\/www.gaveanews.com\/\"},{\"@type\":\"ListItem\",\"position\":2,\"name\":\"Gabigol volta a treinar no Ninho mesmo ap\u00f3s suspens\u00e3o do CAS\"}]},{\"@type\":\"WebSite\",\"@id\":\"https:\/\/www.gaveanews.com\/#website\",\"url\":\"https:\/\/www.gaveanews.com\/\",\"name\":\"G\u00e1vea News\",\"description\":\"Veja todas as not\u00edcias sobre o Flamengo: Contrata\u00e7\u00f5es, categorias de base, resultados das partidas, tabela de classifica\u00e7\u00e3o, pr\u00f3ximos jogos!\",\"potentialAction\":[{\"@type\":\"SearchAction\",\"target\":{\"@type\":\"EntryPoint\",\"urlTemplate\":\"https:\/\/www.gaveanews.com\/?s={search_term_string}\"},\"query-input\":{\"@type\":\"PropertyValueSpecification\",\"valueRequired\":true,\"valueName\":\"search_term_string\"}}],\"inLanguage\":\"pt-BR\"},{\"@type\":\"Person\",\"@id\":\"https:\/\/www.gaveanews.com\/#\/schema\/person\/37122681a8575a5c8db05a56f099a5e4\",\"name\":\"D\u00e9bora Figueiredo\",\"image\":{\"@type\":\"ImageObject\",\"inLanguage\":\"pt-BR\",\"@id\":\"https:\/\/www.gaveanews.com\/#\/schema\/person\/image\/\",\"url\":\"https:\/\/secure.gravatar.com\/avatar\/1f44802859351588499d26f52aed1d15796ce17e67602895b72837c08018868d?s=96&d=mm&r=g\",\"contentUrl\":\"https:\/\/secure.gravatar.com\/avatar\/1f44802859351588499d26f52aed1d15796ce17e67602895b72837c08018868d?s=96&d=mm&r=g\",\"caption\":\"D\u00e9bora Figueiredo\"}}]}<\/script>\n<!-- \/ Yoast SEO Premium plugin. -->","yoast_head_json":{"title":"Gabigol volta a treinar no Ninho mesmo ap\u00f3s suspens\u00e3o do CAS","robots":{"index":"index","follow":"follow","max-snippet":"max-snippet:-1","max-image-preview":"max-image-preview:large","max-video-preview":"max-video-preview:-1"},"canonical":"https:\/\/www.gaveanews.com\/index.php\/2024\/07\/17\/gabigol-volta-a-treinar-no-ninho-mesmo-apos-suspensao-do-cas\/","og_locale":"pt_BR","og_type":"article","og_title":"Gabigol volta a treinar no Ninho mesmo ap\u00f3s suspens\u00e3o do CAS","og_description":"Gabigol volta a treinar no Ninho mesmo ap\u00f3s suspens\u00e3o do CAS","og_url":"https:\/\/www.gaveanews.com\/index.php\/2024\/07\/17\/gabigol-volta-a-treinar-no-ninho-mesmo-apos-suspensao-do-cas\/","og_site_name":"G\u00e1vea News","article_publisher":"https:\/\/facebook.com\/gaveaNews\/","article_published_time":"2024-07-17T14:00:00+00:00","og_image":[{"width":640,"height":400,"url":"https:\/\/www.gaveanews.com\/wp-content\/uploads\/gabigol-treino-flamengo.webp","type":"image\/jpeg"}],"author":"D\u00e9bora Figueiredo","twitter_card":"summary_large_image","twitter_misc":{"Escrito por":"D\u00e9bora Figueiredo","Est. tempo de leitura":"3 minutos"},"schema":{"@context":"https:\/\/schema.org","@graph":[{"@type":"NewsArticle","@id":"https:\/\/www.gaveanews.com\/index.php\/2024\/07\/17\/gabigol-volta-a-treinar-no-ninho-mesmo-apos-suspensao-do-cas\/#article","isPartOf":{"@id":"https:\/\/www.gaveanews.com\/index.php\/2024\/07\/17\/gabigol-volta-a-treinar-no-ninho-mesmo-apos-suspensao-do-cas\/"},"author":{"name":"D\u00e9bora Figueiredo","@id":"https:\/\/www.gaveanews.com\/#\/schema\/person\/37122681a8575a5c8db05a56f099a5e4"},"headline":"Gabigol volta a treinar no Ninho mesmo ap\u00f3s suspens\u00e3o do CAS","datePublished":"2024-07-17T14:00:00+00:00","mainEntityOfPage":{"@id":"https:\/\/www.gaveanews.com\/index.php\/2024\/07\/17\/gabigol-volta-a-treinar-no-ninho-mesmo-apos-suspensao-do-cas\/"},"wordCount":411,"commentCount":0,"image":{"@id":"https:\/\/www.gaveanews.com\/index.php\/2024\/07\/17\/gabigol-volta-a-treinar-no-ninho-mesmo-apos-suspensao-do-cas\/#primaryimage"},"thumbnailUrl":"https:\/\/www.gaveanews.com\/wp-content\/uploads\/gabigol-treino-flamengo.webp","articleSection":["Flamengo"],"inLanguage":"pt-BR","potentialAction":[{"@type":"CommentAction","name":"Comment","target":["https:\/\/www.gaveanews.com\/index.php\/2024\/07\/17\/gabigol-volta-a-treinar-no-ninho-mesmo-apos-suspensao-do-cas\/#respond"]}],"copyrightYear":"2024","copyrightHolder":{"@id":"https:\/\/www.gaveanews.com\/#organization"}},{"@type":"WebPage","@id":"https:\/\/www.gaveanews.com\/index.php\/2024\/07\/17\/gabigol-volta-a-treinar-no-ninho-mesmo-apos-suspensao-do-cas\/","url":"https:\/\/www.gaveanews.com\/index.php\/2024\/07\/17\/gabigol-volta-a-treinar-no-ninho-mesmo-apos-suspensao-do-cas\/","name":"Gabigol volta a treinar no Ninho mesmo ap\u00f3s suspens\u00e3o do CAS","isPartOf":{"@id":"https:\/\/www.gaveanews.com\/#website"},"primaryImageOfPage":{"@id":"https:\/\/www.gaveanews.com\/index.php\/2024\/07\/17\/gabigol-volta-a-treinar-no-ninho-mesmo-apos-suspensao-do-cas\/#primaryimage"},"image":{"@id":"https:\/\/www.gaveanews.com\/index.php\/2024\/07\/17\/gabigol-volta-a-treinar-no-ninho-mesmo-apos-suspensao-do-cas\/#primaryimage"},"thumbnailUrl":"https:\/\/www.gaveanews.com\/wp-content\/uploads\/gabigol-treino-flamengo.webp","datePublished":"2024-07-17T14:00:00+00:00","author":{"@id":"https:\/\/www.gaveanews.com\/#\/schema\/person\/37122681a8575a5c8db05a56f099a5e4"},"breadcrumb":{"@id":"https:\/\/www.gaveanews.com\/index.php\/2024\/07\/17\/gabigol-volta-a-treinar-no-ninho-mesmo-apos-suspensao-do-cas\/#breadcrumb"},"inLanguage":"pt-BR","potentialAction":[{"@type":"ReadAction","target":["https:\/\/www.gaveanews.com\/index.php\/2024\/07\/17\/gabigol-volta-a-treinar-no-ninho-mesmo-apos-suspensao-do-cas\/"]}]},{"@type":"ImageObject","inLanguage":"pt-BR","@id":"https:\/\/www.gaveanews.com\/index.php\/2024\/07\/17\/gabigol-volta-a-treinar-no-ninho-mesmo-apos-suspensao-do-cas\/#primaryimage","url":"https:\/\/www.gaveanews.com\/wp-content\/uploads\/gabigol-treino-flamengo.webp","contentUrl":"https:\/\/www.gaveanews.com\/wp-content\/uploads\/gabigol-treino-flamengo.webp","width":640,"height":400,"caption":"Gabigol participa de treino do Flamengo (Foto: Divulga\u00e7\u00e3o\/Flamengo)"},{"@type":"BreadcrumbList","@id":"https:\/\/www.gaveanews.com\/index.php\/2024\/07\/17\/gabigol-volta-a-treinar-no-ninho-mesmo-apos-suspensao-do-cas\/#breadcrumb","itemListElement":[{"@type":"ListItem","position":1,"name":"Home","item":"https:\/\/www.gaveanews.com\/"},{"@type":"ListItem","position":2,"name":"Gabigol volta a treinar no Ninho mesmo ap\u00f3s suspens\u00e3o do CAS"}]},{"@type":"WebSite","@id":"https:\/\/www.gaveanews.com\/#website","url":"https:\/\/www.gaveanews.com\/","name":"G\u00e1vea News","description":"Veja todas as not\u00edcias sobre o Flamengo: Contrata\u00e7\u00f5es, categorias de base, resultados das partidas, tabela de classifica\u00e7\u00e3o, pr\u00f3ximos jogos!","potentialAction":[{"@type":"SearchAction","target":{"@type":"EntryPoint","urlTemplate":"https:\/\/www.gaveanews.com\/?s={search_term_string}"},"query-input":{"@type":"PropertyValueSpecification","valueRequired":true,"valueName":"search_term_string"}}],"inLanguage":"pt-BR"},{"@type":"Person","@id":"https:\/\/www.gaveanews.com\/#\/schema\/person\/37122681a8575a5c8db05a56f099a5e4","name":"D\u00e9bora Figueiredo","image":{"@type":"ImageObject","inLanguage":"pt-BR","@id":"https:\/\/www.gaveanews.com\/#\/schema\/person\/image\/","url":"https:\/\/secure.gravatar.com\/avatar\/1f44802859351588499d26f52aed1d15796ce17e67602895b72837c08018868d?s=96&d=mm&r=g","contentUrl":"https:\/\/secure.gravatar.com\/avatar\/1f44802859351588499d26f52aed1d15796ce17e67602895b72837c08018868d?s=96&d=mm&r=g","caption":"D\u00e9bora Figueiredo"}}]}},"_links":{"self":[{"href":"https:\/\/www.gaveanews.com\/index.php\/wp-json\/wp\/v2\/posts\/152711","targetHints":{"allow":["GET"]}}],"collection":[{"href":"https:\/\/www.gaveanews.com\/index.php\/wp-json\/wp\/v2\/posts"}],"about":[{"href":"https:\/\/www.gaveanews.com\/index.php\/wp-json\/wp\/v2\/types\/post"}],"author":[{"embeddable":true,"href":"https:\/\/www.gaveanews.com\/index.php\/wp-json\/wp\/v2\/users\/16"}],"replies":[{"embeddable":true,"href":"https:\/\/www.gaveanews.com\/index.php\/wp-json\/wp\/v2\/comments?post=152711"}],"version-history":[{"count":1,"href":"https:\/\/www.gaveanews.com\/index.php\/wp-json\/wp\/v2\/posts\/152711\/revisions"}],"predecessor-version":[{"id":152715,"href":"https:\/\/www.gaveanews.com\/index.php\/wp-json\/wp\/v2\/posts\/152711\/revisions\/152715"}],"wp:featuredmedia":[{"embeddable":true,"href":"https:\/\/www.gaveanews.com\/index.php\/wp-json\/wp\/v2\/media\/142381"}],"wp:attachment":[{"href":"https:\/\/www.gaveanews.com\/index.php\/wp-json\/wp\/v2\/media?parent=152711"}],"wp:term":[{"taxonomy":"category","embeddable":true,"href":"https:\/\/www.gaveanews.com\/index.php\/wp-json\/wp\/v2\/categories?post=152711"},{"taxonomy":"post_tag","embeddable":true,"href":"https:\/\/www.gaveanews.com\/index.php\/wp-json\/wp\/v2\/tags?post=152711"}],"curies":[{"name":"wp","href":"https:\/\/api.w.org\/{rel}","templated":true}]}}