{"id":152726,"date":"2024-07-17T11:33:13","date_gmt":"2024-07-17T14:33:13","guid":{"rendered":"https:\/\/www.gaveanews.com\/?p=152726"},"modified":"2024-07-17T11:33:16","modified_gmt":"2024-07-17T14:33:16","slug":"flamengo-escolhe-novo-vice-presidente-de-financas","status":"publish","type":"post","link":"https:\/\/www.gaveanews.com\/index.php\/2024\/07\/17\/flamengo-escolhe-novo-vice-presidente-de-financas\/","title":{"rendered":"Flamengo escolhe novo vice-presidente de finan\u00e7as"},"content":{"rendered":"\n<h2 class=\"wp-block-heading\" id=\"h-damian-fiocca-e-o-novo-vice-presidente-de-financas-do-flamengo\">Damian Fiocca\u00a0\u00e9 o novo vice-presidente de finan\u00e7as do\u00a0Flamengo<\/h2>\n\n\n\n<p>No meio das mudan\u00e7as na dire\u00e7\u00e3o do Flamengo devido a movimenta\u00e7\u00f5es pol\u00edticas para as elei\u00e7\u00f5es de dezembro, o presidente Rodolfo Landim escolheu o economista Demian Fiocca para assumir o cargo de vice-presidente de Finan\u00e7as, vago desde a sa\u00edda de Rodrigo Tostes no in\u00edcio do m\u00eas. Inicialmente, esperava-se que Landim acumulasse essa fun\u00e7\u00e3o.<\/p>\n\n\n\n<ul class=\"wp-block-list\">\n<li><a href=\"https:\/\/www.gaveanews.com\/index.php\/2024\/07\/17\/atualizacao-sobre-o-estadio-torcida-do-flamengo-provoca-o-vasco-e-meia-deixa-o-clube-veja-as-ultimas-noticias-do-flamengo\/\">Atualiza\u00e7\u00e3o sobre o est\u00e1dio, torcida do Flamengo provoca o Vasco e meia deixa o clube: veja as \u00faltimas not\u00edcias do Flamengo<\/a><\/li>\n\n\n\n<li><a href=\"https:\/\/www.gaveanews.com\/index.php\/2024\/07\/16\/quem-vai-substituir-marcos-braz-no-flamengo\/\">Quem vai substituir Marcos Braz no Flamengo?<\/a><\/li>\n<\/ul>\n\n\n\n<p>Fiocca \u00e9 graduado em Economia pela Universidade de S\u00e3o Paulo e j\u00e1 foi presidente do BNDES entre 2006 e 2007. Al\u00e9m disso, ele atuou como chefe da divis\u00e3o econ\u00f4mica do Minist\u00e9rio do Planejamento, economista-chefe do HSBC no Brasil, executivo da Valle e presidente do banco Nossa Caixa. Sendo s\u00f3cio do clube desde 2016 e tamb\u00e9m da empresa &#8220;Mare Investimentos&#8221; com Landim, Fiocca aceitou o convite nesta ter\u00e7a-feira e j\u00e1 come\u00e7ou a trabalhar.<\/p>\n\n\n\n<p>At\u00e9 o momento, sete pessoas deixaram seus cargos na gest\u00e3o: Maur\u00edcio Gomes de Mattos (VP de Embaixadas e Consulados), Rodrigo Tostes (VP de Finan\u00e7as), Marcelo Conti (VP de Gabinete), PC Pereira (VP de Secretaria), Adalberto Ribeiro (VP de Rela\u00e7\u00f5es Externas), Arthur Rocha (VP de Patrim\u00f4nio) e Ricardo Campelo (VP de Responsabilidade Social).<\/p>\n\n\n\n<figure class=\"wp-block-image size-full\"><img loading=\"lazy\" decoding=\"async\" width=\"984\" height=\"656\" src=\"https:\/\/www.gaveanews.com\/wp-content\/uploads\/img20190410155227485.avif\" alt=\"\" class=\"wp-image-152728\" \/><figcaption class=\"wp-element-caption\">Demian Fiocca, novo vice de finan\u00e7as do Flamengo \u2014 Foto: Cleia Viana \/ C\u00e2mara dos Deputados<br><br><br><\/figcaption><\/figure>\n\n\n\n<p>Fiocca \u00e9 jogador do Flamengo desde 2016 e \u00e9 s\u00f3cio do clube. Esta ter\u00e7a-feira (16), ele aceitou o cargo e come\u00e7ou a trabalhar.<\/p>\n\n\n\n<p>A parte de finan\u00e7as foi a mais recente altera\u00e7\u00e3o. Ap\u00f3s a sa\u00edda de Rodrigo Tostes, que \u00e9 o s\u00e9timo dirigente a realizar esse movimento, Damian Fiocca, ex-presidente do BNDES, assumir\u00e1 o cargo. Desde 2019, os grupos pol\u00edticos que apoiaram Rodolfo Landim n\u00e3o concordaram com a escolha de Rodrigo Dunshee.<\/p>\n\n\n\n<p>Por enquanto, outros dois nomes que participaram da administra\u00e7\u00e3o de Landim s\u00e3o os mais prov\u00e1veis advers\u00e1rios da candidatura de Dunshee no pleito presidencial.<\/p>\n","protected":false},"excerpt":{"rendered":"<p>Flamengo escolhe novo vice-presidente de finan\u00e7as<\/p>\n","protected":false},"author":16,"featured_media":118011,"comment_status":"open","ping_status":"closed","sticky":false,"template":"","format":"standard","meta":{"footnotes":""},"categories":[1],"tags":[],"class_list":["post-152726","post","type-post","status-publish","format-standard","has-post-thumbnail","hentry","category-flamengo"],"yoast_head":"<!-- This site is optimized with the Yoast SEO Premium plugin v24.2 (Yoast SEO v26.9) - https:\/\/yoast.com\/product\/yoast-seo-premium-wordpress\/ -->\n<title>Flamengo escolhe novo vice-presidente de finan\u00e7as<\/title>\n<meta name=\"robots\" content=\"index, follow, max-snippet:-1, max-image-preview:large, max-video-preview:-1\" \/>\n<link rel=\"canonical\" href=\"https:\/\/www.gaveanews.com\/index.php\/2024\/07\/17\/flamengo-escolhe-novo-vice-presidente-de-financas\/\" \/>\n<meta property=\"og:locale\" content=\"pt_BR\" \/>\n<meta property=\"og:type\" content=\"article\" \/>\n<meta property=\"og:title\" content=\"Flamengo escolhe novo vice-presidente de finan\u00e7as\" \/>\n<meta property=\"og:description\" content=\"Flamengo escolhe novo vice-presidente de finan\u00e7as\" \/>\n<meta property=\"og:url\" content=\"https:\/\/www.gaveanews.com\/index.php\/2024\/07\/17\/flamengo-escolhe-novo-vice-presidente-de-financas\/\" \/>\n<meta property=\"og:site_name\" content=\"G\u00e1vea News\" \/>\n<meta property=\"article:publisher\" content=\"https:\/\/facebook.com\/gaveaNews\/\" \/>\n<meta property=\"article:published_time\" content=\"2024-07-17T14:33:13+00:00\" \/>\n<meta property=\"article:modified_time\" content=\"2024-07-17T14:33:16+00:00\" \/>\n<meta property=\"og:image\" content=\"https:\/\/www.gaveanews.com\/wp-content\/uploads\/landim-e-marco-braz.webp\" \/>\n\t<meta property=\"og:image:width\" content=\"1500\" \/>\n\t<meta property=\"og:image:height\" content=\"844\" \/>\n\t<meta property=\"og:image:type\" content=\"image\/webp\" \/>\n<meta name=\"author\" content=\"D\u00e9bora Figueiredo\" \/>\n<meta name=\"twitter:card\" content=\"summary_large_image\" \/>\n<meta name=\"twitter:label1\" content=\"Escrito por\" \/>\n\t<meta name=\"twitter:data1\" content=\"D\u00e9bora Figueiredo\" \/>\n\t<meta name=\"twitter:label2\" content=\"Est. tempo de leitura\" \/>\n\t<meta name=\"twitter:data2\" content=\"2 minutos\" \/>\n<script type=\"application\/ld+json\" class=\"yoast-schema-graph\">{\"@context\":\"https:\/\/schema.org\",\"@graph\":[{\"@type\":\"NewsArticle\",\"@id\":\"https:\/\/www.gaveanews.com\/index.php\/2024\/07\/17\/flamengo-escolhe-novo-vice-presidente-de-financas\/#article\",\"isPartOf\":{\"@id\":\"https:\/\/www.gaveanews.com\/index.php\/2024\/07\/17\/flamengo-escolhe-novo-vice-presidente-de-financas\/\"},\"author\":{\"name\":\"D\u00e9bora Figueiredo\",\"@id\":\"https:\/\/www.gaveanews.com\/#\/schema\/person\/37122681a8575a5c8db05a56f099a5e4\"},\"headline\":\"Flamengo escolhe novo vice-presidente de finan\u00e7as\",\"datePublished\":\"2024-07-17T14:33:13+00:00\",\"dateModified\":\"2024-07-17T14:33:16+00:00\",\"mainEntityOfPage\":{\"@id\":\"https:\/\/www.gaveanews.com\/index.php\/2024\/07\/17\/flamengo-escolhe-novo-vice-presidente-de-financas\/\"},\"wordCount\":363,\"commentCount\":0,\"image\":{\"@id\":\"https:\/\/www.gaveanews.com\/index.php\/2024\/07\/17\/flamengo-escolhe-novo-vice-presidente-de-financas\/#primaryimage\"},\"thumbnailUrl\":\"https:\/\/www.gaveanews.com\/wp-content\/uploads\/landim-e-marco-braz.webp\",\"articleSection\":[\"Flamengo\"],\"inLanguage\":\"pt-BR\",\"potentialAction\":[{\"@type\":\"CommentAction\",\"name\":\"Comment\",\"target\":[\"https:\/\/www.gaveanews.com\/index.php\/2024\/07\/17\/flamengo-escolhe-novo-vice-presidente-de-financas\/#respond\"]}],\"copyrightYear\":\"2024\",\"copyrightHolder\":{\"@id\":\"https:\/\/www.gaveanews.com\/#organization\"}},{\"@type\":\"WebPage\",\"@id\":\"https:\/\/www.gaveanews.com\/index.php\/2024\/07\/17\/flamengo-escolhe-novo-vice-presidente-de-financas\/\",\"url\":\"https:\/\/www.gaveanews.com\/index.php\/2024\/07\/17\/flamengo-escolhe-novo-vice-presidente-de-financas\/\",\"name\":\"Flamengo escolhe novo vice-presidente de finan\u00e7as\",\"isPartOf\":{\"@id\":\"https:\/\/www.gaveanews.com\/#website\"},\"primaryImageOfPage\":{\"@id\":\"https:\/\/www.gaveanews.com\/index.php\/2024\/07\/17\/flamengo-escolhe-novo-vice-presidente-de-financas\/#primaryimage\"},\"image\":{\"@id\":\"https:\/\/www.gaveanews.com\/index.php\/2024\/07\/17\/flamengo-escolhe-novo-vice-presidente-de-financas\/#primaryimage\"},\"thumbnailUrl\":\"https:\/\/www.gaveanews.com\/wp-content\/uploads\/landim-e-marco-braz.webp\",\"datePublished\":\"2024-07-17T14:33:13+00:00\",\"dateModified\":\"2024-07-17T14:33:16+00:00\",\"author\":{\"@id\":\"https:\/\/www.gaveanews.com\/#\/schema\/person\/37122681a8575a5c8db05a56f099a5e4\"},\"breadcrumb\":{\"@id\":\"https:\/\/www.gaveanews.com\/index.php\/2024\/07\/17\/flamengo-escolhe-novo-vice-presidente-de-financas\/#breadcrumb\"},\"inLanguage\":\"pt-BR\",\"potentialAction\":[{\"@type\":\"ReadAction\",\"target\":[\"https:\/\/www.gaveanews.com\/index.php\/2024\/07\/17\/flamengo-escolhe-novo-vice-presidente-de-financas\/\"]}]},{\"@type\":\"ImageObject\",\"inLanguage\":\"pt-BR\",\"@id\":\"https:\/\/www.gaveanews.com\/index.php\/2024\/07\/17\/flamengo-escolhe-novo-vice-presidente-de-financas\/#primaryimage\",\"url\":\"https:\/\/www.gaveanews.com\/wp-content\/uploads\/landim-e-marco-braz.webp\",\"contentUrl\":\"https:\/\/www.gaveanews.com\/wp-content\/uploads\/landim-e-marco-braz.webp\",\"width\":1500,\"height\":844,\"caption\":\"Rodolfo Landim, presidente do Flamengo, e Marcos Braz, vice de futebol do clube (Foto: Reprodu\u00e7\u00e3o\/ Goal)\"},{\"@type\":\"BreadcrumbList\",\"@id\":\"https:\/\/www.gaveanews.com\/index.php\/2024\/07\/17\/flamengo-escolhe-novo-vice-presidente-de-financas\/#breadcrumb\",\"itemListElement\":[{\"@type\":\"ListItem\",\"position\":1,\"name\":\"Home\",\"item\":\"https:\/\/www.gaveanews.com\/\"},{\"@type\":\"ListItem\",\"position\":2,\"name\":\"Flamengo escolhe novo vice-presidente de finan\u00e7as\"}]},{\"@type\":\"WebSite\",\"@id\":\"https:\/\/www.gaveanews.com\/#website\",\"url\":\"https:\/\/www.gaveanews.com\/\",\"name\":\"G\u00e1vea News\",\"description\":\"Veja todas as not\u00edcias sobre o Flamengo: Contrata\u00e7\u00f5es, categorias de base, resultados das partidas, tabela de classifica\u00e7\u00e3o, pr\u00f3ximos jogos!\",\"potentialAction\":[{\"@type\":\"SearchAction\",\"target\":{\"@type\":\"EntryPoint\",\"urlTemplate\":\"https:\/\/www.gaveanews.com\/?s={search_term_string}\"},\"query-input\":{\"@type\":\"PropertyValueSpecification\",\"valueRequired\":true,\"valueName\":\"search_term_string\"}}],\"inLanguage\":\"pt-BR\"},{\"@type\":\"Person\",\"@id\":\"https:\/\/www.gaveanews.com\/#\/schema\/person\/37122681a8575a5c8db05a56f099a5e4\",\"name\":\"D\u00e9bora Figueiredo\",\"image\":{\"@type\":\"ImageObject\",\"inLanguage\":\"pt-BR\",\"@id\":\"https:\/\/www.gaveanews.com\/#\/schema\/person\/image\/\",\"url\":\"https:\/\/secure.gravatar.com\/avatar\/1f44802859351588499d26f52aed1d15796ce17e67602895b72837c08018868d?s=96&d=mm&r=g\",\"contentUrl\":\"https:\/\/secure.gravatar.com\/avatar\/1f44802859351588499d26f52aed1d15796ce17e67602895b72837c08018868d?s=96&d=mm&r=g\",\"caption\":\"D\u00e9bora Figueiredo\"}}]}<\/script>\n<!-- \/ Yoast SEO Premium plugin. -->","yoast_head_json":{"title":"Flamengo escolhe novo vice-presidente de finan\u00e7as","robots":{"index":"index","follow":"follow","max-snippet":"max-snippet:-1","max-image-preview":"max-image-preview:large","max-video-preview":"max-video-preview:-1"},"canonical":"https:\/\/www.gaveanews.com\/index.php\/2024\/07\/17\/flamengo-escolhe-novo-vice-presidente-de-financas\/","og_locale":"pt_BR","og_type":"article","og_title":"Flamengo escolhe novo vice-presidente de finan\u00e7as","og_description":"Flamengo escolhe novo vice-presidente de finan\u00e7as","og_url":"https:\/\/www.gaveanews.com\/index.php\/2024\/07\/17\/flamengo-escolhe-novo-vice-presidente-de-financas\/","og_site_name":"G\u00e1vea News","article_publisher":"https:\/\/facebook.com\/gaveaNews\/","article_published_time":"2024-07-17T14:33:13+00:00","article_modified_time":"2024-07-17T14:33:16+00:00","og_image":[{"width":1500,"height":844,"url":"https:\/\/www.gaveanews.com\/wp-content\/uploads\/landim-e-marco-braz.webp","type":"image\/webp"}],"author":"D\u00e9bora Figueiredo","twitter_card":"summary_large_image","twitter_misc":{"Escrito por":"D\u00e9bora Figueiredo","Est. tempo de leitura":"2 minutos"},"schema":{"@context":"https:\/\/schema.org","@graph":[{"@type":"NewsArticle","@id":"https:\/\/www.gaveanews.com\/index.php\/2024\/07\/17\/flamengo-escolhe-novo-vice-presidente-de-financas\/#article","isPartOf":{"@id":"https:\/\/www.gaveanews.com\/index.php\/2024\/07\/17\/flamengo-escolhe-novo-vice-presidente-de-financas\/"},"author":{"name":"D\u00e9bora Figueiredo","@id":"https:\/\/www.gaveanews.com\/#\/schema\/person\/37122681a8575a5c8db05a56f099a5e4"},"headline":"Flamengo escolhe novo vice-presidente de finan\u00e7as","datePublished":"2024-07-17T14:33:13+00:00","dateModified":"2024-07-17T14:33:16+00:00","mainEntityOfPage":{"@id":"https:\/\/www.gaveanews.com\/index.php\/2024\/07\/17\/flamengo-escolhe-novo-vice-presidente-de-financas\/"},"wordCount":363,"commentCount":0,"image":{"@id":"https:\/\/www.gaveanews.com\/index.php\/2024\/07\/17\/flamengo-escolhe-novo-vice-presidente-de-financas\/#primaryimage"},"thumbnailUrl":"https:\/\/www.gaveanews.com\/wp-content\/uploads\/landim-e-marco-braz.webp","articleSection":["Flamengo"],"inLanguage":"pt-BR","potentialAction":[{"@type":"CommentAction","name":"Comment","target":["https:\/\/www.gaveanews.com\/index.php\/2024\/07\/17\/flamengo-escolhe-novo-vice-presidente-de-financas\/#respond"]}],"copyrightYear":"2024","copyrightHolder":{"@id":"https:\/\/www.gaveanews.com\/#organization"}},{"@type":"WebPage","@id":"https:\/\/www.gaveanews.com\/index.php\/2024\/07\/17\/flamengo-escolhe-novo-vice-presidente-de-financas\/","url":"https:\/\/www.gaveanews.com\/index.php\/2024\/07\/17\/flamengo-escolhe-novo-vice-presidente-de-financas\/","name":"Flamengo escolhe novo vice-presidente de finan\u00e7as","isPartOf":{"@id":"https:\/\/www.gaveanews.com\/#website"},"primaryImageOfPage":{"@id":"https:\/\/www.gaveanews.com\/index.php\/2024\/07\/17\/flamengo-escolhe-novo-vice-presidente-de-financas\/#primaryimage"},"image":{"@id":"https:\/\/www.gaveanews.com\/index.php\/2024\/07\/17\/flamengo-escolhe-novo-vice-presidente-de-financas\/#primaryimage"},"thumbnailUrl":"https:\/\/www.gaveanews.com\/wp-content\/uploads\/landim-e-marco-braz.webp","datePublished":"2024-07-17T14:33:13+00:00","dateModified":"2024-07-17T14:33:16+00:00","author":{"@id":"https:\/\/www.gaveanews.com\/#\/schema\/person\/37122681a8575a5c8db05a56f099a5e4"},"breadcrumb":{"@id":"https:\/\/www.gaveanews.com\/index.php\/2024\/07\/17\/flamengo-escolhe-novo-vice-presidente-de-financas\/#breadcrumb"},"inLanguage":"pt-BR","potentialAction":[{"@type":"ReadAction","target":["https:\/\/www.gaveanews.com\/index.php\/2024\/07\/17\/flamengo-escolhe-novo-vice-presidente-de-financas\/"]}]},{"@type":"ImageObject","inLanguage":"pt-BR","@id":"https:\/\/www.gaveanews.com\/index.php\/2024\/07\/17\/flamengo-escolhe-novo-vice-presidente-de-financas\/#primaryimage","url":"https:\/\/www.gaveanews.com\/wp-content\/uploads\/landim-e-marco-braz.webp","contentUrl":"https:\/\/www.gaveanews.com\/wp-content\/uploads\/landim-e-marco-braz.webp","width":1500,"height":844,"caption":"Rodolfo Landim, presidente do Flamengo, e Marcos Braz, vice de futebol do clube (Foto: Reprodu\u00e7\u00e3o\/ Goal)"},{"@type":"BreadcrumbList","@id":"https:\/\/www.gaveanews.com\/index.php\/2024\/07\/17\/flamengo-escolhe-novo-vice-presidente-de-financas\/#breadcrumb","itemListElement":[{"@type":"ListItem","position":1,"name":"Home","item":"https:\/\/www.gaveanews.com\/"},{"@type":"ListItem","position":2,"name":"Flamengo escolhe novo vice-presidente de finan\u00e7as"}]},{"@type":"WebSite","@id":"https:\/\/www.gaveanews.com\/#website","url":"https:\/\/www.gaveanews.com\/","name":"G\u00e1vea News","description":"Veja todas as not\u00edcias sobre o Flamengo: Contrata\u00e7\u00f5es, categorias de base, resultados das partidas, tabela de classifica\u00e7\u00e3o, pr\u00f3ximos jogos!","potentialAction":[{"@type":"SearchAction","target":{"@type":"EntryPoint","urlTemplate":"https:\/\/www.gaveanews.com\/?s={search_term_string}"},"query-input":{"@type":"PropertyValueSpecification","valueRequired":true,"valueName":"search_term_string"}}],"inLanguage":"pt-BR"},{"@type":"Person","@id":"https:\/\/www.gaveanews.com\/#\/schema\/person\/37122681a8575a5c8db05a56f099a5e4","name":"D\u00e9bora Figueiredo","image":{"@type":"ImageObject","inLanguage":"pt-BR","@id":"https:\/\/www.gaveanews.com\/#\/schema\/person\/image\/","url":"https:\/\/secure.gravatar.com\/avatar\/1f44802859351588499d26f52aed1d15796ce17e67602895b72837c08018868d?s=96&d=mm&r=g","contentUrl":"https:\/\/secure.gravatar.com\/avatar\/1f44802859351588499d26f52aed1d15796ce17e67602895b72837c08018868d?s=96&d=mm&r=g","caption":"D\u00e9bora Figueiredo"}}]}},"_links":{"self":[{"href":"https:\/\/www.gaveanews.com\/index.php\/wp-json\/wp\/v2\/posts\/152726","targetHints":{"allow":["GET"]}}],"collection":[{"href":"https:\/\/www.gaveanews.com\/index.php\/wp-json\/wp\/v2\/posts"}],"about":[{"href":"https:\/\/www.gaveanews.com\/index.php\/wp-json\/wp\/v2\/types\/post"}],"author":[{"embeddable":true,"href":"https:\/\/www.gaveanews.com\/index.php\/wp-json\/wp\/v2\/users\/16"}],"replies":[{"embeddable":true,"href":"https:\/\/www.gaveanews.com\/index.php\/wp-json\/wp\/v2\/comments?post=152726"}],"version-history":[{"count":1,"href":"https:\/\/www.gaveanews.com\/index.php\/wp-json\/wp\/v2\/posts\/152726\/revisions"}],"predecessor-version":[{"id":152730,"href":"https:\/\/www.gaveanews.com\/index.php\/wp-json\/wp\/v2\/posts\/152726\/revisions\/152730"}],"wp:featuredmedia":[{"embeddable":true,"href":"https:\/\/www.gaveanews.com\/index.php\/wp-json\/wp\/v2\/media\/118011"}],"wp:attachment":[{"href":"https:\/\/www.gaveanews.com\/index.php\/wp-json\/wp\/v2\/media?parent=152726"}],"wp:term":[{"taxonomy":"category","embeddable":true,"href":"https:\/\/www.gaveanews.com\/index.php\/wp-json\/wp\/v2\/categories?post=152726"},{"taxonomy":"post_tag","embeddable":true,"href":"https:\/\/www.gaveanews.com\/index.php\/wp-json\/wp\/v2\/tags?post=152726"}],"curies":[{"name":"wp","href":"https:\/\/api.w.org\/{rel}","templated":true}]}}