{"id":152983,"date":"2024-07-18T12:46:30","date_gmt":"2024-07-18T15:46:30","guid":{"rendered":"https:\/\/www.gaveanews.com\/?p=152983"},"modified":"2024-07-18T12:46:32","modified_gmt":"2024-07-18T15:46:32","slug":"gabigol-do-flamengo-faz-cobranca-direcionada-a-globo","status":"publish","type":"post","link":"https:\/\/www.gaveanews.com\/index.php\/2024\/07\/18\/gabigol-do-flamengo-faz-cobranca-direcionada-a-globo\/","title":{"rendered":"Gabigol, do Flamengo, faz cobran\u00e7a direcionada \u00e0 Globo"},"content":{"rendered":"\n<p>Com torcedores preocupados pela not\u00edcia de um suposto novo afastamento de Gabigol do futebol nesta semana, o jogador se manifestou nas redes sociais. O camisa 99 se dirigiu \u00e0 m\u00eddia em duas publica\u00e7\u00f5es, mostrando muita irrita\u00e7\u00e3o por mat\u00e9rias publicadas recentemente.<\/p>\n\n\n\n<p>Na \u00faltima ter\u00e7a-feira (16), a torcida do Flamengo foi surpreendida com uma mat\u00e9ria do &#8220;ge&#8221;, afirmando que a Corte Arbitral do Esporte (CAS) retirou o efeito suspensivo da determina\u00e7\u00e3o de suspens\u00e3o de Gabigol do futebol. Dois dias ap\u00f3s a publica\u00e7\u00e3o da not\u00edcia, clube e jogador ainda n\u00e3o foram notificados sobre o assunto, e o atacante segue treinando normalmente no Ninho do Urubu.<\/p>\n\n\n\n<p>Gabi utilizou sua conta do &#8220;X&#8221;, antigo Twitter, para cobrar uma retrata\u00e7\u00e3o da imprensa sobre as not\u00edcias que foram ao ar nos \u00faltimos dias. <\/p>\n\n\n\n<p><em>&#8220;Ningu\u00e9m vai se retratar das not\u00edcias falsas?&#8221;<\/em><\/p>\n\n\n\n<p><em>&#8220;Me deixem em paz, mentirosos! <br>Nada e ningu\u00e9m vai apagar a hist\u00f3ria&#8221;.<\/em><\/p>\n\n\n\n<h2 class=\"wp-block-heading\" id=\"h-confira-a-publicacao\">Confira a publica\u00e7\u00e3o:<\/h2>\n\n\n\n<figure class=\"wp-block-embed is-type-rich is-provider-twitter wp-block-embed-twitter\"><div class=\"wp-block-embed__wrapper\">\n<blockquote class=\"twitter-tweet\" data-width=\"550\" data-dnt=\"true\"><p lang=\"pt\" dir=\"ltr\">Ningu\u00e9m vai se retratar das not\u00edcias falsas?<\/p>&mdash; Gabriel Barbosa (@gabigol) <a href=\"https:\/\/twitter.com\/gabigol\/status\/1813913206315745419?ref_src=twsrc%5Etfw\">July 18, 2024<\/a><\/blockquote><script async src=\"https:\/\/platform.twitter.com\/widgets.js\" charset=\"utf-8\"><\/script>\n<\/div><\/figure>\n\n\n\n<figure class=\"wp-block-embed is-type-rich is-provider-twitter wp-block-embed-twitter\"><div class=\"wp-block-embed__wrapper\">\n<blockquote class=\"twitter-tweet\" data-width=\"550\" data-dnt=\"true\"><p lang=\"pt\" dir=\"ltr\">Me deixem em paz, mentirosos! <br>Nada e ningu\u00e9m vai apagar a hist\u00f3ria \u2764\ufe0f\u200d\ud83d\udd25 <a href=\"https:\/\/t.co\/9aQ9MJutEu\">pic.twitter.com\/9aQ9MJutEu<\/a><\/p>&mdash; Gabriel Barbosa (@gabigol) <a href=\"https:\/\/twitter.com\/gabigol\/status\/1813953740782920143?ref_src=twsrc%5Etfw\">July 18, 2024<\/a><\/blockquote><script async src=\"https:\/\/platform.twitter.com\/widgets.js\" charset=\"utf-8\"><\/script>\n<\/div><\/figure>\n\n\n\n<p>Em meio \u00e0 situa\u00e7\u00e3o, Gabigol treina com o elenco rubro-negro e se prepara para o confronto contra o Crici\u00fama, que acontece neste s\u00e1bado (20). A bola rola para as equipes \u00e0s 16h (hor\u00e1rio de Bras\u00edlia), no est\u00e1dio Man\u00e9 Garrincha, j\u00e1 que o gramado do Maracan\u00e3 passa por reformas.<\/p>\n\n\n\n<h2 class=\"wp-block-heading\" id=\"h-agenda-do-flamengo-para-o-mes-de-julho\">Agenda do Flamengo para o m\u00eas de julho<\/h2>\n\n\n\n<ul class=\"wp-block-list\">\n<li>03\/07 Atl\u00e9tico-MG 2 x 4 Flamengo &#8211; 21h30 &#8211; Arena MRV &#8211; Brasileir\u00e3o<\/li>\n\n\n\n<li>06\/07 Flamengo 1 x 1 Cuiab\u00e1 &#8211; 20h &#8211; Maracan\u00e3 &#8211; Brasileir\u00e3o<\/li>\n\n\n\n<li>11\/07 Flamengo 1 x 2 Fortaleza &#8211; 20h &#8211; Maracan\u00e3 &#8211; Brasileir\u00e3o<\/li>\n\n\n\n<li><strong>20\/07 Flamengo x Crici\u00fama &#8211; 16h &#8211; Man\u00e9 Garrincha &#8211; Brasileir\u00e3o<\/strong><\/li>\n\n\n\n<li>24\/07 Vit\u00f3ria x Flamengo &#8211; 20h &#8211; Barrad\u00e3o &#8211; Brasileir\u00e3o<\/li>\n\n\n\n<li>28\/07 Flamengo x Atl\u00e9tico-GO &#8211; <em>a definir<\/em> &#8211; <em>a definir<\/em> &#8211; Brasileir\u00e3o<br><em>Obs.: todos os hor\u00e1rios est\u00e3o alinhados ao fuso de Bras\u00edlia.<\/em><br><em>Obs. 2: o jogo de ida pelas oitavas de final da Copa do Brasil acontece na semana do dia 31, mas ainda n\u00e3o tem advers\u00e1rio, data nem hor\u00e1rio confirmados.<\/em><\/li>\n<\/ul>\n","protected":false},"excerpt":{"rendered":"<p>Com torcedores preocupados pela not\u00edcia de um suposto novo afastamento de Gabigol do futebol nesta semana, o jogador se manifestou nas redes sociais. O camisa 99 se dirigiu \u00e0 m\u00eddia em duas publica\u00e7\u00f5es, mostrando muita irrita\u00e7\u00e3o por mat\u00e9rias publicadas recentemente. Na \u00faltima ter\u00e7a-feira (16), a torcida do Flamengo foi surpreendida com uma mat\u00e9ria do &#8220;ge&#8221;, [&hellip;]<\/p>\n","protected":false},"author":4,"featured_media":151992,"comment_status":"open","ping_status":"closed","sticky":false,"template":"","format":"standard","meta":{"footnotes":""},"categories":[1],"tags":[],"class_list":["post-152983","post","type-post","status-publish","format-standard","has-post-thumbnail","hentry","category-flamengo"],"yoast_head":"<!-- This site is optimized with the Yoast SEO Premium plugin v24.2 (Yoast SEO v26.9) - https:\/\/yoast.com\/product\/yoast-seo-premium-wordpress\/ -->\n<title>Gabigol, do Flamengo, faz cobran\u00e7a direcionada \u00e0 Globo<\/title>\n<meta name=\"robots\" content=\"index, follow, max-snippet:-1, max-image-preview:large, max-video-preview:-1\" \/>\n<link rel=\"canonical\" href=\"https:\/\/www.gaveanews.com\/index.php\/2024\/07\/18\/gabigol-do-flamengo-faz-cobranca-direcionada-a-globo\/\" \/>\n<meta property=\"og:locale\" content=\"pt_BR\" \/>\n<meta property=\"og:type\" content=\"article\" \/>\n<meta property=\"og:title\" content=\"Gabigol, do Flamengo, faz cobran\u00e7a direcionada \u00e0 Globo\" \/>\n<meta property=\"og:description\" content=\"Com torcedores preocupados pela not\u00edcia de um suposto novo afastamento de Gabigol do futebol nesta semana, o jogador se manifestou nas redes sociais. O camisa 99 se dirigiu \u00e0 m\u00eddia em duas publica\u00e7\u00f5es, mostrando muita irrita\u00e7\u00e3o por mat\u00e9rias publicadas recentemente. Na \u00faltima ter\u00e7a-feira (16), a torcida do Flamengo foi surpreendida com uma mat\u00e9ria do &#8220;ge&#8221;, [&hellip;]\" \/>\n<meta property=\"og:url\" content=\"https:\/\/www.gaveanews.com\/index.php\/2024\/07\/18\/gabigol-do-flamengo-faz-cobranca-direcionada-a-globo\/\" \/>\n<meta property=\"og:site_name\" content=\"G\u00e1vea News\" \/>\n<meta property=\"article:publisher\" content=\"https:\/\/facebook.com\/gaveaNews\/\" \/>\n<meta property=\"article:published_time\" content=\"2024-07-18T15:46:30+00:00\" \/>\n<meta property=\"article:modified_time\" content=\"2024-07-18T15:46:32+00:00\" \/>\n<meta property=\"og:image\" content=\"https:\/\/www.gaveanews.com\/wp-content\/uploads\/Gabigol-durante-Flamengo-x-Fortaleza-pelo-Brasileirao-2024.webp\" \/>\n\t<meta property=\"og:image:width\" content=\"2000\" \/>\n\t<meta property=\"og:image:height\" content=\"1333\" \/>\n\t<meta property=\"og:image:type\" content=\"image\/webp\" \/>\n<meta name=\"author\" content=\"Let\u00edcia Gerheim\" \/>\n<meta name=\"twitter:card\" content=\"summary_large_image\" \/>\n<meta name=\"twitter:label1\" content=\"Escrito por\" \/>\n\t<meta name=\"twitter:data1\" content=\"Let\u00edcia Gerheim\" \/>\n\t<meta name=\"twitter:label2\" content=\"Est. tempo de leitura\" \/>\n\t<meta name=\"twitter:data2\" content=\"2 minutos\" \/>\n<script type=\"application\/ld+json\" class=\"yoast-schema-graph\">{\"@context\":\"https:\/\/schema.org\",\"@graph\":[{\"@type\":\"NewsArticle\",\"@id\":\"https:\/\/www.gaveanews.com\/index.php\/2024\/07\/18\/gabigol-do-flamengo-faz-cobranca-direcionada-a-globo\/#article\",\"isPartOf\":{\"@id\":\"https:\/\/www.gaveanews.com\/index.php\/2024\/07\/18\/gabigol-do-flamengo-faz-cobranca-direcionada-a-globo\/\"},\"author\":{\"name\":\"Let\u00edcia Gerheim\",\"@id\":\"https:\/\/www.gaveanews.com\/#\/schema\/person\/714c67050b836198af2450ba1c142a67\"},\"headline\":\"Gabigol, do Flamengo, faz cobran\u00e7a direcionada \u00e0 Globo\",\"datePublished\":\"2024-07-18T15:46:30+00:00\",\"dateModified\":\"2024-07-18T15:46:32+00:00\",\"mainEntityOfPage\":{\"@id\":\"https:\/\/www.gaveanews.com\/index.php\/2024\/07\/18\/gabigol-do-flamengo-faz-cobranca-direcionada-a-globo\/\"},\"wordCount\":356,\"commentCount\":0,\"image\":{\"@id\":\"https:\/\/www.gaveanews.com\/index.php\/2024\/07\/18\/gabigol-do-flamengo-faz-cobranca-direcionada-a-globo\/#primaryimage\"},\"thumbnailUrl\":\"https:\/\/www.gaveanews.com\/wp-content\/uploads\/Gabigol-durante-Flamengo-x-Fortaleza-pelo-Brasileirao-2024.webp\",\"articleSection\":[\"Flamengo\"],\"inLanguage\":\"pt-BR\",\"potentialAction\":[{\"@type\":\"CommentAction\",\"name\":\"Comment\",\"target\":[\"https:\/\/www.gaveanews.com\/index.php\/2024\/07\/18\/gabigol-do-flamengo-faz-cobranca-direcionada-a-globo\/#respond\"]}],\"copyrightYear\":\"2024\",\"copyrightHolder\":{\"@id\":\"https:\/\/www.gaveanews.com\/#organization\"}},{\"@type\":\"WebPage\",\"@id\":\"https:\/\/www.gaveanews.com\/index.php\/2024\/07\/18\/gabigol-do-flamengo-faz-cobranca-direcionada-a-globo\/\",\"url\":\"https:\/\/www.gaveanews.com\/index.php\/2024\/07\/18\/gabigol-do-flamengo-faz-cobranca-direcionada-a-globo\/\",\"name\":\"Gabigol, do Flamengo, faz cobran\u00e7a direcionada \u00e0 Globo\",\"isPartOf\":{\"@id\":\"https:\/\/www.gaveanews.com\/#website\"},\"primaryImageOfPage\":{\"@id\":\"https:\/\/www.gaveanews.com\/index.php\/2024\/07\/18\/gabigol-do-flamengo-faz-cobranca-direcionada-a-globo\/#primaryimage\"},\"image\":{\"@id\":\"https:\/\/www.gaveanews.com\/index.php\/2024\/07\/18\/gabigol-do-flamengo-faz-cobranca-direcionada-a-globo\/#primaryimage\"},\"thumbnailUrl\":\"https:\/\/www.gaveanews.com\/wp-content\/uploads\/Gabigol-durante-Flamengo-x-Fortaleza-pelo-Brasileirao-2024.webp\",\"datePublished\":\"2024-07-18T15:46:30+00:00\",\"dateModified\":\"2024-07-18T15:46:32+00:00\",\"author\":{\"@id\":\"https:\/\/www.gaveanews.com\/#\/schema\/person\/714c67050b836198af2450ba1c142a67\"},\"breadcrumb\":{\"@id\":\"https:\/\/www.gaveanews.com\/index.php\/2024\/07\/18\/gabigol-do-flamengo-faz-cobranca-direcionada-a-globo\/#breadcrumb\"},\"inLanguage\":\"pt-BR\",\"potentialAction\":[{\"@type\":\"ReadAction\",\"target\":[\"https:\/\/www.gaveanews.com\/index.php\/2024\/07\/18\/gabigol-do-flamengo-faz-cobranca-direcionada-a-globo\/\"]}]},{\"@type\":\"ImageObject\",\"inLanguage\":\"pt-BR\",\"@id\":\"https:\/\/www.gaveanews.com\/index.php\/2024\/07\/18\/gabigol-do-flamengo-faz-cobranca-direcionada-a-globo\/#primaryimage\",\"url\":\"https:\/\/www.gaveanews.com\/wp-content\/uploads\/Gabigol-durante-Flamengo-x-Fortaleza-pelo-Brasileirao-2024.webp\",\"contentUrl\":\"https:\/\/www.gaveanews.com\/wp-content\/uploads\/Gabigol-durante-Flamengo-x-Fortaleza-pelo-Brasileirao-2024.webp\",\"width\":2000,\"height\":1333,\"caption\":\"Gabigol durante Flamengo x Fortaleza pelo Brasileir\u00e3o 2024 (Foto: Reprodu\u00e7\u00e3o\/Flamengo)\"},{\"@type\":\"BreadcrumbList\",\"@id\":\"https:\/\/www.gaveanews.com\/index.php\/2024\/07\/18\/gabigol-do-flamengo-faz-cobranca-direcionada-a-globo\/#breadcrumb\",\"itemListElement\":[{\"@type\":\"ListItem\",\"position\":1,\"name\":\"Home\",\"item\":\"https:\/\/www.gaveanews.com\/\"},{\"@type\":\"ListItem\",\"position\":2,\"name\":\"Gabigol, do Flamengo, faz cobran\u00e7a direcionada \u00e0 Globo\"}]},{\"@type\":\"WebSite\",\"@id\":\"https:\/\/www.gaveanews.com\/#website\",\"url\":\"https:\/\/www.gaveanews.com\/\",\"name\":\"G\u00e1vea News\",\"description\":\"Veja todas as not\u00edcias sobre o Flamengo: Contrata\u00e7\u00f5es, categorias de base, resultados das partidas, tabela de classifica\u00e7\u00e3o, pr\u00f3ximos jogos!\",\"potentialAction\":[{\"@type\":\"SearchAction\",\"target\":{\"@type\":\"EntryPoint\",\"urlTemplate\":\"https:\/\/www.gaveanews.com\/?s={search_term_string}\"},\"query-input\":{\"@type\":\"PropertyValueSpecification\",\"valueRequired\":true,\"valueName\":\"search_term_string\"}}],\"inLanguage\":\"pt-BR\"},{\"@type\":\"Person\",\"@id\":\"https:\/\/www.gaveanews.com\/#\/schema\/person\/714c67050b836198af2450ba1c142a67\",\"name\":\"Let\u00edcia Gerheim\",\"image\":{\"@type\":\"ImageObject\",\"inLanguage\":\"pt-BR\",\"@id\":\"https:\/\/www.gaveanews.com\/#\/schema\/person\/image\/\",\"url\":\"https:\/\/secure.gravatar.com\/avatar\/60734739c50fcebfbac509e2a826ccd0ff405c019bc73aab9354f19ecad1dcb4?s=96&d=mm&r=g\",\"contentUrl\":\"https:\/\/secure.gravatar.com\/avatar\/60734739c50fcebfbac509e2a826ccd0ff405c019bc73aab9354f19ecad1dcb4?s=96&d=mm&r=g\",\"caption\":\"Let\u00edcia Gerheim\"}}]}<\/script>\n<!-- \/ Yoast SEO Premium plugin. -->","yoast_head_json":{"title":"Gabigol, do Flamengo, faz cobran\u00e7a direcionada \u00e0 Globo","robots":{"index":"index","follow":"follow","max-snippet":"max-snippet:-1","max-image-preview":"max-image-preview:large","max-video-preview":"max-video-preview:-1"},"canonical":"https:\/\/www.gaveanews.com\/index.php\/2024\/07\/18\/gabigol-do-flamengo-faz-cobranca-direcionada-a-globo\/","og_locale":"pt_BR","og_type":"article","og_title":"Gabigol, do Flamengo, faz cobran\u00e7a direcionada \u00e0 Globo","og_description":"Com torcedores preocupados pela not\u00edcia de um suposto novo afastamento de Gabigol do futebol nesta semana, o jogador se manifestou nas redes sociais. O camisa 99 se dirigiu \u00e0 m\u00eddia em duas publica\u00e7\u00f5es, mostrando muita irrita\u00e7\u00e3o por mat\u00e9rias publicadas recentemente. Na \u00faltima ter\u00e7a-feira (16), a torcida do Flamengo foi surpreendida com uma mat\u00e9ria do &#8220;ge&#8221;, [&hellip;]","og_url":"https:\/\/www.gaveanews.com\/index.php\/2024\/07\/18\/gabigol-do-flamengo-faz-cobranca-direcionada-a-globo\/","og_site_name":"G\u00e1vea News","article_publisher":"https:\/\/facebook.com\/gaveaNews\/","article_published_time":"2024-07-18T15:46:30+00:00","article_modified_time":"2024-07-18T15:46:32+00:00","og_image":[{"width":2000,"height":1333,"url":"https:\/\/www.gaveanews.com\/wp-content\/uploads\/Gabigol-durante-Flamengo-x-Fortaleza-pelo-Brasileirao-2024.webp","type":"image\/webp"}],"author":"Let\u00edcia Gerheim","twitter_card":"summary_large_image","twitter_misc":{"Escrito por":"Let\u00edcia Gerheim","Est. tempo de leitura":"2 minutos"},"schema":{"@context":"https:\/\/schema.org","@graph":[{"@type":"NewsArticle","@id":"https:\/\/www.gaveanews.com\/index.php\/2024\/07\/18\/gabigol-do-flamengo-faz-cobranca-direcionada-a-globo\/#article","isPartOf":{"@id":"https:\/\/www.gaveanews.com\/index.php\/2024\/07\/18\/gabigol-do-flamengo-faz-cobranca-direcionada-a-globo\/"},"author":{"name":"Let\u00edcia Gerheim","@id":"https:\/\/www.gaveanews.com\/#\/schema\/person\/714c67050b836198af2450ba1c142a67"},"headline":"Gabigol, do Flamengo, faz cobran\u00e7a direcionada \u00e0 Globo","datePublished":"2024-07-18T15:46:30+00:00","dateModified":"2024-07-18T15:46:32+00:00","mainEntityOfPage":{"@id":"https:\/\/www.gaveanews.com\/index.php\/2024\/07\/18\/gabigol-do-flamengo-faz-cobranca-direcionada-a-globo\/"},"wordCount":356,"commentCount":0,"image":{"@id":"https:\/\/www.gaveanews.com\/index.php\/2024\/07\/18\/gabigol-do-flamengo-faz-cobranca-direcionada-a-globo\/#primaryimage"},"thumbnailUrl":"https:\/\/www.gaveanews.com\/wp-content\/uploads\/Gabigol-durante-Flamengo-x-Fortaleza-pelo-Brasileirao-2024.webp","articleSection":["Flamengo"],"inLanguage":"pt-BR","potentialAction":[{"@type":"CommentAction","name":"Comment","target":["https:\/\/www.gaveanews.com\/index.php\/2024\/07\/18\/gabigol-do-flamengo-faz-cobranca-direcionada-a-globo\/#respond"]}],"copyrightYear":"2024","copyrightHolder":{"@id":"https:\/\/www.gaveanews.com\/#organization"}},{"@type":"WebPage","@id":"https:\/\/www.gaveanews.com\/index.php\/2024\/07\/18\/gabigol-do-flamengo-faz-cobranca-direcionada-a-globo\/","url":"https:\/\/www.gaveanews.com\/index.php\/2024\/07\/18\/gabigol-do-flamengo-faz-cobranca-direcionada-a-globo\/","name":"Gabigol, do Flamengo, faz cobran\u00e7a direcionada \u00e0 Globo","isPartOf":{"@id":"https:\/\/www.gaveanews.com\/#website"},"primaryImageOfPage":{"@id":"https:\/\/www.gaveanews.com\/index.php\/2024\/07\/18\/gabigol-do-flamengo-faz-cobranca-direcionada-a-globo\/#primaryimage"},"image":{"@id":"https:\/\/www.gaveanews.com\/index.php\/2024\/07\/18\/gabigol-do-flamengo-faz-cobranca-direcionada-a-globo\/#primaryimage"},"thumbnailUrl":"https:\/\/www.gaveanews.com\/wp-content\/uploads\/Gabigol-durante-Flamengo-x-Fortaleza-pelo-Brasileirao-2024.webp","datePublished":"2024-07-18T15:46:30+00:00","dateModified":"2024-07-18T15:46:32+00:00","author":{"@id":"https:\/\/www.gaveanews.com\/#\/schema\/person\/714c67050b836198af2450ba1c142a67"},"breadcrumb":{"@id":"https:\/\/www.gaveanews.com\/index.php\/2024\/07\/18\/gabigol-do-flamengo-faz-cobranca-direcionada-a-globo\/#breadcrumb"},"inLanguage":"pt-BR","potentialAction":[{"@type":"ReadAction","target":["https:\/\/www.gaveanews.com\/index.php\/2024\/07\/18\/gabigol-do-flamengo-faz-cobranca-direcionada-a-globo\/"]}]},{"@type":"ImageObject","inLanguage":"pt-BR","@id":"https:\/\/www.gaveanews.com\/index.php\/2024\/07\/18\/gabigol-do-flamengo-faz-cobranca-direcionada-a-globo\/#primaryimage","url":"https:\/\/www.gaveanews.com\/wp-content\/uploads\/Gabigol-durante-Flamengo-x-Fortaleza-pelo-Brasileirao-2024.webp","contentUrl":"https:\/\/www.gaveanews.com\/wp-content\/uploads\/Gabigol-durante-Flamengo-x-Fortaleza-pelo-Brasileirao-2024.webp","width":2000,"height":1333,"caption":"Gabigol durante Flamengo x Fortaleza pelo Brasileir\u00e3o 2024 (Foto: Reprodu\u00e7\u00e3o\/Flamengo)"},{"@type":"BreadcrumbList","@id":"https:\/\/www.gaveanews.com\/index.php\/2024\/07\/18\/gabigol-do-flamengo-faz-cobranca-direcionada-a-globo\/#breadcrumb","itemListElement":[{"@type":"ListItem","position":1,"name":"Home","item":"https:\/\/www.gaveanews.com\/"},{"@type":"ListItem","position":2,"name":"Gabigol, do Flamengo, faz cobran\u00e7a direcionada \u00e0 Globo"}]},{"@type":"WebSite","@id":"https:\/\/www.gaveanews.com\/#website","url":"https:\/\/www.gaveanews.com\/","name":"G\u00e1vea News","description":"Veja todas as not\u00edcias sobre o Flamengo: Contrata\u00e7\u00f5es, categorias de base, resultados das partidas, tabela de classifica\u00e7\u00e3o, pr\u00f3ximos jogos!","potentialAction":[{"@type":"SearchAction","target":{"@type":"EntryPoint","urlTemplate":"https:\/\/www.gaveanews.com\/?s={search_term_string}"},"query-input":{"@type":"PropertyValueSpecification","valueRequired":true,"valueName":"search_term_string"}}],"inLanguage":"pt-BR"},{"@type":"Person","@id":"https:\/\/www.gaveanews.com\/#\/schema\/person\/714c67050b836198af2450ba1c142a67","name":"Let\u00edcia Gerheim","image":{"@type":"ImageObject","inLanguage":"pt-BR","@id":"https:\/\/www.gaveanews.com\/#\/schema\/person\/image\/","url":"https:\/\/secure.gravatar.com\/avatar\/60734739c50fcebfbac509e2a826ccd0ff405c019bc73aab9354f19ecad1dcb4?s=96&d=mm&r=g","contentUrl":"https:\/\/secure.gravatar.com\/avatar\/60734739c50fcebfbac509e2a826ccd0ff405c019bc73aab9354f19ecad1dcb4?s=96&d=mm&r=g","caption":"Let\u00edcia Gerheim"}}]}},"_links":{"self":[{"href":"https:\/\/www.gaveanews.com\/index.php\/wp-json\/wp\/v2\/posts\/152983","targetHints":{"allow":["GET"]}}],"collection":[{"href":"https:\/\/www.gaveanews.com\/index.php\/wp-json\/wp\/v2\/posts"}],"about":[{"href":"https:\/\/www.gaveanews.com\/index.php\/wp-json\/wp\/v2\/types\/post"}],"author":[{"embeddable":true,"href":"https:\/\/www.gaveanews.com\/index.php\/wp-json\/wp\/v2\/users\/4"}],"replies":[{"embeddable":true,"href":"https:\/\/www.gaveanews.com\/index.php\/wp-json\/wp\/v2\/comments?post=152983"}],"version-history":[{"count":1,"href":"https:\/\/www.gaveanews.com\/index.php\/wp-json\/wp\/v2\/posts\/152983\/revisions"}],"predecessor-version":[{"id":152987,"href":"https:\/\/www.gaveanews.com\/index.php\/wp-json\/wp\/v2\/posts\/152983\/revisions\/152987"}],"wp:featuredmedia":[{"embeddable":true,"href":"https:\/\/www.gaveanews.com\/index.php\/wp-json\/wp\/v2\/media\/151992"}],"wp:attachment":[{"href":"https:\/\/www.gaveanews.com\/index.php\/wp-json\/wp\/v2\/media?parent=152983"}],"wp:term":[{"taxonomy":"category","embeddable":true,"href":"https:\/\/www.gaveanews.com\/index.php\/wp-json\/wp\/v2\/categories?post=152983"},{"taxonomy":"post_tag","embeddable":true,"href":"https:\/\/www.gaveanews.com\/index.php\/wp-json\/wp\/v2\/tags?post=152983"}],"curies":[{"name":"wp","href":"https:\/\/api.w.org\/{rel}","templated":true}]}}