{"id":153098,"date":"2024-07-19T06:45:00","date_gmt":"2024-07-19T09:45:00","guid":{"rendered":"https:\/\/www.gaveanews.com\/?p=153098"},"modified":"2024-07-18T22:24:38","modified_gmt":"2024-07-19T01:24:38","slug":"atualizacao-sobre-lucas-paqueta-gabigol-se-manifesta-e-ex-fla-vai-jogar-na-serie-c-veja-as-ultimas-noticias-do-flamengo","status":"publish","type":"post","link":"https:\/\/www.gaveanews.com\/index.php\/2024\/07\/19\/atualizacao-sobre-lucas-paqueta-gabigol-se-manifesta-e-ex-fla-vai-jogar-na-serie-c-veja-as-ultimas-noticias-do-flamengo\/","title":{"rendered":"Atualiza\u00e7\u00e3o sobre Lucas Paquet\u00e1, Gabigol se manifesta e ex-Fla vai jogar na S\u00e9rie C: veja as \u00faltimas not\u00edcias do Flamengo"},"content":{"rendered":"\n<p>Nas \u00faltimas horas, o foco das not\u00edcias sobre o Flamengo se concentra nos bastidores do clube, com destaques como a atualiza\u00e7\u00e3o sobre Lucas Paquet\u00e1 e ex-Flamengo vai jogar na S\u00e9rie C.<\/p>\n\n\n\n<p>Por conta deste contexto, leia abaixo um resumo preparado pela equipe do portal G\u00e1vea News para lhe manter muito bem informado<\/p>\n\n\n\n<h2 class=\"wp-block-heading\" id=\"h-gabigol-se-manifesta\">Gabigol se manifesta<\/h2>\n\n\n\n<figure class=\"wp-block-image size-full\"><img loading=\"lazy\" decoding=\"async\" width=\"640\" height=\"400\" src=\"https:\/\/www.gaveanews.com\/wp-content\/uploads\/gabigol-treino-flamengo.webp\" alt=\"\" class=\"wp-image-142381\" srcset=\"https:\/\/www.gaveanews.com\/wp-content\/uploads\/gabigol-treino-flamengo.webp 640w, https:\/\/www.gaveanews.com\/wp-content\/uploads\/gabigol-treino-flamengo-300x188.webp 300w, https:\/\/www.gaveanews.com\/wp-content\/uploads\/gabigol-treino-flamengo-100x63.webp 100w\" sizes=\"auto, (max-width: 640px) 100vw, 640px\" \/><figcaption class=\"wp-element-caption\">Gabigol participa de treino do Flamengo (Foto: Divulga\u00e7\u00e3o\/Flamengo)<\/figcaption><\/figure>\n\n\n\n<p>Com torcedores preocupados pela not\u00edcia de um suposto novo afastamento de Gabigol do futebol, o jogador se manifestou nas redes sociais. O camisa 99 se dirigiu \u00e0 m\u00eddia em duas publica\u00e7\u00f5es, demonstrando muita irrita\u00e7\u00e3o com as mat\u00e9rias publicadas recentemente.<\/p>\n\n\n\n<p>Na \u00faltima ter\u00e7a-feira (16), a torcida do Flamengo foi surpreendida com uma mat\u00e9ria do \u201cge\u201d, que afirmava que a Corte Arbitral do Esporte (CAS) retirou o efeito suspensivo da determina\u00e7\u00e3o de suspens\u00e3o de Gabigol do futebol. Dois dias ap\u00f3s a publica\u00e7\u00e3o da not\u00edcia, nem o clube nem o jogador foram notificados sobre o assunto, e o atacante continua treinando normalmente no Ninho do Urubu.<\/p>\n\n\n\n<p>Gabigol utilizou sua conta do \u201cX\u201d, antigo Twitter, para cobrar uma retrata\u00e7\u00e3o da imprensa sobre as not\u00edcias divulgadas. Em suas publica\u00e7\u00f5es, ele questionou se algu\u00e9m se retrataria pelas &#8220;not\u00edcias falsas&#8221; e expressou sua frustra\u00e7\u00e3o, dizendo: \u201cMe deixem em paz, mentirosos! Nada e ningu\u00e9m vai apagar a hist\u00f3ria\u201d.<\/p>\n\n\n\n<h2 class=\"wp-block-heading\" id=\"h-atualizacao-sobre-lucas-paqueta\">Atualiza\u00e7\u00e3o sobre Lucas Paquet\u00e1<\/h2>\n\n\n\n<figure class=\"wp-block-image size-large\"><img loading=\"lazy\" decoding=\"async\" width=\"1024\" height=\"768\" src=\"https:\/\/www.gaveanews.com\/wp-content\/uploads\/Lucas-Paqueta-em-acao-pelo-Flamengo-1024x768.webp\" alt=\"\" class=\"wp-image-150687\" srcset=\"https:\/\/www.gaveanews.com\/wp-content\/uploads\/Lucas-Paqueta-em-acao-pelo-Flamengo-1024x768.webp 1024w, https:\/\/www.gaveanews.com\/wp-content\/uploads\/Lucas-Paqueta-em-acao-pelo-Flamengo-300x225.webp 300w, https:\/\/www.gaveanews.com\/wp-content\/uploads\/Lucas-Paqueta-em-acao-pelo-Flamengo-768x576.webp 768w, https:\/\/www.gaveanews.com\/wp-content\/uploads\/Lucas-Paqueta-em-acao-pelo-Flamengo-560x420.webp 560w, https:\/\/www.gaveanews.com\/wp-content\/uploads\/Lucas-Paqueta-em-acao-pelo-Flamengo-1120x840.webp 1120w, https:\/\/www.gaveanews.com\/wp-content\/uploads\/Lucas-Paqueta-em-acao-pelo-Flamengo-80x60.webp 80w, https:\/\/www.gaveanews.com\/wp-content\/uploads\/Lucas-Paqueta-em-acao-pelo-Flamengo-160x120.webp 160w, https:\/\/www.gaveanews.com\/wp-content\/uploads\/Lucas-Paqueta-em-acao-pelo-Flamengo-100x75.webp 100w, https:\/\/www.gaveanews.com\/wp-content\/uploads\/Lucas-Paqueta-em-acao-pelo-Flamengo-200x150.webp 200w, https:\/\/www.gaveanews.com\/wp-content\/uploads\/Lucas-Paqueta-em-acao-pelo-Flamengo-180x135.webp 180w, https:\/\/www.gaveanews.com\/wp-content\/uploads\/Lucas-Paqueta-em-acao-pelo-Flamengo-360x270.webp 360w, https:\/\/www.gaveanews.com\/wp-content\/uploads\/Lucas-Paqueta-em-acao-pelo-Flamengo-238x178.webp 238w, https:\/\/www.gaveanews.com\/wp-content\/uploads\/Lucas-Paqueta-em-acao-pelo-Flamengo-476x356.webp 476w, https:\/\/www.gaveanews.com\/wp-content\/uploads\/Lucas-Paqueta-em-acao-pelo-Flamengo-640x480.webp 640w, https:\/\/www.gaveanews.com\/wp-content\/uploads\/Lucas-Paqueta-em-acao-pelo-Flamengo-1280x960.webp 1280w, https:\/\/www.gaveanews.com\/wp-content\/uploads\/Lucas-Paqueta-em-acao-pelo-Flamengo-681x511.webp 681w, https:\/\/www.gaveanews.com\/wp-content\/uploads\/Lucas-Paqueta-em-acao-pelo-Flamengo-1362x1021.webp 1362w, https:\/\/www.gaveanews.com\/wp-content\/uploads\/Lucas-Paqueta-em-acao-pelo-Flamengo.webp 1423w\" sizes=\"auto, (max-width: 1024px) 100vw, 1024px\" \/><figcaption class=\"wp-element-caption\">Lucas Paquet\u00e1 em a\u00e7\u00e3o pelo Flamengo (Foto: Reprodu\u00e7\u00e3o\/Instagram)<\/figcaption><\/figure>\n\n\n\n<p>O Flamengo est\u00e1 buscando refor\u00e7os durante a abertura da janela de transfer\u00eancias e tem como principal alvo o meio-campista Lucas Paquet\u00e1. No entanto, enfrenta a concorr\u00eancia do Al Nassr, equipe de Cristiano Ronaldo, que tamb\u00e9m demonstrou interesse no jogador e j\u00e1 entrou em contato com Paquet\u00e1 e seus representantes para sondar a possibilidade de transfer\u00eancia. Mesmo com essa investida, Paquet\u00e1 expressou seu desejo de retornar ao Flamengo e autorizou o clube carioca a iniciar as negocia\u00e7\u00f5es com o West Ham.<\/p>\n\n\n\n<p>As conversas entre Flamengo e West Ham come\u00e7aram no dia 3 de julho, inicialmente com o clube ingl\u00eas disposto a ouvir as propostas. Contudo, a situa\u00e7\u00e3o mudou, e o West Ham decidiu n\u00e3o negociar Paquet\u00e1, seja por empr\u00e9stimo ou venda. Apesar dessa reviravolta, o Flamengo continua persistente, contando com a vontade do jogador como trunfo para tentar avan\u00e7ar nas negocia\u00e7\u00f5es. As tratativas continuam, com o Flamengo buscando maneiras de convencer o West Ham a liberar Paquet\u00e1.<\/p>\n\n\n\n<p>Um dos principais argumentos do Flamengo para convencer o West Ham a negociar Lucas Paquet\u00e1 est\u00e1 relacionado \u00e0s acusa\u00e7\u00f5es de suposto envolvimento do jogador em um esquema de apostas. O clube carioca acredita que afastar Paquet\u00e1 do centro das investiga\u00e7\u00f5es seria ben\u00e9fico para sua carreira. Al\u00e9m disso, o Flamengo est\u00e1 tomando cuidados jur\u00eddicos em rela\u00e7\u00e3o \u00e0 contrata\u00e7\u00e3o, ciente das poss\u00edveis consequ\u00eancias legais caso o jogador seja condenado.<\/p>\n\n\n\n<h2 class=\"wp-block-heading\" id=\"h-ex-fla-vai-jogar-na-serie-c-0\">Ex-Fla vai jogar na S\u00e9rie C<\/h2>\n\n\n\n<figure class=\"wp-block-image size-large\"><img loading=\"lazy\" decoding=\"async\" width=\"1024\" height=\"576\" src=\"https:\/\/www.gaveanews.com\/wp-content\/uploads\/Henrique-Dourado-1024x576.webp\" alt=\"\" class=\"wp-image-114715\" srcset=\"https:\/\/www.gaveanews.com\/wp-content\/uploads\/Henrique-Dourado-1024x576.webp 1024w, https:\/\/www.gaveanews.com\/wp-content\/uploads\/Henrique-Dourado-300x169.webp 300w, https:\/\/www.gaveanews.com\/wp-content\/uploads\/Henrique-Dourado-768x432.webp 768w, https:\/\/www.gaveanews.com\/wp-content\/uploads\/Henrique-Dourado-1536x864.webp 1536w, https:\/\/www.gaveanews.com\/wp-content\/uploads\/Henrique-Dourado-2048x1152.webp 2048w, https:\/\/www.gaveanews.com\/wp-content\/uploads\/Henrique-Dourado-747x420.webp 747w, https:\/\/www.gaveanews.com\/wp-content\/uploads\/Henrique-Dourado-1493x840.webp 1493w, https:\/\/www.gaveanews.com\/wp-content\/uploads\/Henrique-Dourado-640x360.webp 640w, https:\/\/www.gaveanews.com\/wp-content\/uploads\/Henrique-Dourado-1280x720.webp 1280w, https:\/\/www.gaveanews.com\/wp-content\/uploads\/Henrique-Dourado-681x383.webp 681w, https:\/\/www.gaveanews.com\/wp-content\/uploads\/Henrique-Dourado-1362x766.webp 1362w, https:\/\/www.gaveanews.com\/wp-content\/uploads\/Henrique-Dourado-100x56.webp 100w\" sizes=\"auto, (max-width: 1024px) 100vw, 1024px\" \/><figcaption class=\"wp-element-caption\">Henrique Dourado comemorando gol pelo Flamengo (Foto: Gilvan de Souza \/ Flamengo \/ Divulga\u00e7\u00e3o)<\/figcaption><\/figure>\n\n\n\n<p>Henrique Dourado, renomado por sua habilidade em cobran\u00e7as de p\u00eanaltis e como artilheiro em diversas equipes ao longo de sua carreira, decidiu atuar por um novo clube. Conhecido por uma carreira repleta de t\u00edtulos, Dourado agora integra o time do Botafogo da Para\u00edba, uma das principais equipes da S\u00e9rie C do futebol brasileiro, que recentemente perdeu sua invencibilidade para o S\u00e3o Bernardo.<\/p>\n\n\n\n<p>Com a inten\u00e7\u00e3o de fortalecer seu ataque, o Botafogo da Para\u00edba contratou Dourado como seu novo camisa 9. A equipe est\u00e1 focada na pr\u00f3xima fase da competi\u00e7\u00e3o, onde os oito melhores times da primeira fase se dividir\u00e3o em dois grupos para disputas de turno e returno. Os dois primeiros de cada grupo avan\u00e7ar\u00e3o para a fase final, garantindo automaticamente uma vaga na S\u00e9rie B da temporada seguinte. A competi\u00e7\u00e3o se diferencia das s\u00e9ries A e B, n\u00e3o sendo disputada em pontos corridos durante toda a temporada.<\/p>\n\n\n\n<p>Atualmente, o Botafogo da Para\u00edba ocupa a vice-lideran\u00e7a da S\u00e9rie C com 28 pontos, empatado com o l\u00edder Athletic. A equipe est\u00e1 apenas um ponto \u00e0 frente do S\u00e3o Bernardo e da Ferrovi\u00e1ria, que ocupam a terceira e quarta posi\u00e7\u00f5es, respectivamente. Com essa nova contrata\u00e7\u00e3o, o Botafogo busca consolidar sua posi\u00e7\u00e3o e garantir a classifica\u00e7\u00e3o para as fases decisivas da competi\u00e7\u00e3o.<\/p>\n","protected":false},"excerpt":{"rendered":"<p>Nas \u00faltimas horas, o foco das not\u00edcias sobre o Flamengo se concentra nos bastidores do clube, com destaques como a atualiza\u00e7\u00e3o sobre Lucas Paquet\u00e1 e ex-Flamengo vai jogar na S\u00e9rie C. Por conta deste contexto, leia abaixo um resumo preparado pela equipe do portal G\u00e1vea News para lhe manter muito bem informado Gabigol se manifesta [&hellip;]<\/p>\n","protected":false},"author":15,"featured_media":146357,"comment_status":"open","ping_status":"closed","sticky":false,"template":"","format":"standard","meta":{"footnotes":""},"categories":[1],"tags":[],"class_list":["post-153098","post","type-post","status-publish","format-standard","has-post-thumbnail","hentry","category-flamengo"],"yoast_head":"<!-- This site is optimized with the Yoast SEO Premium plugin v24.2 (Yoast SEO v26.9) - https:\/\/yoast.com\/product\/yoast-seo-premium-wordpress\/ -->\n<title>Atualiza\u00e7\u00e3o sobre Lucas Paquet\u00e1, Gabigol se manifesta e ex-Fla vai jogar na S\u00e9rie C: veja as \u00faltimas not\u00edcias do Flamengo<\/title>\n<meta name=\"robots\" content=\"index, follow, max-snippet:-1, max-image-preview:large, max-video-preview:-1\" \/>\n<link rel=\"canonical\" href=\"https:\/\/www.gaveanews.com\/index.php\/2024\/07\/19\/atualizacao-sobre-lucas-paqueta-gabigol-se-manifesta-e-ex-fla-vai-jogar-na-serie-c-veja-as-ultimas-noticias-do-flamengo\/\" \/>\n<meta property=\"og:locale\" content=\"pt_BR\" \/>\n<meta property=\"og:type\" content=\"article\" \/>\n<meta property=\"og:title\" content=\"Atualiza\u00e7\u00e3o sobre Lucas Paquet\u00e1, Gabigol se manifesta e ex-Fla vai jogar na S\u00e9rie C: veja as \u00faltimas not\u00edcias do Flamengo\" \/>\n<meta property=\"og:description\" content=\"Nas \u00faltimas horas, o foco das not\u00edcias sobre o Flamengo se concentra nos bastidores do clube, com destaques como a atualiza\u00e7\u00e3o sobre Lucas Paquet\u00e1 e ex-Flamengo vai jogar na S\u00e9rie C. Por conta deste contexto, leia abaixo um resumo preparado pela equipe do portal G\u00e1vea News para lhe manter muito bem informado Gabigol se manifesta [&hellip;]\" \/>\n<meta property=\"og:url\" content=\"https:\/\/www.gaveanews.com\/index.php\/2024\/07\/19\/atualizacao-sobre-lucas-paqueta-gabigol-se-manifesta-e-ex-fla-vai-jogar-na-serie-c-veja-as-ultimas-noticias-do-flamengo\/\" \/>\n<meta property=\"og:site_name\" content=\"G\u00e1vea News\" \/>\n<meta property=\"article:publisher\" content=\"https:\/\/facebook.com\/gaveaNews\/\" \/>\n<meta property=\"article:published_time\" content=\"2024-07-19T09:45:00+00:00\" \/>\n<meta property=\"og:image\" content=\"https:\/\/www.gaveanews.com\/wp-content\/uploads\/Paqueta-LucasPaqueta-futebolinternacional-westham-fa-apostas-1-645x362-1.webp\" \/>\n\t<meta property=\"og:image:width\" content=\"645\" \/>\n\t<meta property=\"og:image:height\" content=\"362\" \/>\n\t<meta property=\"og:image:type\" content=\"image\/png\" \/>\n<meta name=\"author\" content=\"Henrique Machado\" \/>\n<meta name=\"twitter:card\" content=\"summary_large_image\" \/>\n<meta name=\"twitter:label1\" content=\"Escrito por\" \/>\n\t<meta name=\"twitter:data1\" content=\"Henrique Machado\" \/>\n\t<meta name=\"twitter:label2\" content=\"Est. tempo de leitura\" \/>\n\t<meta name=\"twitter:data2\" content=\"5 minutos\" \/>\n<script type=\"application\/ld+json\" class=\"yoast-schema-graph\">{\"@context\":\"https:\/\/schema.org\",\"@graph\":[{\"@type\":\"NewsArticle\",\"@id\":\"https:\/\/www.gaveanews.com\/index.php\/2024\/07\/19\/atualizacao-sobre-lucas-paqueta-gabigol-se-manifesta-e-ex-fla-vai-jogar-na-serie-c-veja-as-ultimas-noticias-do-flamengo\/#article\",\"isPartOf\":{\"@id\":\"https:\/\/www.gaveanews.com\/index.php\/2024\/07\/19\/atualizacao-sobre-lucas-paqueta-gabigol-se-manifesta-e-ex-fla-vai-jogar-na-serie-c-veja-as-ultimas-noticias-do-flamengo\/\"},\"author\":{\"name\":\"Henrique Machado\",\"@id\":\"https:\/\/www.gaveanews.com\/#\/schema\/person\/fd07635ec039ec3ba74ad18ec8a6dbd6\"},\"headline\":\"Atualiza\u00e7\u00e3o sobre Lucas Paquet\u00e1, Gabigol se manifesta e ex-Fla vai jogar na S\u00e9rie C: veja as \u00faltimas not\u00edcias do Flamengo\",\"datePublished\":\"2024-07-19T09:45:00+00:00\",\"mainEntityOfPage\":{\"@id\":\"https:\/\/www.gaveanews.com\/index.php\/2024\/07\/19\/atualizacao-sobre-lucas-paqueta-gabigol-se-manifesta-e-ex-fla-vai-jogar-na-serie-c-veja-as-ultimas-noticias-do-flamengo\/\"},\"wordCount\":772,\"commentCount\":0,\"image\":{\"@id\":\"https:\/\/www.gaveanews.com\/index.php\/2024\/07\/19\/atualizacao-sobre-lucas-paqueta-gabigol-se-manifesta-e-ex-fla-vai-jogar-na-serie-c-veja-as-ultimas-noticias-do-flamengo\/#primaryimage\"},\"thumbnailUrl\":\"https:\/\/www.gaveanews.com\/wp-content\/uploads\/Paqueta-LucasPaqueta-futebolinternacional-westham-fa-apostas-1-645x362-1.webp\",\"articleSection\":[\"Flamengo\"],\"inLanguage\":\"pt-BR\",\"potentialAction\":[{\"@type\":\"CommentAction\",\"name\":\"Comment\",\"target\":[\"https:\/\/www.gaveanews.com\/index.php\/2024\/07\/19\/atualizacao-sobre-lucas-paqueta-gabigol-se-manifesta-e-ex-fla-vai-jogar-na-serie-c-veja-as-ultimas-noticias-do-flamengo\/#respond\"]}],\"copyrightYear\":\"2024\",\"copyrightHolder\":{\"@id\":\"https:\/\/www.gaveanews.com\/#organization\"}},{\"@type\":\"WebPage\",\"@id\":\"https:\/\/www.gaveanews.com\/index.php\/2024\/07\/19\/atualizacao-sobre-lucas-paqueta-gabigol-se-manifesta-e-ex-fla-vai-jogar-na-serie-c-veja-as-ultimas-noticias-do-flamengo\/\",\"url\":\"https:\/\/www.gaveanews.com\/index.php\/2024\/07\/19\/atualizacao-sobre-lucas-paqueta-gabigol-se-manifesta-e-ex-fla-vai-jogar-na-serie-c-veja-as-ultimas-noticias-do-flamengo\/\",\"name\":\"Atualiza\u00e7\u00e3o sobre Lucas Paquet\u00e1, Gabigol se manifesta e ex-Fla vai jogar na S\u00e9rie C: veja as \u00faltimas not\u00edcias do Flamengo\",\"isPartOf\":{\"@id\":\"https:\/\/www.gaveanews.com\/#website\"},\"primaryImageOfPage\":{\"@id\":\"https:\/\/www.gaveanews.com\/index.php\/2024\/07\/19\/atualizacao-sobre-lucas-paqueta-gabigol-se-manifesta-e-ex-fla-vai-jogar-na-serie-c-veja-as-ultimas-noticias-do-flamengo\/#primaryimage\"},\"image\":{\"@id\":\"https:\/\/www.gaveanews.com\/index.php\/2024\/07\/19\/atualizacao-sobre-lucas-paqueta-gabigol-se-manifesta-e-ex-fla-vai-jogar-na-serie-c-veja-as-ultimas-noticias-do-flamengo\/#primaryimage\"},\"thumbnailUrl\":\"https:\/\/www.gaveanews.com\/wp-content\/uploads\/Paqueta-LucasPaqueta-futebolinternacional-westham-fa-apostas-1-645x362-1.webp\",\"datePublished\":\"2024-07-19T09:45:00+00:00\",\"author\":{\"@id\":\"https:\/\/www.gaveanews.com\/#\/schema\/person\/fd07635ec039ec3ba74ad18ec8a6dbd6\"},\"breadcrumb\":{\"@id\":\"https:\/\/www.gaveanews.com\/index.php\/2024\/07\/19\/atualizacao-sobre-lucas-paqueta-gabigol-se-manifesta-e-ex-fla-vai-jogar-na-serie-c-veja-as-ultimas-noticias-do-flamengo\/#breadcrumb\"},\"inLanguage\":\"pt-BR\",\"potentialAction\":[{\"@type\":\"ReadAction\",\"target\":[\"https:\/\/www.gaveanews.com\/index.php\/2024\/07\/19\/atualizacao-sobre-lucas-paqueta-gabigol-se-manifesta-e-ex-fla-vai-jogar-na-serie-c-veja-as-ultimas-noticias-do-flamengo\/\"]}]},{\"@type\":\"ImageObject\",\"inLanguage\":\"pt-BR\",\"@id\":\"https:\/\/www.gaveanews.com\/index.php\/2024\/07\/19\/atualizacao-sobre-lucas-paqueta-gabigol-se-manifesta-e-ex-fla-vai-jogar-na-serie-c-veja-as-ultimas-noticias-do-flamengo\/#primaryimage\",\"url\":\"https:\/\/www.gaveanews.com\/wp-content\/uploads\/Paqueta-LucasPaqueta-futebolinternacional-westham-fa-apostas-1-645x362-1.webp\",\"contentUrl\":\"https:\/\/www.gaveanews.com\/wp-content\/uploads\/Paqueta-LucasPaqueta-futebolinternacional-westham-fa-apostas-1-645x362-1.webp\",\"width\":645,\"height\":362,\"caption\":\"Foto: Reprodu\u00e7\u00e3o- Instagram\"},{\"@type\":\"BreadcrumbList\",\"@id\":\"https:\/\/www.gaveanews.com\/index.php\/2024\/07\/19\/atualizacao-sobre-lucas-paqueta-gabigol-se-manifesta-e-ex-fla-vai-jogar-na-serie-c-veja-as-ultimas-noticias-do-flamengo\/#breadcrumb\",\"itemListElement\":[{\"@type\":\"ListItem\",\"position\":1,\"name\":\"Home\",\"item\":\"https:\/\/www.gaveanews.com\/\"},{\"@type\":\"ListItem\",\"position\":2,\"name\":\"Atualiza\u00e7\u00e3o sobre Lucas Paquet\u00e1, Gabigol se manifesta e ex-Fla vai jogar na S\u00e9rie C: veja as \u00faltimas not\u00edcias do Flamengo\"}]},{\"@type\":\"WebSite\",\"@id\":\"https:\/\/www.gaveanews.com\/#website\",\"url\":\"https:\/\/www.gaveanews.com\/\",\"name\":\"G\u00e1vea News\",\"description\":\"Veja todas as not\u00edcias sobre o Flamengo: Contrata\u00e7\u00f5es, categorias de base, resultados das partidas, tabela de classifica\u00e7\u00e3o, pr\u00f3ximos jogos!\",\"potentialAction\":[{\"@type\":\"SearchAction\",\"target\":{\"@type\":\"EntryPoint\",\"urlTemplate\":\"https:\/\/www.gaveanews.com\/?s={search_term_string}\"},\"query-input\":{\"@type\":\"PropertyValueSpecification\",\"valueRequired\":true,\"valueName\":\"search_term_string\"}}],\"inLanguage\":\"pt-BR\"},{\"@type\":\"Person\",\"@id\":\"https:\/\/www.gaveanews.com\/#\/schema\/person\/fd07635ec039ec3ba74ad18ec8a6dbd6\",\"name\":\"Henrique Machado\",\"image\":{\"@type\":\"ImageObject\",\"inLanguage\":\"pt-BR\",\"@id\":\"https:\/\/www.gaveanews.com\/#\/schema\/person\/image\/\",\"url\":\"https:\/\/secure.gravatar.com\/avatar\/b95e35997e01d9800c1b6184bd79d4d898d370a3fce2584f5c77b907d5c7d9e9?s=96&d=mm&r=g\",\"contentUrl\":\"https:\/\/secure.gravatar.com\/avatar\/b95e35997e01d9800c1b6184bd79d4d898d370a3fce2584f5c77b907d5c7d9e9?s=96&d=mm&r=g\",\"caption\":\"Henrique Machado\"}}]}<\/script>\n<!-- \/ Yoast SEO Premium plugin. -->","yoast_head_json":{"title":"Atualiza\u00e7\u00e3o sobre Lucas Paquet\u00e1, Gabigol se manifesta e ex-Fla vai jogar na S\u00e9rie C: veja as \u00faltimas not\u00edcias do Flamengo","robots":{"index":"index","follow":"follow","max-snippet":"max-snippet:-1","max-image-preview":"max-image-preview:large","max-video-preview":"max-video-preview:-1"},"canonical":"https:\/\/www.gaveanews.com\/index.php\/2024\/07\/19\/atualizacao-sobre-lucas-paqueta-gabigol-se-manifesta-e-ex-fla-vai-jogar-na-serie-c-veja-as-ultimas-noticias-do-flamengo\/","og_locale":"pt_BR","og_type":"article","og_title":"Atualiza\u00e7\u00e3o sobre Lucas Paquet\u00e1, Gabigol se manifesta e ex-Fla vai jogar na S\u00e9rie C: veja as \u00faltimas not\u00edcias do Flamengo","og_description":"Nas \u00faltimas horas, o foco das not\u00edcias sobre o Flamengo se concentra nos bastidores do clube, com destaques como a atualiza\u00e7\u00e3o sobre Lucas Paquet\u00e1 e ex-Flamengo vai jogar na S\u00e9rie C. Por conta deste contexto, leia abaixo um resumo preparado pela equipe do portal G\u00e1vea News para lhe manter muito bem informado Gabigol se manifesta [&hellip;]","og_url":"https:\/\/www.gaveanews.com\/index.php\/2024\/07\/19\/atualizacao-sobre-lucas-paqueta-gabigol-se-manifesta-e-ex-fla-vai-jogar-na-serie-c-veja-as-ultimas-noticias-do-flamengo\/","og_site_name":"G\u00e1vea News","article_publisher":"https:\/\/facebook.com\/gaveaNews\/","article_published_time":"2024-07-19T09:45:00+00:00","og_image":[{"width":645,"height":362,"url":"https:\/\/www.gaveanews.com\/wp-content\/uploads\/Paqueta-LucasPaqueta-futebolinternacional-westham-fa-apostas-1-645x362-1.webp","type":"image\/png"}],"author":"Henrique Machado","twitter_card":"summary_large_image","twitter_misc":{"Escrito por":"Henrique Machado","Est. tempo de leitura":"5 minutos"},"schema":{"@context":"https:\/\/schema.org","@graph":[{"@type":"NewsArticle","@id":"https:\/\/www.gaveanews.com\/index.php\/2024\/07\/19\/atualizacao-sobre-lucas-paqueta-gabigol-se-manifesta-e-ex-fla-vai-jogar-na-serie-c-veja-as-ultimas-noticias-do-flamengo\/#article","isPartOf":{"@id":"https:\/\/www.gaveanews.com\/index.php\/2024\/07\/19\/atualizacao-sobre-lucas-paqueta-gabigol-se-manifesta-e-ex-fla-vai-jogar-na-serie-c-veja-as-ultimas-noticias-do-flamengo\/"},"author":{"name":"Henrique Machado","@id":"https:\/\/www.gaveanews.com\/#\/schema\/person\/fd07635ec039ec3ba74ad18ec8a6dbd6"},"headline":"Atualiza\u00e7\u00e3o sobre Lucas Paquet\u00e1, Gabigol se manifesta e ex-Fla vai jogar na S\u00e9rie C: veja as \u00faltimas not\u00edcias do Flamengo","datePublished":"2024-07-19T09:45:00+00:00","mainEntityOfPage":{"@id":"https:\/\/www.gaveanews.com\/index.php\/2024\/07\/19\/atualizacao-sobre-lucas-paqueta-gabigol-se-manifesta-e-ex-fla-vai-jogar-na-serie-c-veja-as-ultimas-noticias-do-flamengo\/"},"wordCount":772,"commentCount":0,"image":{"@id":"https:\/\/www.gaveanews.com\/index.php\/2024\/07\/19\/atualizacao-sobre-lucas-paqueta-gabigol-se-manifesta-e-ex-fla-vai-jogar-na-serie-c-veja-as-ultimas-noticias-do-flamengo\/#primaryimage"},"thumbnailUrl":"https:\/\/www.gaveanews.com\/wp-content\/uploads\/Paqueta-LucasPaqueta-futebolinternacional-westham-fa-apostas-1-645x362-1.webp","articleSection":["Flamengo"],"inLanguage":"pt-BR","potentialAction":[{"@type":"CommentAction","name":"Comment","target":["https:\/\/www.gaveanews.com\/index.php\/2024\/07\/19\/atualizacao-sobre-lucas-paqueta-gabigol-se-manifesta-e-ex-fla-vai-jogar-na-serie-c-veja-as-ultimas-noticias-do-flamengo\/#respond"]}],"copyrightYear":"2024","copyrightHolder":{"@id":"https:\/\/www.gaveanews.com\/#organization"}},{"@type":"WebPage","@id":"https:\/\/www.gaveanews.com\/index.php\/2024\/07\/19\/atualizacao-sobre-lucas-paqueta-gabigol-se-manifesta-e-ex-fla-vai-jogar-na-serie-c-veja-as-ultimas-noticias-do-flamengo\/","url":"https:\/\/www.gaveanews.com\/index.php\/2024\/07\/19\/atualizacao-sobre-lucas-paqueta-gabigol-se-manifesta-e-ex-fla-vai-jogar-na-serie-c-veja-as-ultimas-noticias-do-flamengo\/","name":"Atualiza\u00e7\u00e3o sobre Lucas Paquet\u00e1, Gabigol se manifesta e ex-Fla vai jogar na S\u00e9rie C: veja as \u00faltimas not\u00edcias do Flamengo","isPartOf":{"@id":"https:\/\/www.gaveanews.com\/#website"},"primaryImageOfPage":{"@id":"https:\/\/www.gaveanews.com\/index.php\/2024\/07\/19\/atualizacao-sobre-lucas-paqueta-gabigol-se-manifesta-e-ex-fla-vai-jogar-na-serie-c-veja-as-ultimas-noticias-do-flamengo\/#primaryimage"},"image":{"@id":"https:\/\/www.gaveanews.com\/index.php\/2024\/07\/19\/atualizacao-sobre-lucas-paqueta-gabigol-se-manifesta-e-ex-fla-vai-jogar-na-serie-c-veja-as-ultimas-noticias-do-flamengo\/#primaryimage"},"thumbnailUrl":"https:\/\/www.gaveanews.com\/wp-content\/uploads\/Paqueta-LucasPaqueta-futebolinternacional-westham-fa-apostas-1-645x362-1.webp","datePublished":"2024-07-19T09:45:00+00:00","author":{"@id":"https:\/\/www.gaveanews.com\/#\/schema\/person\/fd07635ec039ec3ba74ad18ec8a6dbd6"},"breadcrumb":{"@id":"https:\/\/www.gaveanews.com\/index.php\/2024\/07\/19\/atualizacao-sobre-lucas-paqueta-gabigol-se-manifesta-e-ex-fla-vai-jogar-na-serie-c-veja-as-ultimas-noticias-do-flamengo\/#breadcrumb"},"inLanguage":"pt-BR","potentialAction":[{"@type":"ReadAction","target":["https:\/\/www.gaveanews.com\/index.php\/2024\/07\/19\/atualizacao-sobre-lucas-paqueta-gabigol-se-manifesta-e-ex-fla-vai-jogar-na-serie-c-veja-as-ultimas-noticias-do-flamengo\/"]}]},{"@type":"ImageObject","inLanguage":"pt-BR","@id":"https:\/\/www.gaveanews.com\/index.php\/2024\/07\/19\/atualizacao-sobre-lucas-paqueta-gabigol-se-manifesta-e-ex-fla-vai-jogar-na-serie-c-veja-as-ultimas-noticias-do-flamengo\/#primaryimage","url":"https:\/\/www.gaveanews.com\/wp-content\/uploads\/Paqueta-LucasPaqueta-futebolinternacional-westham-fa-apostas-1-645x362-1.webp","contentUrl":"https:\/\/www.gaveanews.com\/wp-content\/uploads\/Paqueta-LucasPaqueta-futebolinternacional-westham-fa-apostas-1-645x362-1.webp","width":645,"height":362,"caption":"Foto: Reprodu\u00e7\u00e3o- Instagram"},{"@type":"BreadcrumbList","@id":"https:\/\/www.gaveanews.com\/index.php\/2024\/07\/19\/atualizacao-sobre-lucas-paqueta-gabigol-se-manifesta-e-ex-fla-vai-jogar-na-serie-c-veja-as-ultimas-noticias-do-flamengo\/#breadcrumb","itemListElement":[{"@type":"ListItem","position":1,"name":"Home","item":"https:\/\/www.gaveanews.com\/"},{"@type":"ListItem","position":2,"name":"Atualiza\u00e7\u00e3o sobre Lucas Paquet\u00e1, Gabigol se manifesta e ex-Fla vai jogar na S\u00e9rie C: veja as \u00faltimas not\u00edcias do Flamengo"}]},{"@type":"WebSite","@id":"https:\/\/www.gaveanews.com\/#website","url":"https:\/\/www.gaveanews.com\/","name":"G\u00e1vea News","description":"Veja todas as not\u00edcias sobre o Flamengo: Contrata\u00e7\u00f5es, categorias de base, resultados das partidas, tabela de classifica\u00e7\u00e3o, pr\u00f3ximos jogos!","potentialAction":[{"@type":"SearchAction","target":{"@type":"EntryPoint","urlTemplate":"https:\/\/www.gaveanews.com\/?s={search_term_string}"},"query-input":{"@type":"PropertyValueSpecification","valueRequired":true,"valueName":"search_term_string"}}],"inLanguage":"pt-BR"},{"@type":"Person","@id":"https:\/\/www.gaveanews.com\/#\/schema\/person\/fd07635ec039ec3ba74ad18ec8a6dbd6","name":"Henrique Machado","image":{"@type":"ImageObject","inLanguage":"pt-BR","@id":"https:\/\/www.gaveanews.com\/#\/schema\/person\/image\/","url":"https:\/\/secure.gravatar.com\/avatar\/b95e35997e01d9800c1b6184bd79d4d898d370a3fce2584f5c77b907d5c7d9e9?s=96&d=mm&r=g","contentUrl":"https:\/\/secure.gravatar.com\/avatar\/b95e35997e01d9800c1b6184bd79d4d898d370a3fce2584f5c77b907d5c7d9e9?s=96&d=mm&r=g","caption":"Henrique Machado"}}]}},"_links":{"self":[{"href":"https:\/\/www.gaveanews.com\/index.php\/wp-json\/wp\/v2\/posts\/153098","targetHints":{"allow":["GET"]}}],"collection":[{"href":"https:\/\/www.gaveanews.com\/index.php\/wp-json\/wp\/v2\/posts"}],"about":[{"href":"https:\/\/www.gaveanews.com\/index.php\/wp-json\/wp\/v2\/types\/post"}],"author":[{"embeddable":true,"href":"https:\/\/www.gaveanews.com\/index.php\/wp-json\/wp\/v2\/users\/15"}],"replies":[{"embeddable":true,"href":"https:\/\/www.gaveanews.com\/index.php\/wp-json\/wp\/v2\/comments?post=153098"}],"version-history":[{"count":6,"href":"https:\/\/www.gaveanews.com\/index.php\/wp-json\/wp\/v2\/posts\/153098\/revisions"}],"predecessor-version":[{"id":153109,"href":"https:\/\/www.gaveanews.com\/index.php\/wp-json\/wp\/v2\/posts\/153098\/revisions\/153109"}],"wp:featuredmedia":[{"embeddable":true,"href":"https:\/\/www.gaveanews.com\/index.php\/wp-json\/wp\/v2\/media\/146357"}],"wp:attachment":[{"href":"https:\/\/www.gaveanews.com\/index.php\/wp-json\/wp\/v2\/media?parent=153098"}],"wp:term":[{"taxonomy":"category","embeddable":true,"href":"https:\/\/www.gaveanews.com\/index.php\/wp-json\/wp\/v2\/categories?post=153098"},{"taxonomy":"post_tag","embeddable":true,"href":"https:\/\/www.gaveanews.com\/index.php\/wp-json\/wp\/v2\/tags?post=153098"}],"curies":[{"name":"wp","href":"https:\/\/api.w.org\/{rel}","templated":true}]}}