{"id":15310,"date":"2019-03-12T01:54:57","date_gmt":"2019-03-12T04:54:57","guid":{"rendered":"https:\/\/www.gaveanews.com\/?p=15310"},"modified":"2019-09-01T21:56:18","modified_gmt":"2019-09-02T00:56:18","slug":"vamos-com-tudo-pra-conseguir-os-tres-pontos-quarta-diz-diego","status":"publish","type":"post","link":"https:\/\/www.gaveanews.com\/index.php\/2019\/03\/12\/vamos-com-tudo-pra-conseguir-os-tres-pontos-quarta-diz-diego\/","title":{"rendered":"&#8220;Vamos com tudo pra conseguir os tr\u00eas pontos quarta&#8221;, diz Diego"},"content":{"rendered":"\n<p>O \u00faltimo compromisso do Flamengo em campo foi no s\u00e1bado (09), contra o Vasco, que terminou empatado por 1 a 1, em jogo da Ta\u00e7a Rio. Agora, por\u00e9m, o Rubro-Negro corre para virar a chave e se preparar para um importante duelo na Copa Libertadores da Am\u00e9rica, contra a LDU, partida que marcar\u00e1 a estreia do Fla em casa na competi\u00e7\u00e3o, e o capit\u00e3o Diego Ribas destaca a import\u00e2ncia da vit\u00f3ria, sem diminuir a cobran\u00e7a ap\u00f3s o triunfo sobre o San Jos\u00e9 (BOL) na cidade de Oruro.<\/p>\n\n\n\n<p>Em entrevista coletiva concedida nesta segunda (11), o camisa 10 ressaltou o foco no duelo contra a equipe equatoriana. Para ele, conquistar os tr\u00eas pontos no Maracan\u00e3 \u00e9 fundamental para \u201cfazer valer\u201d a vit\u00f3ria conquistada na primeira rodada da Libertadores.<\/p>\n\n\n\n<p>\u2013 Sinceramente, eu n\u00e3o penso no qu\u00e3o foi importante aquela vit\u00f3ria na Bol\u00edvia. Agora s\u00f3 penso na LDU. Sabemos que vamos jogar tr\u00eas jogos em casa. Mas para aquela vit\u00f3ria (sobre o San Jos\u00e9) valer, temos que vencer a LDU no Maracan\u00e3 e depois ir pensando nos pr\u00f3ximos passos. E meus companheiros pensam na mesma linha. Vamos com tudo pra conseguir os tr\u00eas pontos quarta -, disse ele.<\/p>\n\n\n\n<p>Pouco depois, o jogador voltou a destacar a import\u00e2ncia dos tr\u00eas jogos consecutivos que o Flamengo ter\u00e1 dentro de casa. Ao citar esse ponto, o camisa 10 pediu apoio da torcida, mas destacou que a equipe entrar\u00e1 pensando na vit\u00f3ria independente do est\u00e1dio onde o jogo for disputado.<\/p>\n\n\n\n<p>\u2013 O fato de os tr\u00eas jogos serem em casa depende do nosso rendimento aqui no nosso est\u00e1dio. Aproveito para, mais uma vez, pedir que os torcedores estejam presentes. Ano passado, sem eles, atrapalhou bastante. Precisamos deles. Nosso desempenho tem que ser muito bom e as vit\u00f3rias acontecerem para, a partir disso, seguirmos em frente. Ser tr\u00eas (jogos) em casa direto ou intercalado n\u00e3o faz tanta diferen\u00e7a, porque temos que vencer sempre.<\/p>\n\n\n\n<p>Atualmente, Flamengo e LDU est\u00e3o empatados em pontos na competi\u00e7\u00e3o. As duas equipes venceram na rodada inicial, mas os equatorianos ficaram com a primeira posi\u00e7\u00e3o por terem marcado um gol a mais no rubro-negro. Agora, valendo a lideran\u00e7a do Grupo D, os dois se encaram \u00e0s 21h30 desta quarta (13), no Maracan\u00e3.<\/p>\n\n\n\n\n\n<p>Retirado de: Coluna do Flamengo<\/p>\n","protected":false},"excerpt":{"rendered":"<p>O \u00faltimo compromisso do Flamengo em campo foi no s\u00e1bado (09), contra o Vasco, que terminou empatado por 1 a 1, em jogo da Ta\u00e7a Rio. Agora, por\u00e9m, o Rubro-Negro corre para virar a chave e se preparar para um importante duelo na Copa Libertadores da Am\u00e9rica, contra a LDU, partida que marcar\u00e1 a estreia [&hellip;]<\/p>\n","protected":false},"author":1,"featured_media":15125,"comment_status":"open","ping_status":"open","sticky":false,"template":"","format":"standard","meta":{"footnotes":""},"categories":[1],"tags":[],"class_list":["post-15310","post","type-post","status-publish","format-standard","has-post-thumbnail","hentry","category-flamengo"],"yoast_head":"<!-- This site is optimized with the Yoast SEO Premium plugin v24.2 (Yoast SEO v26.9) - https:\/\/yoast.com\/product\/yoast-seo-premium-wordpress\/ -->\n<title>&quot;Vamos com tudo pra conseguir os tr\u00eas pontos quarta&quot;, diz Diego<\/title>\n<meta name=\"robots\" content=\"index, follow, max-snippet:-1, max-image-preview:large, max-video-preview:-1\" \/>\n<link rel=\"canonical\" href=\"https:\/\/www.gaveanews.com\/index.php\/2019\/03\/12\/vamos-com-tudo-pra-conseguir-os-tres-pontos-quarta-diz-diego\/\" \/>\n<meta property=\"og:locale\" content=\"pt_BR\" \/>\n<meta property=\"og:type\" content=\"article\" \/>\n<meta property=\"og:title\" content=\"&quot;Vamos com tudo pra conseguir os tr\u00eas pontos quarta&quot;, diz Diego\" \/>\n<meta property=\"og:description\" content=\"O \u00faltimo compromisso do Flamengo em campo foi no s\u00e1bado (09), contra o Vasco, que terminou empatado por 1 a 1, em jogo da Ta\u00e7a Rio. Agora, por\u00e9m, o Rubro-Negro corre para virar a chave e se preparar para um importante duelo na Copa Libertadores da Am\u00e9rica, contra a LDU, partida que marcar\u00e1 a estreia [&hellip;]\" \/>\n<meta property=\"og:url\" content=\"https:\/\/www.gaveanews.com\/index.php\/2019\/03\/12\/vamos-com-tudo-pra-conseguir-os-tres-pontos-quarta-diz-diego\/\" \/>\n<meta property=\"og:site_name\" content=\"G\u00e1vea News\" \/>\n<meta property=\"article:publisher\" content=\"https:\/\/facebook.com\/gaveaNews\/\" \/>\n<meta property=\"article:published_time\" content=\"2019-03-12T04:54:57+00:00\" \/>\n<meta property=\"article:modified_time\" content=\"2019-09-02T00:56:18+00:00\" \/>\n<meta property=\"og:image\" content=\"https:\/\/www.gaveanews.com\/wp-content\/uploads\/2019\/03\/Diego-Ribas-e-Willian-Arao-durante-treinamento-no-Ninho-do-Urubu.webp\" \/>\n\t<meta property=\"og:image:width\" content=\"1\" \/>\n\t<meta property=\"og:image:height\" content=\"1\" \/>\n\t<meta property=\"og:image:type\" content=\"image\/jpeg\" \/>\n<meta name=\"author\" content=\"Equipe G\u00e1vea News\" \/>\n<meta name=\"twitter:card\" content=\"summary_large_image\" \/>\n<meta name=\"twitter:label1\" content=\"Escrito por\" \/>\n\t<meta name=\"twitter:data1\" content=\"Equipe G\u00e1vea News\" \/>\n\t<meta name=\"twitter:label2\" content=\"Est. tempo de leitura\" \/>\n\t<meta name=\"twitter:data2\" content=\"2 minutos\" \/>\n<script type=\"application\/ld+json\" class=\"yoast-schema-graph\">{\"@context\":\"https:\/\/schema.org\",\"@graph\":[{\"@type\":\"NewsArticle\",\"@id\":\"https:\/\/www.gaveanews.com\/index.php\/2019\/03\/12\/vamos-com-tudo-pra-conseguir-os-tres-pontos-quarta-diz-diego\/#article\",\"isPartOf\":{\"@id\":\"https:\/\/www.gaveanews.com\/index.php\/2019\/03\/12\/vamos-com-tudo-pra-conseguir-os-tres-pontos-quarta-diz-diego\/\"},\"author\":{\"name\":\"Equipe G\u00e1vea News\",\"@id\":\"https:\/\/www.gaveanews.com\/#\/schema\/person\/2ec14f73fb96be2caf28f91afb14749d\"},\"headline\":\"&#8220;Vamos com tudo pra conseguir os tr\u00eas pontos quarta&#8221;, diz Diego\",\"datePublished\":\"2019-03-12T04:54:57+00:00\",\"dateModified\":\"2019-09-02T00:56:18+00:00\",\"mainEntityOfPage\":{\"@id\":\"https:\/\/www.gaveanews.com\/index.php\/2019\/03\/12\/vamos-com-tudo-pra-conseguir-os-tres-pontos-quarta-diz-diego\/\"},\"wordCount\":408,\"commentCount\":0,\"image\":{\"@id\":\"https:\/\/www.gaveanews.com\/index.php\/2019\/03\/12\/vamos-com-tudo-pra-conseguir-os-tres-pontos-quarta-diz-diego\/#primaryimage\"},\"thumbnailUrl\":\"https:\/\/www.gaveanews.com\/wp-content\/uploads\/2019\/03\/Diego-Ribas-e-Willian-Arao-durante-treinamento-no-Ninho-do-Urubu.webp\",\"articleSection\":[\"Flamengo\"],\"inLanguage\":\"pt-BR\",\"potentialAction\":[{\"@type\":\"CommentAction\",\"name\":\"Comment\",\"target\":[\"https:\/\/www.gaveanews.com\/index.php\/2019\/03\/12\/vamos-com-tudo-pra-conseguir-os-tres-pontos-quarta-diz-diego\/#respond\"]}],\"copyrightYear\":\"2019\",\"copyrightHolder\":{\"@id\":\"https:\/\/www.gaveanews.com\/#organization\"}},{\"@type\":\"WebPage\",\"@id\":\"https:\/\/www.gaveanews.com\/index.php\/2019\/03\/12\/vamos-com-tudo-pra-conseguir-os-tres-pontos-quarta-diz-diego\/\",\"url\":\"https:\/\/www.gaveanews.com\/index.php\/2019\/03\/12\/vamos-com-tudo-pra-conseguir-os-tres-pontos-quarta-diz-diego\/\",\"name\":\"\\\"Vamos com tudo pra conseguir os tr\u00eas pontos quarta\\\", diz Diego\",\"isPartOf\":{\"@id\":\"https:\/\/www.gaveanews.com\/#website\"},\"primaryImageOfPage\":{\"@id\":\"https:\/\/www.gaveanews.com\/index.php\/2019\/03\/12\/vamos-com-tudo-pra-conseguir-os-tres-pontos-quarta-diz-diego\/#primaryimage\"},\"image\":{\"@id\":\"https:\/\/www.gaveanews.com\/index.php\/2019\/03\/12\/vamos-com-tudo-pra-conseguir-os-tres-pontos-quarta-diz-diego\/#primaryimage\"},\"thumbnailUrl\":\"https:\/\/www.gaveanews.com\/wp-content\/uploads\/2019\/03\/Diego-Ribas-e-Willian-Arao-durante-treinamento-no-Ninho-do-Urubu.webp\",\"datePublished\":\"2019-03-12T04:54:57+00:00\",\"dateModified\":\"2019-09-02T00:56:18+00:00\",\"author\":{\"@id\":\"https:\/\/www.gaveanews.com\/#\/schema\/person\/2ec14f73fb96be2caf28f91afb14749d\"},\"breadcrumb\":{\"@id\":\"https:\/\/www.gaveanews.com\/index.php\/2019\/03\/12\/vamos-com-tudo-pra-conseguir-os-tres-pontos-quarta-diz-diego\/#breadcrumb\"},\"inLanguage\":\"pt-BR\",\"potentialAction\":[{\"@type\":\"ReadAction\",\"target\":[\"https:\/\/www.gaveanews.com\/index.php\/2019\/03\/12\/vamos-com-tudo-pra-conseguir-os-tres-pontos-quarta-diz-diego\/\"]}]},{\"@type\":\"ImageObject\",\"inLanguage\":\"pt-BR\",\"@id\":\"https:\/\/www.gaveanews.com\/index.php\/2019\/03\/12\/vamos-com-tudo-pra-conseguir-os-tres-pontos-quarta-diz-diego\/#primaryimage\",\"url\":\"https:\/\/www.gaveanews.com\/wp-content\/uploads\/2019\/03\/Diego-Ribas-e-Willian-Arao-durante-treinamento-no-Ninho-do-Urubu.webp\",\"contentUrl\":\"https:\/\/www.gaveanews.com\/wp-content\/uploads\/2019\/03\/Diego-Ribas-e-Willian-Arao-durante-treinamento-no-Ninho-do-Urubu.webp\",\"width\":880,\"height\":586,\"caption\":\"Diego Ribas e Willian Ar\u00e3o durante treinamento no Ninho do Urubu (Foto: Gilvan de Souza\/Flamengo)\"},{\"@type\":\"BreadcrumbList\",\"@id\":\"https:\/\/www.gaveanews.com\/index.php\/2019\/03\/12\/vamos-com-tudo-pra-conseguir-os-tres-pontos-quarta-diz-diego\/#breadcrumb\",\"itemListElement\":[{\"@type\":\"ListItem\",\"position\":1,\"name\":\"Home\",\"item\":\"https:\/\/www.gaveanews.com\/\"},{\"@type\":\"ListItem\",\"position\":2,\"name\":\"&#8220;Vamos com tudo pra conseguir os tr\u00eas pontos quarta&#8221;, diz Diego\"}]},{\"@type\":\"WebSite\",\"@id\":\"https:\/\/www.gaveanews.com\/#website\",\"url\":\"https:\/\/www.gaveanews.com\/\",\"name\":\"G\u00e1vea News\",\"description\":\"Veja todas as not\u00edcias sobre o Flamengo: Contrata\u00e7\u00f5es, categorias de base, resultados das partidas, tabela de classifica\u00e7\u00e3o, pr\u00f3ximos jogos!\",\"potentialAction\":[{\"@type\":\"SearchAction\",\"target\":{\"@type\":\"EntryPoint\",\"urlTemplate\":\"https:\/\/www.gaveanews.com\/?s={search_term_string}\"},\"query-input\":{\"@type\":\"PropertyValueSpecification\",\"valueRequired\":true,\"valueName\":\"search_term_string\"}}],\"inLanguage\":\"pt-BR\"},{\"@type\":\"Person\",\"@id\":\"https:\/\/www.gaveanews.com\/#\/schema\/person\/2ec14f73fb96be2caf28f91afb14749d\",\"name\":\"Equipe G\u00e1vea News\",\"image\":{\"@type\":\"ImageObject\",\"inLanguage\":\"pt-BR\",\"@id\":\"https:\/\/www.gaveanews.com\/#\/schema\/person\/image\/\",\"url\":\"https:\/\/secure.gravatar.com\/avatar\/1e1956f1facbffd3f8fa53a326721950116b3b9dc9bd44939c01180fd4a745a9?s=96&d=mm&r=g\",\"contentUrl\":\"https:\/\/secure.gravatar.com\/avatar\/1e1956f1facbffd3f8fa53a326721950116b3b9dc9bd44939c01180fd4a745a9?s=96&d=mm&r=g\",\"caption\":\"Equipe G\u00e1vea News\"}}]}<\/script>\n<!-- \/ Yoast SEO Premium plugin. -->","yoast_head_json":{"title":"\"Vamos com tudo pra conseguir os tr\u00eas pontos quarta\", diz Diego","robots":{"index":"index","follow":"follow","max-snippet":"max-snippet:-1","max-image-preview":"max-image-preview:large","max-video-preview":"max-video-preview:-1"},"canonical":"https:\/\/www.gaveanews.com\/index.php\/2019\/03\/12\/vamos-com-tudo-pra-conseguir-os-tres-pontos-quarta-diz-diego\/","og_locale":"pt_BR","og_type":"article","og_title":"\"Vamos com tudo pra conseguir os tr\u00eas pontos quarta\", diz Diego","og_description":"O \u00faltimo compromisso do Flamengo em campo foi no s\u00e1bado (09), contra o Vasco, que terminou empatado por 1 a 1, em jogo da Ta\u00e7a Rio. Agora, por\u00e9m, o Rubro-Negro corre para virar a chave e se preparar para um importante duelo na Copa Libertadores da Am\u00e9rica, contra a LDU, partida que marcar\u00e1 a estreia [&hellip;]","og_url":"https:\/\/www.gaveanews.com\/index.php\/2019\/03\/12\/vamos-com-tudo-pra-conseguir-os-tres-pontos-quarta-diz-diego\/","og_site_name":"G\u00e1vea News","article_publisher":"https:\/\/facebook.com\/gaveaNews\/","article_published_time":"2019-03-12T04:54:57+00:00","article_modified_time":"2019-09-02T00:56:18+00:00","og_image":[{"url":"https:\/\/www.gaveanews.com\/wp-content\/uploads\/2019\/03\/Diego-Ribas-e-Willian-Arao-durante-treinamento-no-Ninho-do-Urubu.webp","width":1,"height":1,"type":"image\/jpeg"}],"author":"Equipe G\u00e1vea News","twitter_card":"summary_large_image","twitter_misc":{"Escrito por":"Equipe G\u00e1vea News","Est. tempo de leitura":"2 minutos"},"schema":{"@context":"https:\/\/schema.org","@graph":[{"@type":"NewsArticle","@id":"https:\/\/www.gaveanews.com\/index.php\/2019\/03\/12\/vamos-com-tudo-pra-conseguir-os-tres-pontos-quarta-diz-diego\/#article","isPartOf":{"@id":"https:\/\/www.gaveanews.com\/index.php\/2019\/03\/12\/vamos-com-tudo-pra-conseguir-os-tres-pontos-quarta-diz-diego\/"},"author":{"name":"Equipe G\u00e1vea News","@id":"https:\/\/www.gaveanews.com\/#\/schema\/person\/2ec14f73fb96be2caf28f91afb14749d"},"headline":"&#8220;Vamos com tudo pra conseguir os tr\u00eas pontos quarta&#8221;, diz Diego","datePublished":"2019-03-12T04:54:57+00:00","dateModified":"2019-09-02T00:56:18+00:00","mainEntityOfPage":{"@id":"https:\/\/www.gaveanews.com\/index.php\/2019\/03\/12\/vamos-com-tudo-pra-conseguir-os-tres-pontos-quarta-diz-diego\/"},"wordCount":408,"commentCount":0,"image":{"@id":"https:\/\/www.gaveanews.com\/index.php\/2019\/03\/12\/vamos-com-tudo-pra-conseguir-os-tres-pontos-quarta-diz-diego\/#primaryimage"},"thumbnailUrl":"https:\/\/www.gaveanews.com\/wp-content\/uploads\/2019\/03\/Diego-Ribas-e-Willian-Arao-durante-treinamento-no-Ninho-do-Urubu.webp","articleSection":["Flamengo"],"inLanguage":"pt-BR","potentialAction":[{"@type":"CommentAction","name":"Comment","target":["https:\/\/www.gaveanews.com\/index.php\/2019\/03\/12\/vamos-com-tudo-pra-conseguir-os-tres-pontos-quarta-diz-diego\/#respond"]}],"copyrightYear":"2019","copyrightHolder":{"@id":"https:\/\/www.gaveanews.com\/#organization"}},{"@type":"WebPage","@id":"https:\/\/www.gaveanews.com\/index.php\/2019\/03\/12\/vamos-com-tudo-pra-conseguir-os-tres-pontos-quarta-diz-diego\/","url":"https:\/\/www.gaveanews.com\/index.php\/2019\/03\/12\/vamos-com-tudo-pra-conseguir-os-tres-pontos-quarta-diz-diego\/","name":"\"Vamos com tudo pra conseguir os tr\u00eas pontos quarta\", diz Diego","isPartOf":{"@id":"https:\/\/www.gaveanews.com\/#website"},"primaryImageOfPage":{"@id":"https:\/\/www.gaveanews.com\/index.php\/2019\/03\/12\/vamos-com-tudo-pra-conseguir-os-tres-pontos-quarta-diz-diego\/#primaryimage"},"image":{"@id":"https:\/\/www.gaveanews.com\/index.php\/2019\/03\/12\/vamos-com-tudo-pra-conseguir-os-tres-pontos-quarta-diz-diego\/#primaryimage"},"thumbnailUrl":"https:\/\/www.gaveanews.com\/wp-content\/uploads\/2019\/03\/Diego-Ribas-e-Willian-Arao-durante-treinamento-no-Ninho-do-Urubu.webp","datePublished":"2019-03-12T04:54:57+00:00","dateModified":"2019-09-02T00:56:18+00:00","author":{"@id":"https:\/\/www.gaveanews.com\/#\/schema\/person\/2ec14f73fb96be2caf28f91afb14749d"},"breadcrumb":{"@id":"https:\/\/www.gaveanews.com\/index.php\/2019\/03\/12\/vamos-com-tudo-pra-conseguir-os-tres-pontos-quarta-diz-diego\/#breadcrumb"},"inLanguage":"pt-BR","potentialAction":[{"@type":"ReadAction","target":["https:\/\/www.gaveanews.com\/index.php\/2019\/03\/12\/vamos-com-tudo-pra-conseguir-os-tres-pontos-quarta-diz-diego\/"]}]},{"@type":"ImageObject","inLanguage":"pt-BR","@id":"https:\/\/www.gaveanews.com\/index.php\/2019\/03\/12\/vamos-com-tudo-pra-conseguir-os-tres-pontos-quarta-diz-diego\/#primaryimage","url":"https:\/\/www.gaveanews.com\/wp-content\/uploads\/2019\/03\/Diego-Ribas-e-Willian-Arao-durante-treinamento-no-Ninho-do-Urubu.webp","contentUrl":"https:\/\/www.gaveanews.com\/wp-content\/uploads\/2019\/03\/Diego-Ribas-e-Willian-Arao-durante-treinamento-no-Ninho-do-Urubu.webp","width":880,"height":586,"caption":"Diego Ribas e Willian Ar\u00e3o durante treinamento no Ninho do Urubu (Foto: Gilvan de Souza\/Flamengo)"},{"@type":"BreadcrumbList","@id":"https:\/\/www.gaveanews.com\/index.php\/2019\/03\/12\/vamos-com-tudo-pra-conseguir-os-tres-pontos-quarta-diz-diego\/#breadcrumb","itemListElement":[{"@type":"ListItem","position":1,"name":"Home","item":"https:\/\/www.gaveanews.com\/"},{"@type":"ListItem","position":2,"name":"&#8220;Vamos com tudo pra conseguir os tr\u00eas pontos quarta&#8221;, diz Diego"}]},{"@type":"WebSite","@id":"https:\/\/www.gaveanews.com\/#website","url":"https:\/\/www.gaveanews.com\/","name":"G\u00e1vea News","description":"Veja todas as not\u00edcias sobre o Flamengo: Contrata\u00e7\u00f5es, categorias de base, resultados das partidas, tabela de classifica\u00e7\u00e3o, pr\u00f3ximos jogos!","potentialAction":[{"@type":"SearchAction","target":{"@type":"EntryPoint","urlTemplate":"https:\/\/www.gaveanews.com\/?s={search_term_string}"},"query-input":{"@type":"PropertyValueSpecification","valueRequired":true,"valueName":"search_term_string"}}],"inLanguage":"pt-BR"},{"@type":"Person","@id":"https:\/\/www.gaveanews.com\/#\/schema\/person\/2ec14f73fb96be2caf28f91afb14749d","name":"Equipe G\u00e1vea News","image":{"@type":"ImageObject","inLanguage":"pt-BR","@id":"https:\/\/www.gaveanews.com\/#\/schema\/person\/image\/","url":"https:\/\/secure.gravatar.com\/avatar\/1e1956f1facbffd3f8fa53a326721950116b3b9dc9bd44939c01180fd4a745a9?s=96&d=mm&r=g","contentUrl":"https:\/\/secure.gravatar.com\/avatar\/1e1956f1facbffd3f8fa53a326721950116b3b9dc9bd44939c01180fd4a745a9?s=96&d=mm&r=g","caption":"Equipe G\u00e1vea News"}}]}},"_links":{"self":[{"href":"https:\/\/www.gaveanews.com\/index.php\/wp-json\/wp\/v2\/posts\/15310","targetHints":{"allow":["GET"]}}],"collection":[{"href":"https:\/\/www.gaveanews.com\/index.php\/wp-json\/wp\/v2\/posts"}],"about":[{"href":"https:\/\/www.gaveanews.com\/index.php\/wp-json\/wp\/v2\/types\/post"}],"author":[{"embeddable":true,"href":"https:\/\/www.gaveanews.com\/index.php\/wp-json\/wp\/v2\/users\/1"}],"replies":[{"embeddable":true,"href":"https:\/\/www.gaveanews.com\/index.php\/wp-json\/wp\/v2\/comments?post=15310"}],"version-history":[{"count":0,"href":"https:\/\/www.gaveanews.com\/index.php\/wp-json\/wp\/v2\/posts\/15310\/revisions"}],"wp:featuredmedia":[{"embeddable":true,"href":"https:\/\/www.gaveanews.com\/index.php\/wp-json\/wp\/v2\/media\/15125"}],"wp:attachment":[{"href":"https:\/\/www.gaveanews.com\/index.php\/wp-json\/wp\/v2\/media?parent=15310"}],"wp:term":[{"taxonomy":"category","embeddable":true,"href":"https:\/\/www.gaveanews.com\/index.php\/wp-json\/wp\/v2\/categories?post=15310"},{"taxonomy":"post_tag","embeddable":true,"href":"https:\/\/www.gaveanews.com\/index.php\/wp-json\/wp\/v2\/tags?post=15310"}],"curies":[{"name":"wp","href":"https:\/\/api.w.org\/{rel}","templated":true}]}}