{"id":153229,"date":"2024-07-19T15:00:00","date_gmt":"2024-07-19T18:00:00","guid":{"rendered":"https:\/\/www.gaveanews.com\/?p=153229"},"modified":"2024-07-19T14:47:05","modified_gmt":"2024-07-19T17:47:05","slug":"flamengo-x-palmeiras-estevao-vai-jogar","status":"publish","type":"post","link":"https:\/\/www.gaveanews.com\/index.php\/2024\/07\/19\/flamengo-x-palmeiras-estevao-vai-jogar\/","title":{"rendered":"Flamengo x Palmeiras: Estev\u00e3o vai jogar?"},"content":{"rendered":"\n<h2 class=\"wp-block-heading\" id=\"h-estevao-e-duvida-para-enfrentar-o-cruzeiro-e-flamengo\">Est\u00eav\u00e3o \u00e9 d\u00favida para enfrentar o Cruzeiro e Flamengo<\/h2>\n\n\n\n<p>Est\u00eav\u00e3o foi submetido a exames na manh\u00e3 desta quinta-feira (18) e foi diagnosticado com tor\u00e7\u00f5es no joelho esquerdo e no tornozelo. O Palmeiras apenas informou que o meia-atacante iniciou tratamento no N\u00facleo de Sa\u00fade e Performance, mas n\u00e3o estabeleceu uma data para retorno. O clube est\u00e1 otimista em rela\u00e7\u00e3o \u00e0 gravidade do problema. Como n\u00e3o houve danos, espera-se que o tratamento conservador tenha uma resposta positiva, o que significa que ele poder\u00e1 voltar a atuar prontamente.<\/p>\n\n\n\n<ul class=\"wp-block-list\">\n<li><a href=\"https:\/\/www.gaveanews.com\/index.php\/2024\/07\/18\/veja-quem-o-flamengo-vai-enfrentar-na-copa-do-brasil\/\">Veja quem o Flamengo vai enfrentar na Copa do Brasil<\/a><\/li>\n\n\n\n<li><a href=\"https:\/\/www.gaveanews.com\/index.php\/2024\/07\/18\/flamengo-x-criciuma-bruno-henrique-vai-jogar\/\">Flamengo x Crici\u00fama: Bruno Henrique vai jogar?<br><\/a><\/li>\n<\/ul>\n\n\n\n<p>Ainda que o time n\u00e3o tenha revelado o tempo que o meia-atacante n\u00e3o deve estar dispon\u00edvel para o jogo contra o Cruzeiro no Allianz Parque neste s\u00e1bado. Ap\u00f3s o jogo de quarta-feira, no est\u00e1dio Nilton Santos, contra o Botafogo, ele se machucou. Aos 32 minutos do segundo tempo, o lance ocorreu quando o camisa 41 disputou jogada com Alexander Barboza. Est\u00eav\u00e3o caiu em cima da perna esquerda e logo reclamou de dores e procurou um m\u00e9dico. Ele voltou ao jogo, mas caiu novamente no campo e foi substitu\u00eddo por Maur\u00edcio.<\/p>\n\n\n\n<p>N\u00e3o se sabe se o Estev\u00e3o vai enfrentar o Flamengo, vai ter 3 confrontos contra o Palmeiras em menos de 15 dias, a sequ\u00eancia do time de S\u00e3o Paulo preocupa. O jogador do meia atacante Est\u00eav\u00e3o, que \u00e9 um dos principais jogadores da equipe de Abel Ferreira, sofreu duas les\u00f5es e est\u00e1 fora dos jogos v\u00e1lidos pela Copa do Brasil e Brasileir\u00e3o. O jogador tem tor\u00e7\u00f5es no joelho esquerdo e no tornozelo.<\/p>\n\n\n\n<figure class=\"wp-block-image size-large\"><img loading=\"lazy\" decoding=\"async\" width=\"850\" height=\"1024\" src=\"https:\/\/www.gaveanews.com\/wp-content\/uploads\/Estevao-durante-o-jogo-entre-Botafogo-x-Palmeiras-pelo-Brasileirao-2024-850x1024.webp\" alt=\"\" class=\"wp-image-153086\" srcset=\"https:\/\/www.gaveanews.com\/wp-content\/uploads\/Estevao-durante-o-jogo-entre-Botafogo-x-Palmeiras-pelo-Brasileirao-2024-850x1024.webp 850w, https:\/\/www.gaveanews.com\/wp-content\/uploads\/Estevao-durante-o-jogo-entre-Botafogo-x-Palmeiras-pelo-Brasileirao-2024-249x300.webp 249w, https:\/\/www.gaveanews.com\/wp-content\/uploads\/Estevao-durante-o-jogo-entre-Botafogo-x-Palmeiras-pelo-Brasileirao-2024-768x925.webp 768w, https:\/\/www.gaveanews.com\/wp-content\/uploads\/Estevao-durante-o-jogo-entre-Botafogo-x-Palmeiras-pelo-Brasileirao-2024-349x420.webp 349w, https:\/\/www.gaveanews.com\/wp-content\/uploads\/Estevao-durante-o-jogo-entre-Botafogo-x-Palmeiras-pelo-Brasileirao-2024-697x840.webp 697w, https:\/\/www.gaveanews.com\/wp-content\/uploads\/Estevao-durante-o-jogo-entre-Botafogo-x-Palmeiras-pelo-Brasileirao-2024-640x771.webp 640w, https:\/\/www.gaveanews.com\/wp-content\/uploads\/Estevao-durante-o-jogo-entre-Botafogo-x-Palmeiras-pelo-Brasileirao-2024-681x820.webp 681w, https:\/\/www.gaveanews.com\/wp-content\/uploads\/Estevao-durante-o-jogo-entre-Botafogo-x-Palmeiras-pelo-Brasileirao-2024-100x120.webp 100w, https:\/\/www.gaveanews.com\/wp-content\/uploads\/Estevao-durante-o-jogo-entre-Botafogo-x-Palmeiras-pelo-Brasileirao-2024.webp 1245w\" sizes=\"auto, (max-width: 850px) 100vw, 850px\" \/><figcaption class=\"wp-element-caption\">Est\u00eav\u00e3o durante o jogo entre Botafogo x Palmeiras pelo Brasileir\u00e3o 2024 (Foto: Cesar Greco\/Palmeiras)<\/figcaption><\/figure>\n\n\n\n<p>Na quinta-feira (18), a CBF determinou os jogos das oitavas de final da Copa do Brasil. Os nomes do Flamengo e do Palmeiras apareceram logo nas duas primeiras bolinhas do jogo. Assim, as equipes jogar\u00e3o no Maracan\u00e3 na semana do dia 31 de julho e sete dias depois no sint\u00e9tico do Allianz Parque, em S\u00e3o Paulo.<\/p>\n\n\n\n<p>Os times jogam em 11 de agosto, agora no Brasileir\u00e3o. O confronto, que faz parte da 22a rodada, ocorre no Maracan\u00e3 \u00e0s 16h (hor\u00e1rio de Bras\u00edlia). O time rubro-negro est\u00e1 na terceira posi\u00e7\u00e3o com 31 pontos, dois pontos atr\u00e1s do Palmeiras, que tem um jogo a mais, e \u00e9 o terceiro colocado.<\/p>\n\n\n\n<h2 class=\"wp-block-heading\" id=\"h-jogos-entre-flamengo-e-palmeiras\">JOGOS ENTRE\u00a0FLAMENGO\u00a0E PALMEIRAS:<\/h2>\n\n\n\n<p>Semana 31 de julho:\u00a0Flamengo\u00a0x Palmeiras, Copa do Brasil<br>Semana 07 de agosto: Palmeiras x\u00a0Flamengo, Copa do Brasil<br>11 de agosto:\u00a0Flamengo\u00a0x Palmeiras, Brasileir\u00e3o<\/p>\n\n\n\n<p><\/p>\n","protected":false},"excerpt":{"rendered":"<p>Flamengo x Palmeiras: Estev\u00e3o vai jogar?<\/p>\n","protected":false},"author":16,"featured_media":141974,"comment_status":"open","ping_status":"closed","sticky":false,"template":"","format":"standard","meta":{"footnotes":""},"categories":[1,150],"tags":[],"class_list":["post-153229","post","type-post","status-publish","format-standard","has-post-thumbnail","hentry","category-flamengo","category-palmeiras"],"yoast_head":"<!-- This site is optimized with the Yoast SEO Premium plugin v24.2 (Yoast SEO v26.9) - https:\/\/yoast.com\/product\/yoast-seo-premium-wordpress\/ -->\n<title>Flamengo x Palmeiras: Estev\u00e3o vai jogar?<\/title>\n<meta name=\"robots\" content=\"index, follow, max-snippet:-1, max-image-preview:large, max-video-preview:-1\" \/>\n<link rel=\"canonical\" href=\"https:\/\/www.gaveanews.com\/index.php\/2024\/07\/19\/flamengo-x-palmeiras-estevao-vai-jogar\/\" \/>\n<meta property=\"og:locale\" content=\"pt_BR\" \/>\n<meta property=\"og:type\" content=\"article\" \/>\n<meta property=\"og:title\" content=\"Flamengo x Palmeiras: Estev\u00e3o vai jogar?\" \/>\n<meta property=\"og:description\" content=\"Flamengo x Palmeiras: Estev\u00e3o vai jogar?\" \/>\n<meta property=\"og:url\" content=\"https:\/\/www.gaveanews.com\/index.php\/2024\/07\/19\/flamengo-x-palmeiras-estevao-vai-jogar\/\" \/>\n<meta property=\"og:site_name\" content=\"G\u00e1vea News\" \/>\n<meta property=\"article:publisher\" content=\"https:\/\/facebook.com\/gaveaNews\/\" \/>\n<meta property=\"article:published_time\" content=\"2024-07-19T18:00:00+00:00\" \/>\n<meta property=\"og:image\" content=\"https:\/\/www.gaveanews.com\/wp-content\/uploads\/O-jogador-Estevao-da-SE-Palmeiras-comemora-seu-contra-a-equipe-do-Botafogo-FC-durante-partida-valida-pela-terceira-fase-da-Copa-do-Brasil-na-arena-Allianz-Parque-1024x576-1.webp\" \/>\n\t<meta property=\"og:image:width\" content=\"1024\" \/>\n\t<meta property=\"og:image:height\" content=\"576\" \/>\n\t<meta property=\"og:image:type\" content=\"image\/webp\" \/>\n<meta name=\"author\" content=\"D\u00e9bora Figueiredo\" \/>\n<meta name=\"twitter:card\" content=\"summary_large_image\" \/>\n<meta name=\"twitter:label1\" content=\"Escrito por\" \/>\n\t<meta name=\"twitter:data1\" content=\"D\u00e9bora Figueiredo\" \/>\n\t<meta name=\"twitter:label2\" content=\"Est. tempo de leitura\" \/>\n\t<meta name=\"twitter:data2\" content=\"3 minutos\" \/>\n<script type=\"application\/ld+json\" class=\"yoast-schema-graph\">{\"@context\":\"https:\/\/schema.org\",\"@graph\":[{\"@type\":\"NewsArticle\",\"@id\":\"https:\/\/www.gaveanews.com\/index.php\/2024\/07\/19\/flamengo-x-palmeiras-estevao-vai-jogar\/#article\",\"isPartOf\":{\"@id\":\"https:\/\/www.gaveanews.com\/index.php\/2024\/07\/19\/flamengo-x-palmeiras-estevao-vai-jogar\/\"},\"author\":{\"name\":\"D\u00e9bora Figueiredo\",\"@id\":\"https:\/\/www.gaveanews.com\/#\/schema\/person\/37122681a8575a5c8db05a56f099a5e4\"},\"headline\":\"Flamengo x Palmeiras: Estev\u00e3o vai jogar?\",\"datePublished\":\"2024-07-19T18:00:00+00:00\",\"mainEntityOfPage\":{\"@id\":\"https:\/\/www.gaveanews.com\/index.php\/2024\/07\/19\/flamengo-x-palmeiras-estevao-vai-jogar\/\"},\"wordCount\":453,\"commentCount\":0,\"image\":{\"@id\":\"https:\/\/www.gaveanews.com\/index.php\/2024\/07\/19\/flamengo-x-palmeiras-estevao-vai-jogar\/#primaryimage\"},\"thumbnailUrl\":\"https:\/\/www.gaveanews.com\/wp-content\/uploads\/O-jogador-Estevao-da-SE-Palmeiras-comemora-seu-contra-a-equipe-do-Botafogo-FC-durante-partida-valida-pela-terceira-fase-da-Copa-do-Brasil-na-arena-Allianz-Parque-1024x576-1.webp\",\"articleSection\":[\"Flamengo\",\"Palmeiras\"],\"inLanguage\":\"pt-BR\",\"potentialAction\":[{\"@type\":\"CommentAction\",\"name\":\"Comment\",\"target\":[\"https:\/\/www.gaveanews.com\/index.php\/2024\/07\/19\/flamengo-x-palmeiras-estevao-vai-jogar\/#respond\"]}],\"copyrightYear\":\"2024\",\"copyrightHolder\":{\"@id\":\"https:\/\/www.gaveanews.com\/#organization\"}},{\"@type\":\"WebPage\",\"@id\":\"https:\/\/www.gaveanews.com\/index.php\/2024\/07\/19\/flamengo-x-palmeiras-estevao-vai-jogar\/\",\"url\":\"https:\/\/www.gaveanews.com\/index.php\/2024\/07\/19\/flamengo-x-palmeiras-estevao-vai-jogar\/\",\"name\":\"Flamengo x Palmeiras: Estev\u00e3o vai jogar?\",\"isPartOf\":{\"@id\":\"https:\/\/www.gaveanews.com\/#website\"},\"primaryImageOfPage\":{\"@id\":\"https:\/\/www.gaveanews.com\/index.php\/2024\/07\/19\/flamengo-x-palmeiras-estevao-vai-jogar\/#primaryimage\"},\"image\":{\"@id\":\"https:\/\/www.gaveanews.com\/index.php\/2024\/07\/19\/flamengo-x-palmeiras-estevao-vai-jogar\/#primaryimage\"},\"thumbnailUrl\":\"https:\/\/www.gaveanews.com\/wp-content\/uploads\/O-jogador-Estevao-da-SE-Palmeiras-comemora-seu-contra-a-equipe-do-Botafogo-FC-durante-partida-valida-pela-terceira-fase-da-Copa-do-Brasil-na-arena-Allianz-Parque-1024x576-1.webp\",\"datePublished\":\"2024-07-19T18:00:00+00:00\",\"author\":{\"@id\":\"https:\/\/www.gaveanews.com\/#\/schema\/person\/37122681a8575a5c8db05a56f099a5e4\"},\"breadcrumb\":{\"@id\":\"https:\/\/www.gaveanews.com\/index.php\/2024\/07\/19\/flamengo-x-palmeiras-estevao-vai-jogar\/#breadcrumb\"},\"inLanguage\":\"pt-BR\",\"potentialAction\":[{\"@type\":\"ReadAction\",\"target\":[\"https:\/\/www.gaveanews.com\/index.php\/2024\/07\/19\/flamengo-x-palmeiras-estevao-vai-jogar\/\"]}]},{\"@type\":\"ImageObject\",\"inLanguage\":\"pt-BR\",\"@id\":\"https:\/\/www.gaveanews.com\/index.php\/2024\/07\/19\/flamengo-x-palmeiras-estevao-vai-jogar\/#primaryimage\",\"url\":\"https:\/\/www.gaveanews.com\/wp-content\/uploads\/O-jogador-Estevao-da-SE-Palmeiras-comemora-seu-contra-a-equipe-do-Botafogo-FC-durante-partida-valida-pela-terceira-fase-da-Copa-do-Brasil-na-arena-Allianz-Parque-1024x576-1.webp\",\"contentUrl\":\"https:\/\/www.gaveanews.com\/wp-content\/uploads\/O-jogador-Estevao-da-SE-Palmeiras-comemora-seu-contra-a-equipe-do-Botafogo-FC-durante-partida-valida-pela-terceira-fase-da-Copa-do-Brasil-na-arena-Allianz-Parque-1024x576-1.webp\",\"width\":1024,\"height\":576,\"caption\":\"O jogador Est\u00eav\u00e3o - Foto: Cesar Greco\/Palmeiras\/by Canon\"},{\"@type\":\"BreadcrumbList\",\"@id\":\"https:\/\/www.gaveanews.com\/index.php\/2024\/07\/19\/flamengo-x-palmeiras-estevao-vai-jogar\/#breadcrumb\",\"itemListElement\":[{\"@type\":\"ListItem\",\"position\":1,\"name\":\"Home\",\"item\":\"https:\/\/www.gaveanews.com\/\"},{\"@type\":\"ListItem\",\"position\":2,\"name\":\"Flamengo x Palmeiras: Estev\u00e3o vai jogar?\"}]},{\"@type\":\"WebSite\",\"@id\":\"https:\/\/www.gaveanews.com\/#website\",\"url\":\"https:\/\/www.gaveanews.com\/\",\"name\":\"G\u00e1vea News\",\"description\":\"Veja todas as not\u00edcias sobre o Flamengo: Contrata\u00e7\u00f5es, categorias de base, resultados das partidas, tabela de classifica\u00e7\u00e3o, pr\u00f3ximos jogos!\",\"potentialAction\":[{\"@type\":\"SearchAction\",\"target\":{\"@type\":\"EntryPoint\",\"urlTemplate\":\"https:\/\/www.gaveanews.com\/?s={search_term_string}\"},\"query-input\":{\"@type\":\"PropertyValueSpecification\",\"valueRequired\":true,\"valueName\":\"search_term_string\"}}],\"inLanguage\":\"pt-BR\"},{\"@type\":\"Person\",\"@id\":\"https:\/\/www.gaveanews.com\/#\/schema\/person\/37122681a8575a5c8db05a56f099a5e4\",\"name\":\"D\u00e9bora Figueiredo\",\"image\":{\"@type\":\"ImageObject\",\"inLanguage\":\"pt-BR\",\"@id\":\"https:\/\/www.gaveanews.com\/#\/schema\/person\/image\/\",\"url\":\"https:\/\/secure.gravatar.com\/avatar\/1f44802859351588499d26f52aed1d15796ce17e67602895b72837c08018868d?s=96&d=mm&r=g\",\"contentUrl\":\"https:\/\/secure.gravatar.com\/avatar\/1f44802859351588499d26f52aed1d15796ce17e67602895b72837c08018868d?s=96&d=mm&r=g\",\"caption\":\"D\u00e9bora Figueiredo\"}}]}<\/script>\n<!-- \/ Yoast SEO Premium plugin. -->","yoast_head_json":{"title":"Flamengo x Palmeiras: Estev\u00e3o vai jogar?","robots":{"index":"index","follow":"follow","max-snippet":"max-snippet:-1","max-image-preview":"max-image-preview:large","max-video-preview":"max-video-preview:-1"},"canonical":"https:\/\/www.gaveanews.com\/index.php\/2024\/07\/19\/flamengo-x-palmeiras-estevao-vai-jogar\/","og_locale":"pt_BR","og_type":"article","og_title":"Flamengo x Palmeiras: Estev\u00e3o vai jogar?","og_description":"Flamengo x Palmeiras: Estev\u00e3o vai jogar?","og_url":"https:\/\/www.gaveanews.com\/index.php\/2024\/07\/19\/flamengo-x-palmeiras-estevao-vai-jogar\/","og_site_name":"G\u00e1vea News","article_publisher":"https:\/\/facebook.com\/gaveaNews\/","article_published_time":"2024-07-19T18:00:00+00:00","og_image":[{"width":1024,"height":576,"url":"https:\/\/www.gaveanews.com\/wp-content\/uploads\/O-jogador-Estevao-da-SE-Palmeiras-comemora-seu-contra-a-equipe-do-Botafogo-FC-durante-partida-valida-pela-terceira-fase-da-Copa-do-Brasil-na-arena-Allianz-Parque-1024x576-1.webp","type":"image\/webp"}],"author":"D\u00e9bora Figueiredo","twitter_card":"summary_large_image","twitter_misc":{"Escrito por":"D\u00e9bora Figueiredo","Est. tempo de leitura":"3 minutos"},"schema":{"@context":"https:\/\/schema.org","@graph":[{"@type":"NewsArticle","@id":"https:\/\/www.gaveanews.com\/index.php\/2024\/07\/19\/flamengo-x-palmeiras-estevao-vai-jogar\/#article","isPartOf":{"@id":"https:\/\/www.gaveanews.com\/index.php\/2024\/07\/19\/flamengo-x-palmeiras-estevao-vai-jogar\/"},"author":{"name":"D\u00e9bora Figueiredo","@id":"https:\/\/www.gaveanews.com\/#\/schema\/person\/37122681a8575a5c8db05a56f099a5e4"},"headline":"Flamengo x Palmeiras: Estev\u00e3o vai jogar?","datePublished":"2024-07-19T18:00:00+00:00","mainEntityOfPage":{"@id":"https:\/\/www.gaveanews.com\/index.php\/2024\/07\/19\/flamengo-x-palmeiras-estevao-vai-jogar\/"},"wordCount":453,"commentCount":0,"image":{"@id":"https:\/\/www.gaveanews.com\/index.php\/2024\/07\/19\/flamengo-x-palmeiras-estevao-vai-jogar\/#primaryimage"},"thumbnailUrl":"https:\/\/www.gaveanews.com\/wp-content\/uploads\/O-jogador-Estevao-da-SE-Palmeiras-comemora-seu-contra-a-equipe-do-Botafogo-FC-durante-partida-valida-pela-terceira-fase-da-Copa-do-Brasil-na-arena-Allianz-Parque-1024x576-1.webp","articleSection":["Flamengo","Palmeiras"],"inLanguage":"pt-BR","potentialAction":[{"@type":"CommentAction","name":"Comment","target":["https:\/\/www.gaveanews.com\/index.php\/2024\/07\/19\/flamengo-x-palmeiras-estevao-vai-jogar\/#respond"]}],"copyrightYear":"2024","copyrightHolder":{"@id":"https:\/\/www.gaveanews.com\/#organization"}},{"@type":"WebPage","@id":"https:\/\/www.gaveanews.com\/index.php\/2024\/07\/19\/flamengo-x-palmeiras-estevao-vai-jogar\/","url":"https:\/\/www.gaveanews.com\/index.php\/2024\/07\/19\/flamengo-x-palmeiras-estevao-vai-jogar\/","name":"Flamengo x Palmeiras: Estev\u00e3o vai jogar?","isPartOf":{"@id":"https:\/\/www.gaveanews.com\/#website"},"primaryImageOfPage":{"@id":"https:\/\/www.gaveanews.com\/index.php\/2024\/07\/19\/flamengo-x-palmeiras-estevao-vai-jogar\/#primaryimage"},"image":{"@id":"https:\/\/www.gaveanews.com\/index.php\/2024\/07\/19\/flamengo-x-palmeiras-estevao-vai-jogar\/#primaryimage"},"thumbnailUrl":"https:\/\/www.gaveanews.com\/wp-content\/uploads\/O-jogador-Estevao-da-SE-Palmeiras-comemora-seu-contra-a-equipe-do-Botafogo-FC-durante-partida-valida-pela-terceira-fase-da-Copa-do-Brasil-na-arena-Allianz-Parque-1024x576-1.webp","datePublished":"2024-07-19T18:00:00+00:00","author":{"@id":"https:\/\/www.gaveanews.com\/#\/schema\/person\/37122681a8575a5c8db05a56f099a5e4"},"breadcrumb":{"@id":"https:\/\/www.gaveanews.com\/index.php\/2024\/07\/19\/flamengo-x-palmeiras-estevao-vai-jogar\/#breadcrumb"},"inLanguage":"pt-BR","potentialAction":[{"@type":"ReadAction","target":["https:\/\/www.gaveanews.com\/index.php\/2024\/07\/19\/flamengo-x-palmeiras-estevao-vai-jogar\/"]}]},{"@type":"ImageObject","inLanguage":"pt-BR","@id":"https:\/\/www.gaveanews.com\/index.php\/2024\/07\/19\/flamengo-x-palmeiras-estevao-vai-jogar\/#primaryimage","url":"https:\/\/www.gaveanews.com\/wp-content\/uploads\/O-jogador-Estevao-da-SE-Palmeiras-comemora-seu-contra-a-equipe-do-Botafogo-FC-durante-partida-valida-pela-terceira-fase-da-Copa-do-Brasil-na-arena-Allianz-Parque-1024x576-1.webp","contentUrl":"https:\/\/www.gaveanews.com\/wp-content\/uploads\/O-jogador-Estevao-da-SE-Palmeiras-comemora-seu-contra-a-equipe-do-Botafogo-FC-durante-partida-valida-pela-terceira-fase-da-Copa-do-Brasil-na-arena-Allianz-Parque-1024x576-1.webp","width":1024,"height":576,"caption":"O jogador Est\u00eav\u00e3o - Foto: Cesar Greco\/Palmeiras\/by Canon"},{"@type":"BreadcrumbList","@id":"https:\/\/www.gaveanews.com\/index.php\/2024\/07\/19\/flamengo-x-palmeiras-estevao-vai-jogar\/#breadcrumb","itemListElement":[{"@type":"ListItem","position":1,"name":"Home","item":"https:\/\/www.gaveanews.com\/"},{"@type":"ListItem","position":2,"name":"Flamengo x Palmeiras: Estev\u00e3o vai jogar?"}]},{"@type":"WebSite","@id":"https:\/\/www.gaveanews.com\/#website","url":"https:\/\/www.gaveanews.com\/","name":"G\u00e1vea News","description":"Veja todas as not\u00edcias sobre o Flamengo: Contrata\u00e7\u00f5es, categorias de base, resultados das partidas, tabela de classifica\u00e7\u00e3o, pr\u00f3ximos jogos!","potentialAction":[{"@type":"SearchAction","target":{"@type":"EntryPoint","urlTemplate":"https:\/\/www.gaveanews.com\/?s={search_term_string}"},"query-input":{"@type":"PropertyValueSpecification","valueRequired":true,"valueName":"search_term_string"}}],"inLanguage":"pt-BR"},{"@type":"Person","@id":"https:\/\/www.gaveanews.com\/#\/schema\/person\/37122681a8575a5c8db05a56f099a5e4","name":"D\u00e9bora Figueiredo","image":{"@type":"ImageObject","inLanguage":"pt-BR","@id":"https:\/\/www.gaveanews.com\/#\/schema\/person\/image\/","url":"https:\/\/secure.gravatar.com\/avatar\/1f44802859351588499d26f52aed1d15796ce17e67602895b72837c08018868d?s=96&d=mm&r=g","contentUrl":"https:\/\/secure.gravatar.com\/avatar\/1f44802859351588499d26f52aed1d15796ce17e67602895b72837c08018868d?s=96&d=mm&r=g","caption":"D\u00e9bora Figueiredo"}}]}},"_links":{"self":[{"href":"https:\/\/www.gaveanews.com\/index.php\/wp-json\/wp\/v2\/posts\/153229","targetHints":{"allow":["GET"]}}],"collection":[{"href":"https:\/\/www.gaveanews.com\/index.php\/wp-json\/wp\/v2\/posts"}],"about":[{"href":"https:\/\/www.gaveanews.com\/index.php\/wp-json\/wp\/v2\/types\/post"}],"author":[{"embeddable":true,"href":"https:\/\/www.gaveanews.com\/index.php\/wp-json\/wp\/v2\/users\/16"}],"replies":[{"embeddable":true,"href":"https:\/\/www.gaveanews.com\/index.php\/wp-json\/wp\/v2\/comments?post=153229"}],"version-history":[{"count":1,"href":"https:\/\/www.gaveanews.com\/index.php\/wp-json\/wp\/v2\/posts\/153229\/revisions"}],"predecessor-version":[{"id":153232,"href":"https:\/\/www.gaveanews.com\/index.php\/wp-json\/wp\/v2\/posts\/153229\/revisions\/153232"}],"wp:featuredmedia":[{"embeddable":true,"href":"https:\/\/www.gaveanews.com\/index.php\/wp-json\/wp\/v2\/media\/141974"}],"wp:attachment":[{"href":"https:\/\/www.gaveanews.com\/index.php\/wp-json\/wp\/v2\/media?parent=153229"}],"wp:term":[{"taxonomy":"category","embeddable":true,"href":"https:\/\/www.gaveanews.com\/index.php\/wp-json\/wp\/v2\/categories?post=153229"},{"taxonomy":"post_tag","embeddable":true,"href":"https:\/\/www.gaveanews.com\/index.php\/wp-json\/wp\/v2\/tags?post=153229"}],"curies":[{"name":"wp","href":"https:\/\/api.w.org\/{rel}","templated":true}]}}