{"id":153241,"date":"2024-07-19T16:00:00","date_gmt":"2024-07-19T19:00:00","guid":{"rendered":"https:\/\/www.gaveanews.com\/?p=153241"},"modified":"2024-07-19T16:35:24","modified_gmt":"2024-07-19T19:35:24","slug":"atitude-da-diretoria-do-flamengo-com-gabigol-deixa-a-torcida-revoltada","status":"publish","type":"post","link":"https:\/\/www.gaveanews.com\/index.php\/2024\/07\/19\/atitude-da-diretoria-do-flamengo-com-gabigol-deixa-a-torcida-revoltada\/","title":{"rendered":"Atitude da diretoria do Flamengo com Gabigol deixa a torcida revoltada"},"content":{"rendered":"\n<h2 class=\"wp-block-heading\" id=\"h-flamengo-nao-colocou-gabigol-em-arte-publicada\">Flamengo n\u00e3o colocou Gabigol em arte publicada <\/h2>\n\n\n\n<p>19 de julho \u00e9 o &#8220;Dia do Futebol&#8221;. As p\u00e1ginas oficiais do Flamengo publicaram uma arte celebrando a data. Por outro lado, nas fotografias, o clube incluiu v\u00e1rios jogadores do time masculino e feminino de base, mas n\u00e3o incluiu Gabigol. Os torcedores criticaram fortemente a aus\u00eancia da camisa 99 nos coment\u00e1rios.<\/p>\n\n\n\n<ul class=\"wp-block-list\">\n<li><a href=\"https:\/\/www.gaveanews.com\/index.php\/2024\/07\/19\/situacao-de-gabigol-sofre-atualizacao-importante\/\">Situa\u00e7\u00e3o de Gabigol sofre atualiza\u00e7\u00e3o importante<\/a><\/li>\n\n\n\n<li><a href=\"https:\/\/www.gaveanews.com\/index.php\/2024\/07\/18\/autoridade-maxima-emite-nota-e-revela-se-gabigol-pode-jogar-pelo-flamengo\/\">Autoridade m\u00e1xima emite nota e revela se Gabigol pode jogar&nbsp;pelo&nbsp;Flamengo<br><\/a><\/li>\n<\/ul>\n\n\n\n<h2 class=\"wp-block-heading\" id=\"h-confira-o-post-do-nbsp-flamengo-nbsp-e-os-comentarios\">CONFIRA O POST DO&nbsp;FLAMENGO&nbsp;E OS COMENT\u00c1RIOS<\/h2>\n\n\n\n<blockquote class=\"twitter-tweet\"><p lang=\"pt\" dir=\"ltr\">Hoje \u00e9 dia do futebol! \u26bd\ufe0f \u2764\ufe0f\ud83d\udda4<br><br>Qual \u00e9 a sua vit\u00f3ria inesquec\u00edvel do MENG\u00c3O? <a href=\"https:\/\/twitter.com\/hashtag\/CRF?src=hash&amp;ref_src=twsrc%5Etfw\">#CRF<\/a> <a href=\"https:\/\/t.co\/4X29x86mLd\">pic.twitter.com\/4X29x86mLd<\/a><\/p>&mdash; Flamengo (@Flamengo) <a href=\"https:\/\/twitter.com\/Flamengo\/status\/1814285312320803305?ref_src=twsrc%5Etfw\">July 19, 2024<\/a><\/blockquote> <script async src=\"https:\/\/platform.twitter.com\/widgets.js\" charset=\"utf-8\"><\/script>\n\n\n\n<blockquote class=\"twitter-tweet\" data-conversation=\"none\"><p lang=\"pt\" dir=\"ltr\">O cara que deu duas libertadores n\u00e3o participa da brincadeira?<\/p>&mdash; m\u03b1ndy\u2728\uea00 (@CRFMandy) <a href=\"https:\/\/twitter.com\/CRFMandy\/status\/1814287972205842744?ref_src=twsrc%5Etfw\">July 19, 2024<\/a><\/blockquote> <script async src=\"https:\/\/platform.twitter.com\/widgets.js\" charset=\"utf-8\"><\/script>\n\n\n\n<blockquote class=\"twitter-tweet\" data-conversation=\"none\"><p lang=\"pt\" dir=\"ltr\">claro que n\u00e3o existe nenhum movimento contra o gabriel, foi s\u00f3 um esquecimento mesmo n\u00e9? <a href=\"https:\/\/twitter.com\/hashtag\/ironia?src=hash&amp;ref_src=twsrc%5Etfw\">#ironia<\/a><\/p>&mdash; F\u00e1bio Justino (@fabiojusttino) <a href=\"https:\/\/twitter.com\/fabiojusttino\/status\/1814294631196099031?ref_src=twsrc%5Etfw\">July 19, 2024<\/a><\/blockquote> <script async src=\"https:\/\/platform.twitter.com\/widgets.js\" charset=\"utf-8\"><\/script>\n\n\n\n<blockquote class=\"twitter-tweet\" data-conversation=\"none\"><p lang=\"pt\" dir=\"ltr\">Que descaso com o Gabigol pqp<\/p>&mdash; F99 PH (@PHZERAW) <a href=\"https:\/\/twitter.com\/PHZERAW\/status\/1814300252926595267?ref_src=twsrc%5Etfw\">July 19, 2024<\/a><\/blockquote> <script async src=\"https:\/\/platform.twitter.com\/widgets.js\" charset=\"utf-8\"><\/script>\n\n\n\n<p><em>\u2014 Claro que n\u00e3o existe nenhum movimento contra o Gabriel, foi s\u00f3 um esquecimento mesmo, n\u00e9? #ironia\u201d, escreveu um torcedor<\/em>. \u201c<em>O cara que deu duas Libertadores n\u00e3o participa da brincadeira?<\/em>\u201d, destacou outra rubro-negra. \u201c<em>Isso \u00e9 um absurdo! Deixaram um \u00eddolo fora, um cara campe\u00e3o pelo\u00a0Flamengo. N\u00e3o v\u00e3o apagar a hist\u00f3ria dele! Nunca!<\/em>\u201d, <em>ressaltou mais um.<\/em><\/p>\n\n\n\n<p>Pedro, Gerson, Bruno Henrique e Cristiane s\u00e3o destacados na foto. Outros atletas, incluindo atletas reservas como L\u00e9o Ortiz e Luiz Ara\u00fajo, al\u00e9m de garotos da base como Lorran e Shola, bem como grande parte do elenco feminino, aparecem em segundo plano. Os torcedores n\u00e3o passaram despercebido a aus\u00eancia de Gabigol, apesar de sua habilidade com outros jogadores.<\/p>\n\n\n\n<p>Gabigol est\u00e1 jogando pelo Flamengo nos \u00faltimos meses devido ao seu contrato que termina em 31 de dezembro. O time at\u00e9 ofereceu uma renova\u00e7\u00e3o de contrato com um aumento salarial de 50%, mas o jogador recusou porque queria mais tr\u00eas temporadas. Portanto, o n\u00famero 99 n\u00e3o tem certeza de seu futuro e est\u00e1 em negocia\u00e7\u00f5es com o Palmeiras para 2025.<\/p>\n\n\n\n<p>Al\u00e9m disso, a apari\u00e7\u00e3o de Gabigol em um churrasco vestindo a camisa do Corinthians provocou a ira de parte da torcida. O atleta ainda est\u00e1 aguardando a conclus\u00e3o do julgamento da Corte Arbitral do Esporte (CAS) depois de receber uma puni\u00e7\u00e3o de dois anos por violar os regulamentos antidoping.<\/p>\n\n\n\n<p>Gabigol, que atualmente est\u00e1 na reserva do time de Tite, \u00e9 uma das escolhas para o jogo deste s\u00e1bado (20) contra o Crici\u00fama, pela 18a rodada do Brasileir\u00e3o. O time rubro-negro comanda a partida no Est\u00e1dio Man\u00e9 Garrincha a partir das 16h (hor\u00e1rio de Bras\u00edlia).<\/p>\n","protected":false},"excerpt":{"rendered":"<p>Flamengo n\u00e3o colocou Gabigol em arte publicada 19 de julho \u00e9 o &#8220;Dia do Futebol&#8221;. As p\u00e1ginas oficiais do Flamengo publicaram uma arte celebrando a data. Por outro lado, nas fotografias, o clube incluiu v\u00e1rios jogadores do time masculino e feminino de base, mas n\u00e3o incluiu Gabigol. Os torcedores criticaram fortemente a aus\u00eancia da camisa [&hellip;]<\/p>\n","protected":false},"author":16,"featured_media":142381,"comment_status":"open","ping_status":"closed","sticky":false,"template":"","format":"standard","meta":{"footnotes":""},"categories":[1],"tags":[],"class_list":["post-153241","post","type-post","status-publish","format-standard","has-post-thumbnail","hentry","category-flamengo"],"yoast_head":"<!-- This site is optimized with the Yoast SEO Premium plugin v24.2 (Yoast SEO v26.9) - https:\/\/yoast.com\/product\/yoast-seo-premium-wordpress\/ -->\n<title>Atitude da diretoria do Flamengo com Gabigol deixa a torcida revoltada<\/title>\n<meta name=\"robots\" content=\"index, follow, max-snippet:-1, max-image-preview:large, max-video-preview:-1\" \/>\n<link rel=\"canonical\" href=\"https:\/\/www.gaveanews.com\/index.php\/2024\/07\/19\/atitude-da-diretoria-do-flamengo-com-gabigol-deixa-a-torcida-revoltada\/\" \/>\n<meta property=\"og:locale\" content=\"pt_BR\" \/>\n<meta property=\"og:type\" content=\"article\" \/>\n<meta property=\"og:title\" content=\"Atitude da diretoria do Flamengo com Gabigol deixa a torcida revoltada\" \/>\n<meta property=\"og:description\" content=\"Flamengo n\u00e3o colocou Gabigol em arte publicada 19 de julho \u00e9 o &#8220;Dia do Futebol&#8221;. As p\u00e1ginas oficiais do Flamengo publicaram uma arte celebrando a data. Por outro lado, nas fotografias, o clube incluiu v\u00e1rios jogadores do time masculino e feminino de base, mas n\u00e3o incluiu Gabigol. Os torcedores criticaram fortemente a aus\u00eancia da camisa [&hellip;]\" \/>\n<meta property=\"og:url\" content=\"https:\/\/www.gaveanews.com\/index.php\/2024\/07\/19\/atitude-da-diretoria-do-flamengo-com-gabigol-deixa-a-torcida-revoltada\/\" \/>\n<meta property=\"og:site_name\" content=\"G\u00e1vea News\" \/>\n<meta property=\"article:publisher\" content=\"https:\/\/facebook.com\/gaveaNews\/\" \/>\n<meta property=\"article:published_time\" content=\"2024-07-19T19:00:00+00:00\" \/>\n<meta property=\"article:modified_time\" content=\"2024-07-19T19:35:24+00:00\" \/>\n<meta property=\"og:image\" content=\"https:\/\/www.gaveanews.com\/wp-content\/uploads\/gabigol-treino-flamengo.webp\" \/>\n\t<meta property=\"og:image:width\" content=\"640\" \/>\n\t<meta property=\"og:image:height\" content=\"400\" \/>\n\t<meta property=\"og:image:type\" content=\"image\/jpeg\" \/>\n<meta name=\"author\" content=\"D\u00e9bora Figueiredo\" \/>\n<meta name=\"twitter:card\" content=\"summary_large_image\" \/>\n<meta name=\"twitter:label1\" content=\"Escrito por\" \/>\n\t<meta name=\"twitter:data1\" content=\"D\u00e9bora Figueiredo\" \/>\n\t<meta name=\"twitter:label2\" content=\"Est. tempo de leitura\" \/>\n\t<meta name=\"twitter:data2\" content=\"3 minutos\" \/>\n<script type=\"application\/ld+json\" class=\"yoast-schema-graph\">{\"@context\":\"https:\/\/schema.org\",\"@graph\":[{\"@type\":\"NewsArticle\",\"@id\":\"https:\/\/www.gaveanews.com\/index.php\/2024\/07\/19\/atitude-da-diretoria-do-flamengo-com-gabigol-deixa-a-torcida-revoltada\/#article\",\"isPartOf\":{\"@id\":\"https:\/\/www.gaveanews.com\/index.php\/2024\/07\/19\/atitude-da-diretoria-do-flamengo-com-gabigol-deixa-a-torcida-revoltada\/\"},\"author\":{\"name\":\"D\u00e9bora Figueiredo\",\"@id\":\"https:\/\/www.gaveanews.com\/#\/schema\/person\/37122681a8575a5c8db05a56f099a5e4\"},\"headline\":\"Atitude da diretoria do Flamengo com Gabigol deixa a torcida revoltada\",\"datePublished\":\"2024-07-19T19:00:00+00:00\",\"dateModified\":\"2024-07-19T19:35:24+00:00\",\"mainEntityOfPage\":{\"@id\":\"https:\/\/www.gaveanews.com\/index.php\/2024\/07\/19\/atitude-da-diretoria-do-flamengo-com-gabigol-deixa-a-torcida-revoltada\/\"},\"wordCount\":467,\"commentCount\":0,\"image\":{\"@id\":\"https:\/\/www.gaveanews.com\/index.php\/2024\/07\/19\/atitude-da-diretoria-do-flamengo-com-gabigol-deixa-a-torcida-revoltada\/#primaryimage\"},\"thumbnailUrl\":\"https:\/\/www.gaveanews.com\/wp-content\/uploads\/gabigol-treino-flamengo.webp\",\"articleSection\":[\"Flamengo\"],\"inLanguage\":\"pt-BR\",\"potentialAction\":[{\"@type\":\"CommentAction\",\"name\":\"Comment\",\"target\":[\"https:\/\/www.gaveanews.com\/index.php\/2024\/07\/19\/atitude-da-diretoria-do-flamengo-com-gabigol-deixa-a-torcida-revoltada\/#respond\"]}],\"copyrightYear\":\"2024\",\"copyrightHolder\":{\"@id\":\"https:\/\/www.gaveanews.com\/#organization\"}},{\"@type\":\"WebPage\",\"@id\":\"https:\/\/www.gaveanews.com\/index.php\/2024\/07\/19\/atitude-da-diretoria-do-flamengo-com-gabigol-deixa-a-torcida-revoltada\/\",\"url\":\"https:\/\/www.gaveanews.com\/index.php\/2024\/07\/19\/atitude-da-diretoria-do-flamengo-com-gabigol-deixa-a-torcida-revoltada\/\",\"name\":\"Atitude da diretoria do Flamengo com Gabigol deixa a torcida revoltada\",\"isPartOf\":{\"@id\":\"https:\/\/www.gaveanews.com\/#website\"},\"primaryImageOfPage\":{\"@id\":\"https:\/\/www.gaveanews.com\/index.php\/2024\/07\/19\/atitude-da-diretoria-do-flamengo-com-gabigol-deixa-a-torcida-revoltada\/#primaryimage\"},\"image\":{\"@id\":\"https:\/\/www.gaveanews.com\/index.php\/2024\/07\/19\/atitude-da-diretoria-do-flamengo-com-gabigol-deixa-a-torcida-revoltada\/#primaryimage\"},\"thumbnailUrl\":\"https:\/\/www.gaveanews.com\/wp-content\/uploads\/gabigol-treino-flamengo.webp\",\"datePublished\":\"2024-07-19T19:00:00+00:00\",\"dateModified\":\"2024-07-19T19:35:24+00:00\",\"author\":{\"@id\":\"https:\/\/www.gaveanews.com\/#\/schema\/person\/37122681a8575a5c8db05a56f099a5e4\"},\"breadcrumb\":{\"@id\":\"https:\/\/www.gaveanews.com\/index.php\/2024\/07\/19\/atitude-da-diretoria-do-flamengo-com-gabigol-deixa-a-torcida-revoltada\/#breadcrumb\"},\"inLanguage\":\"pt-BR\",\"potentialAction\":[{\"@type\":\"ReadAction\",\"target\":[\"https:\/\/www.gaveanews.com\/index.php\/2024\/07\/19\/atitude-da-diretoria-do-flamengo-com-gabigol-deixa-a-torcida-revoltada\/\"]}]},{\"@type\":\"ImageObject\",\"inLanguage\":\"pt-BR\",\"@id\":\"https:\/\/www.gaveanews.com\/index.php\/2024\/07\/19\/atitude-da-diretoria-do-flamengo-com-gabigol-deixa-a-torcida-revoltada\/#primaryimage\",\"url\":\"https:\/\/www.gaveanews.com\/wp-content\/uploads\/gabigol-treino-flamengo.webp\",\"contentUrl\":\"https:\/\/www.gaveanews.com\/wp-content\/uploads\/gabigol-treino-flamengo.webp\",\"width\":640,\"height\":400,\"caption\":\"Gabigol participa de treino do Flamengo (Foto: Divulga\u00e7\u00e3o\/Flamengo)\"},{\"@type\":\"BreadcrumbList\",\"@id\":\"https:\/\/www.gaveanews.com\/index.php\/2024\/07\/19\/atitude-da-diretoria-do-flamengo-com-gabigol-deixa-a-torcida-revoltada\/#breadcrumb\",\"itemListElement\":[{\"@type\":\"ListItem\",\"position\":1,\"name\":\"Home\",\"item\":\"https:\/\/www.gaveanews.com\/\"},{\"@type\":\"ListItem\",\"position\":2,\"name\":\"Atitude da diretoria do Flamengo com Gabigol deixa a torcida revoltada\"}]},{\"@type\":\"WebSite\",\"@id\":\"https:\/\/www.gaveanews.com\/#website\",\"url\":\"https:\/\/www.gaveanews.com\/\",\"name\":\"G\u00e1vea News\",\"description\":\"Veja todas as not\u00edcias sobre o Flamengo: Contrata\u00e7\u00f5es, categorias de base, resultados das partidas, tabela de classifica\u00e7\u00e3o, pr\u00f3ximos jogos!\",\"potentialAction\":[{\"@type\":\"SearchAction\",\"target\":{\"@type\":\"EntryPoint\",\"urlTemplate\":\"https:\/\/www.gaveanews.com\/?s={search_term_string}\"},\"query-input\":{\"@type\":\"PropertyValueSpecification\",\"valueRequired\":true,\"valueName\":\"search_term_string\"}}],\"inLanguage\":\"pt-BR\"},{\"@type\":\"Person\",\"@id\":\"https:\/\/www.gaveanews.com\/#\/schema\/person\/37122681a8575a5c8db05a56f099a5e4\",\"name\":\"D\u00e9bora Figueiredo\",\"image\":{\"@type\":\"ImageObject\",\"inLanguage\":\"pt-BR\",\"@id\":\"https:\/\/www.gaveanews.com\/#\/schema\/person\/image\/\",\"url\":\"https:\/\/secure.gravatar.com\/avatar\/1f44802859351588499d26f52aed1d15796ce17e67602895b72837c08018868d?s=96&d=mm&r=g\",\"contentUrl\":\"https:\/\/secure.gravatar.com\/avatar\/1f44802859351588499d26f52aed1d15796ce17e67602895b72837c08018868d?s=96&d=mm&r=g\",\"caption\":\"D\u00e9bora Figueiredo\"}}]}<\/script>\n<!-- \/ Yoast SEO Premium plugin. -->","yoast_head_json":{"title":"Atitude da diretoria do Flamengo com Gabigol deixa a torcida revoltada","robots":{"index":"index","follow":"follow","max-snippet":"max-snippet:-1","max-image-preview":"max-image-preview:large","max-video-preview":"max-video-preview:-1"},"canonical":"https:\/\/www.gaveanews.com\/index.php\/2024\/07\/19\/atitude-da-diretoria-do-flamengo-com-gabigol-deixa-a-torcida-revoltada\/","og_locale":"pt_BR","og_type":"article","og_title":"Atitude da diretoria do Flamengo com Gabigol deixa a torcida revoltada","og_description":"Flamengo n\u00e3o colocou Gabigol em arte publicada 19 de julho \u00e9 o &#8220;Dia do Futebol&#8221;. As p\u00e1ginas oficiais do Flamengo publicaram uma arte celebrando a data. Por outro lado, nas fotografias, o clube incluiu v\u00e1rios jogadores do time masculino e feminino de base, mas n\u00e3o incluiu Gabigol. Os torcedores criticaram fortemente a aus\u00eancia da camisa [&hellip;]","og_url":"https:\/\/www.gaveanews.com\/index.php\/2024\/07\/19\/atitude-da-diretoria-do-flamengo-com-gabigol-deixa-a-torcida-revoltada\/","og_site_name":"G\u00e1vea News","article_publisher":"https:\/\/facebook.com\/gaveaNews\/","article_published_time":"2024-07-19T19:00:00+00:00","article_modified_time":"2024-07-19T19:35:24+00:00","og_image":[{"width":640,"height":400,"url":"https:\/\/www.gaveanews.com\/wp-content\/uploads\/gabigol-treino-flamengo.webp","type":"image\/jpeg"}],"author":"D\u00e9bora Figueiredo","twitter_card":"summary_large_image","twitter_misc":{"Escrito por":"D\u00e9bora Figueiredo","Est. tempo de leitura":"3 minutos"},"schema":{"@context":"https:\/\/schema.org","@graph":[{"@type":"NewsArticle","@id":"https:\/\/www.gaveanews.com\/index.php\/2024\/07\/19\/atitude-da-diretoria-do-flamengo-com-gabigol-deixa-a-torcida-revoltada\/#article","isPartOf":{"@id":"https:\/\/www.gaveanews.com\/index.php\/2024\/07\/19\/atitude-da-diretoria-do-flamengo-com-gabigol-deixa-a-torcida-revoltada\/"},"author":{"name":"D\u00e9bora Figueiredo","@id":"https:\/\/www.gaveanews.com\/#\/schema\/person\/37122681a8575a5c8db05a56f099a5e4"},"headline":"Atitude da diretoria do Flamengo com Gabigol deixa a torcida revoltada","datePublished":"2024-07-19T19:00:00+00:00","dateModified":"2024-07-19T19:35:24+00:00","mainEntityOfPage":{"@id":"https:\/\/www.gaveanews.com\/index.php\/2024\/07\/19\/atitude-da-diretoria-do-flamengo-com-gabigol-deixa-a-torcida-revoltada\/"},"wordCount":467,"commentCount":0,"image":{"@id":"https:\/\/www.gaveanews.com\/index.php\/2024\/07\/19\/atitude-da-diretoria-do-flamengo-com-gabigol-deixa-a-torcida-revoltada\/#primaryimage"},"thumbnailUrl":"https:\/\/www.gaveanews.com\/wp-content\/uploads\/gabigol-treino-flamengo.webp","articleSection":["Flamengo"],"inLanguage":"pt-BR","potentialAction":[{"@type":"CommentAction","name":"Comment","target":["https:\/\/www.gaveanews.com\/index.php\/2024\/07\/19\/atitude-da-diretoria-do-flamengo-com-gabigol-deixa-a-torcida-revoltada\/#respond"]}],"copyrightYear":"2024","copyrightHolder":{"@id":"https:\/\/www.gaveanews.com\/#organization"}},{"@type":"WebPage","@id":"https:\/\/www.gaveanews.com\/index.php\/2024\/07\/19\/atitude-da-diretoria-do-flamengo-com-gabigol-deixa-a-torcida-revoltada\/","url":"https:\/\/www.gaveanews.com\/index.php\/2024\/07\/19\/atitude-da-diretoria-do-flamengo-com-gabigol-deixa-a-torcida-revoltada\/","name":"Atitude da diretoria do Flamengo com Gabigol deixa a torcida revoltada","isPartOf":{"@id":"https:\/\/www.gaveanews.com\/#website"},"primaryImageOfPage":{"@id":"https:\/\/www.gaveanews.com\/index.php\/2024\/07\/19\/atitude-da-diretoria-do-flamengo-com-gabigol-deixa-a-torcida-revoltada\/#primaryimage"},"image":{"@id":"https:\/\/www.gaveanews.com\/index.php\/2024\/07\/19\/atitude-da-diretoria-do-flamengo-com-gabigol-deixa-a-torcida-revoltada\/#primaryimage"},"thumbnailUrl":"https:\/\/www.gaveanews.com\/wp-content\/uploads\/gabigol-treino-flamengo.webp","datePublished":"2024-07-19T19:00:00+00:00","dateModified":"2024-07-19T19:35:24+00:00","author":{"@id":"https:\/\/www.gaveanews.com\/#\/schema\/person\/37122681a8575a5c8db05a56f099a5e4"},"breadcrumb":{"@id":"https:\/\/www.gaveanews.com\/index.php\/2024\/07\/19\/atitude-da-diretoria-do-flamengo-com-gabigol-deixa-a-torcida-revoltada\/#breadcrumb"},"inLanguage":"pt-BR","potentialAction":[{"@type":"ReadAction","target":["https:\/\/www.gaveanews.com\/index.php\/2024\/07\/19\/atitude-da-diretoria-do-flamengo-com-gabigol-deixa-a-torcida-revoltada\/"]}]},{"@type":"ImageObject","inLanguage":"pt-BR","@id":"https:\/\/www.gaveanews.com\/index.php\/2024\/07\/19\/atitude-da-diretoria-do-flamengo-com-gabigol-deixa-a-torcida-revoltada\/#primaryimage","url":"https:\/\/www.gaveanews.com\/wp-content\/uploads\/gabigol-treino-flamengo.webp","contentUrl":"https:\/\/www.gaveanews.com\/wp-content\/uploads\/gabigol-treino-flamengo.webp","width":640,"height":400,"caption":"Gabigol participa de treino do Flamengo (Foto: Divulga\u00e7\u00e3o\/Flamengo)"},{"@type":"BreadcrumbList","@id":"https:\/\/www.gaveanews.com\/index.php\/2024\/07\/19\/atitude-da-diretoria-do-flamengo-com-gabigol-deixa-a-torcida-revoltada\/#breadcrumb","itemListElement":[{"@type":"ListItem","position":1,"name":"Home","item":"https:\/\/www.gaveanews.com\/"},{"@type":"ListItem","position":2,"name":"Atitude da diretoria do Flamengo com Gabigol deixa a torcida revoltada"}]},{"@type":"WebSite","@id":"https:\/\/www.gaveanews.com\/#website","url":"https:\/\/www.gaveanews.com\/","name":"G\u00e1vea News","description":"Veja todas as not\u00edcias sobre o Flamengo: Contrata\u00e7\u00f5es, categorias de base, resultados das partidas, tabela de classifica\u00e7\u00e3o, pr\u00f3ximos jogos!","potentialAction":[{"@type":"SearchAction","target":{"@type":"EntryPoint","urlTemplate":"https:\/\/www.gaveanews.com\/?s={search_term_string}"},"query-input":{"@type":"PropertyValueSpecification","valueRequired":true,"valueName":"search_term_string"}}],"inLanguage":"pt-BR"},{"@type":"Person","@id":"https:\/\/www.gaveanews.com\/#\/schema\/person\/37122681a8575a5c8db05a56f099a5e4","name":"D\u00e9bora Figueiredo","image":{"@type":"ImageObject","inLanguage":"pt-BR","@id":"https:\/\/www.gaveanews.com\/#\/schema\/person\/image\/","url":"https:\/\/secure.gravatar.com\/avatar\/1f44802859351588499d26f52aed1d15796ce17e67602895b72837c08018868d?s=96&d=mm&r=g","contentUrl":"https:\/\/secure.gravatar.com\/avatar\/1f44802859351588499d26f52aed1d15796ce17e67602895b72837c08018868d?s=96&d=mm&r=g","caption":"D\u00e9bora Figueiredo"}}]}},"_links":{"self":[{"href":"https:\/\/www.gaveanews.com\/index.php\/wp-json\/wp\/v2\/posts\/153241","targetHints":{"allow":["GET"]}}],"collection":[{"href":"https:\/\/www.gaveanews.com\/index.php\/wp-json\/wp\/v2\/posts"}],"about":[{"href":"https:\/\/www.gaveanews.com\/index.php\/wp-json\/wp\/v2\/types\/post"}],"author":[{"embeddable":true,"href":"https:\/\/www.gaveanews.com\/index.php\/wp-json\/wp\/v2\/users\/16"}],"replies":[{"embeddable":true,"href":"https:\/\/www.gaveanews.com\/index.php\/wp-json\/wp\/v2\/comments?post=153241"}],"version-history":[{"count":2,"href":"https:\/\/www.gaveanews.com\/index.php\/wp-json\/wp\/v2\/posts\/153241\/revisions"}],"predecessor-version":[{"id":153253,"href":"https:\/\/www.gaveanews.com\/index.php\/wp-json\/wp\/v2\/posts\/153241\/revisions\/153253"}],"wp:featuredmedia":[{"embeddable":true,"href":"https:\/\/www.gaveanews.com\/index.php\/wp-json\/wp\/v2\/media\/142381"}],"wp:attachment":[{"href":"https:\/\/www.gaveanews.com\/index.php\/wp-json\/wp\/v2\/media?parent=153241"}],"wp:term":[{"taxonomy":"category","embeddable":true,"href":"https:\/\/www.gaveanews.com\/index.php\/wp-json\/wp\/v2\/categories?post=153241"},{"taxonomy":"post_tag","embeddable":true,"href":"https:\/\/www.gaveanews.com\/index.php\/wp-json\/wp\/v2\/tags?post=153241"}],"curies":[{"name":"wp","href":"https:\/\/api.w.org\/{rel}","templated":true}]}}