{"id":153243,"date":"2024-07-19T18:21:08","date_gmt":"2024-07-19T21:21:08","guid":{"rendered":"https:\/\/www.gaveanews.com\/?p=153243"},"modified":"2024-07-19T18:21:10","modified_gmt":"2024-07-19T21:21:10","slug":"veja-a-data-da-apresentacao-de-endrick-no-real-madrid","status":"publish","type":"post","link":"https:\/\/www.gaveanews.com\/index.php\/2024\/07\/19\/veja-a-data-da-apresentacao-de-endrick-no-real-madrid\/","title":{"rendered":"Veja a data da apresenta\u00e7\u00e3o de Endrick no Real Madrid"},"content":{"rendered":"\n<p>Endrick est\u00e1 com data e hora para sua apresenta\u00e7\u00e3o no Real Madrid ser oficialmente concretizada. O craque, que saiu do Palmeiras como uma das principais promessas do futebol brasileiro ser\u00e1 apresentado na eqipe do Real Madrid no dia 27 de julho, um s\u00e1bado, \u00e0s 7 horas dentro do hor\u00e1rio de Bras\u00edlia. Assim como outros craques, a apresenta\u00e7\u00e3o ser\u00e1 feita no Santiago Bernabeu do Real Madrid. <\/p>\n\n\n\n<p>Segundo o comunicado do clube, Endrick, que oficialmente ter\u00e1 18 anos para ser apresentado, vai se encontrar com Florentino P\u00e9rez no CT do Real Madrid para assinar oficialmente o contrato at\u00e9 junho de 2027. A apresenta\u00e7\u00e3o ser\u00e1 bastante semelhante com o que foi a de Mbapp\u00e9 h\u00e1 uma semana, a \u00fanica d\u00favida \u00e9 se o Real Madrid vai liberar o p\u00fablico para assistir.<\/p>\n\n\n\n<ul class=\"wp-block-list\">\n<li><a href=\"https:\/\/www.gaveanews.com\/index.php\/2024\/07\/18\/a-declaracao-de-kylian-mbappe-sobre-onde-vai-jogar-no-real-madrid\/\">A declara\u00e7\u00e3o de Kylian Mbapp\u00e9 sobre onde vai jogar no Real Madrid<\/a><\/li>\n\n\n\n<li><a href=\"https:\/\/www.gaveanews.com\/index.php\/2024\/07\/17\/253-milhoes-manchester-united-da-chapeu-no-real-madrid\/\">253 milh\u00f5es: Manchester United d\u00e1 chap\u00e9u no Real Madrid<\/a><\/li>\n<\/ul>\n\n\n\n<p>Endrick n\u00e3o tem n\u00famero definido mas tudo leva a crer que ele passar\u00e1 a usar a camisa de nn\u00famero 16, que foi a mesma que ele usou no in\u00edcio de carreira no Palmeiras. Ele ainda n\u00e3o treina com a equipe do Real Madrid j\u00e1 que n\u00e3o completou 18 anos, mas, est\u00e1 organizando a vida na Espanha, casa, carro  e etc. <\/p>\n\n\n\n<p>Endrick n\u00e3o deve tirar f\u00e9rias e vai se reunir com o Real Madrid logo que eles se apresentarem para as competi\u00e7\u00f5es amistosas que far\u00e1 como pr\u00e9 temporada.<\/p>\n\n\n\n<h2 class=\"wp-block-heading\" id=\"h-qual-a-proxima-partida-do-real-madrid\">Qual a pr\u00f3xima partida do Real Madrid?<\/h2>\n\n\n\n<p>O Real Madrid vai entrar oficialmente em campo nessa temporada para enfrentar o Atalanta pela Supercopa da UEFA onde define o primeiro time da temporada e a abertura oficial das competi\u00e7\u00f5es da Federa\u00e7\u00e3o Europeia de Futebol.<\/p>\n\n\n\n<p>O Real Madrid com Mbapp\u00e9, Endrick e companhia chega como o favorito j\u00e1 que conquistou a Champions League. J\u00e1 o Atalanta venceu o Bayer Leverkusen que perdeu apenas uma partida na temporada, na final, mostrando ser uma das melhores equipes da Europa.<\/p>\n","protected":false},"excerpt":{"rendered":"<p>Endrick est\u00e1 com data e hora para sua apresenta\u00e7\u00e3o no Real Madrid ser oficialmente concretizada. O craque, que saiu do Palmeiras como uma das principais promessas do futebol brasileiro ser\u00e1 apresentado na eqipe do Real Madrid no dia 27 de julho, um s\u00e1bado, \u00e0s 7 horas dentro do hor\u00e1rio de Bras\u00edlia. Assim como outros craques, [&hellip;]<\/p>\n","protected":false},"author":19,"featured_media":148892,"comment_status":"open","ping_status":"closed","sticky":false,"template":"","format":"standard","meta":{"footnotes":""},"categories":[150,88],"tags":[],"class_list":["post-153243","post","type-post","status-publish","format-standard","has-post-thumbnail","hentry","category-palmeiras","category-real-madrid"],"yoast_head":"<!-- This site is optimized with the Yoast SEO Premium plugin v24.2 (Yoast SEO v26.9) - https:\/\/yoast.com\/product\/yoast-seo-premium-wordpress\/ -->\n<title>Veja a data da apresenta\u00e7\u00e3o de Endrick no Real Madrid<\/title>\n<meta name=\"robots\" content=\"index, follow, max-snippet:-1, max-image-preview:large, max-video-preview:-1\" \/>\n<link rel=\"canonical\" href=\"https:\/\/www.gaveanews.com\/index.php\/2024\/07\/19\/veja-a-data-da-apresentacao-de-endrick-no-real-madrid\/\" \/>\n<meta property=\"og:locale\" content=\"pt_BR\" \/>\n<meta property=\"og:type\" content=\"article\" \/>\n<meta property=\"og:title\" content=\"Veja a data da apresenta\u00e7\u00e3o de Endrick no Real Madrid\" \/>\n<meta property=\"og:description\" content=\"Endrick est\u00e1 com data e hora para sua apresenta\u00e7\u00e3o no Real Madrid ser oficialmente concretizada. O craque, que saiu do Palmeiras como uma das principais promessas do futebol brasileiro ser\u00e1 apresentado na eqipe do Real Madrid no dia 27 de julho, um s\u00e1bado, \u00e0s 7 horas dentro do hor\u00e1rio de Bras\u00edlia. Assim como outros craques, [&hellip;]\" \/>\n<meta property=\"og:url\" content=\"https:\/\/www.gaveanews.com\/index.php\/2024\/07\/19\/veja-a-data-da-apresentacao-de-endrick-no-real-madrid\/\" \/>\n<meta property=\"og:site_name\" content=\"G\u00e1vea News\" \/>\n<meta property=\"article:publisher\" content=\"https:\/\/facebook.com\/gaveaNews\/\" \/>\n<meta property=\"article:published_time\" content=\"2024-07-19T21:21:08+00:00\" \/>\n<meta property=\"article:modified_time\" content=\"2024-07-19T21:21:10+00:00\" \/>\n<meta name=\"author\" content=\"Bruno Zanchetta\" \/>\n<meta name=\"twitter:card\" content=\"summary_large_image\" \/>\n<meta name=\"twitter:label1\" content=\"Escrito por\" \/>\n\t<meta name=\"twitter:data1\" content=\"Bruno Zanchetta\" \/>\n\t<meta name=\"twitter:label2\" content=\"Est. tempo de leitura\" \/>\n\t<meta name=\"twitter:data2\" content=\"2 minutos\" \/>\n<script type=\"application\/ld+json\" class=\"yoast-schema-graph\">{\"@context\":\"https:\/\/schema.org\",\"@graph\":[{\"@type\":\"NewsArticle\",\"@id\":\"https:\/\/www.gaveanews.com\/index.php\/2024\/07\/19\/veja-a-data-da-apresentacao-de-endrick-no-real-madrid\/#article\",\"isPartOf\":{\"@id\":\"https:\/\/www.gaveanews.com\/index.php\/2024\/07\/19\/veja-a-data-da-apresentacao-de-endrick-no-real-madrid\/\"},\"author\":{\"name\":\"Bruno Zanchetta\",\"@id\":\"https:\/\/www.gaveanews.com\/#\/schema\/person\/32fddefab25b466689f181be346cd98c\"},\"headline\":\"Veja a data da apresenta\u00e7\u00e3o de Endrick no Real Madrid\",\"datePublished\":\"2024-07-19T21:21:08+00:00\",\"dateModified\":\"2024-07-19T21:21:10+00:00\",\"mainEntityOfPage\":{\"@id\":\"https:\/\/www.gaveanews.com\/index.php\/2024\/07\/19\/veja-a-data-da-apresentacao-de-endrick-no-real-madrid\/\"},\"wordCount\":348,\"commentCount\":0,\"image\":{\"@id\":\"https:\/\/www.gaveanews.com\/index.php\/2024\/07\/19\/veja-a-data-da-apresentacao-de-endrick-no-real-madrid\/#primaryimage\"},\"thumbnailUrl\":\"https:\/\/www.gaveanews.com\/wp-content\/uploads\/whatsapp-image-2024-06-21-at-18.10.46.avif\",\"articleSection\":[\"Palmeiras\",\"Real Madrid\"],\"inLanguage\":\"pt-BR\",\"potentialAction\":[{\"@type\":\"CommentAction\",\"name\":\"Comment\",\"target\":[\"https:\/\/www.gaveanews.com\/index.php\/2024\/07\/19\/veja-a-data-da-apresentacao-de-endrick-no-real-madrid\/#respond\"]}],\"copyrightYear\":\"2024\",\"copyrightHolder\":{\"@id\":\"https:\/\/www.gaveanews.com\/#organization\"}},{\"@type\":\"WebPage\",\"@id\":\"https:\/\/www.gaveanews.com\/index.php\/2024\/07\/19\/veja-a-data-da-apresentacao-de-endrick-no-real-madrid\/\",\"url\":\"https:\/\/www.gaveanews.com\/index.php\/2024\/07\/19\/veja-a-data-da-apresentacao-de-endrick-no-real-madrid\/\",\"name\":\"Veja a data da apresenta\u00e7\u00e3o de Endrick no Real Madrid\",\"isPartOf\":{\"@id\":\"https:\/\/www.gaveanews.com\/#website\"},\"primaryImageOfPage\":{\"@id\":\"https:\/\/www.gaveanews.com\/index.php\/2024\/07\/19\/veja-a-data-da-apresentacao-de-endrick-no-real-madrid\/#primaryimage\"},\"image\":{\"@id\":\"https:\/\/www.gaveanews.com\/index.php\/2024\/07\/19\/veja-a-data-da-apresentacao-de-endrick-no-real-madrid\/#primaryimage\"},\"thumbnailUrl\":\"https:\/\/www.gaveanews.com\/wp-content\/uploads\/whatsapp-image-2024-06-21-at-18.10.46.avif\",\"datePublished\":\"2024-07-19T21:21:08+00:00\",\"dateModified\":\"2024-07-19T21:21:10+00:00\",\"author\":{\"@id\":\"https:\/\/www.gaveanews.com\/#\/schema\/person\/32fddefab25b466689f181be346cd98c\"},\"breadcrumb\":{\"@id\":\"https:\/\/www.gaveanews.com\/index.php\/2024\/07\/19\/veja-a-data-da-apresentacao-de-endrick-no-real-madrid\/#breadcrumb\"},\"inLanguage\":\"pt-BR\",\"potentialAction\":[{\"@type\":\"ReadAction\",\"target\":[\"https:\/\/www.gaveanews.com\/index.php\/2024\/07\/19\/veja-a-data-da-apresentacao-de-endrick-no-real-madrid\/\"]}]},{\"@type\":\"ImageObject\",\"inLanguage\":\"pt-BR\",\"@id\":\"https:\/\/www.gaveanews.com\/index.php\/2024\/07\/19\/veja-a-data-da-apresentacao-de-endrick-no-real-madrid\/#primaryimage\",\"url\":\"https:\/\/www.gaveanews.com\/wp-content\/uploads\/whatsapp-image-2024-06-21-at-18.10.46.avif\",\"contentUrl\":\"https:\/\/www.gaveanews.com\/wp-content\/uploads\/whatsapp-image-2024-06-21-at-18.10.46.avif\",\"width\":984,\"height\":656,\"caption\":\"Endrick durante coletiva em Los Angeles \u2014 Foto: Pedro Martins \/ Foto FC\"},{\"@type\":\"BreadcrumbList\",\"@id\":\"https:\/\/www.gaveanews.com\/index.php\/2024\/07\/19\/veja-a-data-da-apresentacao-de-endrick-no-real-madrid\/#breadcrumb\",\"itemListElement\":[{\"@type\":\"ListItem\",\"position\":1,\"name\":\"Home\",\"item\":\"https:\/\/www.gaveanews.com\/\"},{\"@type\":\"ListItem\",\"position\":2,\"name\":\"Veja a data da apresenta\u00e7\u00e3o de Endrick no Real Madrid\"}]},{\"@type\":\"WebSite\",\"@id\":\"https:\/\/www.gaveanews.com\/#website\",\"url\":\"https:\/\/www.gaveanews.com\/\",\"name\":\"G\u00e1vea News\",\"description\":\"Veja todas as not\u00edcias sobre o Flamengo: Contrata\u00e7\u00f5es, categorias de base, resultados das partidas, tabela de classifica\u00e7\u00e3o, pr\u00f3ximos jogos!\",\"potentialAction\":[{\"@type\":\"SearchAction\",\"target\":{\"@type\":\"EntryPoint\",\"urlTemplate\":\"https:\/\/www.gaveanews.com\/?s={search_term_string}\"},\"query-input\":{\"@type\":\"PropertyValueSpecification\",\"valueRequired\":true,\"valueName\":\"search_term_string\"}}],\"inLanguage\":\"pt-BR\"},{\"@type\":\"Person\",\"@id\":\"https:\/\/www.gaveanews.com\/#\/schema\/person\/32fddefab25b466689f181be346cd98c\",\"name\":\"Bruno Zanchetta\",\"image\":{\"@type\":\"ImageObject\",\"inLanguage\":\"pt-BR\",\"@id\":\"https:\/\/www.gaveanews.com\/#\/schema\/person\/image\/\",\"url\":\"https:\/\/secure.gravatar.com\/avatar\/3ba2d39f8a912ad65276975a996d6ad8d9e3dd13448684be8dc4d7c17099d2ee?s=96&d=mm&r=g\",\"contentUrl\":\"https:\/\/secure.gravatar.com\/avatar\/3ba2d39f8a912ad65276975a996d6ad8d9e3dd13448684be8dc4d7c17099d2ee?s=96&d=mm&r=g\",\"caption\":\"Bruno Zanchetta\"}}]}<\/script>\n<!-- \/ Yoast SEO Premium plugin. -->","yoast_head_json":{"title":"Veja a data da apresenta\u00e7\u00e3o de Endrick no Real Madrid","robots":{"index":"index","follow":"follow","max-snippet":"max-snippet:-1","max-image-preview":"max-image-preview:large","max-video-preview":"max-video-preview:-1"},"canonical":"https:\/\/www.gaveanews.com\/index.php\/2024\/07\/19\/veja-a-data-da-apresentacao-de-endrick-no-real-madrid\/","og_locale":"pt_BR","og_type":"article","og_title":"Veja a data da apresenta\u00e7\u00e3o de Endrick no Real Madrid","og_description":"Endrick est\u00e1 com data e hora para sua apresenta\u00e7\u00e3o no Real Madrid ser oficialmente concretizada. O craque, que saiu do Palmeiras como uma das principais promessas do futebol brasileiro ser\u00e1 apresentado na eqipe do Real Madrid no dia 27 de julho, um s\u00e1bado, \u00e0s 7 horas dentro do hor\u00e1rio de Bras\u00edlia. Assim como outros craques, [&hellip;]","og_url":"https:\/\/www.gaveanews.com\/index.php\/2024\/07\/19\/veja-a-data-da-apresentacao-de-endrick-no-real-madrid\/","og_site_name":"G\u00e1vea News","article_publisher":"https:\/\/facebook.com\/gaveaNews\/","article_published_time":"2024-07-19T21:21:08+00:00","article_modified_time":"2024-07-19T21:21:10+00:00","author":"Bruno Zanchetta","twitter_card":"summary_large_image","twitter_misc":{"Escrito por":"Bruno Zanchetta","Est. tempo de leitura":"2 minutos"},"schema":{"@context":"https:\/\/schema.org","@graph":[{"@type":"NewsArticle","@id":"https:\/\/www.gaveanews.com\/index.php\/2024\/07\/19\/veja-a-data-da-apresentacao-de-endrick-no-real-madrid\/#article","isPartOf":{"@id":"https:\/\/www.gaveanews.com\/index.php\/2024\/07\/19\/veja-a-data-da-apresentacao-de-endrick-no-real-madrid\/"},"author":{"name":"Bruno Zanchetta","@id":"https:\/\/www.gaveanews.com\/#\/schema\/person\/32fddefab25b466689f181be346cd98c"},"headline":"Veja a data da apresenta\u00e7\u00e3o de Endrick no Real Madrid","datePublished":"2024-07-19T21:21:08+00:00","dateModified":"2024-07-19T21:21:10+00:00","mainEntityOfPage":{"@id":"https:\/\/www.gaveanews.com\/index.php\/2024\/07\/19\/veja-a-data-da-apresentacao-de-endrick-no-real-madrid\/"},"wordCount":348,"commentCount":0,"image":{"@id":"https:\/\/www.gaveanews.com\/index.php\/2024\/07\/19\/veja-a-data-da-apresentacao-de-endrick-no-real-madrid\/#primaryimage"},"thumbnailUrl":"https:\/\/www.gaveanews.com\/wp-content\/uploads\/whatsapp-image-2024-06-21-at-18.10.46.avif","articleSection":["Palmeiras","Real Madrid"],"inLanguage":"pt-BR","potentialAction":[{"@type":"CommentAction","name":"Comment","target":["https:\/\/www.gaveanews.com\/index.php\/2024\/07\/19\/veja-a-data-da-apresentacao-de-endrick-no-real-madrid\/#respond"]}],"copyrightYear":"2024","copyrightHolder":{"@id":"https:\/\/www.gaveanews.com\/#organization"}},{"@type":"WebPage","@id":"https:\/\/www.gaveanews.com\/index.php\/2024\/07\/19\/veja-a-data-da-apresentacao-de-endrick-no-real-madrid\/","url":"https:\/\/www.gaveanews.com\/index.php\/2024\/07\/19\/veja-a-data-da-apresentacao-de-endrick-no-real-madrid\/","name":"Veja a data da apresenta\u00e7\u00e3o de Endrick no Real Madrid","isPartOf":{"@id":"https:\/\/www.gaveanews.com\/#website"},"primaryImageOfPage":{"@id":"https:\/\/www.gaveanews.com\/index.php\/2024\/07\/19\/veja-a-data-da-apresentacao-de-endrick-no-real-madrid\/#primaryimage"},"image":{"@id":"https:\/\/www.gaveanews.com\/index.php\/2024\/07\/19\/veja-a-data-da-apresentacao-de-endrick-no-real-madrid\/#primaryimage"},"thumbnailUrl":"https:\/\/www.gaveanews.com\/wp-content\/uploads\/whatsapp-image-2024-06-21-at-18.10.46.avif","datePublished":"2024-07-19T21:21:08+00:00","dateModified":"2024-07-19T21:21:10+00:00","author":{"@id":"https:\/\/www.gaveanews.com\/#\/schema\/person\/32fddefab25b466689f181be346cd98c"},"breadcrumb":{"@id":"https:\/\/www.gaveanews.com\/index.php\/2024\/07\/19\/veja-a-data-da-apresentacao-de-endrick-no-real-madrid\/#breadcrumb"},"inLanguage":"pt-BR","potentialAction":[{"@type":"ReadAction","target":["https:\/\/www.gaveanews.com\/index.php\/2024\/07\/19\/veja-a-data-da-apresentacao-de-endrick-no-real-madrid\/"]}]},{"@type":"ImageObject","inLanguage":"pt-BR","@id":"https:\/\/www.gaveanews.com\/index.php\/2024\/07\/19\/veja-a-data-da-apresentacao-de-endrick-no-real-madrid\/#primaryimage","url":"https:\/\/www.gaveanews.com\/wp-content\/uploads\/whatsapp-image-2024-06-21-at-18.10.46.avif","contentUrl":"https:\/\/www.gaveanews.com\/wp-content\/uploads\/whatsapp-image-2024-06-21-at-18.10.46.avif","width":984,"height":656,"caption":"Endrick durante coletiva em Los Angeles \u2014 Foto: Pedro Martins \/ Foto FC"},{"@type":"BreadcrumbList","@id":"https:\/\/www.gaveanews.com\/index.php\/2024\/07\/19\/veja-a-data-da-apresentacao-de-endrick-no-real-madrid\/#breadcrumb","itemListElement":[{"@type":"ListItem","position":1,"name":"Home","item":"https:\/\/www.gaveanews.com\/"},{"@type":"ListItem","position":2,"name":"Veja a data da apresenta\u00e7\u00e3o de Endrick no Real Madrid"}]},{"@type":"WebSite","@id":"https:\/\/www.gaveanews.com\/#website","url":"https:\/\/www.gaveanews.com\/","name":"G\u00e1vea News","description":"Veja todas as not\u00edcias sobre o Flamengo: Contrata\u00e7\u00f5es, categorias de base, resultados das partidas, tabela de classifica\u00e7\u00e3o, pr\u00f3ximos jogos!","potentialAction":[{"@type":"SearchAction","target":{"@type":"EntryPoint","urlTemplate":"https:\/\/www.gaveanews.com\/?s={search_term_string}"},"query-input":{"@type":"PropertyValueSpecification","valueRequired":true,"valueName":"search_term_string"}}],"inLanguage":"pt-BR"},{"@type":"Person","@id":"https:\/\/www.gaveanews.com\/#\/schema\/person\/32fddefab25b466689f181be346cd98c","name":"Bruno Zanchetta","image":{"@type":"ImageObject","inLanguage":"pt-BR","@id":"https:\/\/www.gaveanews.com\/#\/schema\/person\/image\/","url":"https:\/\/secure.gravatar.com\/avatar\/3ba2d39f8a912ad65276975a996d6ad8d9e3dd13448684be8dc4d7c17099d2ee?s=96&d=mm&r=g","contentUrl":"https:\/\/secure.gravatar.com\/avatar\/3ba2d39f8a912ad65276975a996d6ad8d9e3dd13448684be8dc4d7c17099d2ee?s=96&d=mm&r=g","caption":"Bruno Zanchetta"}}]}},"_links":{"self":[{"href":"https:\/\/www.gaveanews.com\/index.php\/wp-json\/wp\/v2\/posts\/153243","targetHints":{"allow":["GET"]}}],"collection":[{"href":"https:\/\/www.gaveanews.com\/index.php\/wp-json\/wp\/v2\/posts"}],"about":[{"href":"https:\/\/www.gaveanews.com\/index.php\/wp-json\/wp\/v2\/types\/post"}],"author":[{"embeddable":true,"href":"https:\/\/www.gaveanews.com\/index.php\/wp-json\/wp\/v2\/users\/19"}],"replies":[{"embeddable":true,"href":"https:\/\/www.gaveanews.com\/index.php\/wp-json\/wp\/v2\/comments?post=153243"}],"version-history":[{"count":1,"href":"https:\/\/www.gaveanews.com\/index.php\/wp-json\/wp\/v2\/posts\/153243\/revisions"}],"predecessor-version":[{"id":153245,"href":"https:\/\/www.gaveanews.com\/index.php\/wp-json\/wp\/v2\/posts\/153243\/revisions\/153245"}],"wp:featuredmedia":[{"embeddable":true,"href":"https:\/\/www.gaveanews.com\/index.php\/wp-json\/wp\/v2\/media\/148892"}],"wp:attachment":[{"href":"https:\/\/www.gaveanews.com\/index.php\/wp-json\/wp\/v2\/media?parent=153243"}],"wp:term":[{"taxonomy":"category","embeddable":true,"href":"https:\/\/www.gaveanews.com\/index.php\/wp-json\/wp\/v2\/categories?post=153243"},{"taxonomy":"post_tag","embeddable":true,"href":"https:\/\/www.gaveanews.com\/index.php\/wp-json\/wp\/v2\/tags?post=153243"}],"curies":[{"name":"wp","href":"https:\/\/api.w.org\/{rel}","templated":true}]}}