{"id":153354,"date":"2024-07-20T20:00:00","date_gmt":"2024-07-20T23:00:00","guid":{"rendered":"https:\/\/www.gaveanews.com\/?p=153354"},"modified":"2024-07-22T11:03:28","modified_gmt":"2024-07-22T14:03:28","slug":"especialista-aponta-que-o-santos-foi-claramente-prejudicado","status":"publish","type":"post","link":"https:\/\/www.gaveanews.com\/index.php\/2024\/07\/20\/especialista-aponta-que-o-santos-foi-claramente-prejudicado\/","title":{"rendered":"Especialista aponta que o Santos foi claramente prejudicado"},"content":{"rendered":"\n<h2 class=\"wp-block-heading\" id=\"h-ex-arbitro-salvio-spinola-critica-arbitro-de-santos-contra-vila-nova\">Ex-\u00e1rbitro Salvio Spinola critica \u00e1rbitro de Santos contra Vila Nova<\/h2>\n\n\n\n<p>Os torcedores do Santos demonstraram grande insatisfa\u00e7\u00e3o com a atua\u00e7\u00e3o do \u00e1rbitro Rodrigo Jos\u00e9 Pereira de Lima no empate por 1 a 1 contra o Vila Nova, v\u00e1lido pela 16\u00aa rodada da S\u00e9rie B.<\/p>\n\n\n\n<ul class=\"wp-block-list\">\n<li><a href=\"https:\/\/www.gaveanews.com\/index.php\/2024\/07\/19\/a-declaracao-de-fabio-carille-apos-o-empate-do-santos\/\">A declara\u00e7\u00e3o de F\u00e1bio Carille ap\u00f3s o empate do Santos<\/a><\/li>\n\n\n\n<li><a href=\"https:\/\/www.gaveanews.com\/index.php\/2024\/07\/18\/alexandre-gallo-viaja-ao-exterior-para-trazer-reforco-ao-santos\/\">Alexandre Gallo viaja ao exterior para trazer refor\u00e7o ao Santos<\/a><\/li>\n<\/ul>\n\n\n\n<p>A principal queixa foi a n\u00e3o marca\u00e7\u00e3o de dois p\u00eanaltis a favor do Santos, gerando uma pol\u00eamica que chegou at\u00e9 o ex-\u00e1rbitro Salvio Spinola, que se pronunciou sobre os lances nas redes sociais.<\/p>\n\n\n\n<p>No primeiro tempo, o atacante Julio Furch cabeceou a bola ap\u00f3s um cruzamento, que foi interceptada pelo zagueiro Quintero. Os jogadores do Santos protestaram intensamente, alegando que houve toque de m\u00e3o do defensor. Apesar da revis\u00e3o do VAR, o \u00e1rbitro manteve sua decis\u00e3o de n\u00e3o marcar o p\u00eanalti. Ex-\u00e1rbitro Salvio Spinola, ao comentar sobre o lance, declarou que considerava a jogada como p\u00eanalti.<\/p>\n\n\n\n<figure class=\"wp-block-embed is-type-rich is-provider-twitter wp-block-embed-twitter\"><div class=\"wp-block-embed__wrapper\">\n<blockquote class=\"twitter-tweet\" data-width=\"550\" data-dnt=\"true\"><p lang=\"pt\" dir=\"ltr\">Movimento de goleiro.<br>Bra\u00e7o muito aberto.<br>P\u00eanalti claro n\u00e3o marcado.<br>Mesmo que a bola bate no peito e depois no bra\u00e7o \u00e9 p\u00eanalti, pq o bra\u00e7o j\u00e1 estava aberto antes.<br><br>Rodrigo Lima, \u00e1rbitro FIFA de PE, expulsou o Alan Ruschel na \u00faltima rodada e hoje n\u00e3o deu esse p\u00eanalti. <a href=\"https:\/\/t.co\/Wo6GxtfHYf\">pic.twitter.com\/Wo6GxtfHYf<\/a><\/p>&mdash; Salvio Spinola (@SalvioSpinola) <a href=\"https:\/\/twitter.com\/SalvioSpinola\/status\/1814082183528579238?ref_src=twsrc%5Etfw\">July 18, 2024<\/a><\/blockquote><script async src=\"https:\/\/platform.twitter.com\/widgets.js\" charset=\"utf-8\"><\/script>\n<\/div><\/figure>\n\n\n\n<p>Spinola tamb\u00e9m relembrou que Rodrigo Jos\u00e9 Pereira de Lima j\u00e1 esteve envolvido em outra pol\u00eamica recente no futebol brasileiro, o que levantou questionamentos sobre sua escala\u00e7\u00e3o para a partida.<\/p>\n\n\n\n<p>A torcida santista ainda reclamou de um segundo poss\u00edvel p\u00eanalti, desta vez em Jo\u00e3o Schmidt, que teria recebido uma cotovelada dentro da \u00e1rea. Novamente, tanto o \u00e1rbitro de campo quanto o VAR n\u00e3o marcaram a infra\u00e7\u00e3o. Spinola compartilhou v\u00eddeos do lance e classificou a jogada como &#8220;p\u00eanalti claro&#8221;.<\/p>\n\n\n\n<h2 class=\"wp-block-heading\" id=\"h-fusca-chines-sera-vendido-no-brasil\">Fusca chin\u00eas ser\u00e1 vendido no Brasil<\/h2>\n\n\n\n<p>Al\u00e9m disso, o portal G\u00e1vea News tamb\u00e9m est\u00e1 produzindo conte\u00fados relacionados ao setor automotivo. Em outras palavras, se voc\u00ea deseja se manter bem informado sobre esse assunto,&nbsp;<a href=\"https:\/\/www.gaveanews.com\/index.php\/carros\/\">clique aqui para acessar exclusivamente as not\u00edcias dessa categoria.<\/a> Assim sendo, n\u00f3s publicamos duas not\u00edcias de destaque:&nbsp;<a href=\"https:\/\/www.gaveanews.com\/index.php\/2024\/04\/20\/carros-populares-com-manutencao-cara-e-complicada?utm_source=Recirculacao&amp;utm_medium=SubtituloFinalDaMateria&amp;utm_campaign=SubtituloFinalDaMateria\" target=\"_blank\" rel=\"noreferrer noopener\">Carros populares com manuten\u00e7\u00e3o cara e complicada<\/a>, e <a href=\"https:\/\/www.gaveanews.com\/index.php\/2024\/04\/19\/muito-moderno-fusca-alternativo-comecara-a-ser-vendido-no-brasil\/?utm_source=Recirculacao&amp;utm_medium=SubtituloFinalDaMateria&amp;utm_campaign=SubtituloFinalDaMateria\" target=\"_blank\" rel=\"noreferrer noopener\">Fusca \u2018alternativo\u2019 come\u00e7ar\u00e1 a ser vendido no Brasil (veja fotos).<\/a><\/p>\n","protected":false},"excerpt":{"rendered":"<p>Ex-\u00e1rbitro Salvio Spinola critica \u00e1rbitro de Santos contra Vila Nova Os torcedores do Santos demonstraram grande insatisfa\u00e7\u00e3o com a atua\u00e7\u00e3o do \u00e1rbitro Rodrigo Jos\u00e9 Pereira de Lima no empate por 1 a 1 contra o Vila Nova, v\u00e1lido pela 16\u00aa rodada da S\u00e9rie B. A principal queixa foi a n\u00e3o marca\u00e7\u00e3o de dois p\u00eanaltis a [&hellip;]<\/p>\n","protected":false},"author":20,"featured_media":147446,"comment_status":"open","ping_status":"closed","sticky":false,"template":"","format":"standard","meta":{"footnotes":""},"categories":[139],"tags":[],"class_list":["post-153354","post","type-post","status-publish","format-standard","has-post-thumbnail","hentry","category-santos"],"yoast_head":"<!-- This site is optimized with the Yoast SEO Premium plugin v24.2 (Yoast SEO v26.9) - https:\/\/yoast.com\/product\/yoast-seo-premium-wordpress\/ -->\n<title>Especialista aponta que o Santos foi claramente prejudicado<\/title>\n<meta name=\"robots\" content=\"index, follow, max-snippet:-1, max-image-preview:large, max-video-preview:-1\" \/>\n<link rel=\"canonical\" href=\"https:\/\/www.gaveanews.com\/index.php\/2024\/07\/20\/especialista-aponta-que-o-santos-foi-claramente-prejudicado\/\" \/>\n<meta property=\"og:locale\" content=\"pt_BR\" \/>\n<meta property=\"og:type\" content=\"article\" \/>\n<meta property=\"og:title\" content=\"Especialista aponta que o Santos foi claramente prejudicado\" \/>\n<meta property=\"og:description\" content=\"Ex-\u00e1rbitro Salvio Spinola critica \u00e1rbitro de Santos contra Vila Nova Os torcedores do Santos demonstraram grande insatisfa\u00e7\u00e3o com a atua\u00e7\u00e3o do \u00e1rbitro Rodrigo Jos\u00e9 Pereira de Lima no empate por 1 a 1 contra o Vila Nova, v\u00e1lido pela 16\u00aa rodada da S\u00e9rie B. A principal queixa foi a n\u00e3o marca\u00e7\u00e3o de dois p\u00eanaltis a [&hellip;]\" \/>\n<meta property=\"og:url\" content=\"https:\/\/www.gaveanews.com\/index.php\/2024\/07\/20\/especialista-aponta-que-o-santos-foi-claramente-prejudicado\/\" \/>\n<meta property=\"og:site_name\" content=\"G\u00e1vea News\" \/>\n<meta property=\"article:publisher\" content=\"https:\/\/facebook.com\/gaveaNews\/\" \/>\n<meta property=\"article:published_time\" content=\"2024-07-20T23:00:00+00:00\" \/>\n<meta property=\"article:modified_time\" content=\"2024-07-22T14:03:28+00:00\" \/>\n<meta property=\"og:image\" content=\"https:\/\/www.gaveanews.com\/wp-content\/uploads\/Escudo-do-Santos.webp\" \/>\n\t<meta property=\"og:image:width\" content=\"1621\" \/>\n\t<meta property=\"og:image:height\" content=\"1081\" \/>\n\t<meta property=\"og:image:type\" content=\"image\/webp\" \/>\n<meta name=\"author\" content=\"Lucas Barros\" \/>\n<meta name=\"twitter:card\" content=\"summary_large_image\" \/>\n<meta name=\"twitter:label1\" content=\"Escrito por\" \/>\n\t<meta name=\"twitter:data1\" content=\"Lucas Barros\" \/>\n\t<meta name=\"twitter:label2\" content=\"Est. tempo de leitura\" \/>\n\t<meta name=\"twitter:data2\" content=\"2 minutos\" \/>\n<script type=\"application\/ld+json\" class=\"yoast-schema-graph\">{\"@context\":\"https:\/\/schema.org\",\"@graph\":[{\"@type\":\"NewsArticle\",\"@id\":\"https:\/\/www.gaveanews.com\/index.php\/2024\/07\/20\/especialista-aponta-que-o-santos-foi-claramente-prejudicado\/#article\",\"isPartOf\":{\"@id\":\"https:\/\/www.gaveanews.com\/index.php\/2024\/07\/20\/especialista-aponta-que-o-santos-foi-claramente-prejudicado\/\"},\"author\":{\"name\":\"Lucas Barros\",\"@id\":\"https:\/\/www.gaveanews.com\/#\/schema\/person\/2abf0cfa878f5f899daa5f781e82264c\"},\"headline\":\"Especialista aponta que o Santos foi claramente prejudicado\",\"datePublished\":\"2024-07-20T23:00:00+00:00\",\"dateModified\":\"2024-07-22T14:03:28+00:00\",\"mainEntityOfPage\":{\"@id\":\"https:\/\/www.gaveanews.com\/index.php\/2024\/07\/20\/especialista-aponta-que-o-santos-foi-claramente-prejudicado\/\"},\"wordCount\":359,\"commentCount\":0,\"image\":{\"@id\":\"https:\/\/www.gaveanews.com\/index.php\/2024\/07\/20\/especialista-aponta-que-o-santos-foi-claramente-prejudicado\/#primaryimage\"},\"thumbnailUrl\":\"https:\/\/www.gaveanews.com\/wp-content\/uploads\/Escudo-do-Santos.webp\",\"articleSection\":[\"Santos\"],\"inLanguage\":\"pt-BR\",\"potentialAction\":[{\"@type\":\"CommentAction\",\"name\":\"Comment\",\"target\":[\"https:\/\/www.gaveanews.com\/index.php\/2024\/07\/20\/especialista-aponta-que-o-santos-foi-claramente-prejudicado\/#respond\"]}],\"copyrightYear\":\"2024\",\"copyrightHolder\":{\"@id\":\"https:\/\/www.gaveanews.com\/#organization\"}},{\"@type\":\"WebPage\",\"@id\":\"https:\/\/www.gaveanews.com\/index.php\/2024\/07\/20\/especialista-aponta-que-o-santos-foi-claramente-prejudicado\/\",\"url\":\"https:\/\/www.gaveanews.com\/index.php\/2024\/07\/20\/especialista-aponta-que-o-santos-foi-claramente-prejudicado\/\",\"name\":\"Especialista aponta que o Santos foi claramente prejudicado\",\"isPartOf\":{\"@id\":\"https:\/\/www.gaveanews.com\/#website\"},\"primaryImageOfPage\":{\"@id\":\"https:\/\/www.gaveanews.com\/index.php\/2024\/07\/20\/especialista-aponta-que-o-santos-foi-claramente-prejudicado\/#primaryimage\"},\"image\":{\"@id\":\"https:\/\/www.gaveanews.com\/index.php\/2024\/07\/20\/especialista-aponta-que-o-santos-foi-claramente-prejudicado\/#primaryimage\"},\"thumbnailUrl\":\"https:\/\/www.gaveanews.com\/wp-content\/uploads\/Escudo-do-Santos.webp\",\"datePublished\":\"2024-07-20T23:00:00+00:00\",\"dateModified\":\"2024-07-22T14:03:28+00:00\",\"author\":{\"@id\":\"https:\/\/www.gaveanews.com\/#\/schema\/person\/2abf0cfa878f5f899daa5f781e82264c\"},\"breadcrumb\":{\"@id\":\"https:\/\/www.gaveanews.com\/index.php\/2024\/07\/20\/especialista-aponta-que-o-santos-foi-claramente-prejudicado\/#breadcrumb\"},\"inLanguage\":\"pt-BR\",\"potentialAction\":[{\"@type\":\"ReadAction\",\"target\":[\"https:\/\/www.gaveanews.com\/index.php\/2024\/07\/20\/especialista-aponta-que-o-santos-foi-claramente-prejudicado\/\"]}]},{\"@type\":\"ImageObject\",\"inLanguage\":\"pt-BR\",\"@id\":\"https:\/\/www.gaveanews.com\/index.php\/2024\/07\/20\/especialista-aponta-que-o-santos-foi-claramente-prejudicado\/#primaryimage\",\"url\":\"https:\/\/www.gaveanews.com\/wp-content\/uploads\/Escudo-do-Santos.webp\",\"contentUrl\":\"https:\/\/www.gaveanews.com\/wp-content\/uploads\/Escudo-do-Santos.webp\",\"width\":1621,\"height\":1081,\"caption\":\"Escudo do Santos (Foto: Reprodu\u00e7\u00e3o\/Instagram)\"},{\"@type\":\"BreadcrumbList\",\"@id\":\"https:\/\/www.gaveanews.com\/index.php\/2024\/07\/20\/especialista-aponta-que-o-santos-foi-claramente-prejudicado\/#breadcrumb\",\"itemListElement\":[{\"@type\":\"ListItem\",\"position\":1,\"name\":\"Home\",\"item\":\"https:\/\/www.gaveanews.com\/\"},{\"@type\":\"ListItem\",\"position\":2,\"name\":\"Especialista aponta que o Santos foi claramente prejudicado\"}]},{\"@type\":\"WebSite\",\"@id\":\"https:\/\/www.gaveanews.com\/#website\",\"url\":\"https:\/\/www.gaveanews.com\/\",\"name\":\"G\u00e1vea News\",\"description\":\"Veja todas as not\u00edcias sobre o Flamengo: Contrata\u00e7\u00f5es, categorias de base, resultados das partidas, tabela de classifica\u00e7\u00e3o, pr\u00f3ximos jogos!\",\"potentialAction\":[{\"@type\":\"SearchAction\",\"target\":{\"@type\":\"EntryPoint\",\"urlTemplate\":\"https:\/\/www.gaveanews.com\/?s={search_term_string}\"},\"query-input\":{\"@type\":\"PropertyValueSpecification\",\"valueRequired\":true,\"valueName\":\"search_term_string\"}}],\"inLanguage\":\"pt-BR\"},{\"@type\":\"Person\",\"@id\":\"https:\/\/www.gaveanews.com\/#\/schema\/person\/2abf0cfa878f5f899daa5f781e82264c\",\"name\":\"Lucas Barros\",\"image\":{\"@type\":\"ImageObject\",\"inLanguage\":\"pt-BR\",\"@id\":\"https:\/\/www.gaveanews.com\/#\/schema\/person\/image\/\",\"url\":\"https:\/\/secure.gravatar.com\/avatar\/67a6069eba66bf6fd7c80b70e1331baa3dbc3d6df5012d5c22eff29c7d59e0b0?s=96&d=mm&r=g\",\"contentUrl\":\"https:\/\/secure.gravatar.com\/avatar\/67a6069eba66bf6fd7c80b70e1331baa3dbc3d6df5012d5c22eff29c7d59e0b0?s=96&d=mm&r=g\",\"caption\":\"Lucas Barros\"}}]}<\/script>\n<!-- \/ Yoast SEO Premium plugin. -->","yoast_head_json":{"title":"Especialista aponta que o Santos foi claramente prejudicado","robots":{"index":"index","follow":"follow","max-snippet":"max-snippet:-1","max-image-preview":"max-image-preview:large","max-video-preview":"max-video-preview:-1"},"canonical":"https:\/\/www.gaveanews.com\/index.php\/2024\/07\/20\/especialista-aponta-que-o-santos-foi-claramente-prejudicado\/","og_locale":"pt_BR","og_type":"article","og_title":"Especialista aponta que o Santos foi claramente prejudicado","og_description":"Ex-\u00e1rbitro Salvio Spinola critica \u00e1rbitro de Santos contra Vila Nova Os torcedores do Santos demonstraram grande insatisfa\u00e7\u00e3o com a atua\u00e7\u00e3o do \u00e1rbitro Rodrigo Jos\u00e9 Pereira de Lima no empate por 1 a 1 contra o Vila Nova, v\u00e1lido pela 16\u00aa rodada da S\u00e9rie B. A principal queixa foi a n\u00e3o marca\u00e7\u00e3o de dois p\u00eanaltis a [&hellip;]","og_url":"https:\/\/www.gaveanews.com\/index.php\/2024\/07\/20\/especialista-aponta-que-o-santos-foi-claramente-prejudicado\/","og_site_name":"G\u00e1vea News","article_publisher":"https:\/\/facebook.com\/gaveaNews\/","article_published_time":"2024-07-20T23:00:00+00:00","article_modified_time":"2024-07-22T14:03:28+00:00","og_image":[{"width":1621,"height":1081,"url":"https:\/\/www.gaveanews.com\/wp-content\/uploads\/Escudo-do-Santos.webp","type":"image\/webp"}],"author":"Lucas Barros","twitter_card":"summary_large_image","twitter_misc":{"Escrito por":"Lucas Barros","Est. tempo de leitura":"2 minutos"},"schema":{"@context":"https:\/\/schema.org","@graph":[{"@type":"NewsArticle","@id":"https:\/\/www.gaveanews.com\/index.php\/2024\/07\/20\/especialista-aponta-que-o-santos-foi-claramente-prejudicado\/#article","isPartOf":{"@id":"https:\/\/www.gaveanews.com\/index.php\/2024\/07\/20\/especialista-aponta-que-o-santos-foi-claramente-prejudicado\/"},"author":{"name":"Lucas Barros","@id":"https:\/\/www.gaveanews.com\/#\/schema\/person\/2abf0cfa878f5f899daa5f781e82264c"},"headline":"Especialista aponta que o Santos foi claramente prejudicado","datePublished":"2024-07-20T23:00:00+00:00","dateModified":"2024-07-22T14:03:28+00:00","mainEntityOfPage":{"@id":"https:\/\/www.gaveanews.com\/index.php\/2024\/07\/20\/especialista-aponta-que-o-santos-foi-claramente-prejudicado\/"},"wordCount":359,"commentCount":0,"image":{"@id":"https:\/\/www.gaveanews.com\/index.php\/2024\/07\/20\/especialista-aponta-que-o-santos-foi-claramente-prejudicado\/#primaryimage"},"thumbnailUrl":"https:\/\/www.gaveanews.com\/wp-content\/uploads\/Escudo-do-Santos.webp","articleSection":["Santos"],"inLanguage":"pt-BR","potentialAction":[{"@type":"CommentAction","name":"Comment","target":["https:\/\/www.gaveanews.com\/index.php\/2024\/07\/20\/especialista-aponta-que-o-santos-foi-claramente-prejudicado\/#respond"]}],"copyrightYear":"2024","copyrightHolder":{"@id":"https:\/\/www.gaveanews.com\/#organization"}},{"@type":"WebPage","@id":"https:\/\/www.gaveanews.com\/index.php\/2024\/07\/20\/especialista-aponta-que-o-santos-foi-claramente-prejudicado\/","url":"https:\/\/www.gaveanews.com\/index.php\/2024\/07\/20\/especialista-aponta-que-o-santos-foi-claramente-prejudicado\/","name":"Especialista aponta que o Santos foi claramente prejudicado","isPartOf":{"@id":"https:\/\/www.gaveanews.com\/#website"},"primaryImageOfPage":{"@id":"https:\/\/www.gaveanews.com\/index.php\/2024\/07\/20\/especialista-aponta-que-o-santos-foi-claramente-prejudicado\/#primaryimage"},"image":{"@id":"https:\/\/www.gaveanews.com\/index.php\/2024\/07\/20\/especialista-aponta-que-o-santos-foi-claramente-prejudicado\/#primaryimage"},"thumbnailUrl":"https:\/\/www.gaveanews.com\/wp-content\/uploads\/Escudo-do-Santos.webp","datePublished":"2024-07-20T23:00:00+00:00","dateModified":"2024-07-22T14:03:28+00:00","author":{"@id":"https:\/\/www.gaveanews.com\/#\/schema\/person\/2abf0cfa878f5f899daa5f781e82264c"},"breadcrumb":{"@id":"https:\/\/www.gaveanews.com\/index.php\/2024\/07\/20\/especialista-aponta-que-o-santos-foi-claramente-prejudicado\/#breadcrumb"},"inLanguage":"pt-BR","potentialAction":[{"@type":"ReadAction","target":["https:\/\/www.gaveanews.com\/index.php\/2024\/07\/20\/especialista-aponta-que-o-santos-foi-claramente-prejudicado\/"]}]},{"@type":"ImageObject","inLanguage":"pt-BR","@id":"https:\/\/www.gaveanews.com\/index.php\/2024\/07\/20\/especialista-aponta-que-o-santos-foi-claramente-prejudicado\/#primaryimage","url":"https:\/\/www.gaveanews.com\/wp-content\/uploads\/Escudo-do-Santos.webp","contentUrl":"https:\/\/www.gaveanews.com\/wp-content\/uploads\/Escudo-do-Santos.webp","width":1621,"height":1081,"caption":"Escudo do Santos (Foto: Reprodu\u00e7\u00e3o\/Instagram)"},{"@type":"BreadcrumbList","@id":"https:\/\/www.gaveanews.com\/index.php\/2024\/07\/20\/especialista-aponta-que-o-santos-foi-claramente-prejudicado\/#breadcrumb","itemListElement":[{"@type":"ListItem","position":1,"name":"Home","item":"https:\/\/www.gaveanews.com\/"},{"@type":"ListItem","position":2,"name":"Especialista aponta que o Santos foi claramente prejudicado"}]},{"@type":"WebSite","@id":"https:\/\/www.gaveanews.com\/#website","url":"https:\/\/www.gaveanews.com\/","name":"G\u00e1vea News","description":"Veja todas as not\u00edcias sobre o Flamengo: Contrata\u00e7\u00f5es, categorias de base, resultados das partidas, tabela de classifica\u00e7\u00e3o, pr\u00f3ximos jogos!","potentialAction":[{"@type":"SearchAction","target":{"@type":"EntryPoint","urlTemplate":"https:\/\/www.gaveanews.com\/?s={search_term_string}"},"query-input":{"@type":"PropertyValueSpecification","valueRequired":true,"valueName":"search_term_string"}}],"inLanguage":"pt-BR"},{"@type":"Person","@id":"https:\/\/www.gaveanews.com\/#\/schema\/person\/2abf0cfa878f5f899daa5f781e82264c","name":"Lucas Barros","image":{"@type":"ImageObject","inLanguage":"pt-BR","@id":"https:\/\/www.gaveanews.com\/#\/schema\/person\/image\/","url":"https:\/\/secure.gravatar.com\/avatar\/67a6069eba66bf6fd7c80b70e1331baa3dbc3d6df5012d5c22eff29c7d59e0b0?s=96&d=mm&r=g","contentUrl":"https:\/\/secure.gravatar.com\/avatar\/67a6069eba66bf6fd7c80b70e1331baa3dbc3d6df5012d5c22eff29c7d59e0b0?s=96&d=mm&r=g","caption":"Lucas Barros"}}]}},"_links":{"self":[{"href":"https:\/\/www.gaveanews.com\/index.php\/wp-json\/wp\/v2\/posts\/153354","targetHints":{"allow":["GET"]}}],"collection":[{"href":"https:\/\/www.gaveanews.com\/index.php\/wp-json\/wp\/v2\/posts"}],"about":[{"href":"https:\/\/www.gaveanews.com\/index.php\/wp-json\/wp\/v2\/types\/post"}],"author":[{"embeddable":true,"href":"https:\/\/www.gaveanews.com\/index.php\/wp-json\/wp\/v2\/users\/20"}],"replies":[{"embeddable":true,"href":"https:\/\/www.gaveanews.com\/index.php\/wp-json\/wp\/v2\/comments?post=153354"}],"version-history":[{"count":2,"href":"https:\/\/www.gaveanews.com\/index.php\/wp-json\/wp\/v2\/posts\/153354\/revisions"}],"predecessor-version":[{"id":153423,"href":"https:\/\/www.gaveanews.com\/index.php\/wp-json\/wp\/v2\/posts\/153354\/revisions\/153423"}],"wp:featuredmedia":[{"embeddable":true,"href":"https:\/\/www.gaveanews.com\/index.php\/wp-json\/wp\/v2\/media\/147446"}],"wp:attachment":[{"href":"https:\/\/www.gaveanews.com\/index.php\/wp-json\/wp\/v2\/media?parent=153354"}],"wp:term":[{"taxonomy":"category","embeddable":true,"href":"https:\/\/www.gaveanews.com\/index.php\/wp-json\/wp\/v2\/categories?post=153354"},{"taxonomy":"post_tag","embeddable":true,"href":"https:\/\/www.gaveanews.com\/index.php\/wp-json\/wp\/v2\/tags?post=153354"}],"curies":[{"name":"wp","href":"https:\/\/api.w.org\/{rel}","templated":true}]}}