{"id":153387,"date":"2024-07-20T16:15:00","date_gmt":"2024-07-20T19:15:00","guid":{"rendered":"https:\/\/www.gaveanews.com\/?p=153387"},"modified":"2024-07-20T16:09:27","modified_gmt":"2024-07-20T19:09:27","slug":"qual-vai-ser-o-futuro-de-rodrigo-nestor","status":"publish","type":"post","link":"https:\/\/www.gaveanews.com\/index.php\/2024\/07\/20\/qual-vai-ser-o-futuro-de-rodrigo-nestor\/","title":{"rendered":"Qual vai ser o futuro de Rodrigo Nestor?"},"content":{"rendered":"\n<h2 class=\"wp-block-heading\" id=\"h-bologna-demonstra-interesse-em-rodrigo-nestor-meio-campista-do-sao-paulo\">Bologna demonstra interesse em Rodrigo Nestor, meio-campista do S\u00e3o Paulo<\/h2>\n\n\n\n<p>O meio-campista do S\u00e3o Paulo, Rodrigo Nestor, de 23 anos, est\u00e1 atraindo o interesse do Bologna, da It\u00e1lia. O clube italiano fez sondagens atrav\u00e9s do empres\u00e1rio do jogador, mas ainda n\u00e3o iniciou negocia\u00e7\u00f5es formais. A diretoria do S\u00e3o Paulo v\u00ea Nestor como um ativo valioso para futuras negocia\u00e7\u00f5es, especialmente ap\u00f3s sua recupera\u00e7\u00e3o de uma s\u00e9ria les\u00e3o no final de 2023. Nesta temporada, Nestor j\u00e1 disputou 19 partidas e marcou um gol, al\u00e9m de ter alcan\u00e7ado a marca de 200 jogos pelo clube na \u00faltima quarta-feira.<\/p>\n\n\n\n<ul class=\"wp-block-list\">\n<li><a href=\"https:\/\/www.gaveanews.com\/index.php\/2024\/07\/19\/sao-paulo-ja-sabe-quem-vai-contratar-para-substituir-alisson\/\">S\u00e3o Paulo j\u00e1 sabe quem vai contratar para substituir Alisson<\/a><\/li>\n\n\n\n<li><a href=\"https:\/\/www.gaveanews.com\/index.php\/2024\/07\/18\/zubeldia-abre-o-jogo-sobre-a-situacao-de-james-rodriguez-ao-sao-paulo\/\">Zubeldia abre o jogo sobre a situa\u00e7\u00e3o de James Rodr\u00edguez ao S\u00e3o Paulo<\/a><\/li>\n<\/ul>\n\n\n\n<p>O interesse do Bologna foi revelado pela jornalista italiana Rebecca Possenti, que destacou que, embora Nestor n\u00e3o seja uma prioridade imediata, ele est\u00e1 no radar do clube, com um valor estimado em 15 milh\u00f5es de euros. A obten\u00e7\u00e3o da cidadania europeia por Nestor, atualmente em tr\u00e2mites finais, pode aumentar ainda mais seu valor de mercado, pois ele deixaria de ocupar uma vaga de jogador estrangeiro.<\/p>\n\n\n\n<p>Rodrigo Nestor \u00e9 uma cria da base de Cotia, conhecida por formar grandes talentos para o S\u00e3o Paulo. Desde sua estreia no time principal, ele tem mostrado consist\u00eancia e habilidade, o que o levou a ser considerado uma pe\u00e7a fundamental no meio-campo do Tricolor, levando o S\u00e3o Paulo ao t\u00edtulo de campe\u00e3o da Copa do Brasil em 2023, com um gol contra o Flamengo na final da competi\u00e7\u00e3o. <\/p>\n\n\n\n<p>Al\u00e9m de sua performance em campo, Nestor tamb\u00e9m \u00e9 conhecido por sua dedica\u00e7\u00e3o e profissionalismo no clube. Ap\u00f3s a les\u00e3o no final de 2023, ele trabalhou  para voltar rapidamente \u00e0 sua melhor forma, o que chamou aten\u00e7\u00e3o do t\u00e9cnico Luis Zubeld\u00eda.<\/p>\n\n\n\n<p>Mesmo com o interesse do Bologna e a cidadania europeia do atleta, o futuro de Rodrigo Nestor continua incerto. A valoriza\u00e7\u00e3o do jogador no mercado europeu pode abrir portas para outras oportunidades em grandes ligas. Para o S\u00e3o Paulo, a poss\u00edvel venda de Nestor representaria uma importante fonte de receita, permitindo ao clube investir em novos talentos e refor\u00e7os.<\/p>\n\n\n\n<p>Enquanto as negocia\u00e7\u00f5es n\u00e3o se concretizam, Nestor continua focado em suas atua\u00e7\u00f5es pelo S\u00e3o Paulo, buscando ajudar o time a alcan\u00e7ar seus objetivos na temporada. A torcida tricolor, por sua vez, acompanha de perto o desenrolar dessa poss\u00edvel transfer\u00eancia.<\/p>\n","protected":false},"excerpt":{"rendered":"<p>Bologna demonstra interesse em Rodrigo Nestor, meio-campista do S\u00e3o Paulo O meio-campista do S\u00e3o Paulo, Rodrigo Nestor, de 23 anos, est\u00e1 atraindo o interesse do Bologna, da It\u00e1lia. O clube italiano fez sondagens atrav\u00e9s do empres\u00e1rio do jogador, mas ainda n\u00e3o iniciou negocia\u00e7\u00f5es formais. A diretoria do S\u00e3o Paulo v\u00ea Nestor como um ativo valioso [&hellip;]<\/p>\n","protected":false},"author":17,"featured_media":153396,"comment_status":"open","ping_status":"closed","sticky":false,"template":"","format":"standard","meta":{"footnotes":""},"categories":[151],"tags":[],"class_list":["post-153387","post","type-post","status-publish","format-standard","has-post-thumbnail","hentry","category-sao-paulo"],"yoast_head":"<!-- This site is optimized with the Yoast SEO Premium plugin v24.2 (Yoast SEO v26.9) - https:\/\/yoast.com\/product\/yoast-seo-premium-wordpress\/ -->\n<title>Qual vai ser o futuro de Rodrigo Nestor?<\/title>\n<meta name=\"robots\" content=\"index, follow, max-snippet:-1, max-image-preview:large, max-video-preview:-1\" \/>\n<link rel=\"canonical\" href=\"https:\/\/www.gaveanews.com\/index.php\/2024\/07\/20\/qual-vai-ser-o-futuro-de-rodrigo-nestor\/\" \/>\n<meta property=\"og:locale\" content=\"pt_BR\" \/>\n<meta property=\"og:type\" content=\"article\" \/>\n<meta property=\"og:title\" content=\"Qual vai ser o futuro de Rodrigo Nestor?\" \/>\n<meta property=\"og:description\" content=\"Bologna demonstra interesse em Rodrigo Nestor, meio-campista do S\u00e3o Paulo O meio-campista do S\u00e3o Paulo, Rodrigo Nestor, de 23 anos, est\u00e1 atraindo o interesse do Bologna, da It\u00e1lia. O clube italiano fez sondagens atrav\u00e9s do empres\u00e1rio do jogador, mas ainda n\u00e3o iniciou negocia\u00e7\u00f5es formais. A diretoria do S\u00e3o Paulo v\u00ea Nestor como um ativo valioso [&hellip;]\" \/>\n<meta property=\"og:url\" content=\"https:\/\/www.gaveanews.com\/index.php\/2024\/07\/20\/qual-vai-ser-o-futuro-de-rodrigo-nestor\/\" \/>\n<meta property=\"og:site_name\" content=\"G\u00e1vea News\" \/>\n<meta property=\"article:publisher\" content=\"https:\/\/facebook.com\/gaveaNews\/\" \/>\n<meta property=\"article:published_time\" content=\"2024-07-20T19:15:00+00:00\" \/>\n<meta property=\"og:image\" content=\"https:\/\/www.gaveanews.com\/wp-content\/uploads\/Rodrigo-Nestor-durante-o-jogo-entre-Sao-Paulo-x-Vasco-pelo-Brasileirao-2023-no-Morumbi.webp\" \/>\n\t<meta property=\"og:image:width\" content=\"799\" \/>\n\t<meta property=\"og:image:height\" content=\"533\" \/>\n\t<meta property=\"og:image:type\" content=\"image\/jpeg\" \/>\n<meta name=\"author\" content=\"Geovanna Thomaz\" \/>\n<meta name=\"twitter:card\" content=\"summary_large_image\" \/>\n<meta name=\"twitter:label1\" content=\"Escrito por\" \/>\n\t<meta name=\"twitter:data1\" content=\"Geovanna Thomaz\" \/>\n\t<meta name=\"twitter:label2\" content=\"Est. tempo de leitura\" \/>\n\t<meta name=\"twitter:data2\" content=\"3 minutos\" \/>\n<script type=\"application\/ld+json\" class=\"yoast-schema-graph\">{\"@context\":\"https:\/\/schema.org\",\"@graph\":[{\"@type\":\"NewsArticle\",\"@id\":\"https:\/\/www.gaveanews.com\/index.php\/2024\/07\/20\/qual-vai-ser-o-futuro-de-rodrigo-nestor\/#article\",\"isPartOf\":{\"@id\":\"https:\/\/www.gaveanews.com\/index.php\/2024\/07\/20\/qual-vai-ser-o-futuro-de-rodrigo-nestor\/\"},\"author\":{\"name\":\"Geovanna Thomaz\",\"@id\":\"https:\/\/www.gaveanews.com\/#\/schema\/person\/f42654babcd2b2014a1a65af82b081f1\"},\"headline\":\"Qual vai ser o futuro de Rodrigo Nestor?\",\"datePublished\":\"2024-07-20T19:15:00+00:00\",\"mainEntityOfPage\":{\"@id\":\"https:\/\/www.gaveanews.com\/index.php\/2024\/07\/20\/qual-vai-ser-o-futuro-de-rodrigo-nestor\/\"},\"wordCount\":437,\"commentCount\":0,\"image\":{\"@id\":\"https:\/\/www.gaveanews.com\/index.php\/2024\/07\/20\/qual-vai-ser-o-futuro-de-rodrigo-nestor\/#primaryimage\"},\"thumbnailUrl\":\"https:\/\/www.gaveanews.com\/wp-content\/uploads\/Rodrigo-Nestor-durante-o-jogo-entre-Sao-Paulo-x-Vasco-pelo-Brasileirao-2023-no-Morumbi.webp\",\"articleSection\":[\"S\u00e3o Paulo\"],\"inLanguage\":\"pt-BR\",\"potentialAction\":[{\"@type\":\"CommentAction\",\"name\":\"Comment\",\"target\":[\"https:\/\/www.gaveanews.com\/index.php\/2024\/07\/20\/qual-vai-ser-o-futuro-de-rodrigo-nestor\/#respond\"]}],\"copyrightYear\":\"2024\",\"copyrightHolder\":{\"@id\":\"https:\/\/www.gaveanews.com\/#organization\"}},{\"@type\":\"WebPage\",\"@id\":\"https:\/\/www.gaveanews.com\/index.php\/2024\/07\/20\/qual-vai-ser-o-futuro-de-rodrigo-nestor\/\",\"url\":\"https:\/\/www.gaveanews.com\/index.php\/2024\/07\/20\/qual-vai-ser-o-futuro-de-rodrigo-nestor\/\",\"name\":\"Qual vai ser o futuro de Rodrigo Nestor?\",\"isPartOf\":{\"@id\":\"https:\/\/www.gaveanews.com\/#website\"},\"primaryImageOfPage\":{\"@id\":\"https:\/\/www.gaveanews.com\/index.php\/2024\/07\/20\/qual-vai-ser-o-futuro-de-rodrigo-nestor\/#primaryimage\"},\"image\":{\"@id\":\"https:\/\/www.gaveanews.com\/index.php\/2024\/07\/20\/qual-vai-ser-o-futuro-de-rodrigo-nestor\/#primaryimage\"},\"thumbnailUrl\":\"https:\/\/www.gaveanews.com\/wp-content\/uploads\/Rodrigo-Nestor-durante-o-jogo-entre-Sao-Paulo-x-Vasco-pelo-Brasileirao-2023-no-Morumbi.webp\",\"datePublished\":\"2024-07-20T19:15:00+00:00\",\"author\":{\"@id\":\"https:\/\/www.gaveanews.com\/#\/schema\/person\/f42654babcd2b2014a1a65af82b081f1\"},\"breadcrumb\":{\"@id\":\"https:\/\/www.gaveanews.com\/index.php\/2024\/07\/20\/qual-vai-ser-o-futuro-de-rodrigo-nestor\/#breadcrumb\"},\"inLanguage\":\"pt-BR\",\"potentialAction\":[{\"@type\":\"ReadAction\",\"target\":[\"https:\/\/www.gaveanews.com\/index.php\/2024\/07\/20\/qual-vai-ser-o-futuro-de-rodrigo-nestor\/\"]}]},{\"@type\":\"ImageObject\",\"inLanguage\":\"pt-BR\",\"@id\":\"https:\/\/www.gaveanews.com\/index.php\/2024\/07\/20\/qual-vai-ser-o-futuro-de-rodrigo-nestor\/#primaryimage\",\"url\":\"https:\/\/www.gaveanews.com\/wp-content\/uploads\/Rodrigo-Nestor-durante-o-jogo-entre-Sao-Paulo-x-Vasco-pelo-Brasileirao-2023-no-Morumbi.webp\",\"contentUrl\":\"https:\/\/www.gaveanews.com\/wp-content\/uploads\/Rodrigo-Nestor-durante-o-jogo-entre-Sao-Paulo-x-Vasco-pelo-Brasileirao-2023-no-Morumbi.webp\",\"width\":799,\"height\":533,\"caption\":\"Rodrigo Nestor durante o jogo entre S\u00e3o Paulo x Vasco pelo Brasileir\u00e3o 2023 no Morumbi (Foto: Rubens Chiri\/S\u00e3o Paulo)\"},{\"@type\":\"BreadcrumbList\",\"@id\":\"https:\/\/www.gaveanews.com\/index.php\/2024\/07\/20\/qual-vai-ser-o-futuro-de-rodrigo-nestor\/#breadcrumb\",\"itemListElement\":[{\"@type\":\"ListItem\",\"position\":1,\"name\":\"Home\",\"item\":\"https:\/\/www.gaveanews.com\/\"},{\"@type\":\"ListItem\",\"position\":2,\"name\":\"Qual vai ser o futuro de Rodrigo Nestor?\"}]},{\"@type\":\"WebSite\",\"@id\":\"https:\/\/www.gaveanews.com\/#website\",\"url\":\"https:\/\/www.gaveanews.com\/\",\"name\":\"G\u00e1vea News\",\"description\":\"Veja todas as not\u00edcias sobre o Flamengo: Contrata\u00e7\u00f5es, categorias de base, resultados das partidas, tabela de classifica\u00e7\u00e3o, pr\u00f3ximos jogos!\",\"potentialAction\":[{\"@type\":\"SearchAction\",\"target\":{\"@type\":\"EntryPoint\",\"urlTemplate\":\"https:\/\/www.gaveanews.com\/?s={search_term_string}\"},\"query-input\":{\"@type\":\"PropertyValueSpecification\",\"valueRequired\":true,\"valueName\":\"search_term_string\"}}],\"inLanguage\":\"pt-BR\"},{\"@type\":\"Person\",\"@id\":\"https:\/\/www.gaveanews.com\/#\/schema\/person\/f42654babcd2b2014a1a65af82b081f1\",\"name\":\"Geovanna Thomaz\",\"image\":{\"@type\":\"ImageObject\",\"inLanguage\":\"pt-BR\",\"@id\":\"https:\/\/www.gaveanews.com\/#\/schema\/person\/image\/\",\"url\":\"https:\/\/secure.gravatar.com\/avatar\/4092073255489533afb558984b49b64268c47198af8623cc82a925ae9fb7118a?s=96&d=mm&r=g\",\"contentUrl\":\"https:\/\/secure.gravatar.com\/avatar\/4092073255489533afb558984b49b64268c47198af8623cc82a925ae9fb7118a?s=96&d=mm&r=g\",\"caption\":\"Geovanna Thomaz\"}}]}<\/script>\n<!-- \/ Yoast SEO Premium plugin. -->","yoast_head_json":{"title":"Qual vai ser o futuro de Rodrigo Nestor?","robots":{"index":"index","follow":"follow","max-snippet":"max-snippet:-1","max-image-preview":"max-image-preview:large","max-video-preview":"max-video-preview:-1"},"canonical":"https:\/\/www.gaveanews.com\/index.php\/2024\/07\/20\/qual-vai-ser-o-futuro-de-rodrigo-nestor\/","og_locale":"pt_BR","og_type":"article","og_title":"Qual vai ser o futuro de Rodrigo Nestor?","og_description":"Bologna demonstra interesse em Rodrigo Nestor, meio-campista do S\u00e3o Paulo O meio-campista do S\u00e3o Paulo, Rodrigo Nestor, de 23 anos, est\u00e1 atraindo o interesse do Bologna, da It\u00e1lia. O clube italiano fez sondagens atrav\u00e9s do empres\u00e1rio do jogador, mas ainda n\u00e3o iniciou negocia\u00e7\u00f5es formais. A diretoria do S\u00e3o Paulo v\u00ea Nestor como um ativo valioso [&hellip;]","og_url":"https:\/\/www.gaveanews.com\/index.php\/2024\/07\/20\/qual-vai-ser-o-futuro-de-rodrigo-nestor\/","og_site_name":"G\u00e1vea News","article_publisher":"https:\/\/facebook.com\/gaveaNews\/","article_published_time":"2024-07-20T19:15:00+00:00","og_image":[{"width":799,"height":533,"url":"https:\/\/www.gaveanews.com\/wp-content\/uploads\/Rodrigo-Nestor-durante-o-jogo-entre-Sao-Paulo-x-Vasco-pelo-Brasileirao-2023-no-Morumbi.webp","type":"image\/jpeg"}],"author":"Geovanna Thomaz","twitter_card":"summary_large_image","twitter_misc":{"Escrito por":"Geovanna Thomaz","Est. tempo de leitura":"3 minutos"},"schema":{"@context":"https:\/\/schema.org","@graph":[{"@type":"NewsArticle","@id":"https:\/\/www.gaveanews.com\/index.php\/2024\/07\/20\/qual-vai-ser-o-futuro-de-rodrigo-nestor\/#article","isPartOf":{"@id":"https:\/\/www.gaveanews.com\/index.php\/2024\/07\/20\/qual-vai-ser-o-futuro-de-rodrigo-nestor\/"},"author":{"name":"Geovanna Thomaz","@id":"https:\/\/www.gaveanews.com\/#\/schema\/person\/f42654babcd2b2014a1a65af82b081f1"},"headline":"Qual vai ser o futuro de Rodrigo Nestor?","datePublished":"2024-07-20T19:15:00+00:00","mainEntityOfPage":{"@id":"https:\/\/www.gaveanews.com\/index.php\/2024\/07\/20\/qual-vai-ser-o-futuro-de-rodrigo-nestor\/"},"wordCount":437,"commentCount":0,"image":{"@id":"https:\/\/www.gaveanews.com\/index.php\/2024\/07\/20\/qual-vai-ser-o-futuro-de-rodrigo-nestor\/#primaryimage"},"thumbnailUrl":"https:\/\/www.gaveanews.com\/wp-content\/uploads\/Rodrigo-Nestor-durante-o-jogo-entre-Sao-Paulo-x-Vasco-pelo-Brasileirao-2023-no-Morumbi.webp","articleSection":["S\u00e3o Paulo"],"inLanguage":"pt-BR","potentialAction":[{"@type":"CommentAction","name":"Comment","target":["https:\/\/www.gaveanews.com\/index.php\/2024\/07\/20\/qual-vai-ser-o-futuro-de-rodrigo-nestor\/#respond"]}],"copyrightYear":"2024","copyrightHolder":{"@id":"https:\/\/www.gaveanews.com\/#organization"}},{"@type":"WebPage","@id":"https:\/\/www.gaveanews.com\/index.php\/2024\/07\/20\/qual-vai-ser-o-futuro-de-rodrigo-nestor\/","url":"https:\/\/www.gaveanews.com\/index.php\/2024\/07\/20\/qual-vai-ser-o-futuro-de-rodrigo-nestor\/","name":"Qual vai ser o futuro de Rodrigo Nestor?","isPartOf":{"@id":"https:\/\/www.gaveanews.com\/#website"},"primaryImageOfPage":{"@id":"https:\/\/www.gaveanews.com\/index.php\/2024\/07\/20\/qual-vai-ser-o-futuro-de-rodrigo-nestor\/#primaryimage"},"image":{"@id":"https:\/\/www.gaveanews.com\/index.php\/2024\/07\/20\/qual-vai-ser-o-futuro-de-rodrigo-nestor\/#primaryimage"},"thumbnailUrl":"https:\/\/www.gaveanews.com\/wp-content\/uploads\/Rodrigo-Nestor-durante-o-jogo-entre-Sao-Paulo-x-Vasco-pelo-Brasileirao-2023-no-Morumbi.webp","datePublished":"2024-07-20T19:15:00+00:00","author":{"@id":"https:\/\/www.gaveanews.com\/#\/schema\/person\/f42654babcd2b2014a1a65af82b081f1"},"breadcrumb":{"@id":"https:\/\/www.gaveanews.com\/index.php\/2024\/07\/20\/qual-vai-ser-o-futuro-de-rodrigo-nestor\/#breadcrumb"},"inLanguage":"pt-BR","potentialAction":[{"@type":"ReadAction","target":["https:\/\/www.gaveanews.com\/index.php\/2024\/07\/20\/qual-vai-ser-o-futuro-de-rodrigo-nestor\/"]}]},{"@type":"ImageObject","inLanguage":"pt-BR","@id":"https:\/\/www.gaveanews.com\/index.php\/2024\/07\/20\/qual-vai-ser-o-futuro-de-rodrigo-nestor\/#primaryimage","url":"https:\/\/www.gaveanews.com\/wp-content\/uploads\/Rodrigo-Nestor-durante-o-jogo-entre-Sao-Paulo-x-Vasco-pelo-Brasileirao-2023-no-Morumbi.webp","contentUrl":"https:\/\/www.gaveanews.com\/wp-content\/uploads\/Rodrigo-Nestor-durante-o-jogo-entre-Sao-Paulo-x-Vasco-pelo-Brasileirao-2023-no-Morumbi.webp","width":799,"height":533,"caption":"Rodrigo Nestor durante o jogo entre S\u00e3o Paulo x Vasco pelo Brasileir\u00e3o 2023 no Morumbi (Foto: Rubens Chiri\/S\u00e3o Paulo)"},{"@type":"BreadcrumbList","@id":"https:\/\/www.gaveanews.com\/index.php\/2024\/07\/20\/qual-vai-ser-o-futuro-de-rodrigo-nestor\/#breadcrumb","itemListElement":[{"@type":"ListItem","position":1,"name":"Home","item":"https:\/\/www.gaveanews.com\/"},{"@type":"ListItem","position":2,"name":"Qual vai ser o futuro de Rodrigo Nestor?"}]},{"@type":"WebSite","@id":"https:\/\/www.gaveanews.com\/#website","url":"https:\/\/www.gaveanews.com\/","name":"G\u00e1vea News","description":"Veja todas as not\u00edcias sobre o Flamengo: Contrata\u00e7\u00f5es, categorias de base, resultados das partidas, tabela de classifica\u00e7\u00e3o, pr\u00f3ximos jogos!","potentialAction":[{"@type":"SearchAction","target":{"@type":"EntryPoint","urlTemplate":"https:\/\/www.gaveanews.com\/?s={search_term_string}"},"query-input":{"@type":"PropertyValueSpecification","valueRequired":true,"valueName":"search_term_string"}}],"inLanguage":"pt-BR"},{"@type":"Person","@id":"https:\/\/www.gaveanews.com\/#\/schema\/person\/f42654babcd2b2014a1a65af82b081f1","name":"Geovanna Thomaz","image":{"@type":"ImageObject","inLanguage":"pt-BR","@id":"https:\/\/www.gaveanews.com\/#\/schema\/person\/image\/","url":"https:\/\/secure.gravatar.com\/avatar\/4092073255489533afb558984b49b64268c47198af8623cc82a925ae9fb7118a?s=96&d=mm&r=g","contentUrl":"https:\/\/secure.gravatar.com\/avatar\/4092073255489533afb558984b49b64268c47198af8623cc82a925ae9fb7118a?s=96&d=mm&r=g","caption":"Geovanna Thomaz"}}]}},"_links":{"self":[{"href":"https:\/\/www.gaveanews.com\/index.php\/wp-json\/wp\/v2\/posts\/153387","targetHints":{"allow":["GET"]}}],"collection":[{"href":"https:\/\/www.gaveanews.com\/index.php\/wp-json\/wp\/v2\/posts"}],"about":[{"href":"https:\/\/www.gaveanews.com\/index.php\/wp-json\/wp\/v2\/types\/post"}],"author":[{"embeddable":true,"href":"https:\/\/www.gaveanews.com\/index.php\/wp-json\/wp\/v2\/users\/17"}],"replies":[{"embeddable":true,"href":"https:\/\/www.gaveanews.com\/index.php\/wp-json\/wp\/v2\/comments?post=153387"}],"version-history":[{"count":2,"href":"https:\/\/www.gaveanews.com\/index.php\/wp-json\/wp\/v2\/posts\/153387\/revisions"}],"predecessor-version":[{"id":153405,"href":"https:\/\/www.gaveanews.com\/index.php\/wp-json\/wp\/v2\/posts\/153387\/revisions\/153405"}],"wp:featuredmedia":[{"embeddable":true,"href":"https:\/\/www.gaveanews.com\/index.php\/wp-json\/wp\/v2\/media\/153396"}],"wp:attachment":[{"href":"https:\/\/www.gaveanews.com\/index.php\/wp-json\/wp\/v2\/media?parent=153387"}],"wp:term":[{"taxonomy":"category","embeddable":true,"href":"https:\/\/www.gaveanews.com\/index.php\/wp-json\/wp\/v2\/categories?post=153387"},{"taxonomy":"post_tag","embeddable":true,"href":"https:\/\/www.gaveanews.com\/index.php\/wp-json\/wp\/v2\/tags?post=153387"}],"curies":[{"name":"wp","href":"https:\/\/api.w.org\/{rel}","templated":true}]}}