{"id":153488,"date":"2024-07-20T22:31:04","date_gmt":"2024-07-21T01:31:04","guid":{"rendered":"https:\/\/www.gaveanews.com\/?p=153488"},"modified":"2024-07-20T22:31:08","modified_gmt":"2024-07-21T01:31:08","slug":"a-publicacao-de-gustavo-scarpa-sobre-o-penalti-a-favor-do-flamengo","status":"publish","type":"post","link":"https:\/\/www.gaveanews.com\/index.php\/2024\/07\/20\/a-publicacao-de-gustavo-scarpa-sobre-o-penalti-a-favor-do-flamengo\/","title":{"rendered":"A publica\u00e7\u00e3o de Gustavo Scarpa sobre o p\u00eanalti a favor do Flamengo"},"content":{"rendered":"\n<p>A vit\u00f3ria do Flamengo por 2 a 1 sobre o Crici\u00fama neste s\u00e1bado (20) foi marcada por um p\u00eanalti concedido ao Rubro-Negro nos momentos finais da partida. A confus\u00e3o come\u00e7ou quando a torcida do Flamengo jogou uma segunda bola em campo, e o zagueiro Barreto, ao tentar interferir na jogada, chutou a bola extra em dire\u00e7\u00e3o a Cebolinha. A a\u00e7\u00e3o de Barreto, claramente uma infra\u00e7\u00e3o conforme as regras do futebol, resultou na marca\u00e7\u00e3o de um p\u00eanalti pelo \u00e1rbitro. Gabigol converteu a cobran\u00e7a, garantindo a vit\u00f3ria do Flamengo.<\/p>\n\n\n\n<p>O lance gerou rea\u00e7\u00f5es imediatas nas redes sociais, inclusive de jogadores de outros clubes. Gustavo Scarpa, meio-campista do Atl\u00e9tico-MG, expressou sua indigna\u00e7\u00e3o no Instagram, comentando &#8220;mano, que piada&#8221;. Apesar de apagar o coment\u00e1rio posteriormente, o G\u00e1vea News registrou a opini\u00e3o do jogador.<\/p>\n\n\n<div class=\"wp-block-image\">\n<figure class=\"aligncenter size-large\"><img loading=\"lazy\" decoding=\"async\" width=\"830\" height=\"1024\" src=\"https:\/\/www.gaveanews.com\/wp-content\/uploads\/A-publicacao-de-Gustavo-Scarpa-sobre-o-penalti-a-favor-do-Flamengo-830x1024.webp\" alt=\"\" class=\"wp-image-153490\" srcset=\"https:\/\/www.gaveanews.com\/wp-content\/uploads\/A-publicacao-de-Gustavo-Scarpa-sobre-o-penalti-a-favor-do-Flamengo-830x1024.webp 830w, https:\/\/www.gaveanews.com\/wp-content\/uploads\/A-publicacao-de-Gustavo-Scarpa-sobre-o-penalti-a-favor-do-Flamengo-243x300.webp 243w, https:\/\/www.gaveanews.com\/wp-content\/uploads\/A-publicacao-de-Gustavo-Scarpa-sobre-o-penalti-a-favor-do-Flamengo-768x947.webp 768w, https:\/\/www.gaveanews.com\/wp-content\/uploads\/A-publicacao-de-Gustavo-Scarpa-sobre-o-penalti-a-favor-do-Flamengo-341x420.webp 341w, https:\/\/www.gaveanews.com\/wp-content\/uploads\/A-publicacao-de-Gustavo-Scarpa-sobre-o-penalti-a-favor-do-Flamengo-681x840.webp 681w, https:\/\/www.gaveanews.com\/wp-content\/uploads\/A-publicacao-de-Gustavo-Scarpa-sobre-o-penalti-a-favor-do-Flamengo-640x789.webp 640w, https:\/\/www.gaveanews.com\/wp-content\/uploads\/A-publicacao-de-Gustavo-Scarpa-sobre-o-penalti-a-favor-do-Flamengo-100x123.webp 100w, https:\/\/www.gaveanews.com\/wp-content\/uploads\/A-publicacao-de-Gustavo-Scarpa-sobre-o-penalti-a-favor-do-Flamengo.webp 973w\" sizes=\"auto, (max-width: 830px) 100vw, 830px\" \/><figcaption class=\"wp-element-caption\">A publica\u00e7\u00e3o de Gustavo Scarpa sobre o p\u00eanalti a favor do Flamengo (Foto: Reprodu\u00e7\u00e3o)<\/figcaption><\/figure>\n<\/div>\n\n\n<p>Antes da controv\u00e9rsia, o jogo j\u00e1 havia visto gols de Pedro, para o Flamengo, e Rodrigo, para o Crici\u00fama. Com a vit\u00f3ria, o Flamengo consolidou sua posi\u00e7\u00e3o na parte de cima da tabela, alcan\u00e7ando 34 pontos e se mantendo como vice-l\u00edder do campeonato. Enquanto isso, o Crici\u00fama permaneceu na 14\u00aa coloca\u00e7\u00e3o, com 18 pontos, afastando-se cada vez mais da briga pelo topo.<\/p>\n\n\n\n<p>A marca\u00e7\u00e3o do p\u00eanalti est\u00e1 prevista nas regras do futebol para situa\u00e7\u00f5es em que objetos s\u00e3o lan\u00e7ados em campo, interferindo na jogada. A decis\u00e3o, portanto, foi correta e indiscut\u00edvel. No entanto, n\u00e3o diminuiu as cr\u00edticas de Scarpa, que alegou favorecimento ao Flamengo. Scarpa, ali\u00e1s, n\u00e3o teve sucesso recente contra o Rubro-Negro, sendo goleado por 4 a 2 com o Atl\u00e9tico-MG na Arena MRV.<\/p>\n\n\n\n<p>O Atl\u00e9tico-MG de Scarpa, por outro lado, est\u00e1 em uma posi\u00e7\u00e3o menos confort\u00e1vel. Com 22 pontos, a equipe ocupa a 11\u00aa posi\u00e7\u00e3o e est\u00e1 mais pr\u00f3xima da zona de rebaixamento do que dos l\u00edderes do campeonato.<\/p>\n\n\n\n<h2 class=\"wp-block-heading\" id=\"h-fusca-chines-sera-vendido-no-brasil\">Fusca chin\u00eas ser\u00e1 vendido no Brasil<\/h2>\n\n\n\n<p>Al\u00e9m disso, o portal G\u00e1vea News tamb\u00e9m est\u00e1 produzindo conte\u00fados relacionados ao setor automotivo. Em outras palavras, se voc\u00ea deseja se manter bem informado sobre esse assunto,&nbsp;<a href=\"https:\/\/www.gaveanews.com\/index.php\/carros\/\">clique aqui para acessar exclusivamente as not\u00edcias dessa categoria.<\/a> Assim sendo, n\u00f3s publicamos duas not\u00edcias de destaque:&nbsp;<a href=\"https:\/\/www.gaveanews.com\/index.php\/2024\/04\/20\/carros-populares-com-manutencao-cara-e-complicada?utm_source=Recirculacao&amp;utm_medium=SubtituloFinalDaMateria&amp;utm_campaign=SubtituloFinalDaMateria\" target=\"_blank\" rel=\"noreferrer noopener\">Carros populares com manuten\u00e7\u00e3o cara e complicada<\/a>, e <a href=\"https:\/\/www.gaveanews.com\/index.php\/2024\/04\/19\/muito-moderno-fusca-alternativo-comecara-a-ser-vendido-no-brasil\/?utm_source=Recirculacao&amp;utm_medium=SubtituloFinalDaMateria&amp;utm_campaign=SubtituloFinalDaMateria\" target=\"_blank\" rel=\"noreferrer noopener\">Fusca \u2018alternativo\u2019 come\u00e7ar\u00e1 a ser vendido no Brasil (veja fotos).<\/a><\/p>\n","protected":false},"excerpt":{"rendered":"<p>A vit\u00f3ria do Flamengo por 2 a 1 sobre o Crici\u00fama neste s\u00e1bado (20) foi marcada por um p\u00eanalti concedido ao Rubro-Negro nos momentos finais da partida. A confus\u00e3o come\u00e7ou quando a torcida do Flamengo jogou uma segunda bola em campo, e o zagueiro Barreto, ao tentar interferir na jogada, chutou a bola extra em [&hellip;]<\/p>\n","protected":false},"author":1,"featured_media":143053,"comment_status":"open","ping_status":"closed","sticky":false,"template":"","format":"standard","meta":{"footnotes":""},"categories":[1],"tags":[],"class_list":["post-153488","post","type-post","status-publish","format-standard","has-post-thumbnail","hentry","category-flamengo"],"yoast_head":"<!-- This site is optimized with the Yoast SEO Premium plugin v24.2 (Yoast SEO v26.9) - https:\/\/yoast.com\/product\/yoast-seo-premium-wordpress\/ -->\n<title>A publica\u00e7\u00e3o de Gustavo Scarpa sobre o p\u00eanalti a favor do Flamengo<\/title>\n<meta name=\"robots\" content=\"index, follow, max-snippet:-1, max-image-preview:large, max-video-preview:-1\" \/>\n<link rel=\"canonical\" href=\"https:\/\/www.gaveanews.com\/index.php\/2024\/07\/20\/a-publicacao-de-gustavo-scarpa-sobre-o-penalti-a-favor-do-flamengo\/\" \/>\n<meta property=\"og:locale\" content=\"pt_BR\" \/>\n<meta property=\"og:type\" content=\"article\" \/>\n<meta property=\"og:title\" content=\"A publica\u00e7\u00e3o de Gustavo Scarpa sobre o p\u00eanalti a favor do Flamengo\" \/>\n<meta property=\"og:description\" content=\"A vit\u00f3ria do Flamengo por 2 a 1 sobre o Crici\u00fama neste s\u00e1bado (20) foi marcada por um p\u00eanalti concedido ao Rubro-Negro nos momentos finais da partida. A confus\u00e3o come\u00e7ou quando a torcida do Flamengo jogou uma segunda bola em campo, e o zagueiro Barreto, ao tentar interferir na jogada, chutou a bola extra em [&hellip;]\" \/>\n<meta property=\"og:url\" content=\"https:\/\/www.gaveanews.com\/index.php\/2024\/07\/20\/a-publicacao-de-gustavo-scarpa-sobre-o-penalti-a-favor-do-flamengo\/\" \/>\n<meta property=\"og:site_name\" content=\"G\u00e1vea News\" \/>\n<meta property=\"article:publisher\" content=\"https:\/\/facebook.com\/gaveaNews\/\" \/>\n<meta property=\"article:published_time\" content=\"2024-07-21T01:31:04+00:00\" \/>\n<meta property=\"article:modified_time\" content=\"2024-07-21T01:31:08+00:00\" \/>\n<meta property=\"og:image\" content=\"https:\/\/www.gaveanews.com\/wp-content\/uploads\/gustavo-scarpa-atletico-mg-galo-scaled.webp\" \/>\n\t<meta property=\"og:image:width\" content=\"2560\" \/>\n\t<meta property=\"og:image:height\" content=\"1707\" \/>\n\t<meta property=\"og:image:type\" content=\"image\/jpeg\" \/>\n<meta name=\"author\" content=\"Equipe G\u00e1vea News\" \/>\n<meta name=\"twitter:card\" content=\"summary_large_image\" \/>\n<meta name=\"twitter:label1\" content=\"Escrito por\" \/>\n\t<meta name=\"twitter:data1\" content=\"Equipe G\u00e1vea News\" \/>\n\t<meta name=\"twitter:label2\" content=\"Est. tempo de leitura\" \/>\n\t<meta name=\"twitter:data2\" content=\"3 minutos\" \/>\n<script type=\"application\/ld+json\" class=\"yoast-schema-graph\">{\"@context\":\"https:\/\/schema.org\",\"@graph\":[{\"@type\":\"NewsArticle\",\"@id\":\"https:\/\/www.gaveanews.com\/index.php\/2024\/07\/20\/a-publicacao-de-gustavo-scarpa-sobre-o-penalti-a-favor-do-flamengo\/#article\",\"isPartOf\":{\"@id\":\"https:\/\/www.gaveanews.com\/index.php\/2024\/07\/20\/a-publicacao-de-gustavo-scarpa-sobre-o-penalti-a-favor-do-flamengo\/\"},\"author\":{\"name\":\"Equipe G\u00e1vea News\",\"@id\":\"https:\/\/www.gaveanews.com\/#\/schema\/person\/2ec14f73fb96be2caf28f91afb14749d\"},\"headline\":\"A publica\u00e7\u00e3o de Gustavo Scarpa sobre o p\u00eanalti a favor do Flamengo\",\"datePublished\":\"2024-07-21T01:31:04+00:00\",\"dateModified\":\"2024-07-21T01:31:08+00:00\",\"mainEntityOfPage\":{\"@id\":\"https:\/\/www.gaveanews.com\/index.php\/2024\/07\/20\/a-publicacao-de-gustavo-scarpa-sobre-o-penalti-a-favor-do-flamengo\/\"},\"wordCount\":436,\"commentCount\":0,\"image\":{\"@id\":\"https:\/\/www.gaveanews.com\/index.php\/2024\/07\/20\/a-publicacao-de-gustavo-scarpa-sobre-o-penalti-a-favor-do-flamengo\/#primaryimage\"},\"thumbnailUrl\":\"https:\/\/www.gaveanews.com\/wp-content\/uploads\/gustavo-scarpa-atletico-mg-galo-scaled.webp\",\"articleSection\":[\"Flamengo\"],\"inLanguage\":\"pt-BR\",\"potentialAction\":[{\"@type\":\"CommentAction\",\"name\":\"Comment\",\"target\":[\"https:\/\/www.gaveanews.com\/index.php\/2024\/07\/20\/a-publicacao-de-gustavo-scarpa-sobre-o-penalti-a-favor-do-flamengo\/#respond\"]}],\"copyrightYear\":\"2024\",\"copyrightHolder\":{\"@id\":\"https:\/\/www.gaveanews.com\/#organization\"}},{\"@type\":\"WebPage\",\"@id\":\"https:\/\/www.gaveanews.com\/index.php\/2024\/07\/20\/a-publicacao-de-gustavo-scarpa-sobre-o-penalti-a-favor-do-flamengo\/\",\"url\":\"https:\/\/www.gaveanews.com\/index.php\/2024\/07\/20\/a-publicacao-de-gustavo-scarpa-sobre-o-penalti-a-favor-do-flamengo\/\",\"name\":\"A publica\u00e7\u00e3o de Gustavo Scarpa sobre o p\u00eanalti a favor do Flamengo\",\"isPartOf\":{\"@id\":\"https:\/\/www.gaveanews.com\/#website\"},\"primaryImageOfPage\":{\"@id\":\"https:\/\/www.gaveanews.com\/index.php\/2024\/07\/20\/a-publicacao-de-gustavo-scarpa-sobre-o-penalti-a-favor-do-flamengo\/#primaryimage\"},\"image\":{\"@id\":\"https:\/\/www.gaveanews.com\/index.php\/2024\/07\/20\/a-publicacao-de-gustavo-scarpa-sobre-o-penalti-a-favor-do-flamengo\/#primaryimage\"},\"thumbnailUrl\":\"https:\/\/www.gaveanews.com\/wp-content\/uploads\/gustavo-scarpa-atletico-mg-galo-scaled.webp\",\"datePublished\":\"2024-07-21T01:31:04+00:00\",\"dateModified\":\"2024-07-21T01:31:08+00:00\",\"author\":{\"@id\":\"https:\/\/www.gaveanews.com\/#\/schema\/person\/2ec14f73fb96be2caf28f91afb14749d\"},\"breadcrumb\":{\"@id\":\"https:\/\/www.gaveanews.com\/index.php\/2024\/07\/20\/a-publicacao-de-gustavo-scarpa-sobre-o-penalti-a-favor-do-flamengo\/#breadcrumb\"},\"inLanguage\":\"pt-BR\",\"potentialAction\":[{\"@type\":\"ReadAction\",\"target\":[\"https:\/\/www.gaveanews.com\/index.php\/2024\/07\/20\/a-publicacao-de-gustavo-scarpa-sobre-o-penalti-a-favor-do-flamengo\/\"]}]},{\"@type\":\"ImageObject\",\"inLanguage\":\"pt-BR\",\"@id\":\"https:\/\/www.gaveanews.com\/index.php\/2024\/07\/20\/a-publicacao-de-gustavo-scarpa-sobre-o-penalti-a-favor-do-flamengo\/#primaryimage\",\"url\":\"https:\/\/www.gaveanews.com\/wp-content\/uploads\/gustavo-scarpa-atletico-mg-galo-scaled.webp\",\"contentUrl\":\"https:\/\/www.gaveanews.com\/wp-content\/uploads\/gustavo-scarpa-atletico-mg-galo-scaled.webp\",\"width\":2560,\"height\":1707,\"caption\":\"Gustavo Scarpa em a\u00e7\u00e3o pelo Atl\u00e9tico-MG (Foto: Fernando Moreno\/AGIF)\"},{\"@type\":\"BreadcrumbList\",\"@id\":\"https:\/\/www.gaveanews.com\/index.php\/2024\/07\/20\/a-publicacao-de-gustavo-scarpa-sobre-o-penalti-a-favor-do-flamengo\/#breadcrumb\",\"itemListElement\":[{\"@type\":\"ListItem\",\"position\":1,\"name\":\"Home\",\"item\":\"https:\/\/www.gaveanews.com\/\"},{\"@type\":\"ListItem\",\"position\":2,\"name\":\"A publica\u00e7\u00e3o de Gustavo Scarpa sobre o p\u00eanalti a favor do Flamengo\"}]},{\"@type\":\"WebSite\",\"@id\":\"https:\/\/www.gaveanews.com\/#website\",\"url\":\"https:\/\/www.gaveanews.com\/\",\"name\":\"G\u00e1vea News\",\"description\":\"Veja todas as not\u00edcias sobre o Flamengo: Contrata\u00e7\u00f5es, categorias de base, resultados das partidas, tabela de classifica\u00e7\u00e3o, pr\u00f3ximos jogos!\",\"potentialAction\":[{\"@type\":\"SearchAction\",\"target\":{\"@type\":\"EntryPoint\",\"urlTemplate\":\"https:\/\/www.gaveanews.com\/?s={search_term_string}\"},\"query-input\":{\"@type\":\"PropertyValueSpecification\",\"valueRequired\":true,\"valueName\":\"search_term_string\"}}],\"inLanguage\":\"pt-BR\"},{\"@type\":\"Person\",\"@id\":\"https:\/\/www.gaveanews.com\/#\/schema\/person\/2ec14f73fb96be2caf28f91afb14749d\",\"name\":\"Equipe G\u00e1vea News\",\"image\":{\"@type\":\"ImageObject\",\"inLanguage\":\"pt-BR\",\"@id\":\"https:\/\/www.gaveanews.com\/#\/schema\/person\/image\/\",\"url\":\"https:\/\/secure.gravatar.com\/avatar\/1e1956f1facbffd3f8fa53a326721950116b3b9dc9bd44939c01180fd4a745a9?s=96&d=mm&r=g\",\"contentUrl\":\"https:\/\/secure.gravatar.com\/avatar\/1e1956f1facbffd3f8fa53a326721950116b3b9dc9bd44939c01180fd4a745a9?s=96&d=mm&r=g\",\"caption\":\"Equipe G\u00e1vea News\"}}]}<\/script>\n<!-- \/ Yoast SEO Premium plugin. -->","yoast_head_json":{"title":"A publica\u00e7\u00e3o de Gustavo Scarpa sobre o p\u00eanalti a favor do Flamengo","robots":{"index":"index","follow":"follow","max-snippet":"max-snippet:-1","max-image-preview":"max-image-preview:large","max-video-preview":"max-video-preview:-1"},"canonical":"https:\/\/www.gaveanews.com\/index.php\/2024\/07\/20\/a-publicacao-de-gustavo-scarpa-sobre-o-penalti-a-favor-do-flamengo\/","og_locale":"pt_BR","og_type":"article","og_title":"A publica\u00e7\u00e3o de Gustavo Scarpa sobre o p\u00eanalti a favor do Flamengo","og_description":"A vit\u00f3ria do Flamengo por 2 a 1 sobre o Crici\u00fama neste s\u00e1bado (20) foi marcada por um p\u00eanalti concedido ao Rubro-Negro nos momentos finais da partida. A confus\u00e3o come\u00e7ou quando a torcida do Flamengo jogou uma segunda bola em campo, e o zagueiro Barreto, ao tentar interferir na jogada, chutou a bola extra em [&hellip;]","og_url":"https:\/\/www.gaveanews.com\/index.php\/2024\/07\/20\/a-publicacao-de-gustavo-scarpa-sobre-o-penalti-a-favor-do-flamengo\/","og_site_name":"G\u00e1vea News","article_publisher":"https:\/\/facebook.com\/gaveaNews\/","article_published_time":"2024-07-21T01:31:04+00:00","article_modified_time":"2024-07-21T01:31:08+00:00","og_image":[{"width":2560,"height":1707,"url":"https:\/\/www.gaveanews.com\/wp-content\/uploads\/gustavo-scarpa-atletico-mg-galo-scaled.webp","type":"image\/jpeg"}],"author":"Equipe G\u00e1vea News","twitter_card":"summary_large_image","twitter_misc":{"Escrito por":"Equipe G\u00e1vea News","Est. tempo de leitura":"3 minutos"},"schema":{"@context":"https:\/\/schema.org","@graph":[{"@type":"NewsArticle","@id":"https:\/\/www.gaveanews.com\/index.php\/2024\/07\/20\/a-publicacao-de-gustavo-scarpa-sobre-o-penalti-a-favor-do-flamengo\/#article","isPartOf":{"@id":"https:\/\/www.gaveanews.com\/index.php\/2024\/07\/20\/a-publicacao-de-gustavo-scarpa-sobre-o-penalti-a-favor-do-flamengo\/"},"author":{"name":"Equipe G\u00e1vea News","@id":"https:\/\/www.gaveanews.com\/#\/schema\/person\/2ec14f73fb96be2caf28f91afb14749d"},"headline":"A publica\u00e7\u00e3o de Gustavo Scarpa sobre o p\u00eanalti a favor do Flamengo","datePublished":"2024-07-21T01:31:04+00:00","dateModified":"2024-07-21T01:31:08+00:00","mainEntityOfPage":{"@id":"https:\/\/www.gaveanews.com\/index.php\/2024\/07\/20\/a-publicacao-de-gustavo-scarpa-sobre-o-penalti-a-favor-do-flamengo\/"},"wordCount":436,"commentCount":0,"image":{"@id":"https:\/\/www.gaveanews.com\/index.php\/2024\/07\/20\/a-publicacao-de-gustavo-scarpa-sobre-o-penalti-a-favor-do-flamengo\/#primaryimage"},"thumbnailUrl":"https:\/\/www.gaveanews.com\/wp-content\/uploads\/gustavo-scarpa-atletico-mg-galo-scaled.webp","articleSection":["Flamengo"],"inLanguage":"pt-BR","potentialAction":[{"@type":"CommentAction","name":"Comment","target":["https:\/\/www.gaveanews.com\/index.php\/2024\/07\/20\/a-publicacao-de-gustavo-scarpa-sobre-o-penalti-a-favor-do-flamengo\/#respond"]}],"copyrightYear":"2024","copyrightHolder":{"@id":"https:\/\/www.gaveanews.com\/#organization"}},{"@type":"WebPage","@id":"https:\/\/www.gaveanews.com\/index.php\/2024\/07\/20\/a-publicacao-de-gustavo-scarpa-sobre-o-penalti-a-favor-do-flamengo\/","url":"https:\/\/www.gaveanews.com\/index.php\/2024\/07\/20\/a-publicacao-de-gustavo-scarpa-sobre-o-penalti-a-favor-do-flamengo\/","name":"A publica\u00e7\u00e3o de Gustavo Scarpa sobre o p\u00eanalti a favor do Flamengo","isPartOf":{"@id":"https:\/\/www.gaveanews.com\/#website"},"primaryImageOfPage":{"@id":"https:\/\/www.gaveanews.com\/index.php\/2024\/07\/20\/a-publicacao-de-gustavo-scarpa-sobre-o-penalti-a-favor-do-flamengo\/#primaryimage"},"image":{"@id":"https:\/\/www.gaveanews.com\/index.php\/2024\/07\/20\/a-publicacao-de-gustavo-scarpa-sobre-o-penalti-a-favor-do-flamengo\/#primaryimage"},"thumbnailUrl":"https:\/\/www.gaveanews.com\/wp-content\/uploads\/gustavo-scarpa-atletico-mg-galo-scaled.webp","datePublished":"2024-07-21T01:31:04+00:00","dateModified":"2024-07-21T01:31:08+00:00","author":{"@id":"https:\/\/www.gaveanews.com\/#\/schema\/person\/2ec14f73fb96be2caf28f91afb14749d"},"breadcrumb":{"@id":"https:\/\/www.gaveanews.com\/index.php\/2024\/07\/20\/a-publicacao-de-gustavo-scarpa-sobre-o-penalti-a-favor-do-flamengo\/#breadcrumb"},"inLanguage":"pt-BR","potentialAction":[{"@type":"ReadAction","target":["https:\/\/www.gaveanews.com\/index.php\/2024\/07\/20\/a-publicacao-de-gustavo-scarpa-sobre-o-penalti-a-favor-do-flamengo\/"]}]},{"@type":"ImageObject","inLanguage":"pt-BR","@id":"https:\/\/www.gaveanews.com\/index.php\/2024\/07\/20\/a-publicacao-de-gustavo-scarpa-sobre-o-penalti-a-favor-do-flamengo\/#primaryimage","url":"https:\/\/www.gaveanews.com\/wp-content\/uploads\/gustavo-scarpa-atletico-mg-galo-scaled.webp","contentUrl":"https:\/\/www.gaveanews.com\/wp-content\/uploads\/gustavo-scarpa-atletico-mg-galo-scaled.webp","width":2560,"height":1707,"caption":"Gustavo Scarpa em a\u00e7\u00e3o pelo Atl\u00e9tico-MG (Foto: Fernando Moreno\/AGIF)"},{"@type":"BreadcrumbList","@id":"https:\/\/www.gaveanews.com\/index.php\/2024\/07\/20\/a-publicacao-de-gustavo-scarpa-sobre-o-penalti-a-favor-do-flamengo\/#breadcrumb","itemListElement":[{"@type":"ListItem","position":1,"name":"Home","item":"https:\/\/www.gaveanews.com\/"},{"@type":"ListItem","position":2,"name":"A publica\u00e7\u00e3o de Gustavo Scarpa sobre o p\u00eanalti a favor do Flamengo"}]},{"@type":"WebSite","@id":"https:\/\/www.gaveanews.com\/#website","url":"https:\/\/www.gaveanews.com\/","name":"G\u00e1vea News","description":"Veja todas as not\u00edcias sobre o Flamengo: Contrata\u00e7\u00f5es, categorias de base, resultados das partidas, tabela de classifica\u00e7\u00e3o, pr\u00f3ximos jogos!","potentialAction":[{"@type":"SearchAction","target":{"@type":"EntryPoint","urlTemplate":"https:\/\/www.gaveanews.com\/?s={search_term_string}"},"query-input":{"@type":"PropertyValueSpecification","valueRequired":true,"valueName":"search_term_string"}}],"inLanguage":"pt-BR"},{"@type":"Person","@id":"https:\/\/www.gaveanews.com\/#\/schema\/person\/2ec14f73fb96be2caf28f91afb14749d","name":"Equipe G\u00e1vea News","image":{"@type":"ImageObject","inLanguage":"pt-BR","@id":"https:\/\/www.gaveanews.com\/#\/schema\/person\/image\/","url":"https:\/\/secure.gravatar.com\/avatar\/1e1956f1facbffd3f8fa53a326721950116b3b9dc9bd44939c01180fd4a745a9?s=96&d=mm&r=g","contentUrl":"https:\/\/secure.gravatar.com\/avatar\/1e1956f1facbffd3f8fa53a326721950116b3b9dc9bd44939c01180fd4a745a9?s=96&d=mm&r=g","caption":"Equipe G\u00e1vea News"}}]}},"_links":{"self":[{"href":"https:\/\/www.gaveanews.com\/index.php\/wp-json\/wp\/v2\/posts\/153488","targetHints":{"allow":["GET"]}}],"collection":[{"href":"https:\/\/www.gaveanews.com\/index.php\/wp-json\/wp\/v2\/posts"}],"about":[{"href":"https:\/\/www.gaveanews.com\/index.php\/wp-json\/wp\/v2\/types\/post"}],"author":[{"embeddable":true,"href":"https:\/\/www.gaveanews.com\/index.php\/wp-json\/wp\/v2\/users\/1"}],"replies":[{"embeddable":true,"href":"https:\/\/www.gaveanews.com\/index.php\/wp-json\/wp\/v2\/comments?post=153488"}],"version-history":[{"count":1,"href":"https:\/\/www.gaveanews.com\/index.php\/wp-json\/wp\/v2\/posts\/153488\/revisions"}],"predecessor-version":[{"id":153491,"href":"https:\/\/www.gaveanews.com\/index.php\/wp-json\/wp\/v2\/posts\/153488\/revisions\/153491"}],"wp:featuredmedia":[{"embeddable":true,"href":"https:\/\/www.gaveanews.com\/index.php\/wp-json\/wp\/v2\/media\/143053"}],"wp:attachment":[{"href":"https:\/\/www.gaveanews.com\/index.php\/wp-json\/wp\/v2\/media?parent=153488"}],"wp:term":[{"taxonomy":"category","embeddable":true,"href":"https:\/\/www.gaveanews.com\/index.php\/wp-json\/wp\/v2\/categories?post=153488"},{"taxonomy":"post_tag","embeddable":true,"href":"https:\/\/www.gaveanews.com\/index.php\/wp-json\/wp\/v2\/tags?post=153488"}],"curies":[{"name":"wp","href":"https:\/\/api.w.org\/{rel}","templated":true}]}}