{"id":153668,"date":"2024-07-22T16:32:32","date_gmt":"2024-07-22T19:32:32","guid":{"rendered":"https:\/\/www.gaveanews.com\/?p=153668"},"modified":"2024-07-22T16:32:35","modified_gmt":"2024-07-22T19:32:35","slug":"video-jornalista-do-vasco-fica-desesperado-com-bruno-praxedes-e-viraliza","status":"publish","type":"post","link":"https:\/\/www.gaveanews.com\/index.php\/2024\/07\/22\/video-jornalista-do-vasco-fica-desesperado-com-bruno-praxedes-e-viraliza\/","title":{"rendered":"V\u00eddeo: jornalista do Vasco fica desesperado com Bruno Praxedes e viraliza"},"content":{"rendered":"\n<p>No \u00faltimo domingo, o Vasco saiu da Arena MRV derrotado pelo Atl\u00e9tico Mineiro por 2 a 0 em uma atua\u00e7\u00e3o bem abaixo do que o cruzmaltino vinha apresentando nas \u00faltimas rodadas, as quais fizeram com que o clube figurasse entre os 10 primeiros.<\/p>\n\n\n\n<p>Um dos gols foi o que mais chamou aten\u00e7\u00e3o, Praxedes tentou recuar a bola para o goleiro, mas, ela saiu fraca caindo no meio do caminho nos p\u00e9s do Hulk, que carregou at\u00e9 a cara do gol, dividiu com os zagueiros e finalizou sem goleiro, finalizando o placar.<\/p>\n\n\n\n<ul class=\"wp-block-list\">\n<li><a href=\"https:\/\/www.gaveanews.com\/index.php\/2024\/07\/22\/video-torcidas-do-atletico-mg-e-vasco-se-unem-na-arena-mrv-contra-o-flamengo\/\">V\u00eddeo: torcidas do Atl\u00e9tico-MG e Vasco se unem na Arena MRV contra o Flamengo<\/a><\/li>\n\n\n\n<li><a href=\"https:\/\/www.gaveanews.com\/index.php\/2024\/07\/21\/a-declaracao-de-bernard-apos-a-vitoria-do-atletico-mg-contra-o-vasco\/\">A declara\u00e7\u00e3o de Bernard ap\u00f3s a vit\u00f3ria do Atl\u00e9tico-MG contra o Vasco<\/a><\/li>\n<\/ul>\n\n\n\n<p>O Canal Fan\u00e1tico Vasca\u00edno, que faz a cobertura dos jogos via r\u00e1dio no Youtube, teve sua rea\u00e7\u00e3o bastante viralizada ap\u00f3s ter ficado com uma verdadeira raiva pelo lance do Praxedes, que entregou a bola nos p\u00e9s do Hulk.<\/p>\n\n\n\n<blockquote class=\"twitter-tweet\" data-media-max-width=\"560\"><p lang=\"pt\" dir=\"ltr\">OLHA A BOLA DO PRAXEDEEEEEEEEESSSSSSS <a href=\"https:\/\/t.co\/eooppNmqXE\">pic.twitter.com\/eooppNmqXE<\/a><\/p>&mdash; Barrigadas (@BarrigadasFlatt) <a href=\"https:\/\/twitter.com\/BarrigadasFlatt\/status\/1815113210879672563?ref_src=twsrc%5Etfw\">July 21, 2024<\/a><\/blockquote> <script async src=\"https:\/\/platform.twitter.com\/widgets.js\" charset=\"utf-8\"><\/script>\n\n\n\n<p>O Vasco vinha em uma boa sequ\u00eancia de resultados com Rafael Paiva e acabou trope\u00e7ando nesse final de semana. A derrota custou posi\u00e7\u00f5es para o Vasco que cai de 9\u00ba para 11\u00ba na coloca\u00e7\u00e3o da competi\u00e7\u00e3o, perdendo posi\u00e7\u00e3o justamente para o Atl\u00e9tico Mineiro.<\/p>\n\n\n\n<h2 class=\"wp-block-heading\" id=\"h-qual-a-proxima-partida-do-vasco\">Qual a pr\u00f3xima partida do Vasco?<\/h2>\n\n\n\n<p>O Vasco volta a campo apenas na 20\u00aa rodada j\u00e1 que o confronto contra o Cuiab\u00e1 precisou ser adiado pois a equipe sul-matogrossense tem um compromisso com a Copa Sul Americana no meio da semana.<\/p>\n\n\n\n<p>O alvinegro carioca retorna apenas no dia 28 de junho, contra o Gr\u00eamio, na Arena Cond\u00e1, em Chapec\u00f3. Isso porque o Gr\u00eamio ainda est\u00e1 impossibilitado de receber jogos na Arena do Gr\u00eamio devido as fortes chuvas que aterrorizaram o Rio Grande do Sul nos \u00faltimos meses.<\/p>\n","protected":false},"excerpt":{"rendered":"<p>No \u00faltimo domingo, o Vasco saiu da Arena MRV derrotado pelo Atl\u00e9tico Mineiro por 2 a 0 em uma atua\u00e7\u00e3o bem abaixo do que o cruzmaltino vinha apresentando nas \u00faltimas rodadas, as quais fizeram com que o clube figurasse entre os 10 primeiros. Um dos gols foi o que mais chamou aten\u00e7\u00e3o, Praxedes tentou recuar [&hellip;]<\/p>\n","protected":false},"author":19,"featured_media":152090,"comment_status":"open","ping_status":"closed","sticky":false,"template":"","format":"standard","meta":{"footnotes":""},"categories":[152],"tags":[],"class_list":["post-153668","post","type-post","status-publish","format-standard","has-post-thumbnail","hentry","category-vasco"],"yoast_head":"<!-- This site is optimized with the Yoast SEO Premium plugin v24.2 (Yoast SEO v26.9) - https:\/\/yoast.com\/product\/yoast-seo-premium-wordpress\/ -->\n<title>V\u00eddeo: jornalista do Vasco fica desesperado com Bruno Praxedes e viraliza<\/title>\n<meta name=\"robots\" content=\"index, follow, max-snippet:-1, max-image-preview:large, max-video-preview:-1\" \/>\n<link rel=\"canonical\" href=\"https:\/\/www.gaveanews.com\/index.php\/2024\/07\/22\/video-jornalista-do-vasco-fica-desesperado-com-bruno-praxedes-e-viraliza\/\" \/>\n<meta property=\"og:locale\" content=\"pt_BR\" \/>\n<meta property=\"og:type\" content=\"article\" \/>\n<meta property=\"og:title\" content=\"V\u00eddeo: jornalista do Vasco fica desesperado com Bruno Praxedes e viraliza\" \/>\n<meta property=\"og:description\" content=\"No \u00faltimo domingo, o Vasco saiu da Arena MRV derrotado pelo Atl\u00e9tico Mineiro por 2 a 0 em uma atua\u00e7\u00e3o bem abaixo do que o cruzmaltino vinha apresentando nas \u00faltimas rodadas, as quais fizeram com que o clube figurasse entre os 10 primeiros. Um dos gols foi o que mais chamou aten\u00e7\u00e3o, Praxedes tentou recuar [&hellip;]\" \/>\n<meta property=\"og:url\" content=\"https:\/\/www.gaveanews.com\/index.php\/2024\/07\/22\/video-jornalista-do-vasco-fica-desesperado-com-bruno-praxedes-e-viraliza\/\" \/>\n<meta property=\"og:site_name\" content=\"G\u00e1vea News\" \/>\n<meta property=\"article:publisher\" content=\"https:\/\/facebook.com\/gaveaNews\/\" \/>\n<meta property=\"article:published_time\" content=\"2024-07-22T19:32:32+00:00\" \/>\n<meta property=\"article:modified_time\" content=\"2024-07-22T19:32:35+00:00\" \/>\n<meta property=\"og:image\" content=\"https:\/\/www.gaveanews.com\/wp-content\/uploads\/Bandeira-do-Vasco-da-Gama.webp\" \/>\n\t<meta property=\"og:image:width\" content=\"1159\" \/>\n\t<meta property=\"og:image:height\" content=\"772\" \/>\n\t<meta property=\"og:image:type\" content=\"image\/webp\" \/>\n<meta name=\"author\" content=\"Bruno Zanchetta\" \/>\n<meta name=\"twitter:card\" content=\"summary_large_image\" \/>\n<meta name=\"twitter:label1\" content=\"Escrito por\" \/>\n\t<meta name=\"twitter:data1\" content=\"Bruno Zanchetta\" \/>\n\t<meta name=\"twitter:label2\" content=\"Est. tempo de leitura\" \/>\n\t<meta name=\"twitter:data2\" content=\"2 minutos\" \/>\n<script type=\"application\/ld+json\" class=\"yoast-schema-graph\">{\"@context\":\"https:\/\/schema.org\",\"@graph\":[{\"@type\":\"NewsArticle\",\"@id\":\"https:\/\/www.gaveanews.com\/index.php\/2024\/07\/22\/video-jornalista-do-vasco-fica-desesperado-com-bruno-praxedes-e-viraliza\/#article\",\"isPartOf\":{\"@id\":\"https:\/\/www.gaveanews.com\/index.php\/2024\/07\/22\/video-jornalista-do-vasco-fica-desesperado-com-bruno-praxedes-e-viraliza\/\"},\"author\":{\"name\":\"Bruno Zanchetta\",\"@id\":\"https:\/\/www.gaveanews.com\/#\/schema\/person\/32fddefab25b466689f181be346cd98c\"},\"headline\":\"V\u00eddeo: jornalista do Vasco fica desesperado com Bruno Praxedes e viraliza\",\"datePublished\":\"2024-07-22T19:32:32+00:00\",\"dateModified\":\"2024-07-22T19:32:35+00:00\",\"mainEntityOfPage\":{\"@id\":\"https:\/\/www.gaveanews.com\/index.php\/2024\/07\/22\/video-jornalista-do-vasco-fica-desesperado-com-bruno-praxedes-e-viraliza\/\"},\"wordCount\":330,\"commentCount\":0,\"image\":{\"@id\":\"https:\/\/www.gaveanews.com\/index.php\/2024\/07\/22\/video-jornalista-do-vasco-fica-desesperado-com-bruno-praxedes-e-viraliza\/#primaryimage\"},\"thumbnailUrl\":\"https:\/\/www.gaveanews.com\/wp-content\/uploads\/Bandeira-do-Vasco-da-Gama.webp\",\"articleSection\":[\"Vasco\"],\"inLanguage\":\"pt-BR\",\"potentialAction\":[{\"@type\":\"CommentAction\",\"name\":\"Comment\",\"target\":[\"https:\/\/www.gaveanews.com\/index.php\/2024\/07\/22\/video-jornalista-do-vasco-fica-desesperado-com-bruno-praxedes-e-viraliza\/#respond\"]}],\"copyrightYear\":\"2024\",\"copyrightHolder\":{\"@id\":\"https:\/\/www.gaveanews.com\/#organization\"}},{\"@type\":\"WebPage\",\"@id\":\"https:\/\/www.gaveanews.com\/index.php\/2024\/07\/22\/video-jornalista-do-vasco-fica-desesperado-com-bruno-praxedes-e-viraliza\/\",\"url\":\"https:\/\/www.gaveanews.com\/index.php\/2024\/07\/22\/video-jornalista-do-vasco-fica-desesperado-com-bruno-praxedes-e-viraliza\/\",\"name\":\"V\u00eddeo: jornalista do Vasco fica desesperado com Bruno Praxedes e viraliza\",\"isPartOf\":{\"@id\":\"https:\/\/www.gaveanews.com\/#website\"},\"primaryImageOfPage\":{\"@id\":\"https:\/\/www.gaveanews.com\/index.php\/2024\/07\/22\/video-jornalista-do-vasco-fica-desesperado-com-bruno-praxedes-e-viraliza\/#primaryimage\"},\"image\":{\"@id\":\"https:\/\/www.gaveanews.com\/index.php\/2024\/07\/22\/video-jornalista-do-vasco-fica-desesperado-com-bruno-praxedes-e-viraliza\/#primaryimage\"},\"thumbnailUrl\":\"https:\/\/www.gaveanews.com\/wp-content\/uploads\/Bandeira-do-Vasco-da-Gama.webp\",\"datePublished\":\"2024-07-22T19:32:32+00:00\",\"dateModified\":\"2024-07-22T19:32:35+00:00\",\"author\":{\"@id\":\"https:\/\/www.gaveanews.com\/#\/schema\/person\/32fddefab25b466689f181be346cd98c\"},\"breadcrumb\":{\"@id\":\"https:\/\/www.gaveanews.com\/index.php\/2024\/07\/22\/video-jornalista-do-vasco-fica-desesperado-com-bruno-praxedes-e-viraliza\/#breadcrumb\"},\"inLanguage\":\"pt-BR\",\"potentialAction\":[{\"@type\":\"ReadAction\",\"target\":[\"https:\/\/www.gaveanews.com\/index.php\/2024\/07\/22\/video-jornalista-do-vasco-fica-desesperado-com-bruno-praxedes-e-viraliza\/\"]}]},{\"@type\":\"ImageObject\",\"inLanguage\":\"pt-BR\",\"@id\":\"https:\/\/www.gaveanews.com\/index.php\/2024\/07\/22\/video-jornalista-do-vasco-fica-desesperado-com-bruno-praxedes-e-viraliza\/#primaryimage\",\"url\":\"https:\/\/www.gaveanews.com\/wp-content\/uploads\/Bandeira-do-Vasco-da-Gama.webp\",\"contentUrl\":\"https:\/\/www.gaveanews.com\/wp-content\/uploads\/Bandeira-do-Vasco-da-Gama.webp\",\"width\":1159,\"height\":772,\"caption\":\"Bandeira do Vasco da Gama (Foto: Reprodu\u00e7\u00e3o\/Vasco)\"},{\"@type\":\"BreadcrumbList\",\"@id\":\"https:\/\/www.gaveanews.com\/index.php\/2024\/07\/22\/video-jornalista-do-vasco-fica-desesperado-com-bruno-praxedes-e-viraliza\/#breadcrumb\",\"itemListElement\":[{\"@type\":\"ListItem\",\"position\":1,\"name\":\"Home\",\"item\":\"https:\/\/www.gaveanews.com\/\"},{\"@type\":\"ListItem\",\"position\":2,\"name\":\"V\u00eddeo: jornalista do Vasco fica desesperado com Bruno Praxedes e viraliza\"}]},{\"@type\":\"WebSite\",\"@id\":\"https:\/\/www.gaveanews.com\/#website\",\"url\":\"https:\/\/www.gaveanews.com\/\",\"name\":\"G\u00e1vea News\",\"description\":\"Veja todas as not\u00edcias sobre o Flamengo: Contrata\u00e7\u00f5es, categorias de base, resultados das partidas, tabela de classifica\u00e7\u00e3o, pr\u00f3ximos jogos!\",\"potentialAction\":[{\"@type\":\"SearchAction\",\"target\":{\"@type\":\"EntryPoint\",\"urlTemplate\":\"https:\/\/www.gaveanews.com\/?s={search_term_string}\"},\"query-input\":{\"@type\":\"PropertyValueSpecification\",\"valueRequired\":true,\"valueName\":\"search_term_string\"}}],\"inLanguage\":\"pt-BR\"},{\"@type\":\"Person\",\"@id\":\"https:\/\/www.gaveanews.com\/#\/schema\/person\/32fddefab25b466689f181be346cd98c\",\"name\":\"Bruno Zanchetta\",\"image\":{\"@type\":\"ImageObject\",\"inLanguage\":\"pt-BR\",\"@id\":\"https:\/\/www.gaveanews.com\/#\/schema\/person\/image\/\",\"url\":\"https:\/\/secure.gravatar.com\/avatar\/3ba2d39f8a912ad65276975a996d6ad8d9e3dd13448684be8dc4d7c17099d2ee?s=96&d=mm&r=g\",\"contentUrl\":\"https:\/\/secure.gravatar.com\/avatar\/3ba2d39f8a912ad65276975a996d6ad8d9e3dd13448684be8dc4d7c17099d2ee?s=96&d=mm&r=g\",\"caption\":\"Bruno Zanchetta\"}}]}<\/script>\n<!-- \/ Yoast SEO Premium plugin. -->","yoast_head_json":{"title":"V\u00eddeo: jornalista do Vasco fica desesperado com Bruno Praxedes e viraliza","robots":{"index":"index","follow":"follow","max-snippet":"max-snippet:-1","max-image-preview":"max-image-preview:large","max-video-preview":"max-video-preview:-1"},"canonical":"https:\/\/www.gaveanews.com\/index.php\/2024\/07\/22\/video-jornalista-do-vasco-fica-desesperado-com-bruno-praxedes-e-viraliza\/","og_locale":"pt_BR","og_type":"article","og_title":"V\u00eddeo: jornalista do Vasco fica desesperado com Bruno Praxedes e viraliza","og_description":"No \u00faltimo domingo, o Vasco saiu da Arena MRV derrotado pelo Atl\u00e9tico Mineiro por 2 a 0 em uma atua\u00e7\u00e3o bem abaixo do que o cruzmaltino vinha apresentando nas \u00faltimas rodadas, as quais fizeram com que o clube figurasse entre os 10 primeiros. Um dos gols foi o que mais chamou aten\u00e7\u00e3o, Praxedes tentou recuar [&hellip;]","og_url":"https:\/\/www.gaveanews.com\/index.php\/2024\/07\/22\/video-jornalista-do-vasco-fica-desesperado-com-bruno-praxedes-e-viraliza\/","og_site_name":"G\u00e1vea News","article_publisher":"https:\/\/facebook.com\/gaveaNews\/","article_published_time":"2024-07-22T19:32:32+00:00","article_modified_time":"2024-07-22T19:32:35+00:00","og_image":[{"width":1159,"height":772,"url":"https:\/\/www.gaveanews.com\/wp-content\/uploads\/Bandeira-do-Vasco-da-Gama.webp","type":"image\/webp"}],"author":"Bruno Zanchetta","twitter_card":"summary_large_image","twitter_misc":{"Escrito por":"Bruno Zanchetta","Est. tempo de leitura":"2 minutos"},"schema":{"@context":"https:\/\/schema.org","@graph":[{"@type":"NewsArticle","@id":"https:\/\/www.gaveanews.com\/index.php\/2024\/07\/22\/video-jornalista-do-vasco-fica-desesperado-com-bruno-praxedes-e-viraliza\/#article","isPartOf":{"@id":"https:\/\/www.gaveanews.com\/index.php\/2024\/07\/22\/video-jornalista-do-vasco-fica-desesperado-com-bruno-praxedes-e-viraliza\/"},"author":{"name":"Bruno Zanchetta","@id":"https:\/\/www.gaveanews.com\/#\/schema\/person\/32fddefab25b466689f181be346cd98c"},"headline":"V\u00eddeo: jornalista do Vasco fica desesperado com Bruno Praxedes e viraliza","datePublished":"2024-07-22T19:32:32+00:00","dateModified":"2024-07-22T19:32:35+00:00","mainEntityOfPage":{"@id":"https:\/\/www.gaveanews.com\/index.php\/2024\/07\/22\/video-jornalista-do-vasco-fica-desesperado-com-bruno-praxedes-e-viraliza\/"},"wordCount":330,"commentCount":0,"image":{"@id":"https:\/\/www.gaveanews.com\/index.php\/2024\/07\/22\/video-jornalista-do-vasco-fica-desesperado-com-bruno-praxedes-e-viraliza\/#primaryimage"},"thumbnailUrl":"https:\/\/www.gaveanews.com\/wp-content\/uploads\/Bandeira-do-Vasco-da-Gama.webp","articleSection":["Vasco"],"inLanguage":"pt-BR","potentialAction":[{"@type":"CommentAction","name":"Comment","target":["https:\/\/www.gaveanews.com\/index.php\/2024\/07\/22\/video-jornalista-do-vasco-fica-desesperado-com-bruno-praxedes-e-viraliza\/#respond"]}],"copyrightYear":"2024","copyrightHolder":{"@id":"https:\/\/www.gaveanews.com\/#organization"}},{"@type":"WebPage","@id":"https:\/\/www.gaveanews.com\/index.php\/2024\/07\/22\/video-jornalista-do-vasco-fica-desesperado-com-bruno-praxedes-e-viraliza\/","url":"https:\/\/www.gaveanews.com\/index.php\/2024\/07\/22\/video-jornalista-do-vasco-fica-desesperado-com-bruno-praxedes-e-viraliza\/","name":"V\u00eddeo: jornalista do Vasco fica desesperado com Bruno Praxedes e viraliza","isPartOf":{"@id":"https:\/\/www.gaveanews.com\/#website"},"primaryImageOfPage":{"@id":"https:\/\/www.gaveanews.com\/index.php\/2024\/07\/22\/video-jornalista-do-vasco-fica-desesperado-com-bruno-praxedes-e-viraliza\/#primaryimage"},"image":{"@id":"https:\/\/www.gaveanews.com\/index.php\/2024\/07\/22\/video-jornalista-do-vasco-fica-desesperado-com-bruno-praxedes-e-viraliza\/#primaryimage"},"thumbnailUrl":"https:\/\/www.gaveanews.com\/wp-content\/uploads\/Bandeira-do-Vasco-da-Gama.webp","datePublished":"2024-07-22T19:32:32+00:00","dateModified":"2024-07-22T19:32:35+00:00","author":{"@id":"https:\/\/www.gaveanews.com\/#\/schema\/person\/32fddefab25b466689f181be346cd98c"},"breadcrumb":{"@id":"https:\/\/www.gaveanews.com\/index.php\/2024\/07\/22\/video-jornalista-do-vasco-fica-desesperado-com-bruno-praxedes-e-viraliza\/#breadcrumb"},"inLanguage":"pt-BR","potentialAction":[{"@type":"ReadAction","target":["https:\/\/www.gaveanews.com\/index.php\/2024\/07\/22\/video-jornalista-do-vasco-fica-desesperado-com-bruno-praxedes-e-viraliza\/"]}]},{"@type":"ImageObject","inLanguage":"pt-BR","@id":"https:\/\/www.gaveanews.com\/index.php\/2024\/07\/22\/video-jornalista-do-vasco-fica-desesperado-com-bruno-praxedes-e-viraliza\/#primaryimage","url":"https:\/\/www.gaveanews.com\/wp-content\/uploads\/Bandeira-do-Vasco-da-Gama.webp","contentUrl":"https:\/\/www.gaveanews.com\/wp-content\/uploads\/Bandeira-do-Vasco-da-Gama.webp","width":1159,"height":772,"caption":"Bandeira do Vasco da Gama (Foto: Reprodu\u00e7\u00e3o\/Vasco)"},{"@type":"BreadcrumbList","@id":"https:\/\/www.gaveanews.com\/index.php\/2024\/07\/22\/video-jornalista-do-vasco-fica-desesperado-com-bruno-praxedes-e-viraliza\/#breadcrumb","itemListElement":[{"@type":"ListItem","position":1,"name":"Home","item":"https:\/\/www.gaveanews.com\/"},{"@type":"ListItem","position":2,"name":"V\u00eddeo: jornalista do Vasco fica desesperado com Bruno Praxedes e viraliza"}]},{"@type":"WebSite","@id":"https:\/\/www.gaveanews.com\/#website","url":"https:\/\/www.gaveanews.com\/","name":"G\u00e1vea News","description":"Veja todas as not\u00edcias sobre o Flamengo: Contrata\u00e7\u00f5es, categorias de base, resultados das partidas, tabela de classifica\u00e7\u00e3o, pr\u00f3ximos jogos!","potentialAction":[{"@type":"SearchAction","target":{"@type":"EntryPoint","urlTemplate":"https:\/\/www.gaveanews.com\/?s={search_term_string}"},"query-input":{"@type":"PropertyValueSpecification","valueRequired":true,"valueName":"search_term_string"}}],"inLanguage":"pt-BR"},{"@type":"Person","@id":"https:\/\/www.gaveanews.com\/#\/schema\/person\/32fddefab25b466689f181be346cd98c","name":"Bruno Zanchetta","image":{"@type":"ImageObject","inLanguage":"pt-BR","@id":"https:\/\/www.gaveanews.com\/#\/schema\/person\/image\/","url":"https:\/\/secure.gravatar.com\/avatar\/3ba2d39f8a912ad65276975a996d6ad8d9e3dd13448684be8dc4d7c17099d2ee?s=96&d=mm&r=g","contentUrl":"https:\/\/secure.gravatar.com\/avatar\/3ba2d39f8a912ad65276975a996d6ad8d9e3dd13448684be8dc4d7c17099d2ee?s=96&d=mm&r=g","caption":"Bruno Zanchetta"}}]}},"_links":{"self":[{"href":"https:\/\/www.gaveanews.com\/index.php\/wp-json\/wp\/v2\/posts\/153668","targetHints":{"allow":["GET"]}}],"collection":[{"href":"https:\/\/www.gaveanews.com\/index.php\/wp-json\/wp\/v2\/posts"}],"about":[{"href":"https:\/\/www.gaveanews.com\/index.php\/wp-json\/wp\/v2\/types\/post"}],"author":[{"embeddable":true,"href":"https:\/\/www.gaveanews.com\/index.php\/wp-json\/wp\/v2\/users\/19"}],"replies":[{"embeddable":true,"href":"https:\/\/www.gaveanews.com\/index.php\/wp-json\/wp\/v2\/comments?post=153668"}],"version-history":[{"count":2,"href":"https:\/\/www.gaveanews.com\/index.php\/wp-json\/wp\/v2\/posts\/153668\/revisions"}],"predecessor-version":[{"id":153718,"href":"https:\/\/www.gaveanews.com\/index.php\/wp-json\/wp\/v2\/posts\/153668\/revisions\/153718"}],"wp:featuredmedia":[{"embeddable":true,"href":"https:\/\/www.gaveanews.com\/index.php\/wp-json\/wp\/v2\/media\/152090"}],"wp:attachment":[{"href":"https:\/\/www.gaveanews.com\/index.php\/wp-json\/wp\/v2\/media?parent=153668"}],"wp:term":[{"taxonomy":"category","embeddable":true,"href":"https:\/\/www.gaveanews.com\/index.php\/wp-json\/wp\/v2\/categories?post=153668"},{"taxonomy":"post_tag","embeddable":true,"href":"https:\/\/www.gaveanews.com\/index.php\/wp-json\/wp\/v2\/tags?post=153668"}],"curies":[{"name":"wp","href":"https:\/\/api.w.org\/{rel}","templated":true}]}}