{"id":153764,"date":"2024-07-23T09:34:49","date_gmt":"2024-07-23T12:34:49","guid":{"rendered":"https:\/\/www.gaveanews.com\/?p=153764"},"modified":"2024-07-23T09:34:52","modified_gmt":"2024-07-23T12:34:52","slug":"ele-quase-deixou-o-palmeiras-mas-agora-deve-ganhar-uma-vaga-no-time-titular","status":"publish","type":"post","link":"https:\/\/www.gaveanews.com\/index.php\/2024\/07\/23\/ele-quase-deixou-o-palmeiras-mas-agora-deve-ganhar-uma-vaga-no-time-titular\/","title":{"rendered":"Ele quase deixou o Palmeiras, mas agora deve ganhar uma vaga no time titular"},"content":{"rendered":"\n<h2 class=\"wp-block-heading\" id=\"h-dudu-retorna-como-titular-no-palmeiras-apos-328-dias\">Dudu retorna como titular no Palmeiras ap\u00f3s 328 dias <\/h2>\n\n\n\n<p>No \u00faltimo s\u00e1bado, o \u00eddolo palmeirense Dudu voltou a ser titular depois de 328 dias afastado, contribuindo para a vit\u00f3ria por 2 a 0 sobre o Cruzeiro, no Allianz Parque. Escolhido para substituir o lesionado Est\u00eav\u00e3o, o camisa 7 do Verd\u00e3o est\u00e1 deixando para tr\u00e1s um per\u00edodo turbulento e ganhando confian\u00e7a com o t\u00e9cnico Abel Ferreira, em um momento importante para o time, que se prepara para uma s\u00e9rie de decis\u00f5es at\u00e9 o fim de agosto.<\/p>\n\n\n\n<ul class=\"wp-block-list\">\n<li><a href=\"https:\/\/www.gaveanews.com\/index.php\/2024\/07\/22\/palmeiras-ganha-reforco-para-os-proximos-jogos\/\">Palmeiras ganha refor\u00e7o para os pr\u00f3ximos jogos<\/a><\/li>\n\n\n\n<li><a href=\"https:\/\/www.gaveanews.com\/index.php\/2024\/07\/22\/abel-ferreira-ganha-desfalque-para-fluminense-x-palmeiras\/\">Abel Ferreira ganha desfalque para Fluminense x Palmeiras<\/a><\/li>\n<\/ul>\n\n\n\n<p>Desde a recupera\u00e7\u00e3o da cirurgia no joelho, Dudu havia participado de cinco partidas em 2024, todas saindo do banco de reservas. Contra o Cruzeiro, ele teve sua maior minutagem na temporada, jogando 63 minutos antes de ser substitu\u00eddo por Maur\u00edcio.<\/p>\n\n\n<div class=\"wp-block-image\">\n<figure class=\"aligncenter size-full\"><img loading=\"lazy\" decoding=\"async\" width=\"734\" height=\"800\" src=\"https:\/\/www.gaveanews.com\/wp-content\/uploads\/dudu-palmeiras.webp\" alt=\"\" class=\"wp-image-91497\" srcset=\"https:\/\/www.gaveanews.com\/wp-content\/uploads\/dudu-palmeiras.webp 734w, https:\/\/www.gaveanews.com\/wp-content\/uploads\/dudu-palmeiras-275x300.webp 275w, https:\/\/www.gaveanews.com\/wp-content\/uploads\/dudu-palmeiras-385x420.webp 385w, https:\/\/www.gaveanews.com\/wp-content\/uploads\/dudu-palmeiras-640x698.webp 640w, https:\/\/www.gaveanews.com\/wp-content\/uploads\/dudu-palmeiras-681x742.webp 681w, https:\/\/www.gaveanews.com\/wp-content\/uploads\/dudu-palmeiras-100x109.webp 100w\" sizes=\"auto, (max-width: 734px) 100vw, 734px\" \/><figcaption class=\"wp-element-caption\">Dudu em partida do Palmeiras (Foto: Cesar Greco\/Palmeiras)<\/figcaption><\/figure>\n<\/div>\n\n\n<p>Abel Ferreira destacou o desempenho de Dudu, afirmando que, apesar de n\u00e3o estar pronto para jogar os 90 minutos, ele trouxe energia e experi\u00eancia ao time. <\/p>\n\n\n\n<p>&#8220;Dudu eu n\u00e3o sabia como ia reagir (jogando desde o in\u00edcio) e na minha opini\u00e3o foi positivo. Ele vai ser um jogador que dificilmente vai fazer os 90 minutos, porque sempre substituo nas pontas. A ideia foi refrescar a equipe, manter a energia e experi\u00eancia, porque Dudu nos traz isso, Felipe (Anderson) tamb\u00e9m entrou muito bem&#8221;, explicou o t\u00e9cnico.<\/p>\n\n\n\n<p>A recupera\u00e7\u00e3o de Dudu \u00e9 importante para o Palmeiras, especialmente com Est\u00eav\u00e3o se recuperando de entorses no joelho e tornozelo esquerdo, e com a sequ\u00eancia de jogos decisivos na Copa do Brasil, Conmebol Libertadores e Brasileir\u00e3o. <\/p>\n\n\n\n<p>Apesar das negocia\u00e7\u00f5es frustradas com o Cruzeiro e uma tentativa de transfer\u00eancia para o Flamengo, que envolvia uma troca com Gabigol, Dudu parece determinado a permanecer no Palmeiras pelo menos at\u00e9 o fim da temporada. Com contrato at\u00e9 dezembro de 2025 e a possibilidade de renova\u00e7\u00e3o por metas por mais um ano, o atacante expressou seu desejo de continuar na Academia de Futebol.<\/p>\n\n\n\n<p>Dudu, que \u00e9 o jogador com mais partidas pelo Palmeiras (449) e um dos maiores campe\u00f5es da hist\u00f3ria do clube com 12 ta\u00e7as, atingiu no s\u00e1bado a marca de 200 jogos no Allianz Parque. Seu retorno como titular \u00e9 um sinal positivo para o Verd\u00e3o, que busca manter a competitividade e conquistar mais t\u00edtulos nesta temporada.<\/p>\n","protected":false},"excerpt":{"rendered":"<p>Dudu retorna como titular no Palmeiras ap\u00f3s 328 dias No \u00faltimo s\u00e1bado, o \u00eddolo palmeirense Dudu voltou a ser titular depois de 328 dias afastado, contribuindo para a vit\u00f3ria por 2 a 0 sobre o Cruzeiro, no Allianz Parque. Escolhido para substituir o lesionado Est\u00eav\u00e3o, o camisa 7 do Verd\u00e3o est\u00e1 deixando para tr\u00e1s um [&hellip;]<\/p>\n","protected":false},"author":17,"featured_media":144864,"comment_status":"open","ping_status":"closed","sticky":false,"template":"","format":"standard","meta":{"footnotes":""},"categories":[150],"tags":[],"class_list":["post-153764","post","type-post","status-publish","format-standard","has-post-thumbnail","hentry","category-palmeiras"],"yoast_head":"<!-- This site is optimized with the Yoast SEO Premium plugin v24.2 (Yoast SEO v26.9) - https:\/\/yoast.com\/product\/yoast-seo-premium-wordpress\/ -->\n<title>Ele quase deixou o Palmeiras, mas agora deve ganhar uma vaga no time titular<\/title>\n<meta name=\"robots\" content=\"index, follow, max-snippet:-1, max-image-preview:large, max-video-preview:-1\" \/>\n<link rel=\"canonical\" href=\"https:\/\/www.gaveanews.com\/index.php\/2024\/07\/23\/ele-quase-deixou-o-palmeiras-mas-agora-deve-ganhar-uma-vaga-no-time-titular\/\" \/>\n<meta property=\"og:locale\" content=\"pt_BR\" \/>\n<meta property=\"og:type\" content=\"article\" \/>\n<meta property=\"og:title\" content=\"Ele quase deixou o Palmeiras, mas agora deve ganhar uma vaga no time titular\" \/>\n<meta property=\"og:description\" content=\"Dudu retorna como titular no Palmeiras ap\u00f3s 328 dias No \u00faltimo s\u00e1bado, o \u00eddolo palmeirense Dudu voltou a ser titular depois de 328 dias afastado, contribuindo para a vit\u00f3ria por 2 a 0 sobre o Cruzeiro, no Allianz Parque. Escolhido para substituir o lesionado Est\u00eav\u00e3o, o camisa 7 do Verd\u00e3o est\u00e1 deixando para tr\u00e1s um [&hellip;]\" \/>\n<meta property=\"og:url\" content=\"https:\/\/www.gaveanews.com\/index.php\/2024\/07\/23\/ele-quase-deixou-o-palmeiras-mas-agora-deve-ganhar-uma-vaga-no-time-titular\/\" \/>\n<meta property=\"og:site_name\" content=\"G\u00e1vea News\" \/>\n<meta property=\"article:publisher\" content=\"https:\/\/facebook.com\/gaveaNews\/\" \/>\n<meta property=\"article:published_time\" content=\"2024-07-23T12:34:49+00:00\" \/>\n<meta property=\"article:modified_time\" content=\"2024-07-23T12:34:52+00:00\" \/>\n<meta property=\"og:image\" content=\"https:\/\/www.gaveanews.com\/wp-content\/uploads\/abel_coletiva_5.webp\" \/>\n\t<meta property=\"og:image:width\" content=\"1200\" \/>\n\t<meta property=\"og:image:height\" content=\"560\" \/>\n\t<meta property=\"og:image:type\" content=\"image\/jpeg\" \/>\n<meta name=\"author\" content=\"Geovanna Thomaz\" \/>\n<meta name=\"twitter:card\" content=\"summary_large_image\" \/>\n<meta name=\"twitter:label1\" content=\"Escrito por\" \/>\n\t<meta name=\"twitter:data1\" content=\"Geovanna Thomaz\" \/>\n\t<meta name=\"twitter:label2\" content=\"Est. tempo de leitura\" \/>\n\t<meta name=\"twitter:data2\" content=\"3 minutos\" \/>\n<script type=\"application\/ld+json\" class=\"yoast-schema-graph\">{\"@context\":\"https:\/\/schema.org\",\"@graph\":[{\"@type\":\"NewsArticle\",\"@id\":\"https:\/\/www.gaveanews.com\/index.php\/2024\/07\/23\/ele-quase-deixou-o-palmeiras-mas-agora-deve-ganhar-uma-vaga-no-time-titular\/#article\",\"isPartOf\":{\"@id\":\"https:\/\/www.gaveanews.com\/index.php\/2024\/07\/23\/ele-quase-deixou-o-palmeiras-mas-agora-deve-ganhar-uma-vaga-no-time-titular\/\"},\"author\":{\"name\":\"Geovanna Thomaz\",\"@id\":\"https:\/\/www.gaveanews.com\/#\/schema\/person\/f42654babcd2b2014a1a65af82b081f1\"},\"headline\":\"Ele quase deixou o Palmeiras, mas agora deve ganhar uma vaga no time titular\",\"datePublished\":\"2024-07-23T12:34:49+00:00\",\"dateModified\":\"2024-07-23T12:34:52+00:00\",\"mainEntityOfPage\":{\"@id\":\"https:\/\/www.gaveanews.com\/index.php\/2024\/07\/23\/ele-quase-deixou-o-palmeiras-mas-agora-deve-ganhar-uma-vaga-no-time-titular\/\"},\"wordCount\":426,\"commentCount\":0,\"image\":{\"@id\":\"https:\/\/www.gaveanews.com\/index.php\/2024\/07\/23\/ele-quase-deixou-o-palmeiras-mas-agora-deve-ganhar-uma-vaga-no-time-titular\/#primaryimage\"},\"thumbnailUrl\":\"https:\/\/www.gaveanews.com\/wp-content\/uploads\/abel_coletiva_5.webp\",\"articleSection\":[\"Palmeiras\"],\"inLanguage\":\"pt-BR\",\"potentialAction\":[{\"@type\":\"CommentAction\",\"name\":\"Comment\",\"target\":[\"https:\/\/www.gaveanews.com\/index.php\/2024\/07\/23\/ele-quase-deixou-o-palmeiras-mas-agora-deve-ganhar-uma-vaga-no-time-titular\/#respond\"]}],\"copyrightYear\":\"2024\",\"copyrightHolder\":{\"@id\":\"https:\/\/www.gaveanews.com\/#organization\"}},{\"@type\":\"WebPage\",\"@id\":\"https:\/\/www.gaveanews.com\/index.php\/2024\/07\/23\/ele-quase-deixou-o-palmeiras-mas-agora-deve-ganhar-uma-vaga-no-time-titular\/\",\"url\":\"https:\/\/www.gaveanews.com\/index.php\/2024\/07\/23\/ele-quase-deixou-o-palmeiras-mas-agora-deve-ganhar-uma-vaga-no-time-titular\/\",\"name\":\"Ele quase deixou o Palmeiras, mas agora deve ganhar uma vaga no time titular\",\"isPartOf\":{\"@id\":\"https:\/\/www.gaveanews.com\/#website\"},\"primaryImageOfPage\":{\"@id\":\"https:\/\/www.gaveanews.com\/index.php\/2024\/07\/23\/ele-quase-deixou-o-palmeiras-mas-agora-deve-ganhar-uma-vaga-no-time-titular\/#primaryimage\"},\"image\":{\"@id\":\"https:\/\/www.gaveanews.com\/index.php\/2024\/07\/23\/ele-quase-deixou-o-palmeiras-mas-agora-deve-ganhar-uma-vaga-no-time-titular\/#primaryimage\"},\"thumbnailUrl\":\"https:\/\/www.gaveanews.com\/wp-content\/uploads\/abel_coletiva_5.webp\",\"datePublished\":\"2024-07-23T12:34:49+00:00\",\"dateModified\":\"2024-07-23T12:34:52+00:00\",\"author\":{\"@id\":\"https:\/\/www.gaveanews.com\/#\/schema\/person\/f42654babcd2b2014a1a65af82b081f1\"},\"breadcrumb\":{\"@id\":\"https:\/\/www.gaveanews.com\/index.php\/2024\/07\/23\/ele-quase-deixou-o-palmeiras-mas-agora-deve-ganhar-uma-vaga-no-time-titular\/#breadcrumb\"},\"inLanguage\":\"pt-BR\",\"potentialAction\":[{\"@type\":\"ReadAction\",\"target\":[\"https:\/\/www.gaveanews.com\/index.php\/2024\/07\/23\/ele-quase-deixou-o-palmeiras-mas-agora-deve-ganhar-uma-vaga-no-time-titular\/\"]}]},{\"@type\":\"ImageObject\",\"inLanguage\":\"pt-BR\",\"@id\":\"https:\/\/www.gaveanews.com\/index.php\/2024\/07\/23\/ele-quase-deixou-o-palmeiras-mas-agora-deve-ganhar-uma-vaga-no-time-titular\/#primaryimage\",\"url\":\"https:\/\/www.gaveanews.com\/wp-content\/uploads\/abel_coletiva_5.webp\",\"contentUrl\":\"https:\/\/www.gaveanews.com\/wp-content\/uploads\/abel_coletiva_5.webp\",\"width\":1200,\"height\":560,\"caption\":\"Foto: Reprodu\u00e7\u00e3o - TV Palmeiras\"},{\"@type\":\"BreadcrumbList\",\"@id\":\"https:\/\/www.gaveanews.com\/index.php\/2024\/07\/23\/ele-quase-deixou-o-palmeiras-mas-agora-deve-ganhar-uma-vaga-no-time-titular\/#breadcrumb\",\"itemListElement\":[{\"@type\":\"ListItem\",\"position\":1,\"name\":\"Home\",\"item\":\"https:\/\/www.gaveanews.com\/\"},{\"@type\":\"ListItem\",\"position\":2,\"name\":\"Ele quase deixou o Palmeiras, mas agora deve ganhar uma vaga no time titular\"}]},{\"@type\":\"WebSite\",\"@id\":\"https:\/\/www.gaveanews.com\/#website\",\"url\":\"https:\/\/www.gaveanews.com\/\",\"name\":\"G\u00e1vea News\",\"description\":\"Veja todas as not\u00edcias sobre o Flamengo: Contrata\u00e7\u00f5es, categorias de base, resultados das partidas, tabela de classifica\u00e7\u00e3o, pr\u00f3ximos jogos!\",\"potentialAction\":[{\"@type\":\"SearchAction\",\"target\":{\"@type\":\"EntryPoint\",\"urlTemplate\":\"https:\/\/www.gaveanews.com\/?s={search_term_string}\"},\"query-input\":{\"@type\":\"PropertyValueSpecification\",\"valueRequired\":true,\"valueName\":\"search_term_string\"}}],\"inLanguage\":\"pt-BR\"},{\"@type\":\"Person\",\"@id\":\"https:\/\/www.gaveanews.com\/#\/schema\/person\/f42654babcd2b2014a1a65af82b081f1\",\"name\":\"Geovanna Thomaz\",\"image\":{\"@type\":\"ImageObject\",\"inLanguage\":\"pt-BR\",\"@id\":\"https:\/\/www.gaveanews.com\/#\/schema\/person\/image\/\",\"url\":\"https:\/\/secure.gravatar.com\/avatar\/4092073255489533afb558984b49b64268c47198af8623cc82a925ae9fb7118a?s=96&d=mm&r=g\",\"contentUrl\":\"https:\/\/secure.gravatar.com\/avatar\/4092073255489533afb558984b49b64268c47198af8623cc82a925ae9fb7118a?s=96&d=mm&r=g\",\"caption\":\"Geovanna Thomaz\"}}]}<\/script>\n<!-- \/ Yoast SEO Premium plugin. -->","yoast_head_json":{"title":"Ele quase deixou o Palmeiras, mas agora deve ganhar uma vaga no time titular","robots":{"index":"index","follow":"follow","max-snippet":"max-snippet:-1","max-image-preview":"max-image-preview:large","max-video-preview":"max-video-preview:-1"},"canonical":"https:\/\/www.gaveanews.com\/index.php\/2024\/07\/23\/ele-quase-deixou-o-palmeiras-mas-agora-deve-ganhar-uma-vaga-no-time-titular\/","og_locale":"pt_BR","og_type":"article","og_title":"Ele quase deixou o Palmeiras, mas agora deve ganhar uma vaga no time titular","og_description":"Dudu retorna como titular no Palmeiras ap\u00f3s 328 dias No \u00faltimo s\u00e1bado, o \u00eddolo palmeirense Dudu voltou a ser titular depois de 328 dias afastado, contribuindo para a vit\u00f3ria por 2 a 0 sobre o Cruzeiro, no Allianz Parque. Escolhido para substituir o lesionado Est\u00eav\u00e3o, o camisa 7 do Verd\u00e3o est\u00e1 deixando para tr\u00e1s um [&hellip;]","og_url":"https:\/\/www.gaveanews.com\/index.php\/2024\/07\/23\/ele-quase-deixou-o-palmeiras-mas-agora-deve-ganhar-uma-vaga-no-time-titular\/","og_site_name":"G\u00e1vea News","article_publisher":"https:\/\/facebook.com\/gaveaNews\/","article_published_time":"2024-07-23T12:34:49+00:00","article_modified_time":"2024-07-23T12:34:52+00:00","og_image":[{"width":1200,"height":560,"url":"https:\/\/www.gaveanews.com\/wp-content\/uploads\/abel_coletiva_5.webp","type":"image\/jpeg"}],"author":"Geovanna Thomaz","twitter_card":"summary_large_image","twitter_misc":{"Escrito por":"Geovanna Thomaz","Est. tempo de leitura":"3 minutos"},"schema":{"@context":"https:\/\/schema.org","@graph":[{"@type":"NewsArticle","@id":"https:\/\/www.gaveanews.com\/index.php\/2024\/07\/23\/ele-quase-deixou-o-palmeiras-mas-agora-deve-ganhar-uma-vaga-no-time-titular\/#article","isPartOf":{"@id":"https:\/\/www.gaveanews.com\/index.php\/2024\/07\/23\/ele-quase-deixou-o-palmeiras-mas-agora-deve-ganhar-uma-vaga-no-time-titular\/"},"author":{"name":"Geovanna Thomaz","@id":"https:\/\/www.gaveanews.com\/#\/schema\/person\/f42654babcd2b2014a1a65af82b081f1"},"headline":"Ele quase deixou o Palmeiras, mas agora deve ganhar uma vaga no time titular","datePublished":"2024-07-23T12:34:49+00:00","dateModified":"2024-07-23T12:34:52+00:00","mainEntityOfPage":{"@id":"https:\/\/www.gaveanews.com\/index.php\/2024\/07\/23\/ele-quase-deixou-o-palmeiras-mas-agora-deve-ganhar-uma-vaga-no-time-titular\/"},"wordCount":426,"commentCount":0,"image":{"@id":"https:\/\/www.gaveanews.com\/index.php\/2024\/07\/23\/ele-quase-deixou-o-palmeiras-mas-agora-deve-ganhar-uma-vaga-no-time-titular\/#primaryimage"},"thumbnailUrl":"https:\/\/www.gaveanews.com\/wp-content\/uploads\/abel_coletiva_5.webp","articleSection":["Palmeiras"],"inLanguage":"pt-BR","potentialAction":[{"@type":"CommentAction","name":"Comment","target":["https:\/\/www.gaveanews.com\/index.php\/2024\/07\/23\/ele-quase-deixou-o-palmeiras-mas-agora-deve-ganhar-uma-vaga-no-time-titular\/#respond"]}],"copyrightYear":"2024","copyrightHolder":{"@id":"https:\/\/www.gaveanews.com\/#organization"}},{"@type":"WebPage","@id":"https:\/\/www.gaveanews.com\/index.php\/2024\/07\/23\/ele-quase-deixou-o-palmeiras-mas-agora-deve-ganhar-uma-vaga-no-time-titular\/","url":"https:\/\/www.gaveanews.com\/index.php\/2024\/07\/23\/ele-quase-deixou-o-palmeiras-mas-agora-deve-ganhar-uma-vaga-no-time-titular\/","name":"Ele quase deixou o Palmeiras, mas agora deve ganhar uma vaga no time titular","isPartOf":{"@id":"https:\/\/www.gaveanews.com\/#website"},"primaryImageOfPage":{"@id":"https:\/\/www.gaveanews.com\/index.php\/2024\/07\/23\/ele-quase-deixou-o-palmeiras-mas-agora-deve-ganhar-uma-vaga-no-time-titular\/#primaryimage"},"image":{"@id":"https:\/\/www.gaveanews.com\/index.php\/2024\/07\/23\/ele-quase-deixou-o-palmeiras-mas-agora-deve-ganhar-uma-vaga-no-time-titular\/#primaryimage"},"thumbnailUrl":"https:\/\/www.gaveanews.com\/wp-content\/uploads\/abel_coletiva_5.webp","datePublished":"2024-07-23T12:34:49+00:00","dateModified":"2024-07-23T12:34:52+00:00","author":{"@id":"https:\/\/www.gaveanews.com\/#\/schema\/person\/f42654babcd2b2014a1a65af82b081f1"},"breadcrumb":{"@id":"https:\/\/www.gaveanews.com\/index.php\/2024\/07\/23\/ele-quase-deixou-o-palmeiras-mas-agora-deve-ganhar-uma-vaga-no-time-titular\/#breadcrumb"},"inLanguage":"pt-BR","potentialAction":[{"@type":"ReadAction","target":["https:\/\/www.gaveanews.com\/index.php\/2024\/07\/23\/ele-quase-deixou-o-palmeiras-mas-agora-deve-ganhar-uma-vaga-no-time-titular\/"]}]},{"@type":"ImageObject","inLanguage":"pt-BR","@id":"https:\/\/www.gaveanews.com\/index.php\/2024\/07\/23\/ele-quase-deixou-o-palmeiras-mas-agora-deve-ganhar-uma-vaga-no-time-titular\/#primaryimage","url":"https:\/\/www.gaveanews.com\/wp-content\/uploads\/abel_coletiva_5.webp","contentUrl":"https:\/\/www.gaveanews.com\/wp-content\/uploads\/abel_coletiva_5.webp","width":1200,"height":560,"caption":"Foto: Reprodu\u00e7\u00e3o - TV Palmeiras"},{"@type":"BreadcrumbList","@id":"https:\/\/www.gaveanews.com\/index.php\/2024\/07\/23\/ele-quase-deixou-o-palmeiras-mas-agora-deve-ganhar-uma-vaga-no-time-titular\/#breadcrumb","itemListElement":[{"@type":"ListItem","position":1,"name":"Home","item":"https:\/\/www.gaveanews.com\/"},{"@type":"ListItem","position":2,"name":"Ele quase deixou o Palmeiras, mas agora deve ganhar uma vaga no time titular"}]},{"@type":"WebSite","@id":"https:\/\/www.gaveanews.com\/#website","url":"https:\/\/www.gaveanews.com\/","name":"G\u00e1vea News","description":"Veja todas as not\u00edcias sobre o Flamengo: Contrata\u00e7\u00f5es, categorias de base, resultados das partidas, tabela de classifica\u00e7\u00e3o, pr\u00f3ximos jogos!","potentialAction":[{"@type":"SearchAction","target":{"@type":"EntryPoint","urlTemplate":"https:\/\/www.gaveanews.com\/?s={search_term_string}"},"query-input":{"@type":"PropertyValueSpecification","valueRequired":true,"valueName":"search_term_string"}}],"inLanguage":"pt-BR"},{"@type":"Person","@id":"https:\/\/www.gaveanews.com\/#\/schema\/person\/f42654babcd2b2014a1a65af82b081f1","name":"Geovanna Thomaz","image":{"@type":"ImageObject","inLanguage":"pt-BR","@id":"https:\/\/www.gaveanews.com\/#\/schema\/person\/image\/","url":"https:\/\/secure.gravatar.com\/avatar\/4092073255489533afb558984b49b64268c47198af8623cc82a925ae9fb7118a?s=96&d=mm&r=g","contentUrl":"https:\/\/secure.gravatar.com\/avatar\/4092073255489533afb558984b49b64268c47198af8623cc82a925ae9fb7118a?s=96&d=mm&r=g","caption":"Geovanna Thomaz"}}]}},"_links":{"self":[{"href":"https:\/\/www.gaveanews.com\/index.php\/wp-json\/wp\/v2\/posts\/153764","targetHints":{"allow":["GET"]}}],"collection":[{"href":"https:\/\/www.gaveanews.com\/index.php\/wp-json\/wp\/v2\/posts"}],"about":[{"href":"https:\/\/www.gaveanews.com\/index.php\/wp-json\/wp\/v2\/types\/post"}],"author":[{"embeddable":true,"href":"https:\/\/www.gaveanews.com\/index.php\/wp-json\/wp\/v2\/users\/17"}],"replies":[{"embeddable":true,"href":"https:\/\/www.gaveanews.com\/index.php\/wp-json\/wp\/v2\/comments?post=153764"}],"version-history":[{"count":4,"href":"https:\/\/www.gaveanews.com\/index.php\/wp-json\/wp\/v2\/posts\/153764\/revisions"}],"predecessor-version":[{"id":153824,"href":"https:\/\/www.gaveanews.com\/index.php\/wp-json\/wp\/v2\/posts\/153764\/revisions\/153824"}],"wp:featuredmedia":[{"embeddable":true,"href":"https:\/\/www.gaveanews.com\/index.php\/wp-json\/wp\/v2\/media\/144864"}],"wp:attachment":[{"href":"https:\/\/www.gaveanews.com\/index.php\/wp-json\/wp\/v2\/media?parent=153764"}],"wp:term":[{"taxonomy":"category","embeddable":true,"href":"https:\/\/www.gaveanews.com\/index.php\/wp-json\/wp\/v2\/categories?post=153764"},{"taxonomy":"post_tag","embeddable":true,"href":"https:\/\/www.gaveanews.com\/index.php\/wp-json\/wp\/v2\/tags?post=153764"}],"curies":[{"name":"wp","href":"https:\/\/api.w.org\/{rel}","templated":true}]}}