{"id":153870,"date":"2024-07-23T15:30:00","date_gmt":"2024-07-23T18:30:00","guid":{"rendered":"https:\/\/www.gaveanews.com\/?p=153870"},"modified":"2024-07-23T15:02:07","modified_gmt":"2024-07-23T18:02:07","slug":"a-declaracao-de-carille-sobre-o-goleiro-gabriel-brazao-do-santos","status":"publish","type":"post","link":"https:\/\/www.gaveanews.com\/index.php\/2024\/07\/23\/a-declaracao-de-carille-sobre-o-goleiro-gabriel-brazao-do-santos\/","title":{"rendered":"A declara\u00e7\u00e3o de Carille sobre o goleiro Gabriel Braz\u00e3o, do Santos"},"content":{"rendered":"\n<h2 class=\"wp-block-heading\" id=\"h-brazao-brilha-em-goleada-do-santos-com-defesas-importantes\">Braz\u00e3o brilha em goleada do Santos com defesas importantes<\/h2>\n\n\n\n<p>Na \u00faltima segunda-feira (22), em partida que o Santos goleou o Coritiba por 4 a 0, o goleiro Gabriel Braz\u00e3o foi um dos principais respons\u00e1veis pela vit\u00f3ria santista, garantindo que a equipe n\u00e3o sofresse gols. Ap\u00f3s o jogo, o t\u00e9cnico F\u00e1bio Carille destacou o desempenho do jovem arqueiro, elogiando sua atua\u00e7\u00e3o e reafirmando a confian\u00e7a no seu potencial.<\/p>\n\n\n\n<ul class=\"wp-block-list\">\n<li><a href=\"https:\/\/www.gaveanews.com\/index.php\/2024\/07\/23\/a-declaracao-de-otero-apos-a-vitoria-do-santos\/\">A declara\u00e7\u00e3o de Otero ap\u00f3s a vit\u00f3ria do Santos<\/a><\/li>\n\n\n\n<li><a href=\"https:\/\/www.gaveanews.com\/index.php\/2024\/07\/22\/zagueiro-do-santos-tem-consultas-de-times-do-exterior\/\">Zagueiro do Santos tem consultas de times do exterior<\/a><\/li>\n<\/ul>\n\n\n\n<p>&#8220;<em>V\u00edamos nos treinos que o Braz\u00e3o estava pronto para assumir a posi\u00e7\u00e3o. Goleiro precisa de sequ\u00eancia, e ele est\u00e1 aproveitando a oportunidade. Al\u00e9m dele, temos outros goleiros em quem confiamos<\/em>, declarou Carille.<\/p>\n\n\n\n<p>Apesar do bom desempenho de Braz\u00e3o, Carille afirmou que a busca por um novo goleiro continua. Desde a grave les\u00e3o de Jo\u00e3o Paulo no tend\u00e3o de Aquiles, h\u00e1 cerca de dois meses, o clube vem procurando um substituto \u00e0 altura.<\/p>\n\n\n\n<p>&#8220;<em>Estamos mapeando o mercado e precisamos trazer mais um goleiro. N\u00e3o podemos errar nessa contrata\u00e7\u00e3o<\/em>, refor\u00e7ou o treinador.<\/p>\n\n\n\n<p>O Santos chegou a sondar nomes como Santos, do Fortaleza, e Hugo Souza, que se transferiu para o Corinthians, mas n\u00e3o conseguiu fechar nenhuma contrata\u00e7\u00e3o at\u00e9 o momento. Com a ascens\u00e3o de Braz\u00e3o, o clube agora busca um goleiro para ser reserva e compor o elenco at\u00e9 o retorno de Jo\u00e3o Paulo.<\/p>\n\n\n\n<p>Nos \u00faltimos dez jogos, Braz\u00e3o conseguiu manter a meta invicta em seis deles, destacando-se por sua agilidade e habilidade nas sa\u00eddas do gol. Seu estilo de jogo, reminiscentes de goleiros de futsal, tem impressionado os torcedores e garantido a confian\u00e7a da equipe.<\/p>\n\n\n\n<p>Com a vit\u00f3ria, o Santos alcan\u00e7ou 32 pontos, consolidando-se na lideran\u00e7a da S\u00e9rie B. O pr\u00f3ximo desafio do time ser\u00e1 contra o CRB, no Est\u00e1dio Rei Pel\u00e9, em Macei\u00f3, no domingo, \u00e0s 18h30, pela pen\u00faltima rodada do primeiro turno da competi\u00e7\u00e3o.<\/p>\n","protected":false},"excerpt":{"rendered":"<p>Braz\u00e3o brilha em goleada do Santos com defesas importantes Na \u00faltima segunda-feira (22), em partida que o Santos goleou o Coritiba por 4 a 0, o goleiro Gabriel Braz\u00e3o foi um dos principais respons\u00e1veis pela vit\u00f3ria santista, garantindo que a equipe n\u00e3o sofresse gols. Ap\u00f3s o jogo, o t\u00e9cnico F\u00e1bio Carille destacou o desempenho do [&hellip;]<\/p>\n","protected":false},"author":20,"featured_media":153913,"comment_status":"open","ping_status":"closed","sticky":false,"template":"","format":"standard","meta":{"footnotes":""},"categories":[139],"tags":[],"class_list":["post-153870","post","type-post","status-publish","format-standard","has-post-thumbnail","hentry","category-santos"],"yoast_head":"<!-- This site is optimized with the Yoast SEO Premium plugin v24.2 (Yoast SEO v26.9) - https:\/\/yoast.com\/product\/yoast-seo-premium-wordpress\/ -->\n<title>A declara\u00e7\u00e3o de Carille sobre o goleiro Gabriel Braz\u00e3o, do Santos<\/title>\n<meta name=\"robots\" content=\"index, follow, max-snippet:-1, max-image-preview:large, max-video-preview:-1\" \/>\n<link rel=\"canonical\" href=\"https:\/\/www.gaveanews.com\/index.php\/2024\/07\/23\/a-declaracao-de-carille-sobre-o-goleiro-gabriel-brazao-do-santos\/\" \/>\n<meta property=\"og:locale\" content=\"pt_BR\" \/>\n<meta property=\"og:type\" content=\"article\" \/>\n<meta property=\"og:title\" content=\"A declara\u00e7\u00e3o de Carille sobre o goleiro Gabriel Braz\u00e3o, do Santos\" \/>\n<meta property=\"og:description\" content=\"Braz\u00e3o brilha em goleada do Santos com defesas importantes Na \u00faltima segunda-feira (22), em partida que o Santos goleou o Coritiba por 4 a 0, o goleiro Gabriel Braz\u00e3o foi um dos principais respons\u00e1veis pela vit\u00f3ria santista, garantindo que a equipe n\u00e3o sofresse gols. Ap\u00f3s o jogo, o t\u00e9cnico F\u00e1bio Carille destacou o desempenho do [&hellip;]\" \/>\n<meta property=\"og:url\" content=\"https:\/\/www.gaveanews.com\/index.php\/2024\/07\/23\/a-declaracao-de-carille-sobre-o-goleiro-gabriel-brazao-do-santos\/\" \/>\n<meta property=\"og:site_name\" content=\"G\u00e1vea News\" \/>\n<meta property=\"article:publisher\" content=\"https:\/\/facebook.com\/gaveaNews\/\" \/>\n<meta property=\"article:published_time\" content=\"2024-07-23T18:30:00+00:00\" \/>\n<meta property=\"og:image\" content=\"https:\/\/www.gaveanews.com\/wp-content\/uploads\/Gabriel-Brazao-com-a-camisa-do-Santos-em-2024.webp\" \/>\n\t<meta property=\"og:image:width\" content=\"1600\" \/>\n\t<meta property=\"og:image:height\" content=\"1312\" \/>\n\t<meta property=\"og:image:type\" content=\"image\/jpeg\" \/>\n<meta name=\"author\" content=\"Lucas Barros\" \/>\n<meta name=\"twitter:card\" content=\"summary_large_image\" \/>\n<meta name=\"twitter:label1\" content=\"Escrito por\" \/>\n\t<meta name=\"twitter:data1\" content=\"Lucas Barros\" \/>\n\t<meta name=\"twitter:label2\" content=\"Est. tempo de leitura\" \/>\n\t<meta name=\"twitter:data2\" content=\"2 minutos\" \/>\n<script type=\"application\/ld+json\" class=\"yoast-schema-graph\">{\"@context\":\"https:\/\/schema.org\",\"@graph\":[{\"@type\":\"NewsArticle\",\"@id\":\"https:\/\/www.gaveanews.com\/index.php\/2024\/07\/23\/a-declaracao-de-carille-sobre-o-goleiro-gabriel-brazao-do-santos\/#article\",\"isPartOf\":{\"@id\":\"https:\/\/www.gaveanews.com\/index.php\/2024\/07\/23\/a-declaracao-de-carille-sobre-o-goleiro-gabriel-brazao-do-santos\/\"},\"author\":{\"name\":\"Lucas Barros\",\"@id\":\"https:\/\/www.gaveanews.com\/#\/schema\/person\/2abf0cfa878f5f899daa5f781e82264c\"},\"headline\":\"A declara\u00e7\u00e3o de Carille sobre o goleiro Gabriel Braz\u00e3o, do Santos\",\"datePublished\":\"2024-07-23T18:30:00+00:00\",\"mainEntityOfPage\":{\"@id\":\"https:\/\/www.gaveanews.com\/index.php\/2024\/07\/23\/a-declaracao-de-carille-sobre-o-goleiro-gabriel-brazao-do-santos\/\"},\"wordCount\":359,\"commentCount\":0,\"image\":{\"@id\":\"https:\/\/www.gaveanews.com\/index.php\/2024\/07\/23\/a-declaracao-de-carille-sobre-o-goleiro-gabriel-brazao-do-santos\/#primaryimage\"},\"thumbnailUrl\":\"https:\/\/www.gaveanews.com\/wp-content\/uploads\/Gabriel-Brazao-com-a-camisa-do-Santos-em-2024.webp\",\"articleSection\":[\"Santos\"],\"inLanguage\":\"pt-BR\",\"potentialAction\":[{\"@type\":\"CommentAction\",\"name\":\"Comment\",\"target\":[\"https:\/\/www.gaveanews.com\/index.php\/2024\/07\/23\/a-declaracao-de-carille-sobre-o-goleiro-gabriel-brazao-do-santos\/#respond\"]}],\"copyrightYear\":\"2024\",\"copyrightHolder\":{\"@id\":\"https:\/\/www.gaveanews.com\/#organization\"}},{\"@type\":\"WebPage\",\"@id\":\"https:\/\/www.gaveanews.com\/index.php\/2024\/07\/23\/a-declaracao-de-carille-sobre-o-goleiro-gabriel-brazao-do-santos\/\",\"url\":\"https:\/\/www.gaveanews.com\/index.php\/2024\/07\/23\/a-declaracao-de-carille-sobre-o-goleiro-gabriel-brazao-do-santos\/\",\"name\":\"A declara\u00e7\u00e3o de Carille sobre o goleiro Gabriel Braz\u00e3o, do Santos\",\"isPartOf\":{\"@id\":\"https:\/\/www.gaveanews.com\/#website\"},\"primaryImageOfPage\":{\"@id\":\"https:\/\/www.gaveanews.com\/index.php\/2024\/07\/23\/a-declaracao-de-carille-sobre-o-goleiro-gabriel-brazao-do-santos\/#primaryimage\"},\"image\":{\"@id\":\"https:\/\/www.gaveanews.com\/index.php\/2024\/07\/23\/a-declaracao-de-carille-sobre-o-goleiro-gabriel-brazao-do-santos\/#primaryimage\"},\"thumbnailUrl\":\"https:\/\/www.gaveanews.com\/wp-content\/uploads\/Gabriel-Brazao-com-a-camisa-do-Santos-em-2024.webp\",\"datePublished\":\"2024-07-23T18:30:00+00:00\",\"author\":{\"@id\":\"https:\/\/www.gaveanews.com\/#\/schema\/person\/2abf0cfa878f5f899daa5f781e82264c\"},\"breadcrumb\":{\"@id\":\"https:\/\/www.gaveanews.com\/index.php\/2024\/07\/23\/a-declaracao-de-carille-sobre-o-goleiro-gabriel-brazao-do-santos\/#breadcrumb\"},\"inLanguage\":\"pt-BR\",\"potentialAction\":[{\"@type\":\"ReadAction\",\"target\":[\"https:\/\/www.gaveanews.com\/index.php\/2024\/07\/23\/a-declaracao-de-carille-sobre-o-goleiro-gabriel-brazao-do-santos\/\"]}]},{\"@type\":\"ImageObject\",\"inLanguage\":\"pt-BR\",\"@id\":\"https:\/\/www.gaveanews.com\/index.php\/2024\/07\/23\/a-declaracao-de-carille-sobre-o-goleiro-gabriel-brazao-do-santos\/#primaryimage\",\"url\":\"https:\/\/www.gaveanews.com\/wp-content\/uploads\/Gabriel-Brazao-com-a-camisa-do-Santos-em-2024.webp\",\"contentUrl\":\"https:\/\/www.gaveanews.com\/wp-content\/uploads\/Gabriel-Brazao-com-a-camisa-do-Santos-em-2024.webp\",\"width\":1600,\"height\":1312,\"caption\":\"Gabriel Braz\u00e3o com a camisa do Santos em 2024 (Foto: Reprodu\u00e7\u00e3o\/Santos)\"},{\"@type\":\"BreadcrumbList\",\"@id\":\"https:\/\/www.gaveanews.com\/index.php\/2024\/07\/23\/a-declaracao-de-carille-sobre-o-goleiro-gabriel-brazao-do-santos\/#breadcrumb\",\"itemListElement\":[{\"@type\":\"ListItem\",\"position\":1,\"name\":\"Home\",\"item\":\"https:\/\/www.gaveanews.com\/\"},{\"@type\":\"ListItem\",\"position\":2,\"name\":\"A declara\u00e7\u00e3o de Carille sobre o goleiro Gabriel Braz\u00e3o, do Santos\"}]},{\"@type\":\"WebSite\",\"@id\":\"https:\/\/www.gaveanews.com\/#website\",\"url\":\"https:\/\/www.gaveanews.com\/\",\"name\":\"G\u00e1vea News\",\"description\":\"Veja todas as not\u00edcias sobre o Flamengo: Contrata\u00e7\u00f5es, categorias de base, resultados das partidas, tabela de classifica\u00e7\u00e3o, pr\u00f3ximos jogos!\",\"potentialAction\":[{\"@type\":\"SearchAction\",\"target\":{\"@type\":\"EntryPoint\",\"urlTemplate\":\"https:\/\/www.gaveanews.com\/?s={search_term_string}\"},\"query-input\":{\"@type\":\"PropertyValueSpecification\",\"valueRequired\":true,\"valueName\":\"search_term_string\"}}],\"inLanguage\":\"pt-BR\"},{\"@type\":\"Person\",\"@id\":\"https:\/\/www.gaveanews.com\/#\/schema\/person\/2abf0cfa878f5f899daa5f781e82264c\",\"name\":\"Lucas Barros\",\"image\":{\"@type\":\"ImageObject\",\"inLanguage\":\"pt-BR\",\"@id\":\"https:\/\/www.gaveanews.com\/#\/schema\/person\/image\/\",\"url\":\"https:\/\/secure.gravatar.com\/avatar\/67a6069eba66bf6fd7c80b70e1331baa3dbc3d6df5012d5c22eff29c7d59e0b0?s=96&d=mm&r=g\",\"contentUrl\":\"https:\/\/secure.gravatar.com\/avatar\/67a6069eba66bf6fd7c80b70e1331baa3dbc3d6df5012d5c22eff29c7d59e0b0?s=96&d=mm&r=g\",\"caption\":\"Lucas Barros\"}}]}<\/script>\n<!-- \/ Yoast SEO Premium plugin. -->","yoast_head_json":{"title":"A declara\u00e7\u00e3o de Carille sobre o goleiro Gabriel Braz\u00e3o, do Santos","robots":{"index":"index","follow":"follow","max-snippet":"max-snippet:-1","max-image-preview":"max-image-preview:large","max-video-preview":"max-video-preview:-1"},"canonical":"https:\/\/www.gaveanews.com\/index.php\/2024\/07\/23\/a-declaracao-de-carille-sobre-o-goleiro-gabriel-brazao-do-santos\/","og_locale":"pt_BR","og_type":"article","og_title":"A declara\u00e7\u00e3o de Carille sobre o goleiro Gabriel Braz\u00e3o, do Santos","og_description":"Braz\u00e3o brilha em goleada do Santos com defesas importantes Na \u00faltima segunda-feira (22), em partida que o Santos goleou o Coritiba por 4 a 0, o goleiro Gabriel Braz\u00e3o foi um dos principais respons\u00e1veis pela vit\u00f3ria santista, garantindo que a equipe n\u00e3o sofresse gols. Ap\u00f3s o jogo, o t\u00e9cnico F\u00e1bio Carille destacou o desempenho do [&hellip;]","og_url":"https:\/\/www.gaveanews.com\/index.php\/2024\/07\/23\/a-declaracao-de-carille-sobre-o-goleiro-gabriel-brazao-do-santos\/","og_site_name":"G\u00e1vea News","article_publisher":"https:\/\/facebook.com\/gaveaNews\/","article_published_time":"2024-07-23T18:30:00+00:00","og_image":[{"width":1600,"height":1312,"url":"https:\/\/www.gaveanews.com\/wp-content\/uploads\/Gabriel-Brazao-com-a-camisa-do-Santos-em-2024.webp","type":"image\/jpeg"}],"author":"Lucas Barros","twitter_card":"summary_large_image","twitter_misc":{"Escrito por":"Lucas Barros","Est. tempo de leitura":"2 minutos"},"schema":{"@context":"https:\/\/schema.org","@graph":[{"@type":"NewsArticle","@id":"https:\/\/www.gaveanews.com\/index.php\/2024\/07\/23\/a-declaracao-de-carille-sobre-o-goleiro-gabriel-brazao-do-santos\/#article","isPartOf":{"@id":"https:\/\/www.gaveanews.com\/index.php\/2024\/07\/23\/a-declaracao-de-carille-sobre-o-goleiro-gabriel-brazao-do-santos\/"},"author":{"name":"Lucas Barros","@id":"https:\/\/www.gaveanews.com\/#\/schema\/person\/2abf0cfa878f5f899daa5f781e82264c"},"headline":"A declara\u00e7\u00e3o de Carille sobre o goleiro Gabriel Braz\u00e3o, do Santos","datePublished":"2024-07-23T18:30:00+00:00","mainEntityOfPage":{"@id":"https:\/\/www.gaveanews.com\/index.php\/2024\/07\/23\/a-declaracao-de-carille-sobre-o-goleiro-gabriel-brazao-do-santos\/"},"wordCount":359,"commentCount":0,"image":{"@id":"https:\/\/www.gaveanews.com\/index.php\/2024\/07\/23\/a-declaracao-de-carille-sobre-o-goleiro-gabriel-brazao-do-santos\/#primaryimage"},"thumbnailUrl":"https:\/\/www.gaveanews.com\/wp-content\/uploads\/Gabriel-Brazao-com-a-camisa-do-Santos-em-2024.webp","articleSection":["Santos"],"inLanguage":"pt-BR","potentialAction":[{"@type":"CommentAction","name":"Comment","target":["https:\/\/www.gaveanews.com\/index.php\/2024\/07\/23\/a-declaracao-de-carille-sobre-o-goleiro-gabriel-brazao-do-santos\/#respond"]}],"copyrightYear":"2024","copyrightHolder":{"@id":"https:\/\/www.gaveanews.com\/#organization"}},{"@type":"WebPage","@id":"https:\/\/www.gaveanews.com\/index.php\/2024\/07\/23\/a-declaracao-de-carille-sobre-o-goleiro-gabriel-brazao-do-santos\/","url":"https:\/\/www.gaveanews.com\/index.php\/2024\/07\/23\/a-declaracao-de-carille-sobre-o-goleiro-gabriel-brazao-do-santos\/","name":"A declara\u00e7\u00e3o de Carille sobre o goleiro Gabriel Braz\u00e3o, do Santos","isPartOf":{"@id":"https:\/\/www.gaveanews.com\/#website"},"primaryImageOfPage":{"@id":"https:\/\/www.gaveanews.com\/index.php\/2024\/07\/23\/a-declaracao-de-carille-sobre-o-goleiro-gabriel-brazao-do-santos\/#primaryimage"},"image":{"@id":"https:\/\/www.gaveanews.com\/index.php\/2024\/07\/23\/a-declaracao-de-carille-sobre-o-goleiro-gabriel-brazao-do-santos\/#primaryimage"},"thumbnailUrl":"https:\/\/www.gaveanews.com\/wp-content\/uploads\/Gabriel-Brazao-com-a-camisa-do-Santos-em-2024.webp","datePublished":"2024-07-23T18:30:00+00:00","author":{"@id":"https:\/\/www.gaveanews.com\/#\/schema\/person\/2abf0cfa878f5f899daa5f781e82264c"},"breadcrumb":{"@id":"https:\/\/www.gaveanews.com\/index.php\/2024\/07\/23\/a-declaracao-de-carille-sobre-o-goleiro-gabriel-brazao-do-santos\/#breadcrumb"},"inLanguage":"pt-BR","potentialAction":[{"@type":"ReadAction","target":["https:\/\/www.gaveanews.com\/index.php\/2024\/07\/23\/a-declaracao-de-carille-sobre-o-goleiro-gabriel-brazao-do-santos\/"]}]},{"@type":"ImageObject","inLanguage":"pt-BR","@id":"https:\/\/www.gaveanews.com\/index.php\/2024\/07\/23\/a-declaracao-de-carille-sobre-o-goleiro-gabriel-brazao-do-santos\/#primaryimage","url":"https:\/\/www.gaveanews.com\/wp-content\/uploads\/Gabriel-Brazao-com-a-camisa-do-Santos-em-2024.webp","contentUrl":"https:\/\/www.gaveanews.com\/wp-content\/uploads\/Gabriel-Brazao-com-a-camisa-do-Santos-em-2024.webp","width":1600,"height":1312,"caption":"Gabriel Braz\u00e3o com a camisa do Santos em 2024 (Foto: Reprodu\u00e7\u00e3o\/Santos)"},{"@type":"BreadcrumbList","@id":"https:\/\/www.gaveanews.com\/index.php\/2024\/07\/23\/a-declaracao-de-carille-sobre-o-goleiro-gabriel-brazao-do-santos\/#breadcrumb","itemListElement":[{"@type":"ListItem","position":1,"name":"Home","item":"https:\/\/www.gaveanews.com\/"},{"@type":"ListItem","position":2,"name":"A declara\u00e7\u00e3o de Carille sobre o goleiro Gabriel Braz\u00e3o, do Santos"}]},{"@type":"WebSite","@id":"https:\/\/www.gaveanews.com\/#website","url":"https:\/\/www.gaveanews.com\/","name":"G\u00e1vea News","description":"Veja todas as not\u00edcias sobre o Flamengo: Contrata\u00e7\u00f5es, categorias de base, resultados das partidas, tabela de classifica\u00e7\u00e3o, pr\u00f3ximos jogos!","potentialAction":[{"@type":"SearchAction","target":{"@type":"EntryPoint","urlTemplate":"https:\/\/www.gaveanews.com\/?s={search_term_string}"},"query-input":{"@type":"PropertyValueSpecification","valueRequired":true,"valueName":"search_term_string"}}],"inLanguage":"pt-BR"},{"@type":"Person","@id":"https:\/\/www.gaveanews.com\/#\/schema\/person\/2abf0cfa878f5f899daa5f781e82264c","name":"Lucas Barros","image":{"@type":"ImageObject","inLanguage":"pt-BR","@id":"https:\/\/www.gaveanews.com\/#\/schema\/person\/image\/","url":"https:\/\/secure.gravatar.com\/avatar\/67a6069eba66bf6fd7c80b70e1331baa3dbc3d6df5012d5c22eff29c7d59e0b0?s=96&d=mm&r=g","contentUrl":"https:\/\/secure.gravatar.com\/avatar\/67a6069eba66bf6fd7c80b70e1331baa3dbc3d6df5012d5c22eff29c7d59e0b0?s=96&d=mm&r=g","caption":"Lucas Barros"}}]}},"_links":{"self":[{"href":"https:\/\/www.gaveanews.com\/index.php\/wp-json\/wp\/v2\/posts\/153870","targetHints":{"allow":["GET"]}}],"collection":[{"href":"https:\/\/www.gaveanews.com\/index.php\/wp-json\/wp\/v2\/posts"}],"about":[{"href":"https:\/\/www.gaveanews.com\/index.php\/wp-json\/wp\/v2\/types\/post"}],"author":[{"embeddable":true,"href":"https:\/\/www.gaveanews.com\/index.php\/wp-json\/wp\/v2\/users\/20"}],"replies":[{"embeddable":true,"href":"https:\/\/www.gaveanews.com\/index.php\/wp-json\/wp\/v2\/comments?post=153870"}],"version-history":[{"count":2,"href":"https:\/\/www.gaveanews.com\/index.php\/wp-json\/wp\/v2\/posts\/153870\/revisions"}],"predecessor-version":[{"id":153951,"href":"https:\/\/www.gaveanews.com\/index.php\/wp-json\/wp\/v2\/posts\/153870\/revisions\/153951"}],"wp:featuredmedia":[{"embeddable":true,"href":"https:\/\/www.gaveanews.com\/index.php\/wp-json\/wp\/v2\/media\/153913"}],"wp:attachment":[{"href":"https:\/\/www.gaveanews.com\/index.php\/wp-json\/wp\/v2\/media?parent=153870"}],"wp:term":[{"taxonomy":"category","embeddable":true,"href":"https:\/\/www.gaveanews.com\/index.php\/wp-json\/wp\/v2\/categories?post=153870"},{"taxonomy":"post_tag","embeddable":true,"href":"https:\/\/www.gaveanews.com\/index.php\/wp-json\/wp\/v2\/tags?post=153870"}],"curies":[{"name":"wp","href":"https:\/\/api.w.org\/{rel}","templated":true}]}}