{"id":153957,"date":"2024-07-23T15:51:58","date_gmt":"2024-07-23T18:51:58","guid":{"rendered":"https:\/\/www.gaveanews.com\/?p=153957"},"modified":"2024-07-23T15:51:59","modified_gmt":"2024-07-23T18:51:59","slug":"zenit-faz-exigencia-para-liberar-claudinho-ao-flamengo","status":"publish","type":"post","link":"https:\/\/www.gaveanews.com\/index.php\/2024\/07\/23\/zenit-faz-exigencia-para-liberar-claudinho-ao-flamengo\/","title":{"rendered":"Zenit faz exig\u00eancia para liberar Claudinho ao Flamengo"},"content":{"rendered":"\n<p>Sabendo da dificuldade de negociar com os russos, o Flamengo persiste no interesse em contratar Claudinho. O clube da G\u00e1vea recebeu uma contraproposta do Zenit, que decidiu mudar a forma de pagamento de uma eventual transfer\u00eancia.<\/p>\n\n\n\n<p>Segundo o jornalista Ven\u00ea Casagrande, a equipe da R\u00fassia teve um novo contato com o Flamengo para propor outro m\u00e9todo de pagamento pelo atacante brasileiro. O time deseja receber o valor do jogador em tr\u00eas parcelas, menos do que o Mais Querido ofereceu.<\/p>\n\n\n\n<p>Inicialmente, o Zenit aceitou o pagamento dos 18 milh\u00f5es de euros (R$ 106,9 milh\u00f5es) de forma mais dilu\u00edda. No entanto, o clube acabou mudando de ideia sobre o assunto.<\/p>\n\n\n\n<p>Quanto ao jogador, Caludinho mant\u00e9m seu desejo de ser transferido ao Flamengo. O presidente Rodolfo Landim falou sobre o interesse do Rubro-Negro na contrata\u00e7\u00e3o em entrevista ao &#8220;Charla Podcast&#8221;, afirmando que o atleta deve estar descontente com a impossibilidade de disputar competi\u00e7\u00f5es europeias devido \u00e0 guerra entre R\u00fassia e Ucr\u00e2nia.<\/p>\n\n\n\n<p><em>\u2014 Jogador tamb\u00e9m tem o lado dele de disputar campeonatos internacionais. L\u00e1, ele n\u00e3o pode disputar os campeonatos europeus. A gente tamb\u00e9m est\u00e1 usando essa potencial vontade de ele querer voltar, sempre em contato com ele.<\/em><\/p>\n\n\n\n<p><em>\u2014 Imagino que o jogador n\u00e3o esteja feliz l\u00e1. Imagino, t\u00e1? Como vai ser o comportamento do clube diante do posicionamento do jogador&#8230; A janela fecha s\u00f3 em 2 de setembro. No fundo, a gente acredita em bom senso, mesmo sendo russo.<\/em><\/p>\n\n\n\n<h2 class=\"wp-block-heading\" id=\"h-agenda-do-flamengo-para-o-mes-de-julho\">Agenda do Flamengo para o m\u00eas de julho<\/h2>\n\n\n\n<ul class=\"wp-block-list\">\n<li>03\/07 Atl\u00e9tico-MG 2 x 4 Flamengo &#8211; 21h30 &#8211; Arena MRV &#8211; Brasileir\u00e3o<\/li>\n\n\n\n<li>06\/07 Flamengo 1 x 1 Cuiab\u00e1 &#8211; 20h &#8211; Maracan\u00e3 &#8211; Brasileir\u00e3o<\/li>\n\n\n\n<li>11\/07 Flamengo 1 x 2 Fortaleza &#8211; 20h &#8211; Maracan\u00e3 &#8211; Brasileir\u00e3o<\/li>\n\n\n\n<li>20\/07 Flamengo 2 x 1 Crici\u00fama &#8211; 16h &#8211; Man\u00e9 Garrincha &#8211; Brasileir\u00e3o<\/li>\n\n\n\n<li><strong>24\/07 Vit\u00f3ria x Flamengo &#8211; 20h &#8211; Barrad\u00e3o &#8211; Brasileir\u00e3o<\/strong><\/li>\n\n\n\n<li>28\/07 Flamengo x Atl\u00e9tico-GO &#8211; 16h &#8211; Maracan\u00e3 &#8211; Brasileir\u00e3o<\/li>\n\n\n\n<li>31\/07 Flamengo x Palmeiras &#8211; 20h &#8211; Maracan\u00e3 &#8211; Copa do Brasil<br><em>Obs.: todos os hor\u00e1rios est\u00e3o alinhados ao fuso de Bras\u00edlia.<\/em><\/li>\n<\/ul>\n","protected":false},"excerpt":{"rendered":"<p>Sabendo da dificuldade de negociar com os russos, o Flamengo persiste no interesse em contratar Claudinho. O clube da G\u00e1vea recebeu uma contraproposta do Zenit, que decidiu mudar a forma de pagamento de uma eventual transfer\u00eancia. Segundo o jornalista Ven\u00ea Casagrande, a equipe da R\u00fassia teve um novo contato com o Flamengo para propor outro [&hellip;]<\/p>\n","protected":false},"author":4,"featured_media":151624,"comment_status":"open","ping_status":"closed","sticky":false,"template":"","format":"standard","meta":{"footnotes":""},"categories":[1],"tags":[],"class_list":["post-153957","post","type-post","status-publish","format-standard","has-post-thumbnail","hentry","category-flamengo"],"yoast_head":"<!-- This site is optimized with the Yoast SEO Premium plugin v24.2 (Yoast SEO v26.9) - https:\/\/yoast.com\/product\/yoast-seo-premium-wordpress\/ -->\n<title>Zenit faz exig\u00eancia para liberar Claudinho ao Flamengo<\/title>\n<meta name=\"robots\" content=\"index, follow, max-snippet:-1, max-image-preview:large, max-video-preview:-1\" \/>\n<link rel=\"canonical\" href=\"https:\/\/www.gaveanews.com\/index.php\/2024\/07\/23\/zenit-faz-exigencia-para-liberar-claudinho-ao-flamengo\/\" \/>\n<meta property=\"og:locale\" content=\"pt_BR\" \/>\n<meta property=\"og:type\" content=\"article\" \/>\n<meta property=\"og:title\" content=\"Zenit faz exig\u00eancia para liberar Claudinho ao Flamengo\" \/>\n<meta property=\"og:description\" content=\"Sabendo da dificuldade de negociar com os russos, o Flamengo persiste no interesse em contratar Claudinho. O clube da G\u00e1vea recebeu uma contraproposta do Zenit, que decidiu mudar a forma de pagamento de uma eventual transfer\u00eancia. Segundo o jornalista Ven\u00ea Casagrande, a equipe da R\u00fassia teve um novo contato com o Flamengo para propor outro [&hellip;]\" \/>\n<meta property=\"og:url\" content=\"https:\/\/www.gaveanews.com\/index.php\/2024\/07\/23\/zenit-faz-exigencia-para-liberar-claudinho-ao-flamengo\/\" \/>\n<meta property=\"og:site_name\" content=\"G\u00e1vea News\" \/>\n<meta property=\"article:publisher\" content=\"https:\/\/facebook.com\/gaveaNews\/\" \/>\n<meta property=\"article:published_time\" content=\"2024-07-23T18:51:58+00:00\" \/>\n<meta property=\"article:modified_time\" content=\"2024-07-23T18:51:59+00:00\" \/>\n<meta property=\"og:image\" content=\"https:\/\/www.gaveanews.com\/wp-content\/uploads\/Claudinho-em-acao-pelo-Zenit-em-uma-partida-da-Champions.webp\" \/>\n\t<meta property=\"og:image:width\" content=\"1080\" \/>\n\t<meta property=\"og:image:height\" content=\"1187\" \/>\n\t<meta property=\"og:image:type\" content=\"image\/jpeg\" \/>\n<meta name=\"author\" content=\"Let\u00edcia Gerheim\" \/>\n<meta name=\"twitter:card\" content=\"summary_large_image\" \/>\n<meta name=\"twitter:label1\" content=\"Escrito por\" \/>\n\t<meta name=\"twitter:data1\" content=\"Let\u00edcia Gerheim\" \/>\n\t<meta name=\"twitter:label2\" content=\"Est. tempo de leitura\" \/>\n\t<meta name=\"twitter:data2\" content=\"2 minutos\" \/>\n<script type=\"application\/ld+json\" class=\"yoast-schema-graph\">{\"@context\":\"https:\/\/schema.org\",\"@graph\":[{\"@type\":\"NewsArticle\",\"@id\":\"https:\/\/www.gaveanews.com\/index.php\/2024\/07\/23\/zenit-faz-exigencia-para-liberar-claudinho-ao-flamengo\/#article\",\"isPartOf\":{\"@id\":\"https:\/\/www.gaveanews.com\/index.php\/2024\/07\/23\/zenit-faz-exigencia-para-liberar-claudinho-ao-flamengo\/\"},\"author\":{\"name\":\"Let\u00edcia Gerheim\",\"@id\":\"https:\/\/www.gaveanews.com\/#\/schema\/person\/714c67050b836198af2450ba1c142a67\"},\"headline\":\"Zenit faz exig\u00eancia para liberar Claudinho ao Flamengo\",\"datePublished\":\"2024-07-23T18:51:58+00:00\",\"dateModified\":\"2024-07-23T18:51:59+00:00\",\"mainEntityOfPage\":{\"@id\":\"https:\/\/www.gaveanews.com\/index.php\/2024\/07\/23\/zenit-faz-exigencia-para-liberar-claudinho-ao-flamengo\/\"},\"wordCount\":356,\"commentCount\":0,\"image\":{\"@id\":\"https:\/\/www.gaveanews.com\/index.php\/2024\/07\/23\/zenit-faz-exigencia-para-liberar-claudinho-ao-flamengo\/#primaryimage\"},\"thumbnailUrl\":\"https:\/\/www.gaveanews.com\/wp-content\/uploads\/Claudinho-em-acao-pelo-Zenit-em-uma-partida-da-Champions.webp\",\"articleSection\":[\"Flamengo\"],\"inLanguage\":\"pt-BR\",\"potentialAction\":[{\"@type\":\"CommentAction\",\"name\":\"Comment\",\"target\":[\"https:\/\/www.gaveanews.com\/index.php\/2024\/07\/23\/zenit-faz-exigencia-para-liberar-claudinho-ao-flamengo\/#respond\"]}],\"copyrightYear\":\"2024\",\"copyrightHolder\":{\"@id\":\"https:\/\/www.gaveanews.com\/#organization\"}},{\"@type\":\"WebPage\",\"@id\":\"https:\/\/www.gaveanews.com\/index.php\/2024\/07\/23\/zenit-faz-exigencia-para-liberar-claudinho-ao-flamengo\/\",\"url\":\"https:\/\/www.gaveanews.com\/index.php\/2024\/07\/23\/zenit-faz-exigencia-para-liberar-claudinho-ao-flamengo\/\",\"name\":\"Zenit faz exig\u00eancia para liberar Claudinho ao Flamengo\",\"isPartOf\":{\"@id\":\"https:\/\/www.gaveanews.com\/#website\"},\"primaryImageOfPage\":{\"@id\":\"https:\/\/www.gaveanews.com\/index.php\/2024\/07\/23\/zenit-faz-exigencia-para-liberar-claudinho-ao-flamengo\/#primaryimage\"},\"image\":{\"@id\":\"https:\/\/www.gaveanews.com\/index.php\/2024\/07\/23\/zenit-faz-exigencia-para-liberar-claudinho-ao-flamengo\/#primaryimage\"},\"thumbnailUrl\":\"https:\/\/www.gaveanews.com\/wp-content\/uploads\/Claudinho-em-acao-pelo-Zenit-em-uma-partida-da-Champions.webp\",\"datePublished\":\"2024-07-23T18:51:58+00:00\",\"dateModified\":\"2024-07-23T18:51:59+00:00\",\"author\":{\"@id\":\"https:\/\/www.gaveanews.com\/#\/schema\/person\/714c67050b836198af2450ba1c142a67\"},\"breadcrumb\":{\"@id\":\"https:\/\/www.gaveanews.com\/index.php\/2024\/07\/23\/zenit-faz-exigencia-para-liberar-claudinho-ao-flamengo\/#breadcrumb\"},\"inLanguage\":\"pt-BR\",\"potentialAction\":[{\"@type\":\"ReadAction\",\"target\":[\"https:\/\/www.gaveanews.com\/index.php\/2024\/07\/23\/zenit-faz-exigencia-para-liberar-claudinho-ao-flamengo\/\"]}]},{\"@type\":\"ImageObject\",\"inLanguage\":\"pt-BR\",\"@id\":\"https:\/\/www.gaveanews.com\/index.php\/2024\/07\/23\/zenit-faz-exigencia-para-liberar-claudinho-ao-flamengo\/#primaryimage\",\"url\":\"https:\/\/www.gaveanews.com\/wp-content\/uploads\/Claudinho-em-acao-pelo-Zenit-em-uma-partida-da-Champions.webp\",\"contentUrl\":\"https:\/\/www.gaveanews.com\/wp-content\/uploads\/Claudinho-em-acao-pelo-Zenit-em-uma-partida-da-Champions.webp\",\"width\":1080,\"height\":1187,\"caption\":\"Claudinho em a\u00e7\u00e3o pelo Zenit em uma partida da Champions (Foto: Reprodu\u00e7\u00e3o\/Instagram)\"},{\"@type\":\"BreadcrumbList\",\"@id\":\"https:\/\/www.gaveanews.com\/index.php\/2024\/07\/23\/zenit-faz-exigencia-para-liberar-claudinho-ao-flamengo\/#breadcrumb\",\"itemListElement\":[{\"@type\":\"ListItem\",\"position\":1,\"name\":\"Home\",\"item\":\"https:\/\/www.gaveanews.com\/\"},{\"@type\":\"ListItem\",\"position\":2,\"name\":\"Zenit faz exig\u00eancia para liberar Claudinho ao Flamengo\"}]},{\"@type\":\"WebSite\",\"@id\":\"https:\/\/www.gaveanews.com\/#website\",\"url\":\"https:\/\/www.gaveanews.com\/\",\"name\":\"G\u00e1vea News\",\"description\":\"Veja todas as not\u00edcias sobre o Flamengo: Contrata\u00e7\u00f5es, categorias de base, resultados das partidas, tabela de classifica\u00e7\u00e3o, pr\u00f3ximos jogos!\",\"potentialAction\":[{\"@type\":\"SearchAction\",\"target\":{\"@type\":\"EntryPoint\",\"urlTemplate\":\"https:\/\/www.gaveanews.com\/?s={search_term_string}\"},\"query-input\":{\"@type\":\"PropertyValueSpecification\",\"valueRequired\":true,\"valueName\":\"search_term_string\"}}],\"inLanguage\":\"pt-BR\"},{\"@type\":\"Person\",\"@id\":\"https:\/\/www.gaveanews.com\/#\/schema\/person\/714c67050b836198af2450ba1c142a67\",\"name\":\"Let\u00edcia Gerheim\",\"image\":{\"@type\":\"ImageObject\",\"inLanguage\":\"pt-BR\",\"@id\":\"https:\/\/www.gaveanews.com\/#\/schema\/person\/image\/\",\"url\":\"https:\/\/secure.gravatar.com\/avatar\/60734739c50fcebfbac509e2a826ccd0ff405c019bc73aab9354f19ecad1dcb4?s=96&d=mm&r=g\",\"contentUrl\":\"https:\/\/secure.gravatar.com\/avatar\/60734739c50fcebfbac509e2a826ccd0ff405c019bc73aab9354f19ecad1dcb4?s=96&d=mm&r=g\",\"caption\":\"Let\u00edcia Gerheim\"}}]}<\/script>\n<!-- \/ Yoast SEO Premium plugin. -->","yoast_head_json":{"title":"Zenit faz exig\u00eancia para liberar Claudinho ao Flamengo","robots":{"index":"index","follow":"follow","max-snippet":"max-snippet:-1","max-image-preview":"max-image-preview:large","max-video-preview":"max-video-preview:-1"},"canonical":"https:\/\/www.gaveanews.com\/index.php\/2024\/07\/23\/zenit-faz-exigencia-para-liberar-claudinho-ao-flamengo\/","og_locale":"pt_BR","og_type":"article","og_title":"Zenit faz exig\u00eancia para liberar Claudinho ao Flamengo","og_description":"Sabendo da dificuldade de negociar com os russos, o Flamengo persiste no interesse em contratar Claudinho. O clube da G\u00e1vea recebeu uma contraproposta do Zenit, que decidiu mudar a forma de pagamento de uma eventual transfer\u00eancia. Segundo o jornalista Ven\u00ea Casagrande, a equipe da R\u00fassia teve um novo contato com o Flamengo para propor outro [&hellip;]","og_url":"https:\/\/www.gaveanews.com\/index.php\/2024\/07\/23\/zenit-faz-exigencia-para-liberar-claudinho-ao-flamengo\/","og_site_name":"G\u00e1vea News","article_publisher":"https:\/\/facebook.com\/gaveaNews\/","article_published_time":"2024-07-23T18:51:58+00:00","article_modified_time":"2024-07-23T18:51:59+00:00","og_image":[{"width":1080,"height":1187,"url":"https:\/\/www.gaveanews.com\/wp-content\/uploads\/Claudinho-em-acao-pelo-Zenit-em-uma-partida-da-Champions.webp","type":"image\/jpeg"}],"author":"Let\u00edcia Gerheim","twitter_card":"summary_large_image","twitter_misc":{"Escrito por":"Let\u00edcia Gerheim","Est. tempo de leitura":"2 minutos"},"schema":{"@context":"https:\/\/schema.org","@graph":[{"@type":"NewsArticle","@id":"https:\/\/www.gaveanews.com\/index.php\/2024\/07\/23\/zenit-faz-exigencia-para-liberar-claudinho-ao-flamengo\/#article","isPartOf":{"@id":"https:\/\/www.gaveanews.com\/index.php\/2024\/07\/23\/zenit-faz-exigencia-para-liberar-claudinho-ao-flamengo\/"},"author":{"name":"Let\u00edcia Gerheim","@id":"https:\/\/www.gaveanews.com\/#\/schema\/person\/714c67050b836198af2450ba1c142a67"},"headline":"Zenit faz exig\u00eancia para liberar Claudinho ao Flamengo","datePublished":"2024-07-23T18:51:58+00:00","dateModified":"2024-07-23T18:51:59+00:00","mainEntityOfPage":{"@id":"https:\/\/www.gaveanews.com\/index.php\/2024\/07\/23\/zenit-faz-exigencia-para-liberar-claudinho-ao-flamengo\/"},"wordCount":356,"commentCount":0,"image":{"@id":"https:\/\/www.gaveanews.com\/index.php\/2024\/07\/23\/zenit-faz-exigencia-para-liberar-claudinho-ao-flamengo\/#primaryimage"},"thumbnailUrl":"https:\/\/www.gaveanews.com\/wp-content\/uploads\/Claudinho-em-acao-pelo-Zenit-em-uma-partida-da-Champions.webp","articleSection":["Flamengo"],"inLanguage":"pt-BR","potentialAction":[{"@type":"CommentAction","name":"Comment","target":["https:\/\/www.gaveanews.com\/index.php\/2024\/07\/23\/zenit-faz-exigencia-para-liberar-claudinho-ao-flamengo\/#respond"]}],"copyrightYear":"2024","copyrightHolder":{"@id":"https:\/\/www.gaveanews.com\/#organization"}},{"@type":"WebPage","@id":"https:\/\/www.gaveanews.com\/index.php\/2024\/07\/23\/zenit-faz-exigencia-para-liberar-claudinho-ao-flamengo\/","url":"https:\/\/www.gaveanews.com\/index.php\/2024\/07\/23\/zenit-faz-exigencia-para-liberar-claudinho-ao-flamengo\/","name":"Zenit faz exig\u00eancia para liberar Claudinho ao Flamengo","isPartOf":{"@id":"https:\/\/www.gaveanews.com\/#website"},"primaryImageOfPage":{"@id":"https:\/\/www.gaveanews.com\/index.php\/2024\/07\/23\/zenit-faz-exigencia-para-liberar-claudinho-ao-flamengo\/#primaryimage"},"image":{"@id":"https:\/\/www.gaveanews.com\/index.php\/2024\/07\/23\/zenit-faz-exigencia-para-liberar-claudinho-ao-flamengo\/#primaryimage"},"thumbnailUrl":"https:\/\/www.gaveanews.com\/wp-content\/uploads\/Claudinho-em-acao-pelo-Zenit-em-uma-partida-da-Champions.webp","datePublished":"2024-07-23T18:51:58+00:00","dateModified":"2024-07-23T18:51:59+00:00","author":{"@id":"https:\/\/www.gaveanews.com\/#\/schema\/person\/714c67050b836198af2450ba1c142a67"},"breadcrumb":{"@id":"https:\/\/www.gaveanews.com\/index.php\/2024\/07\/23\/zenit-faz-exigencia-para-liberar-claudinho-ao-flamengo\/#breadcrumb"},"inLanguage":"pt-BR","potentialAction":[{"@type":"ReadAction","target":["https:\/\/www.gaveanews.com\/index.php\/2024\/07\/23\/zenit-faz-exigencia-para-liberar-claudinho-ao-flamengo\/"]}]},{"@type":"ImageObject","inLanguage":"pt-BR","@id":"https:\/\/www.gaveanews.com\/index.php\/2024\/07\/23\/zenit-faz-exigencia-para-liberar-claudinho-ao-flamengo\/#primaryimage","url":"https:\/\/www.gaveanews.com\/wp-content\/uploads\/Claudinho-em-acao-pelo-Zenit-em-uma-partida-da-Champions.webp","contentUrl":"https:\/\/www.gaveanews.com\/wp-content\/uploads\/Claudinho-em-acao-pelo-Zenit-em-uma-partida-da-Champions.webp","width":1080,"height":1187,"caption":"Claudinho em a\u00e7\u00e3o pelo Zenit em uma partida da Champions (Foto: Reprodu\u00e7\u00e3o\/Instagram)"},{"@type":"BreadcrumbList","@id":"https:\/\/www.gaveanews.com\/index.php\/2024\/07\/23\/zenit-faz-exigencia-para-liberar-claudinho-ao-flamengo\/#breadcrumb","itemListElement":[{"@type":"ListItem","position":1,"name":"Home","item":"https:\/\/www.gaveanews.com\/"},{"@type":"ListItem","position":2,"name":"Zenit faz exig\u00eancia para liberar Claudinho ao Flamengo"}]},{"@type":"WebSite","@id":"https:\/\/www.gaveanews.com\/#website","url":"https:\/\/www.gaveanews.com\/","name":"G\u00e1vea News","description":"Veja todas as not\u00edcias sobre o Flamengo: Contrata\u00e7\u00f5es, categorias de base, resultados das partidas, tabela de classifica\u00e7\u00e3o, pr\u00f3ximos jogos!","potentialAction":[{"@type":"SearchAction","target":{"@type":"EntryPoint","urlTemplate":"https:\/\/www.gaveanews.com\/?s={search_term_string}"},"query-input":{"@type":"PropertyValueSpecification","valueRequired":true,"valueName":"search_term_string"}}],"inLanguage":"pt-BR"},{"@type":"Person","@id":"https:\/\/www.gaveanews.com\/#\/schema\/person\/714c67050b836198af2450ba1c142a67","name":"Let\u00edcia Gerheim","image":{"@type":"ImageObject","inLanguage":"pt-BR","@id":"https:\/\/www.gaveanews.com\/#\/schema\/person\/image\/","url":"https:\/\/secure.gravatar.com\/avatar\/60734739c50fcebfbac509e2a826ccd0ff405c019bc73aab9354f19ecad1dcb4?s=96&d=mm&r=g","contentUrl":"https:\/\/secure.gravatar.com\/avatar\/60734739c50fcebfbac509e2a826ccd0ff405c019bc73aab9354f19ecad1dcb4?s=96&d=mm&r=g","caption":"Let\u00edcia Gerheim"}}]}},"_links":{"self":[{"href":"https:\/\/www.gaveanews.com\/index.php\/wp-json\/wp\/v2\/posts\/153957","targetHints":{"allow":["GET"]}}],"collection":[{"href":"https:\/\/www.gaveanews.com\/index.php\/wp-json\/wp\/v2\/posts"}],"about":[{"href":"https:\/\/www.gaveanews.com\/index.php\/wp-json\/wp\/v2\/types\/post"}],"author":[{"embeddable":true,"href":"https:\/\/www.gaveanews.com\/index.php\/wp-json\/wp\/v2\/users\/4"}],"replies":[{"embeddable":true,"href":"https:\/\/www.gaveanews.com\/index.php\/wp-json\/wp\/v2\/comments?post=153957"}],"version-history":[{"count":1,"href":"https:\/\/www.gaveanews.com\/index.php\/wp-json\/wp\/v2\/posts\/153957\/revisions"}],"predecessor-version":[{"id":153960,"href":"https:\/\/www.gaveanews.com\/index.php\/wp-json\/wp\/v2\/posts\/153957\/revisions\/153960"}],"wp:featuredmedia":[{"embeddable":true,"href":"https:\/\/www.gaveanews.com\/index.php\/wp-json\/wp\/v2\/media\/151624"}],"wp:attachment":[{"href":"https:\/\/www.gaveanews.com\/index.php\/wp-json\/wp\/v2\/media?parent=153957"}],"wp:term":[{"taxonomy":"category","embeddable":true,"href":"https:\/\/www.gaveanews.com\/index.php\/wp-json\/wp\/v2\/categories?post=153957"},{"taxonomy":"post_tag","embeddable":true,"href":"https:\/\/www.gaveanews.com\/index.php\/wp-json\/wp\/v2\/tags?post=153957"}],"curies":[{"name":"wp","href":"https:\/\/api.w.org\/{rel}","templated":true}]}}