{"id":153997,"date":"2024-07-23T20:38:00","date_gmt":"2024-07-23T23:38:00","guid":{"rendered":"https:\/\/www.gaveanews.com\/?p=153997"},"modified":"2024-07-23T20:38:02","modified_gmt":"2024-07-23T23:38:02","slug":"como-o-vitoria-chega-para-a-partida-contra-o-flamengo","status":"publish","type":"post","link":"https:\/\/www.gaveanews.com\/index.php\/2024\/07\/23\/como-o-vitoria-chega-para-a-partida-contra-o-flamengo\/","title":{"rendered":"Como o Vit\u00f3ria chega para a partida contra o Flamengo?"},"content":{"rendered":"\n<p>Mais uma rodada de Campeonato Brasileiro iniciar\u00e1 em breve. Um dos confrontos da semana ser\u00e1 Vit\u00f3ria x Flamengo, que ser\u00e1 disputado no Barrad\u00e3o, em Salvador, capital da Bahia.<\/p>\n\n\n\n<p>O time da casa chega para este duelo ap\u00f3s ser derrotado pelo Gr\u00eamio por 2 a 0 em um embate no qual n\u00e3o conseguiu criar chances. O goleiro ga\u00facho pouco foi acionado, sem correr riscos.<\/p>\n\n\n\n<p>A situa\u00e7\u00e3o do time baiano \u00e9 bastante complicada. Nos \u00faltimos cinco jogos, o time sofreu dez gols, mostrando uma grande fragilidade do setor defensivo.<\/p>\n\n\n\n<p>Jogar em casa tamb\u00e9m n\u00e3o traz nenhuma grande vantagem ao Vit\u00f3ria. Isso porque o clube \u00e9 o 15\u00ba colocado em aproveitamento atuando como mandante, acumulando tr\u00eas vit\u00f3rias, um empate e cinco derrotas.<\/p>\n\n\n\n<p>O cen\u00e1rio desfavor\u00e1vel se reflete na tabela de classifica\u00e7\u00e3o, onde o clube soma apenas 15 pontos e figura na 17\u00aa posi\u00e7\u00e3o, surgindo como o primeiro na Zona de Rebaixamento. Sendo assim, uma eventual vit\u00f3ria sobre o Flamengo poderia trazer confian\u00e7a ao elenco nordestino, que luta para n\u00e3o cair para a S\u00e9rie B novamente.<\/p>\n\n\n\n<p>Para este confronto, o t\u00e9cnico Thiago Carpini deve escalar: Lucas Arcanjo; Lepo, Wagner Leonardo, Reynaldo; C\u00e1ceres, L\u00e9o Naldi, Luan, Lucas Esteves; Matheusinho, Alerrandro, Iury Castilho.<\/p>\n\n\n\n<p>A bola rola para Flamengo e Vit\u00f3ria \u00e0s 20h (hor\u00e1rio de Bras\u00edlia) desta quarta-feira (24). <\/p>\n\n\n\n<h2 class=\"wp-block-heading\" id=\"h-agenda-do-flamengo-para-o-mes-de-julho\">Agenda do Flamengo para o m\u00eas de julho<\/h2>\n\n\n\n<ul class=\"wp-block-list\">\n<li>03\/07 Atl\u00e9tico-MG 2 x 4 Flamengo &#8211; 21h30 &#8211; Arena MRV &#8211; Brasileir\u00e3o<\/li>\n\n\n\n<li>06\/07 Flamengo 1 x 1 Cuiab\u00e1 &#8211; 20h &#8211; Maracan\u00e3 &#8211; Brasileir\u00e3o<\/li>\n\n\n\n<li>11\/07 Flamengo 1 x 2 Fortaleza &#8211; 20h &#8211; Maracan\u00e3 &#8211; Brasileir\u00e3o<\/li>\n\n\n\n<li>20\/07 Flamengo 2 x 1 Crici\u00fama &#8211; 16h &#8211; Man\u00e9 Garrincha &#8211; Brasileir\u00e3o<\/li>\n\n\n\n<li><strong>24\/07 Vit\u00f3ria x Flamengo &#8211; 20h &#8211; Barrad\u00e3o &#8211; Brasileir\u00e3o<\/strong><\/li>\n\n\n\n<li>28\/07 Flamengo x Atl\u00e9tico-GO &#8211; 16h &#8211; Maracan\u00e3 &#8211; Brasileir\u00e3o<\/li>\n\n\n\n<li>31\/07 Flamengo x Palmeiras &#8211; 20h &#8211; Maracan\u00e3 &#8211; Copa do Brasil<br><em>Obs.: todos os hor\u00e1rios est\u00e3o alinhados ao fuso de Bras\u00edlia.<\/em><\/li>\n<\/ul>\n","protected":false},"excerpt":{"rendered":"<p>Mais uma rodada de Campeonato Brasileiro iniciar\u00e1 em breve. Um dos confrontos da semana ser\u00e1 Vit\u00f3ria x Flamengo, que ser\u00e1 disputado no Barrad\u00e3o, em Salvador, capital da Bahia. O time da casa chega para este duelo ap\u00f3s ser derrotado pelo Gr\u00eamio por 2 a 0 em um embate no qual n\u00e3o conseguiu criar chances. O [&hellip;]<\/p>\n","protected":false},"author":4,"featured_media":154052,"comment_status":"open","ping_status":"closed","sticky":false,"template":"","format":"standard","meta":{"footnotes":""},"categories":[1,153],"tags":[],"class_list":["post-153997","post","type-post","status-publish","format-standard","has-post-thumbnail","hentry","category-flamengo","category-vitoria"],"yoast_head":"<!-- This site is optimized with the Yoast SEO Premium plugin v24.2 (Yoast SEO v26.9) - https:\/\/yoast.com\/product\/yoast-seo-premium-wordpress\/ -->\n<title>Como o Vit\u00f3ria chega para a partida contra o Flamengo?<\/title>\n<meta name=\"robots\" content=\"index, follow, max-snippet:-1, max-image-preview:large, max-video-preview:-1\" \/>\n<link rel=\"canonical\" href=\"https:\/\/www.gaveanews.com\/index.php\/2024\/07\/23\/como-o-vitoria-chega-para-a-partida-contra-o-flamengo\/\" \/>\n<meta property=\"og:locale\" content=\"pt_BR\" \/>\n<meta property=\"og:type\" content=\"article\" \/>\n<meta property=\"og:title\" content=\"Como o Vit\u00f3ria chega para a partida contra o Flamengo?\" \/>\n<meta property=\"og:description\" content=\"Mais uma rodada de Campeonato Brasileiro iniciar\u00e1 em breve. Um dos confrontos da semana ser\u00e1 Vit\u00f3ria x Flamengo, que ser\u00e1 disputado no Barrad\u00e3o, em Salvador, capital da Bahia. O time da casa chega para este duelo ap\u00f3s ser derrotado pelo Gr\u00eamio por 2 a 0 em um embate no qual n\u00e3o conseguiu criar chances. O [&hellip;]\" \/>\n<meta property=\"og:url\" content=\"https:\/\/www.gaveanews.com\/index.php\/2024\/07\/23\/como-o-vitoria-chega-para-a-partida-contra-o-flamengo\/\" \/>\n<meta property=\"og:site_name\" content=\"G\u00e1vea News\" \/>\n<meta property=\"article:publisher\" content=\"https:\/\/facebook.com\/gaveaNews\/\" \/>\n<meta property=\"article:published_time\" content=\"2024-07-23T23:38:00+00:00\" \/>\n<meta property=\"article:modified_time\" content=\"2024-07-23T23:38:02+00:00\" \/>\n<meta property=\"og:image\" content=\"https:\/\/www.gaveanews.com\/wp-content\/uploads\/Elenco-do-Vitoria-antes-do-jogo-contra-o-Gremio-pelo-Campeonato-Brasileiro-de-2024.webp\" \/>\n\t<meta property=\"og:image:width\" content=\"640\" \/>\n\t<meta property=\"og:image:height\" content=\"800\" \/>\n\t<meta property=\"og:image:type\" content=\"image\/jpeg\" \/>\n<meta name=\"author\" content=\"Let\u00edcia Gerheim\" \/>\n<meta name=\"twitter:card\" content=\"summary_large_image\" \/>\n<meta name=\"twitter:label1\" content=\"Escrito por\" \/>\n\t<meta name=\"twitter:data1\" content=\"Let\u00edcia Gerheim\" \/>\n\t<meta name=\"twitter:label2\" content=\"Est. tempo de leitura\" \/>\n\t<meta name=\"twitter:data2\" content=\"2 minutos\" \/>\n<script type=\"application\/ld+json\" class=\"yoast-schema-graph\">{\"@context\":\"https:\/\/schema.org\",\"@graph\":[{\"@type\":\"NewsArticle\",\"@id\":\"https:\/\/www.gaveanews.com\/index.php\/2024\/07\/23\/como-o-vitoria-chega-para-a-partida-contra-o-flamengo\/#article\",\"isPartOf\":{\"@id\":\"https:\/\/www.gaveanews.com\/index.php\/2024\/07\/23\/como-o-vitoria-chega-para-a-partida-contra-o-flamengo\/\"},\"author\":{\"name\":\"Let\u00edcia Gerheim\",\"@id\":\"https:\/\/www.gaveanews.com\/#\/schema\/person\/714c67050b836198af2450ba1c142a67\"},\"headline\":\"Como o Vit\u00f3ria chega para a partida contra o Flamengo?\",\"datePublished\":\"2024-07-23T23:38:00+00:00\",\"dateModified\":\"2024-07-23T23:38:02+00:00\",\"mainEntityOfPage\":{\"@id\":\"https:\/\/www.gaveanews.com\/index.php\/2024\/07\/23\/como-o-vitoria-chega-para-a-partida-contra-o-flamengo\/\"},\"wordCount\":341,\"commentCount\":0,\"image\":{\"@id\":\"https:\/\/www.gaveanews.com\/index.php\/2024\/07\/23\/como-o-vitoria-chega-para-a-partida-contra-o-flamengo\/#primaryimage\"},\"thumbnailUrl\":\"https:\/\/www.gaveanews.com\/wp-content\/uploads\/Elenco-do-Vitoria-antes-do-jogo-contra-o-Gremio-pelo-Campeonato-Brasileiro-de-2024.webp\",\"articleSection\":[\"Flamengo\",\"Vit\u00f3ria\"],\"inLanguage\":\"pt-BR\",\"potentialAction\":[{\"@type\":\"CommentAction\",\"name\":\"Comment\",\"target\":[\"https:\/\/www.gaveanews.com\/index.php\/2024\/07\/23\/como-o-vitoria-chega-para-a-partida-contra-o-flamengo\/#respond\"]}],\"copyrightYear\":\"2024\",\"copyrightHolder\":{\"@id\":\"https:\/\/www.gaveanews.com\/#organization\"}},{\"@type\":\"WebPage\",\"@id\":\"https:\/\/www.gaveanews.com\/index.php\/2024\/07\/23\/como-o-vitoria-chega-para-a-partida-contra-o-flamengo\/\",\"url\":\"https:\/\/www.gaveanews.com\/index.php\/2024\/07\/23\/como-o-vitoria-chega-para-a-partida-contra-o-flamengo\/\",\"name\":\"Como o Vit\u00f3ria chega para a partida contra o Flamengo?\",\"isPartOf\":{\"@id\":\"https:\/\/www.gaveanews.com\/#website\"},\"primaryImageOfPage\":{\"@id\":\"https:\/\/www.gaveanews.com\/index.php\/2024\/07\/23\/como-o-vitoria-chega-para-a-partida-contra-o-flamengo\/#primaryimage\"},\"image\":{\"@id\":\"https:\/\/www.gaveanews.com\/index.php\/2024\/07\/23\/como-o-vitoria-chega-para-a-partida-contra-o-flamengo\/#primaryimage\"},\"thumbnailUrl\":\"https:\/\/www.gaveanews.com\/wp-content\/uploads\/Elenco-do-Vitoria-antes-do-jogo-contra-o-Gremio-pelo-Campeonato-Brasileiro-de-2024.webp\",\"datePublished\":\"2024-07-23T23:38:00+00:00\",\"dateModified\":\"2024-07-23T23:38:02+00:00\",\"author\":{\"@id\":\"https:\/\/www.gaveanews.com\/#\/schema\/person\/714c67050b836198af2450ba1c142a67\"},\"breadcrumb\":{\"@id\":\"https:\/\/www.gaveanews.com\/index.php\/2024\/07\/23\/como-o-vitoria-chega-para-a-partida-contra-o-flamengo\/#breadcrumb\"},\"inLanguage\":\"pt-BR\",\"potentialAction\":[{\"@type\":\"ReadAction\",\"target\":[\"https:\/\/www.gaveanews.com\/index.php\/2024\/07\/23\/como-o-vitoria-chega-para-a-partida-contra-o-flamengo\/\"]}]},{\"@type\":\"ImageObject\",\"inLanguage\":\"pt-BR\",\"@id\":\"https:\/\/www.gaveanews.com\/index.php\/2024\/07\/23\/como-o-vitoria-chega-para-a-partida-contra-o-flamengo\/#primaryimage\",\"url\":\"https:\/\/www.gaveanews.com\/wp-content\/uploads\/Elenco-do-Vitoria-antes-do-jogo-contra-o-Gremio-pelo-Campeonato-Brasileiro-de-2024.webp\",\"contentUrl\":\"https:\/\/www.gaveanews.com\/wp-content\/uploads\/Elenco-do-Vitoria-antes-do-jogo-contra-o-Gremio-pelo-Campeonato-Brasileiro-de-2024.webp\",\"width\":640,\"height\":800,\"caption\":\"Elenco do Vit\u00f3ria antes do jogo contra o Gr\u00eamio pelo Campeonato Brasileiro de 2024 (Foto: Reprodu\u00e7\u00e3o\/Vit\u00f3ria)\"},{\"@type\":\"BreadcrumbList\",\"@id\":\"https:\/\/www.gaveanews.com\/index.php\/2024\/07\/23\/como-o-vitoria-chega-para-a-partida-contra-o-flamengo\/#breadcrumb\",\"itemListElement\":[{\"@type\":\"ListItem\",\"position\":1,\"name\":\"Home\",\"item\":\"https:\/\/www.gaveanews.com\/\"},{\"@type\":\"ListItem\",\"position\":2,\"name\":\"Como o Vit\u00f3ria chega para a partida contra o Flamengo?\"}]},{\"@type\":\"WebSite\",\"@id\":\"https:\/\/www.gaveanews.com\/#website\",\"url\":\"https:\/\/www.gaveanews.com\/\",\"name\":\"G\u00e1vea News\",\"description\":\"Veja todas as not\u00edcias sobre o Flamengo: Contrata\u00e7\u00f5es, categorias de base, resultados das partidas, tabela de classifica\u00e7\u00e3o, pr\u00f3ximos jogos!\",\"potentialAction\":[{\"@type\":\"SearchAction\",\"target\":{\"@type\":\"EntryPoint\",\"urlTemplate\":\"https:\/\/www.gaveanews.com\/?s={search_term_string}\"},\"query-input\":{\"@type\":\"PropertyValueSpecification\",\"valueRequired\":true,\"valueName\":\"search_term_string\"}}],\"inLanguage\":\"pt-BR\"},{\"@type\":\"Person\",\"@id\":\"https:\/\/www.gaveanews.com\/#\/schema\/person\/714c67050b836198af2450ba1c142a67\",\"name\":\"Let\u00edcia Gerheim\",\"image\":{\"@type\":\"ImageObject\",\"inLanguage\":\"pt-BR\",\"@id\":\"https:\/\/www.gaveanews.com\/#\/schema\/person\/image\/\",\"url\":\"https:\/\/secure.gravatar.com\/avatar\/60734739c50fcebfbac509e2a826ccd0ff405c019bc73aab9354f19ecad1dcb4?s=96&d=mm&r=g\",\"contentUrl\":\"https:\/\/secure.gravatar.com\/avatar\/60734739c50fcebfbac509e2a826ccd0ff405c019bc73aab9354f19ecad1dcb4?s=96&d=mm&r=g\",\"caption\":\"Let\u00edcia Gerheim\"}}]}<\/script>\n<!-- \/ Yoast SEO Premium plugin. -->","yoast_head_json":{"title":"Como o Vit\u00f3ria chega para a partida contra o Flamengo?","robots":{"index":"index","follow":"follow","max-snippet":"max-snippet:-1","max-image-preview":"max-image-preview:large","max-video-preview":"max-video-preview:-1"},"canonical":"https:\/\/www.gaveanews.com\/index.php\/2024\/07\/23\/como-o-vitoria-chega-para-a-partida-contra-o-flamengo\/","og_locale":"pt_BR","og_type":"article","og_title":"Como o Vit\u00f3ria chega para a partida contra o Flamengo?","og_description":"Mais uma rodada de Campeonato Brasileiro iniciar\u00e1 em breve. Um dos confrontos da semana ser\u00e1 Vit\u00f3ria x Flamengo, que ser\u00e1 disputado no Barrad\u00e3o, em Salvador, capital da Bahia. O time da casa chega para este duelo ap\u00f3s ser derrotado pelo Gr\u00eamio por 2 a 0 em um embate no qual n\u00e3o conseguiu criar chances. O [&hellip;]","og_url":"https:\/\/www.gaveanews.com\/index.php\/2024\/07\/23\/como-o-vitoria-chega-para-a-partida-contra-o-flamengo\/","og_site_name":"G\u00e1vea News","article_publisher":"https:\/\/facebook.com\/gaveaNews\/","article_published_time":"2024-07-23T23:38:00+00:00","article_modified_time":"2024-07-23T23:38:02+00:00","og_image":[{"width":640,"height":800,"url":"https:\/\/www.gaveanews.com\/wp-content\/uploads\/Elenco-do-Vitoria-antes-do-jogo-contra-o-Gremio-pelo-Campeonato-Brasileiro-de-2024.webp","type":"image\/jpeg"}],"author":"Let\u00edcia Gerheim","twitter_card":"summary_large_image","twitter_misc":{"Escrito por":"Let\u00edcia Gerheim","Est. tempo de leitura":"2 minutos"},"schema":{"@context":"https:\/\/schema.org","@graph":[{"@type":"NewsArticle","@id":"https:\/\/www.gaveanews.com\/index.php\/2024\/07\/23\/como-o-vitoria-chega-para-a-partida-contra-o-flamengo\/#article","isPartOf":{"@id":"https:\/\/www.gaveanews.com\/index.php\/2024\/07\/23\/como-o-vitoria-chega-para-a-partida-contra-o-flamengo\/"},"author":{"name":"Let\u00edcia Gerheim","@id":"https:\/\/www.gaveanews.com\/#\/schema\/person\/714c67050b836198af2450ba1c142a67"},"headline":"Como o Vit\u00f3ria chega para a partida contra o Flamengo?","datePublished":"2024-07-23T23:38:00+00:00","dateModified":"2024-07-23T23:38:02+00:00","mainEntityOfPage":{"@id":"https:\/\/www.gaveanews.com\/index.php\/2024\/07\/23\/como-o-vitoria-chega-para-a-partida-contra-o-flamengo\/"},"wordCount":341,"commentCount":0,"image":{"@id":"https:\/\/www.gaveanews.com\/index.php\/2024\/07\/23\/como-o-vitoria-chega-para-a-partida-contra-o-flamengo\/#primaryimage"},"thumbnailUrl":"https:\/\/www.gaveanews.com\/wp-content\/uploads\/Elenco-do-Vitoria-antes-do-jogo-contra-o-Gremio-pelo-Campeonato-Brasileiro-de-2024.webp","articleSection":["Flamengo","Vit\u00f3ria"],"inLanguage":"pt-BR","potentialAction":[{"@type":"CommentAction","name":"Comment","target":["https:\/\/www.gaveanews.com\/index.php\/2024\/07\/23\/como-o-vitoria-chega-para-a-partida-contra-o-flamengo\/#respond"]}],"copyrightYear":"2024","copyrightHolder":{"@id":"https:\/\/www.gaveanews.com\/#organization"}},{"@type":"WebPage","@id":"https:\/\/www.gaveanews.com\/index.php\/2024\/07\/23\/como-o-vitoria-chega-para-a-partida-contra-o-flamengo\/","url":"https:\/\/www.gaveanews.com\/index.php\/2024\/07\/23\/como-o-vitoria-chega-para-a-partida-contra-o-flamengo\/","name":"Como o Vit\u00f3ria chega para a partida contra o Flamengo?","isPartOf":{"@id":"https:\/\/www.gaveanews.com\/#website"},"primaryImageOfPage":{"@id":"https:\/\/www.gaveanews.com\/index.php\/2024\/07\/23\/como-o-vitoria-chega-para-a-partida-contra-o-flamengo\/#primaryimage"},"image":{"@id":"https:\/\/www.gaveanews.com\/index.php\/2024\/07\/23\/como-o-vitoria-chega-para-a-partida-contra-o-flamengo\/#primaryimage"},"thumbnailUrl":"https:\/\/www.gaveanews.com\/wp-content\/uploads\/Elenco-do-Vitoria-antes-do-jogo-contra-o-Gremio-pelo-Campeonato-Brasileiro-de-2024.webp","datePublished":"2024-07-23T23:38:00+00:00","dateModified":"2024-07-23T23:38:02+00:00","author":{"@id":"https:\/\/www.gaveanews.com\/#\/schema\/person\/714c67050b836198af2450ba1c142a67"},"breadcrumb":{"@id":"https:\/\/www.gaveanews.com\/index.php\/2024\/07\/23\/como-o-vitoria-chega-para-a-partida-contra-o-flamengo\/#breadcrumb"},"inLanguage":"pt-BR","potentialAction":[{"@type":"ReadAction","target":["https:\/\/www.gaveanews.com\/index.php\/2024\/07\/23\/como-o-vitoria-chega-para-a-partida-contra-o-flamengo\/"]}]},{"@type":"ImageObject","inLanguage":"pt-BR","@id":"https:\/\/www.gaveanews.com\/index.php\/2024\/07\/23\/como-o-vitoria-chega-para-a-partida-contra-o-flamengo\/#primaryimage","url":"https:\/\/www.gaveanews.com\/wp-content\/uploads\/Elenco-do-Vitoria-antes-do-jogo-contra-o-Gremio-pelo-Campeonato-Brasileiro-de-2024.webp","contentUrl":"https:\/\/www.gaveanews.com\/wp-content\/uploads\/Elenco-do-Vitoria-antes-do-jogo-contra-o-Gremio-pelo-Campeonato-Brasileiro-de-2024.webp","width":640,"height":800,"caption":"Elenco do Vit\u00f3ria antes do jogo contra o Gr\u00eamio pelo Campeonato Brasileiro de 2024 (Foto: Reprodu\u00e7\u00e3o\/Vit\u00f3ria)"},{"@type":"BreadcrumbList","@id":"https:\/\/www.gaveanews.com\/index.php\/2024\/07\/23\/como-o-vitoria-chega-para-a-partida-contra-o-flamengo\/#breadcrumb","itemListElement":[{"@type":"ListItem","position":1,"name":"Home","item":"https:\/\/www.gaveanews.com\/"},{"@type":"ListItem","position":2,"name":"Como o Vit\u00f3ria chega para a partida contra o Flamengo?"}]},{"@type":"WebSite","@id":"https:\/\/www.gaveanews.com\/#website","url":"https:\/\/www.gaveanews.com\/","name":"G\u00e1vea News","description":"Veja todas as not\u00edcias sobre o Flamengo: Contrata\u00e7\u00f5es, categorias de base, resultados das partidas, tabela de classifica\u00e7\u00e3o, pr\u00f3ximos jogos!","potentialAction":[{"@type":"SearchAction","target":{"@type":"EntryPoint","urlTemplate":"https:\/\/www.gaveanews.com\/?s={search_term_string}"},"query-input":{"@type":"PropertyValueSpecification","valueRequired":true,"valueName":"search_term_string"}}],"inLanguage":"pt-BR"},{"@type":"Person","@id":"https:\/\/www.gaveanews.com\/#\/schema\/person\/714c67050b836198af2450ba1c142a67","name":"Let\u00edcia Gerheim","image":{"@type":"ImageObject","inLanguage":"pt-BR","@id":"https:\/\/www.gaveanews.com\/#\/schema\/person\/image\/","url":"https:\/\/secure.gravatar.com\/avatar\/60734739c50fcebfbac509e2a826ccd0ff405c019bc73aab9354f19ecad1dcb4?s=96&d=mm&r=g","contentUrl":"https:\/\/secure.gravatar.com\/avatar\/60734739c50fcebfbac509e2a826ccd0ff405c019bc73aab9354f19ecad1dcb4?s=96&d=mm&r=g","caption":"Let\u00edcia Gerheim"}}]}},"_links":{"self":[{"href":"https:\/\/www.gaveanews.com\/index.php\/wp-json\/wp\/v2\/posts\/153997","targetHints":{"allow":["GET"]}}],"collection":[{"href":"https:\/\/www.gaveanews.com\/index.php\/wp-json\/wp\/v2\/posts"}],"about":[{"href":"https:\/\/www.gaveanews.com\/index.php\/wp-json\/wp\/v2\/types\/post"}],"author":[{"embeddable":true,"href":"https:\/\/www.gaveanews.com\/index.php\/wp-json\/wp\/v2\/users\/4"}],"replies":[{"embeddable":true,"href":"https:\/\/www.gaveanews.com\/index.php\/wp-json\/wp\/v2\/comments?post=153997"}],"version-history":[{"count":1,"href":"https:\/\/www.gaveanews.com\/index.php\/wp-json\/wp\/v2\/posts\/153997\/revisions"}],"predecessor-version":[{"id":154010,"href":"https:\/\/www.gaveanews.com\/index.php\/wp-json\/wp\/v2\/posts\/153997\/revisions\/154010"}],"wp:featuredmedia":[{"embeddable":true,"href":"https:\/\/www.gaveanews.com\/index.php\/wp-json\/wp\/v2\/media\/154052"}],"wp:attachment":[{"href":"https:\/\/www.gaveanews.com\/index.php\/wp-json\/wp\/v2\/media?parent=153997"}],"wp:term":[{"taxonomy":"category","embeddable":true,"href":"https:\/\/www.gaveanews.com\/index.php\/wp-json\/wp\/v2\/categories?post=153997"},{"taxonomy":"post_tag","embeddable":true,"href":"https:\/\/www.gaveanews.com\/index.php\/wp-json\/wp\/v2\/tags?post=153997"}],"curies":[{"name":"wp","href":"https:\/\/api.w.org\/{rel}","templated":true}]}}