{"id":154009,"date":"2024-07-24T13:30:00","date_gmt":"2024-07-24T16:30:00","guid":{"rendered":"https:\/\/www.gaveanews.com\/?p=154009"},"modified":"2024-07-24T13:48:17","modified_gmt":"2024-07-24T16:48:17","slug":"carlos-belmonte-e-sincero-ao-falar-sobre-a-rescisao-de-james-rodriguez","status":"publish","type":"post","link":"https:\/\/www.gaveanews.com\/index.php\/2024\/07\/24\/carlos-belmonte-e-sincero-ao-falar-sobre-a-rescisao-de-james-rodriguez\/","title":{"rendered":"Carlos Belmonte \u00e9 sincero ao falar sobre a rescis\u00e3o de James Rodriguez"},"content":{"rendered":"\n<p>Na tarde de ontem, segunda-feira (22), O diretor de futebol do S\u00e3o Paulo, Carlos Belmonte, concedeu uma entrevista ao programa Zona Mista do jornalista Andr\u00e9 Hernan sobre a passagem de James Rodriguez ao S\u00e3o Paulo e como ficar\u00e1 essa rescis\u00e3o que o time optou em realizar.<\/p>\n\n\n\n<ul class=\"wp-block-list\">\n<li><a href=\"https:\/\/www.gaveanews.com\/index.php\/2024\/07\/23\/zagueiro-do-atletico-mg-entra-na-mira-do-sao-paulo\/\">Zagueiro do Atl\u00e9tico-MG entra na mira do S\u00e3o Paulo<\/a><\/li>\n\n\n\n<li><a href=\"https:\/\/www.gaveanews.com\/index.php\/2024\/07\/22\/sao-paulo-quer-fechar-pacotao-com-4-reforcos\/\">S\u00e3o Paulo quer fechar pacot\u00e3o com 4 refor\u00e7os<\/a><\/li>\n<\/ul>\n\n\n\n<figure class=\"wp-block-embed is-provider-youtube wp-block-embed-youtube\"><div class=\"wp-block-embed__wrapper\">\n<iframe loading=\"lazy\" title=\"S\u00c3O PAULO: DIRETOR APONTA MOTIVOS PARA INSUCESSO DE JAMES RODR\u00cdGUEZ NO CLUBE: \u2018SAB\u00cdAMOS DOS RISCOS\u2019\" width=\"640\" height=\"360\" src=\"https:\/\/www.youtube.com\/embed\/GozTw5tvl14?feature=oembed\" frameborder=\"0\" allow=\"accelerometer; autoplay; clipboard-write; encrypted-media; gyroscope; picture-in-picture; web-share\" referrerpolicy=\"strict-origin-when-cross-origin\" allowfullscreen><\/iframe>\n<\/div><\/figure>\n\n\n\n<h2 class=\"wp-block-heading\" id=\"h-entrevista-de-belmonte\">Entrevista de Belmonte<\/h2>\n\n\n\n<p>Ao falar sobre o James, o diretor destacou como o colombiano joga na sua sele\u00e7\u00e3o e at\u00e9 comparou que para torcida de seu pa\u00eds, o ent\u00e3o jogador \u00e9 como se fosse o Pel\u00e9 do Brasil, que chega ser inspira\u00e7\u00e3o para os mais jovens tricolores, mas no S\u00e3o Paulo, o camisa 10 da Col\u00f4mbia acaba sendo s\u00f3 mais um jogador.<\/p>\n\n\n\n<p>&#8220;O James nunca deu problema aqui, \u00e9 um jogador que trabalha como os demais. \u00c9 uma quest\u00e3o de pensamento de jogo, e no pensamento dos \u00faltimos tr\u00eas treinadores, Dorival, Carpini e agora o Zubeld\u00eda ele n\u00e3o se adequou&#8221;, diz Belmonte ao declarar a rescis\u00e3o amig\u00e1vel do jogador.<\/p>\n\n\n\n<p>Belmonte deixa claro que James e Lucas foram acordos aprovados pela diretoria e o t\u00e9cnico da \u00e9poca, Dorival. &#8220;Sab\u00edamos dos riscos, assim como eram os do Lucas, que vinha de contus\u00f5es, mas o Lucas tinha uma rela\u00e7\u00e3o com a institui\u00e7\u00e3o, que era gigantesca&#8221;. Com isso, at\u00e9 aqui somente Lucas teve destaque.<\/p>\n\n\n\n<p>A representa\u00e7\u00e3o do jogador ao S\u00e3o Paulo estaria agendada para essa segunda-feira, por\u00e9m o jogador foi liberado. Atualmente, seu contrato com o S\u00e3o Paulo \u00e9 v\u00e1lido at\u00e9 junho de 2025. Desde sua chegada ao Tricolor, James disputou 22 partidas, mas marcou somente dois gols e deu quatro assist\u00eancias.<\/p>\n\n\n\n<h2 class=\"wp-block-heading\" id=\"h-retrospecto-de-james-em-2024\">Retrospecto de James em 2024<\/h2>\n\n\n\n<p>Em 2024 o retrospecto de James Rodrigues no tricolor \u00e9 baixo, o meia tricolor disputou somente oito partidas e marcou s\u00f3 um gol. Por\u00e9m, para a sua sele\u00e7\u00e3o, James foi eleito o melhor jogador da Copa Am\u00e9rica 2024.<\/p>\n","protected":false},"excerpt":{"rendered":"<p>Na tarde de ontem, segunda-feira (22), O diretor de futebol do S\u00e3o Paulo, Carlos Belmonte, concedeu uma entrevista ao programa Zona Mista do jornalista Andr\u00e9 Hernan sobre a passagem de James Rodriguez ao S\u00e3o Paulo e como ficar\u00e1 essa rescis\u00e3o que o time optou em realizar. Entrevista de Belmonte Ao falar sobre o James, o [&hellip;]<\/p>\n","protected":false},"author":22,"featured_media":152565,"comment_status":"open","ping_status":"closed","sticky":false,"template":"","format":"standard","meta":{"footnotes":""},"categories":[151],"tags":[],"class_list":["post-154009","post","type-post","status-publish","format-standard","has-post-thumbnail","hentry","category-sao-paulo"],"yoast_head":"<!-- This site is optimized with the Yoast SEO Premium plugin v24.2 (Yoast SEO v26.9) - https:\/\/yoast.com\/product\/yoast-seo-premium-wordpress\/ -->\n<title>Carlos Belmonte \u00e9 sincero ao falar sobre a rescis\u00e3o de James Rodriguez<\/title>\n<meta name=\"robots\" content=\"index, follow, max-snippet:-1, max-image-preview:large, max-video-preview:-1\" \/>\n<link rel=\"canonical\" href=\"https:\/\/www.gaveanews.com\/index.php\/2024\/07\/24\/carlos-belmonte-e-sincero-ao-falar-sobre-a-rescisao-de-james-rodriguez\/\" \/>\n<meta property=\"og:locale\" content=\"pt_BR\" \/>\n<meta property=\"og:type\" content=\"article\" \/>\n<meta property=\"og:title\" content=\"Carlos Belmonte \u00e9 sincero ao falar sobre a rescis\u00e3o de James Rodriguez\" \/>\n<meta property=\"og:description\" content=\"Na tarde de ontem, segunda-feira (22), O diretor de futebol do S\u00e3o Paulo, Carlos Belmonte, concedeu uma entrevista ao programa Zona Mista do jornalista Andr\u00e9 Hernan sobre a passagem de James Rodriguez ao S\u00e3o Paulo e como ficar\u00e1 essa rescis\u00e3o que o time optou em realizar. Entrevista de Belmonte Ao falar sobre o James, o [&hellip;]\" \/>\n<meta property=\"og:url\" content=\"https:\/\/www.gaveanews.com\/index.php\/2024\/07\/24\/carlos-belmonte-e-sincero-ao-falar-sobre-a-rescisao-de-james-rodriguez\/\" \/>\n<meta property=\"og:site_name\" content=\"G\u00e1vea News\" \/>\n<meta property=\"article:publisher\" content=\"https:\/\/facebook.com\/gaveaNews\/\" \/>\n<meta property=\"article:published_time\" content=\"2024-07-24T16:30:00+00:00\" \/>\n<meta property=\"article:modified_time\" content=\"2024-07-24T16:48:17+00:00\" \/>\n<meta property=\"og:image\" content=\"https:\/\/www.gaveanews.com\/wp-content\/uploads\/Design-sem-nome9-645x362-1.webp\" \/>\n\t<meta property=\"og:image:width\" content=\"645\" \/>\n\t<meta property=\"og:image:height\" content=\"362\" \/>\n\t<meta property=\"og:image:type\" content=\"image\/jpeg\" \/>\n<meta name=\"author\" content=\"Emilly Lima\" \/>\n<meta name=\"twitter:card\" content=\"summary_large_image\" \/>\n<meta name=\"twitter:label1\" content=\"Escrito por\" \/>\n\t<meta name=\"twitter:data1\" content=\"Emilly Lima\" \/>\n\t<meta name=\"twitter:label2\" content=\"Est. tempo de leitura\" \/>\n\t<meta name=\"twitter:data2\" content=\"2 minutos\" \/>\n<script type=\"application\/ld+json\" class=\"yoast-schema-graph\">{\"@context\":\"https:\/\/schema.org\",\"@graph\":[{\"@type\":\"NewsArticle\",\"@id\":\"https:\/\/www.gaveanews.com\/index.php\/2024\/07\/24\/carlos-belmonte-e-sincero-ao-falar-sobre-a-rescisao-de-james-rodriguez\/#article\",\"isPartOf\":{\"@id\":\"https:\/\/www.gaveanews.com\/index.php\/2024\/07\/24\/carlos-belmonte-e-sincero-ao-falar-sobre-a-rescisao-de-james-rodriguez\/\"},\"author\":{\"name\":\"Emilly Lima\",\"@id\":\"https:\/\/www.gaveanews.com\/#\/schema\/person\/8597dbe3f4d8513dd20048ce95a1895b\"},\"headline\":\"Carlos Belmonte \u00e9 sincero ao falar sobre a rescis\u00e3o de James Rodriguez\",\"datePublished\":\"2024-07-24T16:30:00+00:00\",\"dateModified\":\"2024-07-24T16:48:17+00:00\",\"mainEntityOfPage\":{\"@id\":\"https:\/\/www.gaveanews.com\/index.php\/2024\/07\/24\/carlos-belmonte-e-sincero-ao-falar-sobre-a-rescisao-de-james-rodriguez\/\"},\"wordCount\":352,\"commentCount\":0,\"image\":{\"@id\":\"https:\/\/www.gaveanews.com\/index.php\/2024\/07\/24\/carlos-belmonte-e-sincero-ao-falar-sobre-a-rescisao-de-james-rodriguez\/#primaryimage\"},\"thumbnailUrl\":\"https:\/\/www.gaveanews.com\/wp-content\/uploads\/Design-sem-nome9-645x362-1.webp\",\"articleSection\":[\"S\u00e3o Paulo\"],\"inLanguage\":\"pt-BR\",\"potentialAction\":[{\"@type\":\"CommentAction\",\"name\":\"Comment\",\"target\":[\"https:\/\/www.gaveanews.com\/index.php\/2024\/07\/24\/carlos-belmonte-e-sincero-ao-falar-sobre-a-rescisao-de-james-rodriguez\/#respond\"]}],\"copyrightYear\":\"2024\",\"copyrightHolder\":{\"@id\":\"https:\/\/www.gaveanews.com\/#organization\"}},{\"@type\":\"WebPage\",\"@id\":\"https:\/\/www.gaveanews.com\/index.php\/2024\/07\/24\/carlos-belmonte-e-sincero-ao-falar-sobre-a-rescisao-de-james-rodriguez\/\",\"url\":\"https:\/\/www.gaveanews.com\/index.php\/2024\/07\/24\/carlos-belmonte-e-sincero-ao-falar-sobre-a-rescisao-de-james-rodriguez\/\",\"name\":\"Carlos Belmonte \u00e9 sincero ao falar sobre a rescis\u00e3o de James Rodriguez\",\"isPartOf\":{\"@id\":\"https:\/\/www.gaveanews.com\/#website\"},\"primaryImageOfPage\":{\"@id\":\"https:\/\/www.gaveanews.com\/index.php\/2024\/07\/24\/carlos-belmonte-e-sincero-ao-falar-sobre-a-rescisao-de-james-rodriguez\/#primaryimage\"},\"image\":{\"@id\":\"https:\/\/www.gaveanews.com\/index.php\/2024\/07\/24\/carlos-belmonte-e-sincero-ao-falar-sobre-a-rescisao-de-james-rodriguez\/#primaryimage\"},\"thumbnailUrl\":\"https:\/\/www.gaveanews.com\/wp-content\/uploads\/Design-sem-nome9-645x362-1.webp\",\"datePublished\":\"2024-07-24T16:30:00+00:00\",\"dateModified\":\"2024-07-24T16:48:17+00:00\",\"author\":{\"@id\":\"https:\/\/www.gaveanews.com\/#\/schema\/person\/8597dbe3f4d8513dd20048ce95a1895b\"},\"breadcrumb\":{\"@id\":\"https:\/\/www.gaveanews.com\/index.php\/2024\/07\/24\/carlos-belmonte-e-sincero-ao-falar-sobre-a-rescisao-de-james-rodriguez\/#breadcrumb\"},\"inLanguage\":\"pt-BR\",\"potentialAction\":[{\"@type\":\"ReadAction\",\"target\":[\"https:\/\/www.gaveanews.com\/index.php\/2024\/07\/24\/carlos-belmonte-e-sincero-ao-falar-sobre-a-rescisao-de-james-rodriguez\/\"]}]},{\"@type\":\"ImageObject\",\"inLanguage\":\"pt-BR\",\"@id\":\"https:\/\/www.gaveanews.com\/index.php\/2024\/07\/24\/carlos-belmonte-e-sincero-ao-falar-sobre-a-rescisao-de-james-rodriguez\/#primaryimage\",\"url\":\"https:\/\/www.gaveanews.com\/wp-content\/uploads\/Design-sem-nome9-645x362-1.webp\",\"contentUrl\":\"https:\/\/www.gaveanews.com\/wp-content\/uploads\/Design-sem-nome9-645x362-1.webp\",\"width\":645,\"height\":362,\"caption\":\"(foto: Rubens Chiri\/Saopaulofc.net)\"},{\"@type\":\"BreadcrumbList\",\"@id\":\"https:\/\/www.gaveanews.com\/index.php\/2024\/07\/24\/carlos-belmonte-e-sincero-ao-falar-sobre-a-rescisao-de-james-rodriguez\/#breadcrumb\",\"itemListElement\":[{\"@type\":\"ListItem\",\"position\":1,\"name\":\"Home\",\"item\":\"https:\/\/www.gaveanews.com\/\"},{\"@type\":\"ListItem\",\"position\":2,\"name\":\"Carlos Belmonte \u00e9 sincero ao falar sobre a rescis\u00e3o de James Rodriguez\"}]},{\"@type\":\"WebSite\",\"@id\":\"https:\/\/www.gaveanews.com\/#website\",\"url\":\"https:\/\/www.gaveanews.com\/\",\"name\":\"G\u00e1vea News\",\"description\":\"Veja todas as not\u00edcias sobre o Flamengo: Contrata\u00e7\u00f5es, categorias de base, resultados das partidas, tabela de classifica\u00e7\u00e3o, pr\u00f3ximos jogos!\",\"potentialAction\":[{\"@type\":\"SearchAction\",\"target\":{\"@type\":\"EntryPoint\",\"urlTemplate\":\"https:\/\/www.gaveanews.com\/?s={search_term_string}\"},\"query-input\":{\"@type\":\"PropertyValueSpecification\",\"valueRequired\":true,\"valueName\":\"search_term_string\"}}],\"inLanguage\":\"pt-BR\"},{\"@type\":\"Person\",\"@id\":\"https:\/\/www.gaveanews.com\/#\/schema\/person\/8597dbe3f4d8513dd20048ce95a1895b\",\"name\":\"Emilly Lima\",\"image\":{\"@type\":\"ImageObject\",\"inLanguage\":\"pt-BR\",\"@id\":\"https:\/\/www.gaveanews.com\/#\/schema\/person\/image\/\",\"url\":\"https:\/\/secure.gravatar.com\/avatar\/ddb4d0548bae01de3cb52e0fe30386754e9c41797565aa0a5bf4440ab4f7c0be?s=96&d=mm&r=g\",\"contentUrl\":\"https:\/\/secure.gravatar.com\/avatar\/ddb4d0548bae01de3cb52e0fe30386754e9c41797565aa0a5bf4440ab4f7c0be?s=96&d=mm&r=g\",\"caption\":\"Emilly Lima\"}}]}<\/script>\n<!-- \/ Yoast SEO Premium plugin. -->","yoast_head_json":{"title":"Carlos Belmonte \u00e9 sincero ao falar sobre a rescis\u00e3o de James Rodriguez","robots":{"index":"index","follow":"follow","max-snippet":"max-snippet:-1","max-image-preview":"max-image-preview:large","max-video-preview":"max-video-preview:-1"},"canonical":"https:\/\/www.gaveanews.com\/index.php\/2024\/07\/24\/carlos-belmonte-e-sincero-ao-falar-sobre-a-rescisao-de-james-rodriguez\/","og_locale":"pt_BR","og_type":"article","og_title":"Carlos Belmonte \u00e9 sincero ao falar sobre a rescis\u00e3o de James Rodriguez","og_description":"Na tarde de ontem, segunda-feira (22), O diretor de futebol do S\u00e3o Paulo, Carlos Belmonte, concedeu uma entrevista ao programa Zona Mista do jornalista Andr\u00e9 Hernan sobre a passagem de James Rodriguez ao S\u00e3o Paulo e como ficar\u00e1 essa rescis\u00e3o que o time optou em realizar. Entrevista de Belmonte Ao falar sobre o James, o [&hellip;]","og_url":"https:\/\/www.gaveanews.com\/index.php\/2024\/07\/24\/carlos-belmonte-e-sincero-ao-falar-sobre-a-rescisao-de-james-rodriguez\/","og_site_name":"G\u00e1vea News","article_publisher":"https:\/\/facebook.com\/gaveaNews\/","article_published_time":"2024-07-24T16:30:00+00:00","article_modified_time":"2024-07-24T16:48:17+00:00","og_image":[{"width":645,"height":362,"url":"https:\/\/www.gaveanews.com\/wp-content\/uploads\/Design-sem-nome9-645x362-1.webp","type":"image\/jpeg"}],"author":"Emilly Lima","twitter_card":"summary_large_image","twitter_misc":{"Escrito por":"Emilly Lima","Est. tempo de leitura":"2 minutos"},"schema":{"@context":"https:\/\/schema.org","@graph":[{"@type":"NewsArticle","@id":"https:\/\/www.gaveanews.com\/index.php\/2024\/07\/24\/carlos-belmonte-e-sincero-ao-falar-sobre-a-rescisao-de-james-rodriguez\/#article","isPartOf":{"@id":"https:\/\/www.gaveanews.com\/index.php\/2024\/07\/24\/carlos-belmonte-e-sincero-ao-falar-sobre-a-rescisao-de-james-rodriguez\/"},"author":{"name":"Emilly Lima","@id":"https:\/\/www.gaveanews.com\/#\/schema\/person\/8597dbe3f4d8513dd20048ce95a1895b"},"headline":"Carlos Belmonte \u00e9 sincero ao falar sobre a rescis\u00e3o de James Rodriguez","datePublished":"2024-07-24T16:30:00+00:00","dateModified":"2024-07-24T16:48:17+00:00","mainEntityOfPage":{"@id":"https:\/\/www.gaveanews.com\/index.php\/2024\/07\/24\/carlos-belmonte-e-sincero-ao-falar-sobre-a-rescisao-de-james-rodriguez\/"},"wordCount":352,"commentCount":0,"image":{"@id":"https:\/\/www.gaveanews.com\/index.php\/2024\/07\/24\/carlos-belmonte-e-sincero-ao-falar-sobre-a-rescisao-de-james-rodriguez\/#primaryimage"},"thumbnailUrl":"https:\/\/www.gaveanews.com\/wp-content\/uploads\/Design-sem-nome9-645x362-1.webp","articleSection":["S\u00e3o Paulo"],"inLanguage":"pt-BR","potentialAction":[{"@type":"CommentAction","name":"Comment","target":["https:\/\/www.gaveanews.com\/index.php\/2024\/07\/24\/carlos-belmonte-e-sincero-ao-falar-sobre-a-rescisao-de-james-rodriguez\/#respond"]}],"copyrightYear":"2024","copyrightHolder":{"@id":"https:\/\/www.gaveanews.com\/#organization"}},{"@type":"WebPage","@id":"https:\/\/www.gaveanews.com\/index.php\/2024\/07\/24\/carlos-belmonte-e-sincero-ao-falar-sobre-a-rescisao-de-james-rodriguez\/","url":"https:\/\/www.gaveanews.com\/index.php\/2024\/07\/24\/carlos-belmonte-e-sincero-ao-falar-sobre-a-rescisao-de-james-rodriguez\/","name":"Carlos Belmonte \u00e9 sincero ao falar sobre a rescis\u00e3o de James Rodriguez","isPartOf":{"@id":"https:\/\/www.gaveanews.com\/#website"},"primaryImageOfPage":{"@id":"https:\/\/www.gaveanews.com\/index.php\/2024\/07\/24\/carlos-belmonte-e-sincero-ao-falar-sobre-a-rescisao-de-james-rodriguez\/#primaryimage"},"image":{"@id":"https:\/\/www.gaveanews.com\/index.php\/2024\/07\/24\/carlos-belmonte-e-sincero-ao-falar-sobre-a-rescisao-de-james-rodriguez\/#primaryimage"},"thumbnailUrl":"https:\/\/www.gaveanews.com\/wp-content\/uploads\/Design-sem-nome9-645x362-1.webp","datePublished":"2024-07-24T16:30:00+00:00","dateModified":"2024-07-24T16:48:17+00:00","author":{"@id":"https:\/\/www.gaveanews.com\/#\/schema\/person\/8597dbe3f4d8513dd20048ce95a1895b"},"breadcrumb":{"@id":"https:\/\/www.gaveanews.com\/index.php\/2024\/07\/24\/carlos-belmonte-e-sincero-ao-falar-sobre-a-rescisao-de-james-rodriguez\/#breadcrumb"},"inLanguage":"pt-BR","potentialAction":[{"@type":"ReadAction","target":["https:\/\/www.gaveanews.com\/index.php\/2024\/07\/24\/carlos-belmonte-e-sincero-ao-falar-sobre-a-rescisao-de-james-rodriguez\/"]}]},{"@type":"ImageObject","inLanguage":"pt-BR","@id":"https:\/\/www.gaveanews.com\/index.php\/2024\/07\/24\/carlos-belmonte-e-sincero-ao-falar-sobre-a-rescisao-de-james-rodriguez\/#primaryimage","url":"https:\/\/www.gaveanews.com\/wp-content\/uploads\/Design-sem-nome9-645x362-1.webp","contentUrl":"https:\/\/www.gaveanews.com\/wp-content\/uploads\/Design-sem-nome9-645x362-1.webp","width":645,"height":362,"caption":"(foto: Rubens Chiri\/Saopaulofc.net)"},{"@type":"BreadcrumbList","@id":"https:\/\/www.gaveanews.com\/index.php\/2024\/07\/24\/carlos-belmonte-e-sincero-ao-falar-sobre-a-rescisao-de-james-rodriguez\/#breadcrumb","itemListElement":[{"@type":"ListItem","position":1,"name":"Home","item":"https:\/\/www.gaveanews.com\/"},{"@type":"ListItem","position":2,"name":"Carlos Belmonte \u00e9 sincero ao falar sobre a rescis\u00e3o de James Rodriguez"}]},{"@type":"WebSite","@id":"https:\/\/www.gaveanews.com\/#website","url":"https:\/\/www.gaveanews.com\/","name":"G\u00e1vea News","description":"Veja todas as not\u00edcias sobre o Flamengo: Contrata\u00e7\u00f5es, categorias de base, resultados das partidas, tabela de classifica\u00e7\u00e3o, pr\u00f3ximos jogos!","potentialAction":[{"@type":"SearchAction","target":{"@type":"EntryPoint","urlTemplate":"https:\/\/www.gaveanews.com\/?s={search_term_string}"},"query-input":{"@type":"PropertyValueSpecification","valueRequired":true,"valueName":"search_term_string"}}],"inLanguage":"pt-BR"},{"@type":"Person","@id":"https:\/\/www.gaveanews.com\/#\/schema\/person\/8597dbe3f4d8513dd20048ce95a1895b","name":"Emilly Lima","image":{"@type":"ImageObject","inLanguage":"pt-BR","@id":"https:\/\/www.gaveanews.com\/#\/schema\/person\/image\/","url":"https:\/\/secure.gravatar.com\/avatar\/ddb4d0548bae01de3cb52e0fe30386754e9c41797565aa0a5bf4440ab4f7c0be?s=96&d=mm&r=g","contentUrl":"https:\/\/secure.gravatar.com\/avatar\/ddb4d0548bae01de3cb52e0fe30386754e9c41797565aa0a5bf4440ab4f7c0be?s=96&d=mm&r=g","caption":"Emilly Lima"}}]}},"_links":{"self":[{"href":"https:\/\/www.gaveanews.com\/index.php\/wp-json\/wp\/v2\/posts\/154009","targetHints":{"allow":["GET"]}}],"collection":[{"href":"https:\/\/www.gaveanews.com\/index.php\/wp-json\/wp\/v2\/posts"}],"about":[{"href":"https:\/\/www.gaveanews.com\/index.php\/wp-json\/wp\/v2\/types\/post"}],"author":[{"embeddable":true,"href":"https:\/\/www.gaveanews.com\/index.php\/wp-json\/wp\/v2\/users\/22"}],"replies":[{"embeddable":true,"href":"https:\/\/www.gaveanews.com\/index.php\/wp-json\/wp\/v2\/comments?post=154009"}],"version-history":[{"count":8,"href":"https:\/\/www.gaveanews.com\/index.php\/wp-json\/wp\/v2\/posts\/154009\/revisions"}],"predecessor-version":[{"id":154167,"href":"https:\/\/www.gaveanews.com\/index.php\/wp-json\/wp\/v2\/posts\/154009\/revisions\/154167"}],"wp:featuredmedia":[{"embeddable":true,"href":"https:\/\/www.gaveanews.com\/index.php\/wp-json\/wp\/v2\/media\/152565"}],"wp:attachment":[{"href":"https:\/\/www.gaveanews.com\/index.php\/wp-json\/wp\/v2\/media?parent=154009"}],"wp:term":[{"taxonomy":"category","embeddable":true,"href":"https:\/\/www.gaveanews.com\/index.php\/wp-json\/wp\/v2\/categories?post=154009"},{"taxonomy":"post_tag","embeddable":true,"href":"https:\/\/www.gaveanews.com\/index.php\/wp-json\/wp\/v2\/tags?post=154009"}],"curies":[{"name":"wp","href":"https:\/\/api.w.org\/{rel}","templated":true}]}}