{"id":154060,"date":"2024-07-24T14:00:00","date_gmt":"2024-07-24T17:00:00","guid":{"rendered":"https:\/\/www.gaveanews.com\/?p=154060"},"modified":"2024-07-24T13:23:08","modified_gmt":"2024-07-24T16:23:08","slug":"vitor-roque-vai-jogar-no-corinthians","status":"publish","type":"post","link":"https:\/\/www.gaveanews.com\/index.php\/2024\/07\/24\/vitor-roque-vai-jogar-no-corinthians\/","title":{"rendered":"Vitor Roque vai jogar no Corinthians?"},"content":{"rendered":"\n<h2 class=\"wp-block-heading\" id=\"h-atacante-nao-vem-sendo-aproveitado-no-barcelona\">Atacante n\u00e3o vem sendo aproveitado no Barcelona  <\/h2>\n\n\n\n<p>O atacante Vitor Roque de 19 anos n\u00e3o vem sendo aproveitado no Barcelona e com isso, n\u00e3o faz parte dos planos do clube. Seu nome come\u00e7a a ser especulado em diversos clubes ao redor do mundo, incluindo um clube aqui do Brasil. Apesar de ser apenas especula\u00e7\u00e3o, seu empres\u00e1rio negou qualquer negocia\u00e7\u00e3o e qualquer chance do atacante retornar ao seu pa\u00eds neste momento. A prioridade a inten\u00e7\u00e3o \u00e9 de permanecer na Europa. <\/p>\n\n\n\n<ul class=\"wp-block-list\">\n<li><a href=\"https:\/\/www.gaveanews.com\/index.php\/2024\/07\/23\/com-2-empresas-na-disputa-corinthians-deve-apresentar-novo-patrocinador-master-nos-proximos-dias\/\">Com 2 empresas na disputa, Corinthians deve apresentar novo patrocinador m\u00e1ster nos pr\u00f3ximos dias<\/a><\/li>\n\n\n\n<li><a href=\"https:\/\/www.gaveanews.com\/index.php\/2024\/07\/23\/corinthians-ja-realizou-sondagem-por-cinco-atacantes\/\">Corinthians j\u00e1 realizou sondagem por cinco atacantes<\/a><\/li>\n<\/ul>\n\n\n\n<p>O ex-jogador e atualmente apresentador do programa &#8220;Os Donos da Bola&#8221;, na TV Bandeirantes, Neto trouxe a informa\u00e7\u00e3o ao vivo, de que Vitor Roque poderia vir para o Corinthians, j\u00e1 que o time est\u00e1 praticamente acertado com um novo patrocinador m\u00e1ster. <\/p>\n\n\n\n<p>&#8211; <em>Me parece, pela informa\u00e7\u00e3o que eu tenho, eu n\u00e3o sei se \u00e9 verdade, t\u00e1? Eu s\u00f3 tenho a informa\u00e7\u00e3o, mas n\u00e3o vou deixar de falar. Tem a inten\u00e7\u00e3o, porque sabem que o Vitor Roque n\u00e3o vai jogar. E me parece que est\u00e3o tentando fazer com que esse menino venha para o Corinthians para poder jogar. Isso \u00e9 o que eu fiquei sabendo. Como o Vitor Roque n\u00e3o teve chance de jogar no Barcelona e nem vai ter nesse momento, essa \u00e9 a ideia dentro da vis\u00e3o de Andr\u00e9 Cury (representante de jogadores), dos jogadores que ele j\u00e1 trouxe &#8211; <\/em>disse Neto.<\/p>\n\n\n\n<p>Vitor Roque tem apenas 19 anos de idade e fez sua estreia como profissional em 2021, ainda quando atuava pelo Cruzeiro. O Athletico-PR contratou o jovem atacante em 2022, e foi no Furac\u00e3o que Roque ganhou maior destaque. O atleta come\u00e7ou a ganhar maior visibilidade da m\u00eddia e e clubes da Europa. O jogador tamb\u00e9m chegou a ser convocado para a Sele\u00e7\u00e3o Brasileira em 2023. <\/p>\n\n\n\n<p>Pelo Cruzeiro, o atacante entrou em campo cinco vezes, anotando um gol e dando uma assist\u00eancia. J\u00e1 pelo Furac\u00e3o, os n\u00fameros s\u00e3o muito superiores. Roque disputou 81 jogos, com 28 gols marcados e 11 assist\u00eancias distribu\u00eddas. <\/p>\n\n\n\n<p>O garoto chamou a aten\u00e7\u00e3o de alguns clubes da Europa, mas sua prefer\u00eancia era o Barcelona. E o neg\u00f3cio se concretizou. Em julho de 2023, o Athletico acertou a venda do atacante ao Barcelona por 40 milh\u00f5es de euros (R$ 213,4 milh\u00f5es \u00e0 \u00e9poca). Mais 21 milh\u00f5es de euros (R$ 112 milh\u00f5es) podem ser depositados do clube espanhol, referentes a b\u00f4nus.<\/p>\n\n\n\n<p>Em 5 de janeiro, Vitor Roque foi apresentado no Barcelona. Mas, o jogador n\u00e3o recebeu tantas oportunidades com Xavi, t\u00e9cnico do clube na \u00e9poca, e com isso, acabou n\u00e3o se firmando no time. Com o fim da temporada Europeia, come\u00e7aram as especula\u00e7\u00f5es, que v\u00e3o at\u00e9 hoje, de que o Bar\u00e7a n\u00e3o conta com o jovem para a temporada 24\/25 e de que ele poderia ser emprestado ou at\u00e9 mesmo vendido, caso houvesse uma oferta boa. O v\u00ednculo de Vitor Roque com o Barcelona vai at\u00e9 o final da temporada 2030\/2031. <\/p>\n","protected":false},"excerpt":{"rendered":"<p>Atacante n\u00e3o vem sendo aproveitado no Barcelona O atacante Vitor Roque de 19 anos n\u00e3o vem sendo aproveitado no Barcelona e com isso, n\u00e3o faz parte dos planos do clube. Seu nome come\u00e7a a ser especulado em diversos clubes ao redor do mundo, incluindo um clube aqui do Brasil. Apesar de ser apenas especula\u00e7\u00e3o, seu [&hellip;]<\/p>\n","protected":false},"author":21,"featured_media":143153,"comment_status":"open","ping_status":"closed","sticky":false,"template":"","format":"standard","meta":{"footnotes":""},"categories":[141],"tags":[],"class_list":["post-154060","post","type-post","status-publish","format-standard","has-post-thumbnail","hentry","category-corinthians"],"yoast_head":"<!-- This site is optimized with the Yoast SEO Premium plugin v24.2 (Yoast SEO v26.9) - https:\/\/yoast.com\/product\/yoast-seo-premium-wordpress\/ -->\n<title>Vitor Roque vai jogar no Corinthians?<\/title>\n<meta name=\"robots\" content=\"index, follow, max-snippet:-1, max-image-preview:large, max-video-preview:-1\" \/>\n<link rel=\"canonical\" href=\"https:\/\/www.gaveanews.com\/index.php\/2024\/07\/24\/vitor-roque-vai-jogar-no-corinthians\/\" \/>\n<meta property=\"og:locale\" content=\"pt_BR\" \/>\n<meta property=\"og:type\" content=\"article\" \/>\n<meta property=\"og:title\" content=\"Vitor Roque vai jogar no Corinthians?\" \/>\n<meta property=\"og:description\" content=\"Atacante n\u00e3o vem sendo aproveitado no Barcelona O atacante Vitor Roque de 19 anos n\u00e3o vem sendo aproveitado no Barcelona e com isso, n\u00e3o faz parte dos planos do clube. Seu nome come\u00e7a a ser especulado em diversos clubes ao redor do mundo, incluindo um clube aqui do Brasil. Apesar de ser apenas especula\u00e7\u00e3o, seu [&hellip;]\" \/>\n<meta property=\"og:url\" content=\"https:\/\/www.gaveanews.com\/index.php\/2024\/07\/24\/vitor-roque-vai-jogar-no-corinthians\/\" \/>\n<meta property=\"og:site_name\" content=\"G\u00e1vea News\" \/>\n<meta property=\"article:publisher\" content=\"https:\/\/facebook.com\/gaveaNews\/\" \/>\n<meta property=\"article:published_time\" content=\"2024-07-24T17:00:00+00:00\" \/>\n<meta property=\"og:image\" content=\"https:\/\/www.gaveanews.com\/wp-content\/uploads\/01hxvhxmrpcdvkes4jj4.webp\" \/>\n\t<meta property=\"og:image:width\" content=\"1080\" \/>\n\t<meta property=\"og:image:height\" content=\"608\" \/>\n\t<meta property=\"og:image:type\" content=\"image\/webp\" \/>\n<meta name=\"author\" content=\"Andr\u00e9 Serra\" \/>\n<meta name=\"twitter:card\" content=\"summary_large_image\" \/>\n<meta name=\"twitter:label1\" content=\"Escrito por\" \/>\n\t<meta name=\"twitter:data1\" content=\"Andr\u00e9 Serra\" \/>\n\t<meta name=\"twitter:label2\" content=\"Est. tempo de leitura\" \/>\n\t<meta name=\"twitter:data2\" content=\"3 minutos\" \/>\n<script type=\"application\/ld+json\" class=\"yoast-schema-graph\">{\"@context\":\"https:\/\/schema.org\",\"@graph\":[{\"@type\":\"NewsArticle\",\"@id\":\"https:\/\/www.gaveanews.com\/index.php\/2024\/07\/24\/vitor-roque-vai-jogar-no-corinthians\/#article\",\"isPartOf\":{\"@id\":\"https:\/\/www.gaveanews.com\/index.php\/2024\/07\/24\/vitor-roque-vai-jogar-no-corinthians\/\"},\"author\":{\"name\":\"Andr\u00e9 Serra\",\"@id\":\"https:\/\/www.gaveanews.com\/#\/schema\/person\/0277a79a1289c451c281ec0411d84f0c\"},\"headline\":\"Vitor Roque vai jogar no Corinthians?\",\"datePublished\":\"2024-07-24T17:00:00+00:00\",\"mainEntityOfPage\":{\"@id\":\"https:\/\/www.gaveanews.com\/index.php\/2024\/07\/24\/vitor-roque-vai-jogar-no-corinthians\/\"},\"wordCount\":529,\"commentCount\":0,\"image\":{\"@id\":\"https:\/\/www.gaveanews.com\/index.php\/2024\/07\/24\/vitor-roque-vai-jogar-no-corinthians\/#primaryimage\"},\"thumbnailUrl\":\"https:\/\/www.gaveanews.com\/wp-content\/uploads\/01hxvhxmrpcdvkes4jj4.webp\",\"articleSection\":[\"Corinthians\"],\"inLanguage\":\"pt-BR\",\"potentialAction\":[{\"@type\":\"CommentAction\",\"name\":\"Comment\",\"target\":[\"https:\/\/www.gaveanews.com\/index.php\/2024\/07\/24\/vitor-roque-vai-jogar-no-corinthians\/#respond\"]}],\"copyrightYear\":\"2024\",\"copyrightHolder\":{\"@id\":\"https:\/\/www.gaveanews.com\/#organization\"}},{\"@type\":\"WebPage\",\"@id\":\"https:\/\/www.gaveanews.com\/index.php\/2024\/07\/24\/vitor-roque-vai-jogar-no-corinthians\/\",\"url\":\"https:\/\/www.gaveanews.com\/index.php\/2024\/07\/24\/vitor-roque-vai-jogar-no-corinthians\/\",\"name\":\"Vitor Roque vai jogar no Corinthians?\",\"isPartOf\":{\"@id\":\"https:\/\/www.gaveanews.com\/#website\"},\"primaryImageOfPage\":{\"@id\":\"https:\/\/www.gaveanews.com\/index.php\/2024\/07\/24\/vitor-roque-vai-jogar-no-corinthians\/#primaryimage\"},\"image\":{\"@id\":\"https:\/\/www.gaveanews.com\/index.php\/2024\/07\/24\/vitor-roque-vai-jogar-no-corinthians\/#primaryimage\"},\"thumbnailUrl\":\"https:\/\/www.gaveanews.com\/wp-content\/uploads\/01hxvhxmrpcdvkes4jj4.webp\",\"datePublished\":\"2024-07-24T17:00:00+00:00\",\"author\":{\"@id\":\"https:\/\/www.gaveanews.com\/#\/schema\/person\/0277a79a1289c451c281ec0411d84f0c\"},\"breadcrumb\":{\"@id\":\"https:\/\/www.gaveanews.com\/index.php\/2024\/07\/24\/vitor-roque-vai-jogar-no-corinthians\/#breadcrumb\"},\"inLanguage\":\"pt-BR\",\"potentialAction\":[{\"@type\":\"ReadAction\",\"target\":[\"https:\/\/www.gaveanews.com\/index.php\/2024\/07\/24\/vitor-roque-vai-jogar-no-corinthians\/\"]}]},{\"@type\":\"ImageObject\",\"inLanguage\":\"pt-BR\",\"@id\":\"https:\/\/www.gaveanews.com\/index.php\/2024\/07\/24\/vitor-roque-vai-jogar-no-corinthians\/#primaryimage\",\"url\":\"https:\/\/www.gaveanews.com\/wp-content\/uploads\/01hxvhxmrpcdvkes4jj4.webp\",\"contentUrl\":\"https:\/\/www.gaveanews.com\/wp-content\/uploads\/01hxvhxmrpcdvkes4jj4.webp\",\"width\":1080,\"height\":608,\"caption\":\"Vitor Roque vem sendo pouco aproveitado no Barcelona \/ Fran Santiago\/GettyImages\"},{\"@type\":\"BreadcrumbList\",\"@id\":\"https:\/\/www.gaveanews.com\/index.php\/2024\/07\/24\/vitor-roque-vai-jogar-no-corinthians\/#breadcrumb\",\"itemListElement\":[{\"@type\":\"ListItem\",\"position\":1,\"name\":\"Home\",\"item\":\"https:\/\/www.gaveanews.com\/\"},{\"@type\":\"ListItem\",\"position\":2,\"name\":\"Vitor Roque vai jogar no Corinthians?\"}]},{\"@type\":\"WebSite\",\"@id\":\"https:\/\/www.gaveanews.com\/#website\",\"url\":\"https:\/\/www.gaveanews.com\/\",\"name\":\"G\u00e1vea News\",\"description\":\"Veja todas as not\u00edcias sobre o Flamengo: Contrata\u00e7\u00f5es, categorias de base, resultados das partidas, tabela de classifica\u00e7\u00e3o, pr\u00f3ximos jogos!\",\"potentialAction\":[{\"@type\":\"SearchAction\",\"target\":{\"@type\":\"EntryPoint\",\"urlTemplate\":\"https:\/\/www.gaveanews.com\/?s={search_term_string}\"},\"query-input\":{\"@type\":\"PropertyValueSpecification\",\"valueRequired\":true,\"valueName\":\"search_term_string\"}}],\"inLanguage\":\"pt-BR\"},{\"@type\":\"Person\",\"@id\":\"https:\/\/www.gaveanews.com\/#\/schema\/person\/0277a79a1289c451c281ec0411d84f0c\",\"name\":\"Andr\u00e9 Serra\",\"image\":{\"@type\":\"ImageObject\",\"inLanguage\":\"pt-BR\",\"@id\":\"https:\/\/www.gaveanews.com\/#\/schema\/person\/image\/\",\"url\":\"https:\/\/secure.gravatar.com\/avatar\/d7231369fe48db93292b3e88eb2162dbd9a34a47a8437d9ef3bcaca2a86a83d7?s=96&d=mm&r=g\",\"contentUrl\":\"https:\/\/secure.gravatar.com\/avatar\/d7231369fe48db93292b3e88eb2162dbd9a34a47a8437d9ef3bcaca2a86a83d7?s=96&d=mm&r=g\",\"caption\":\"Andr\u00e9 Serra\"}}]}<\/script>\n<!-- \/ Yoast SEO Premium plugin. -->","yoast_head_json":{"title":"Vitor Roque vai jogar no Corinthians?","robots":{"index":"index","follow":"follow","max-snippet":"max-snippet:-1","max-image-preview":"max-image-preview:large","max-video-preview":"max-video-preview:-1"},"canonical":"https:\/\/www.gaveanews.com\/index.php\/2024\/07\/24\/vitor-roque-vai-jogar-no-corinthians\/","og_locale":"pt_BR","og_type":"article","og_title":"Vitor Roque vai jogar no Corinthians?","og_description":"Atacante n\u00e3o vem sendo aproveitado no Barcelona O atacante Vitor Roque de 19 anos n\u00e3o vem sendo aproveitado no Barcelona e com isso, n\u00e3o faz parte dos planos do clube. Seu nome come\u00e7a a ser especulado em diversos clubes ao redor do mundo, incluindo um clube aqui do Brasil. Apesar de ser apenas especula\u00e7\u00e3o, seu [&hellip;]","og_url":"https:\/\/www.gaveanews.com\/index.php\/2024\/07\/24\/vitor-roque-vai-jogar-no-corinthians\/","og_site_name":"G\u00e1vea News","article_publisher":"https:\/\/facebook.com\/gaveaNews\/","article_published_time":"2024-07-24T17:00:00+00:00","og_image":[{"width":1080,"height":608,"url":"https:\/\/www.gaveanews.com\/wp-content\/uploads\/01hxvhxmrpcdvkes4jj4.webp","type":"image\/webp"}],"author":"Andr\u00e9 Serra","twitter_card":"summary_large_image","twitter_misc":{"Escrito por":"Andr\u00e9 Serra","Est. tempo de leitura":"3 minutos"},"schema":{"@context":"https:\/\/schema.org","@graph":[{"@type":"NewsArticle","@id":"https:\/\/www.gaveanews.com\/index.php\/2024\/07\/24\/vitor-roque-vai-jogar-no-corinthians\/#article","isPartOf":{"@id":"https:\/\/www.gaveanews.com\/index.php\/2024\/07\/24\/vitor-roque-vai-jogar-no-corinthians\/"},"author":{"name":"Andr\u00e9 Serra","@id":"https:\/\/www.gaveanews.com\/#\/schema\/person\/0277a79a1289c451c281ec0411d84f0c"},"headline":"Vitor Roque vai jogar no Corinthians?","datePublished":"2024-07-24T17:00:00+00:00","mainEntityOfPage":{"@id":"https:\/\/www.gaveanews.com\/index.php\/2024\/07\/24\/vitor-roque-vai-jogar-no-corinthians\/"},"wordCount":529,"commentCount":0,"image":{"@id":"https:\/\/www.gaveanews.com\/index.php\/2024\/07\/24\/vitor-roque-vai-jogar-no-corinthians\/#primaryimage"},"thumbnailUrl":"https:\/\/www.gaveanews.com\/wp-content\/uploads\/01hxvhxmrpcdvkes4jj4.webp","articleSection":["Corinthians"],"inLanguage":"pt-BR","potentialAction":[{"@type":"CommentAction","name":"Comment","target":["https:\/\/www.gaveanews.com\/index.php\/2024\/07\/24\/vitor-roque-vai-jogar-no-corinthians\/#respond"]}],"copyrightYear":"2024","copyrightHolder":{"@id":"https:\/\/www.gaveanews.com\/#organization"}},{"@type":"WebPage","@id":"https:\/\/www.gaveanews.com\/index.php\/2024\/07\/24\/vitor-roque-vai-jogar-no-corinthians\/","url":"https:\/\/www.gaveanews.com\/index.php\/2024\/07\/24\/vitor-roque-vai-jogar-no-corinthians\/","name":"Vitor Roque vai jogar no Corinthians?","isPartOf":{"@id":"https:\/\/www.gaveanews.com\/#website"},"primaryImageOfPage":{"@id":"https:\/\/www.gaveanews.com\/index.php\/2024\/07\/24\/vitor-roque-vai-jogar-no-corinthians\/#primaryimage"},"image":{"@id":"https:\/\/www.gaveanews.com\/index.php\/2024\/07\/24\/vitor-roque-vai-jogar-no-corinthians\/#primaryimage"},"thumbnailUrl":"https:\/\/www.gaveanews.com\/wp-content\/uploads\/01hxvhxmrpcdvkes4jj4.webp","datePublished":"2024-07-24T17:00:00+00:00","author":{"@id":"https:\/\/www.gaveanews.com\/#\/schema\/person\/0277a79a1289c451c281ec0411d84f0c"},"breadcrumb":{"@id":"https:\/\/www.gaveanews.com\/index.php\/2024\/07\/24\/vitor-roque-vai-jogar-no-corinthians\/#breadcrumb"},"inLanguage":"pt-BR","potentialAction":[{"@type":"ReadAction","target":["https:\/\/www.gaveanews.com\/index.php\/2024\/07\/24\/vitor-roque-vai-jogar-no-corinthians\/"]}]},{"@type":"ImageObject","inLanguage":"pt-BR","@id":"https:\/\/www.gaveanews.com\/index.php\/2024\/07\/24\/vitor-roque-vai-jogar-no-corinthians\/#primaryimage","url":"https:\/\/www.gaveanews.com\/wp-content\/uploads\/01hxvhxmrpcdvkes4jj4.webp","contentUrl":"https:\/\/www.gaveanews.com\/wp-content\/uploads\/01hxvhxmrpcdvkes4jj4.webp","width":1080,"height":608,"caption":"Vitor Roque vem sendo pouco aproveitado no Barcelona \/ Fran Santiago\/GettyImages"},{"@type":"BreadcrumbList","@id":"https:\/\/www.gaveanews.com\/index.php\/2024\/07\/24\/vitor-roque-vai-jogar-no-corinthians\/#breadcrumb","itemListElement":[{"@type":"ListItem","position":1,"name":"Home","item":"https:\/\/www.gaveanews.com\/"},{"@type":"ListItem","position":2,"name":"Vitor Roque vai jogar no Corinthians?"}]},{"@type":"WebSite","@id":"https:\/\/www.gaveanews.com\/#website","url":"https:\/\/www.gaveanews.com\/","name":"G\u00e1vea News","description":"Veja todas as not\u00edcias sobre o Flamengo: Contrata\u00e7\u00f5es, categorias de base, resultados das partidas, tabela de classifica\u00e7\u00e3o, pr\u00f3ximos jogos!","potentialAction":[{"@type":"SearchAction","target":{"@type":"EntryPoint","urlTemplate":"https:\/\/www.gaveanews.com\/?s={search_term_string}"},"query-input":{"@type":"PropertyValueSpecification","valueRequired":true,"valueName":"search_term_string"}}],"inLanguage":"pt-BR"},{"@type":"Person","@id":"https:\/\/www.gaveanews.com\/#\/schema\/person\/0277a79a1289c451c281ec0411d84f0c","name":"Andr\u00e9 Serra","image":{"@type":"ImageObject","inLanguage":"pt-BR","@id":"https:\/\/www.gaveanews.com\/#\/schema\/person\/image\/","url":"https:\/\/secure.gravatar.com\/avatar\/d7231369fe48db93292b3e88eb2162dbd9a34a47a8437d9ef3bcaca2a86a83d7?s=96&d=mm&r=g","contentUrl":"https:\/\/secure.gravatar.com\/avatar\/d7231369fe48db93292b3e88eb2162dbd9a34a47a8437d9ef3bcaca2a86a83d7?s=96&d=mm&r=g","caption":"Andr\u00e9 Serra"}}]}},"_links":{"self":[{"href":"https:\/\/www.gaveanews.com\/index.php\/wp-json\/wp\/v2\/posts\/154060","targetHints":{"allow":["GET"]}}],"collection":[{"href":"https:\/\/www.gaveanews.com\/index.php\/wp-json\/wp\/v2\/posts"}],"about":[{"href":"https:\/\/www.gaveanews.com\/index.php\/wp-json\/wp\/v2\/types\/post"}],"author":[{"embeddable":true,"href":"https:\/\/www.gaveanews.com\/index.php\/wp-json\/wp\/v2\/users\/21"}],"replies":[{"embeddable":true,"href":"https:\/\/www.gaveanews.com\/index.php\/wp-json\/wp\/v2\/comments?post=154060"}],"version-history":[{"count":1,"href":"https:\/\/www.gaveanews.com\/index.php\/wp-json\/wp\/v2\/posts\/154060\/revisions"}],"predecessor-version":[{"id":154068,"href":"https:\/\/www.gaveanews.com\/index.php\/wp-json\/wp\/v2\/posts\/154060\/revisions\/154068"}],"wp:featuredmedia":[{"embeddable":true,"href":"https:\/\/www.gaveanews.com\/index.php\/wp-json\/wp\/v2\/media\/143153"}],"wp:attachment":[{"href":"https:\/\/www.gaveanews.com\/index.php\/wp-json\/wp\/v2\/media?parent=154060"}],"wp:term":[{"taxonomy":"category","embeddable":true,"href":"https:\/\/www.gaveanews.com\/index.php\/wp-json\/wp\/v2\/categories?post=154060"},{"taxonomy":"post_tag","embeddable":true,"href":"https:\/\/www.gaveanews.com\/index.php\/wp-json\/wp\/v2\/tags?post=154060"}],"curies":[{"name":"wp","href":"https:\/\/api.w.org\/{rel}","templated":true}]}}