{"id":154062,"date":"2024-07-24T18:52:50","date_gmt":"2024-07-24T21:52:50","guid":{"rendered":"https:\/\/www.gaveanews.com\/?p=154062"},"modified":"2024-07-24T18:52:53","modified_gmt":"2024-07-24T21:52:53","slug":"ex-jogador-do-atletico-mg-recebera-cestas-basicas-do-clube","status":"publish","type":"post","link":"https:\/\/www.gaveanews.com\/index.php\/2024\/07\/24\/ex-jogador-do-atletico-mg-recebera-cestas-basicas-do-clube\/","title":{"rendered":"Ex-jogador do Atl\u00e9tico-MG receber\u00e1 cestas b\u00e1sicas do clube"},"content":{"rendered":"\n<p>O ex-lateral Dinho, que atuou no  Atl\u00e9tico-MG entre os anos de 1994 e 1996 com passagem ao clube de em 96 jogos com apenas um gol, entrou nas not\u00edcias nesta segunda-feira (22), ap\u00f3s uma a\u00e7\u00e3o feita pelo time mineiro.<\/p>\n\n\n\n<ul class=\"wp-block-list\">\n<li><a href=\"https:\/\/www.gaveanews.com\/index.php\/2024\/07\/19\/atletico-mg-x-vasco-vidente-crava-resultado\/\">Atl\u00e9tico MG x Vasco: vidente crava resultado<\/a><\/li>\n\n\n\n<li><a href=\"https:\/\/www.gaveanews.com\/index.php\/2024\/07\/03\/atletico-mg-x-flamengo-onde-assistir-horario-e-escalacao\/\">Atl\u00e9tico MG x Flamengo: onde assistir, hor\u00e1rio e escala\u00e7\u00e3o<\/a><\/li>\n<\/ul>\n\n\n\n<h2 class=\"wp-block-heading\" id=\"h-quem-e-dinho\">Quem \u00e9 Dinho?<\/h2>\n\n\n\n<p>\u00c9dson Geraldo Pereira, o Dinho, nasceu em 1966, foi lateral-direito do Cruzeiro, no final dos anos 80, do Santos e do Atl\u00e9tico Mineiro, no in\u00edcio da d\u00e9cada de 90. Atualmente o ex-jogador mora em Sete Lagoas (MG). No Futebol come\u00e7ou no Democrata de Sete Lagoas (MG) e jogou tamb\u00e9m no Ituano (SP), Am\u00e9rica (SP), Am\u00e9rica (RN) e Democrata de Governador Valadares (MG).&nbsp;<\/p>\n\n\n\n<p>H\u00e1 pouco tempo o ent\u00e3o jogador, Dinho, passou por uma cirurgia no quadril, com isso fez o ex-jogador sair do seu trabalho. Sem essa parte da renda em sua casa, ele passou a fazer parte dos \u2018Imortais do Galo\u2019. Ele vai receber, por um ano, uma cesta b\u00e1sica mensal no valor de R$1 mil.<\/p>\n\n\n\n<h2 class=\"wp-block-heading\" id=\"h-programa-imortais-do-galo\">Programa &#8220;Imortais do Galo&#8221;<\/h2>\n\n\n\n<p>Os &#8220;Imortais do Galo&#8221; \u00e9 um projeto do pr\u00f3prio time do Atl\u00e9tico-MG, no portal de not\u00edcias do time, eles visam que: &#8220;O projeto Imortal se encaixa nas diretrizes do Instituto Galo, cujas a\u00e7\u00f5es se voltam exclusivamente para a transforma\u00e7\u00e3o da vida das pessoas por meio do amor ao Galo&#8221;.<\/p>\n\n\n\n<p>Dinho, ex-lateral, n\u00e3o deixou de agradecer a ajuda do Instituto: \u201cDe cora\u00e7\u00e3o mesmo, eu agrade\u00e7o a todos voc\u00eas pelo empenho, pela ajuda que voc\u00eas est\u00e3o me dando. Voc\u00eas sabem que uma cirurgia n\u00e3o \u00e9 f\u00e1cil, mas gra\u00e7as a Deus estamos aqui e vamos recuperar o mais r\u00e1pido poss\u00edvel\u201d, disse.<\/p>\n\n\n\n<h2 class=\"wp-block-heading\" id=\"h-como-se-inscrever\">Como se inscrever<\/h2>\n\n\n\n<p>Caso seja um ex-atleta com mais de 30 jogos pelo time profissional ou ex-funcion\u00e1rio que trabalhou pelo menos por 15 anos no Galo, voc\u00ea pode entrar enviando um e-mail para&nbsp;<strong>imortal@institutogalo.com.br<\/strong>, com as seguintes informa\u00e7\u00f5es: nome completo; fun\u00e7\u00e3o exercida no Clube; per\u00edodo exercido; telefone de contato.<\/p>\n","protected":false},"excerpt":{"rendered":"<p>O ex-lateral Dinho, que atuou no Atl\u00e9tico-MG entre os anos de 1994 e 1996 com passagem ao clube de em 96 jogos com apenas um gol, entrou nas not\u00edcias nesta segunda-feira (22), ap\u00f3s uma a\u00e7\u00e3o feita pelo time mineiro. Quem \u00e9 Dinho? \u00c9dson Geraldo Pereira, o Dinho, nasceu em 1966, foi lateral-direito do Cruzeiro, no [&hellip;]<\/p>\n","protected":false},"author":22,"featured_media":153999,"comment_status":"open","ping_status":"closed","sticky":false,"template":"","format":"standard","meta":{"footnotes":""},"categories":[136],"tags":[],"class_list":["post-154062","post","type-post","status-publish","format-standard","has-post-thumbnail","hentry","category-atletico-mg"],"yoast_head":"<!-- This site is optimized with the Yoast SEO Premium plugin v24.2 (Yoast SEO v26.9) - https:\/\/yoast.com\/product\/yoast-seo-premium-wordpress\/ -->\n<title>Ex-jogador do Atl\u00e9tico-MG receber\u00e1 cestas b\u00e1sicas do clube<\/title>\n<meta name=\"robots\" content=\"index, follow, max-snippet:-1, max-image-preview:large, max-video-preview:-1\" \/>\n<link rel=\"canonical\" href=\"https:\/\/www.gaveanews.com\/index.php\/2024\/07\/24\/ex-jogador-do-atletico-mg-recebera-cestas-basicas-do-clube\/\" \/>\n<meta property=\"og:locale\" content=\"pt_BR\" \/>\n<meta property=\"og:type\" content=\"article\" \/>\n<meta property=\"og:title\" content=\"Ex-jogador do Atl\u00e9tico-MG receber\u00e1 cestas b\u00e1sicas do clube\" \/>\n<meta property=\"og:description\" content=\"O ex-lateral Dinho, que atuou no Atl\u00e9tico-MG entre os anos de 1994 e 1996 com passagem ao clube de em 96 jogos com apenas um gol, entrou nas not\u00edcias nesta segunda-feira (22), ap\u00f3s uma a\u00e7\u00e3o feita pelo time mineiro. Quem \u00e9 Dinho? \u00c9dson Geraldo Pereira, o Dinho, nasceu em 1966, foi lateral-direito do Cruzeiro, no [&hellip;]\" \/>\n<meta property=\"og:url\" content=\"https:\/\/www.gaveanews.com\/index.php\/2024\/07\/24\/ex-jogador-do-atletico-mg-recebera-cestas-basicas-do-clube\/\" \/>\n<meta property=\"og:site_name\" content=\"G\u00e1vea News\" \/>\n<meta property=\"article:publisher\" content=\"https:\/\/facebook.com\/gaveaNews\/\" \/>\n<meta property=\"article:published_time\" content=\"2024-07-24T21:52:50+00:00\" \/>\n<meta property=\"article:modified_time\" content=\"2024-07-24T21:52:53+00:00\" \/>\n<meta property=\"og:image\" content=\"https:\/\/www.gaveanews.com\/wp-content\/uploads\/Estadio-do-Atletico-MG.webp\" \/>\n\t<meta property=\"og:image:width\" content=\"900\" \/>\n\t<meta property=\"og:image:height\" content=\"600\" \/>\n\t<meta property=\"og:image:type\" content=\"image\/webp\" \/>\n<meta name=\"author\" content=\"Emilly Lima\" \/>\n<meta name=\"twitter:card\" content=\"summary_large_image\" \/>\n<meta name=\"twitter:label1\" content=\"Escrito por\" \/>\n\t<meta name=\"twitter:data1\" content=\"Emilly Lima\" \/>\n\t<meta name=\"twitter:label2\" content=\"Est. tempo de leitura\" \/>\n\t<meta name=\"twitter:data2\" content=\"2 minutos\" \/>\n<script type=\"application\/ld+json\" class=\"yoast-schema-graph\">{\"@context\":\"https:\/\/schema.org\",\"@graph\":[{\"@type\":\"NewsArticle\",\"@id\":\"https:\/\/www.gaveanews.com\/index.php\/2024\/07\/24\/ex-jogador-do-atletico-mg-recebera-cestas-basicas-do-clube\/#article\",\"isPartOf\":{\"@id\":\"https:\/\/www.gaveanews.com\/index.php\/2024\/07\/24\/ex-jogador-do-atletico-mg-recebera-cestas-basicas-do-clube\/\"},\"author\":{\"name\":\"Emilly Lima\",\"@id\":\"https:\/\/www.gaveanews.com\/#\/schema\/person\/8597dbe3f4d8513dd20048ce95a1895b\"},\"headline\":\"Ex-jogador do Atl\u00e9tico-MG receber\u00e1 cestas b\u00e1sicas do clube\",\"datePublished\":\"2024-07-24T21:52:50+00:00\",\"dateModified\":\"2024-07-24T21:52:53+00:00\",\"mainEntityOfPage\":{\"@id\":\"https:\/\/www.gaveanews.com\/index.php\/2024\/07\/24\/ex-jogador-do-atletico-mg-recebera-cestas-basicas-do-clube\/\"},\"wordCount\":366,\"commentCount\":0,\"image\":{\"@id\":\"https:\/\/www.gaveanews.com\/index.php\/2024\/07\/24\/ex-jogador-do-atletico-mg-recebera-cestas-basicas-do-clube\/#primaryimage\"},\"thumbnailUrl\":\"https:\/\/www.gaveanews.com\/wp-content\/uploads\/Estadio-do-Atletico-MG.webp\",\"articleSection\":[\"Atl\u00e9tico-MG\"],\"inLanguage\":\"pt-BR\",\"potentialAction\":[{\"@type\":\"CommentAction\",\"name\":\"Comment\",\"target\":[\"https:\/\/www.gaveanews.com\/index.php\/2024\/07\/24\/ex-jogador-do-atletico-mg-recebera-cestas-basicas-do-clube\/#respond\"]}],\"copyrightYear\":\"2024\",\"copyrightHolder\":{\"@id\":\"https:\/\/www.gaveanews.com\/#organization\"}},{\"@type\":\"WebPage\",\"@id\":\"https:\/\/www.gaveanews.com\/index.php\/2024\/07\/24\/ex-jogador-do-atletico-mg-recebera-cestas-basicas-do-clube\/\",\"url\":\"https:\/\/www.gaveanews.com\/index.php\/2024\/07\/24\/ex-jogador-do-atletico-mg-recebera-cestas-basicas-do-clube\/\",\"name\":\"Ex-jogador do Atl\u00e9tico-MG receber\u00e1 cestas b\u00e1sicas do clube\",\"isPartOf\":{\"@id\":\"https:\/\/www.gaveanews.com\/#website\"},\"primaryImageOfPage\":{\"@id\":\"https:\/\/www.gaveanews.com\/index.php\/2024\/07\/24\/ex-jogador-do-atletico-mg-recebera-cestas-basicas-do-clube\/#primaryimage\"},\"image\":{\"@id\":\"https:\/\/www.gaveanews.com\/index.php\/2024\/07\/24\/ex-jogador-do-atletico-mg-recebera-cestas-basicas-do-clube\/#primaryimage\"},\"thumbnailUrl\":\"https:\/\/www.gaveanews.com\/wp-content\/uploads\/Estadio-do-Atletico-MG.webp\",\"datePublished\":\"2024-07-24T21:52:50+00:00\",\"dateModified\":\"2024-07-24T21:52:53+00:00\",\"author\":{\"@id\":\"https:\/\/www.gaveanews.com\/#\/schema\/person\/8597dbe3f4d8513dd20048ce95a1895b\"},\"breadcrumb\":{\"@id\":\"https:\/\/www.gaveanews.com\/index.php\/2024\/07\/24\/ex-jogador-do-atletico-mg-recebera-cestas-basicas-do-clube\/#breadcrumb\"},\"inLanguage\":\"pt-BR\",\"potentialAction\":[{\"@type\":\"ReadAction\",\"target\":[\"https:\/\/www.gaveanews.com\/index.php\/2024\/07\/24\/ex-jogador-do-atletico-mg-recebera-cestas-basicas-do-clube\/\"]}]},{\"@type\":\"ImageObject\",\"inLanguage\":\"pt-BR\",\"@id\":\"https:\/\/www.gaveanews.com\/index.php\/2024\/07\/24\/ex-jogador-do-atletico-mg-recebera-cestas-basicas-do-clube\/#primaryimage\",\"url\":\"https:\/\/www.gaveanews.com\/wp-content\/uploads\/Estadio-do-Atletico-MG.webp\",\"contentUrl\":\"https:\/\/www.gaveanews.com\/wp-content\/uploads\/Estadio-do-Atletico-MG.webp\",\"width\":900,\"height\":600,\"caption\":\"Arena MRV, est\u00e1dio do Atl\u00e9tico-MG (Foto: Reprodu\u00e7\u00e3o\/Atl\u00e9tico)\"},{\"@type\":\"BreadcrumbList\",\"@id\":\"https:\/\/www.gaveanews.com\/index.php\/2024\/07\/24\/ex-jogador-do-atletico-mg-recebera-cestas-basicas-do-clube\/#breadcrumb\",\"itemListElement\":[{\"@type\":\"ListItem\",\"position\":1,\"name\":\"Home\",\"item\":\"https:\/\/www.gaveanews.com\/\"},{\"@type\":\"ListItem\",\"position\":2,\"name\":\"Ex-jogador do Atl\u00e9tico-MG receber\u00e1 cestas b\u00e1sicas do clube\"}]},{\"@type\":\"WebSite\",\"@id\":\"https:\/\/www.gaveanews.com\/#website\",\"url\":\"https:\/\/www.gaveanews.com\/\",\"name\":\"G\u00e1vea News\",\"description\":\"Veja todas as not\u00edcias sobre o Flamengo: Contrata\u00e7\u00f5es, categorias de base, resultados das partidas, tabela de classifica\u00e7\u00e3o, pr\u00f3ximos jogos!\",\"potentialAction\":[{\"@type\":\"SearchAction\",\"target\":{\"@type\":\"EntryPoint\",\"urlTemplate\":\"https:\/\/www.gaveanews.com\/?s={search_term_string}\"},\"query-input\":{\"@type\":\"PropertyValueSpecification\",\"valueRequired\":true,\"valueName\":\"search_term_string\"}}],\"inLanguage\":\"pt-BR\"},{\"@type\":\"Person\",\"@id\":\"https:\/\/www.gaveanews.com\/#\/schema\/person\/8597dbe3f4d8513dd20048ce95a1895b\",\"name\":\"Emilly Lima\",\"image\":{\"@type\":\"ImageObject\",\"inLanguage\":\"pt-BR\",\"@id\":\"https:\/\/www.gaveanews.com\/#\/schema\/person\/image\/\",\"url\":\"https:\/\/secure.gravatar.com\/avatar\/ddb4d0548bae01de3cb52e0fe30386754e9c41797565aa0a5bf4440ab4f7c0be?s=96&d=mm&r=g\",\"contentUrl\":\"https:\/\/secure.gravatar.com\/avatar\/ddb4d0548bae01de3cb52e0fe30386754e9c41797565aa0a5bf4440ab4f7c0be?s=96&d=mm&r=g\",\"caption\":\"Emilly Lima\"}}]}<\/script>\n<!-- \/ Yoast SEO Premium plugin. -->","yoast_head_json":{"title":"Ex-jogador do Atl\u00e9tico-MG receber\u00e1 cestas b\u00e1sicas do clube","robots":{"index":"index","follow":"follow","max-snippet":"max-snippet:-1","max-image-preview":"max-image-preview:large","max-video-preview":"max-video-preview:-1"},"canonical":"https:\/\/www.gaveanews.com\/index.php\/2024\/07\/24\/ex-jogador-do-atletico-mg-recebera-cestas-basicas-do-clube\/","og_locale":"pt_BR","og_type":"article","og_title":"Ex-jogador do Atl\u00e9tico-MG receber\u00e1 cestas b\u00e1sicas do clube","og_description":"O ex-lateral Dinho, que atuou no Atl\u00e9tico-MG entre os anos de 1994 e 1996 com passagem ao clube de em 96 jogos com apenas um gol, entrou nas not\u00edcias nesta segunda-feira (22), ap\u00f3s uma a\u00e7\u00e3o feita pelo time mineiro. Quem \u00e9 Dinho? \u00c9dson Geraldo Pereira, o Dinho, nasceu em 1966, foi lateral-direito do Cruzeiro, no [&hellip;]","og_url":"https:\/\/www.gaveanews.com\/index.php\/2024\/07\/24\/ex-jogador-do-atletico-mg-recebera-cestas-basicas-do-clube\/","og_site_name":"G\u00e1vea News","article_publisher":"https:\/\/facebook.com\/gaveaNews\/","article_published_time":"2024-07-24T21:52:50+00:00","article_modified_time":"2024-07-24T21:52:53+00:00","og_image":[{"width":900,"height":600,"url":"https:\/\/www.gaveanews.com\/wp-content\/uploads\/Estadio-do-Atletico-MG.webp","type":"image\/webp"}],"author":"Emilly Lima","twitter_card":"summary_large_image","twitter_misc":{"Escrito por":"Emilly Lima","Est. tempo de leitura":"2 minutos"},"schema":{"@context":"https:\/\/schema.org","@graph":[{"@type":"NewsArticle","@id":"https:\/\/www.gaveanews.com\/index.php\/2024\/07\/24\/ex-jogador-do-atletico-mg-recebera-cestas-basicas-do-clube\/#article","isPartOf":{"@id":"https:\/\/www.gaveanews.com\/index.php\/2024\/07\/24\/ex-jogador-do-atletico-mg-recebera-cestas-basicas-do-clube\/"},"author":{"name":"Emilly Lima","@id":"https:\/\/www.gaveanews.com\/#\/schema\/person\/8597dbe3f4d8513dd20048ce95a1895b"},"headline":"Ex-jogador do Atl\u00e9tico-MG receber\u00e1 cestas b\u00e1sicas do clube","datePublished":"2024-07-24T21:52:50+00:00","dateModified":"2024-07-24T21:52:53+00:00","mainEntityOfPage":{"@id":"https:\/\/www.gaveanews.com\/index.php\/2024\/07\/24\/ex-jogador-do-atletico-mg-recebera-cestas-basicas-do-clube\/"},"wordCount":366,"commentCount":0,"image":{"@id":"https:\/\/www.gaveanews.com\/index.php\/2024\/07\/24\/ex-jogador-do-atletico-mg-recebera-cestas-basicas-do-clube\/#primaryimage"},"thumbnailUrl":"https:\/\/www.gaveanews.com\/wp-content\/uploads\/Estadio-do-Atletico-MG.webp","articleSection":["Atl\u00e9tico-MG"],"inLanguage":"pt-BR","potentialAction":[{"@type":"CommentAction","name":"Comment","target":["https:\/\/www.gaveanews.com\/index.php\/2024\/07\/24\/ex-jogador-do-atletico-mg-recebera-cestas-basicas-do-clube\/#respond"]}],"copyrightYear":"2024","copyrightHolder":{"@id":"https:\/\/www.gaveanews.com\/#organization"}},{"@type":"WebPage","@id":"https:\/\/www.gaveanews.com\/index.php\/2024\/07\/24\/ex-jogador-do-atletico-mg-recebera-cestas-basicas-do-clube\/","url":"https:\/\/www.gaveanews.com\/index.php\/2024\/07\/24\/ex-jogador-do-atletico-mg-recebera-cestas-basicas-do-clube\/","name":"Ex-jogador do Atl\u00e9tico-MG receber\u00e1 cestas b\u00e1sicas do clube","isPartOf":{"@id":"https:\/\/www.gaveanews.com\/#website"},"primaryImageOfPage":{"@id":"https:\/\/www.gaveanews.com\/index.php\/2024\/07\/24\/ex-jogador-do-atletico-mg-recebera-cestas-basicas-do-clube\/#primaryimage"},"image":{"@id":"https:\/\/www.gaveanews.com\/index.php\/2024\/07\/24\/ex-jogador-do-atletico-mg-recebera-cestas-basicas-do-clube\/#primaryimage"},"thumbnailUrl":"https:\/\/www.gaveanews.com\/wp-content\/uploads\/Estadio-do-Atletico-MG.webp","datePublished":"2024-07-24T21:52:50+00:00","dateModified":"2024-07-24T21:52:53+00:00","author":{"@id":"https:\/\/www.gaveanews.com\/#\/schema\/person\/8597dbe3f4d8513dd20048ce95a1895b"},"breadcrumb":{"@id":"https:\/\/www.gaveanews.com\/index.php\/2024\/07\/24\/ex-jogador-do-atletico-mg-recebera-cestas-basicas-do-clube\/#breadcrumb"},"inLanguage":"pt-BR","potentialAction":[{"@type":"ReadAction","target":["https:\/\/www.gaveanews.com\/index.php\/2024\/07\/24\/ex-jogador-do-atletico-mg-recebera-cestas-basicas-do-clube\/"]}]},{"@type":"ImageObject","inLanguage":"pt-BR","@id":"https:\/\/www.gaveanews.com\/index.php\/2024\/07\/24\/ex-jogador-do-atletico-mg-recebera-cestas-basicas-do-clube\/#primaryimage","url":"https:\/\/www.gaveanews.com\/wp-content\/uploads\/Estadio-do-Atletico-MG.webp","contentUrl":"https:\/\/www.gaveanews.com\/wp-content\/uploads\/Estadio-do-Atletico-MG.webp","width":900,"height":600,"caption":"Arena MRV, est\u00e1dio do Atl\u00e9tico-MG (Foto: Reprodu\u00e7\u00e3o\/Atl\u00e9tico)"},{"@type":"BreadcrumbList","@id":"https:\/\/www.gaveanews.com\/index.php\/2024\/07\/24\/ex-jogador-do-atletico-mg-recebera-cestas-basicas-do-clube\/#breadcrumb","itemListElement":[{"@type":"ListItem","position":1,"name":"Home","item":"https:\/\/www.gaveanews.com\/"},{"@type":"ListItem","position":2,"name":"Ex-jogador do Atl\u00e9tico-MG receber\u00e1 cestas b\u00e1sicas do clube"}]},{"@type":"WebSite","@id":"https:\/\/www.gaveanews.com\/#website","url":"https:\/\/www.gaveanews.com\/","name":"G\u00e1vea News","description":"Veja todas as not\u00edcias sobre o Flamengo: Contrata\u00e7\u00f5es, categorias de base, resultados das partidas, tabela de classifica\u00e7\u00e3o, pr\u00f3ximos jogos!","potentialAction":[{"@type":"SearchAction","target":{"@type":"EntryPoint","urlTemplate":"https:\/\/www.gaveanews.com\/?s={search_term_string}"},"query-input":{"@type":"PropertyValueSpecification","valueRequired":true,"valueName":"search_term_string"}}],"inLanguage":"pt-BR"},{"@type":"Person","@id":"https:\/\/www.gaveanews.com\/#\/schema\/person\/8597dbe3f4d8513dd20048ce95a1895b","name":"Emilly Lima","image":{"@type":"ImageObject","inLanguage":"pt-BR","@id":"https:\/\/www.gaveanews.com\/#\/schema\/person\/image\/","url":"https:\/\/secure.gravatar.com\/avatar\/ddb4d0548bae01de3cb52e0fe30386754e9c41797565aa0a5bf4440ab4f7c0be?s=96&d=mm&r=g","contentUrl":"https:\/\/secure.gravatar.com\/avatar\/ddb4d0548bae01de3cb52e0fe30386754e9c41797565aa0a5bf4440ab4f7c0be?s=96&d=mm&r=g","caption":"Emilly Lima"}}]}},"_links":{"self":[{"href":"https:\/\/www.gaveanews.com\/index.php\/wp-json\/wp\/v2\/posts\/154062","targetHints":{"allow":["GET"]}}],"collection":[{"href":"https:\/\/www.gaveanews.com\/index.php\/wp-json\/wp\/v2\/posts"}],"about":[{"href":"https:\/\/www.gaveanews.com\/index.php\/wp-json\/wp\/v2\/types\/post"}],"author":[{"embeddable":true,"href":"https:\/\/www.gaveanews.com\/index.php\/wp-json\/wp\/v2\/users\/22"}],"replies":[{"embeddable":true,"href":"https:\/\/www.gaveanews.com\/index.php\/wp-json\/wp\/v2\/comments?post=154062"}],"version-history":[{"count":4,"href":"https:\/\/www.gaveanews.com\/index.php\/wp-json\/wp\/v2\/posts\/154062\/revisions"}],"predecessor-version":[{"id":154297,"href":"https:\/\/www.gaveanews.com\/index.php\/wp-json\/wp\/v2\/posts\/154062\/revisions\/154297"}],"wp:featuredmedia":[{"embeddable":true,"href":"https:\/\/www.gaveanews.com\/index.php\/wp-json\/wp\/v2\/media\/153999"}],"wp:attachment":[{"href":"https:\/\/www.gaveanews.com\/index.php\/wp-json\/wp\/v2\/media?parent=154062"}],"wp:term":[{"taxonomy":"category","embeddable":true,"href":"https:\/\/www.gaveanews.com\/index.php\/wp-json\/wp\/v2\/categories?post=154062"},{"taxonomy":"post_tag","embeddable":true,"href":"https:\/\/www.gaveanews.com\/index.php\/wp-json\/wp\/v2\/tags?post=154062"}],"curies":[{"name":"wp","href":"https:\/\/api.w.org\/{rel}","templated":true}]}}