{"id":154076,"date":"2024-07-23T22:23:15","date_gmt":"2024-07-24T01:23:15","guid":{"rendered":"https:\/\/www.gaveanews.com\/?p=154076"},"modified":"2024-07-23T22:23:18","modified_gmt":"2024-07-24T01:23:18","slug":"revelacao-do-flamengo-assina-com-time-carioca","status":"publish","type":"post","link":"https:\/\/www.gaveanews.com\/index.php\/2024\/07\/23\/revelacao-do-flamengo-assina-com-time-carioca\/","title":{"rendered":"Revela\u00e7\u00e3o do Flamengo assina com time carioca"},"content":{"rendered":"\n<p>Meio do ano significa janela de transfer\u00eancias em aberto, ou seja, os clubes podem se movimentar no mercado em busca de refor\u00e7os. Nesse cen\u00e1rio, um jovem revelado nas categorias de base do Flamengo foi anunciado pelo Am\u00e9rica-RJ: Pablo Maldini.<\/p>\n\n\n\n<ul class=\"wp-block-list\">\n<li><a href=\"https:\/\/www.gaveanews.com\/index.php\/2024\/07\/23\/diretoria-do-flamengo-convoca-torcidas-organizadas-para-fazerem-pressao\/\">Diretoria do Flamengo convoca torcidas organizadas para fazerem press\u00e3o<\/a><\/li>\n\n\n\n<li><a href=\"https:\/\/www.gaveanews.com\/index.php\/2024\/07\/15\/flamengo-pode-vender-mais-uma-revelacao-para-o-futebol-da-espanha\/\">Flamengo pode vender mais uma revela\u00e7\u00e3o para o futebol da Espanha<\/a><\/li>\n<\/ul>\n\n\n\n<p>Cria do Ninho do Urubu, Pablo Maldini acertou com o Mec\u00e3o, que \u00e9 presidido por Rom\u00e1rio, ex-jogador e senador. Aos 24 anos, o lateral-esquerdo \u00e9 o refor\u00e7o do Am\u00e9rica para a disputa da Copa Rio e foi anunciado na \u00faltima segunda-feira (22).<\/p>\n\n\n\n<p>&#8220;PABLO MALDINI \u00c9 DO MEC\u00c3O! Com 24 anos e formado pela base do Flamengo, o lateral-esquerdo chega como refor\u00e7o para a Copa Rio. No profissional, soma passagens por Estoril Praia e Trofense, do futebol portugu\u00eas. Em 2024, jogou pelo Boavista no Carioca. Seja bem-vindo! Sangue&#8221;, publicou o Am\u00e9rica-RJ nas redes sociais.<\/p>\n\n\n\n<blockquote class=\"twitter-tweet\"><p lang=\"pt\" dir=\"ltr\">PABLO MALDINI \u00c9 DO MEC\u00c3O! \ud83d\udd34<br>Com 24 anos e formado pela base do Flamengo, o Lateral-esquerdo chega como refor\u00e7o para a Copa Rio.<br>No profissional, soma passagens por Estoril Praia e Trofense, do futebol portugu\u00eas. Em 2024, jogou pelo Boavista no Carioca.<br>Seja bem-vindo! Sangue \ud83e\ude78 <a href=\"https:\/\/t.co\/uPUiMt46Y6\">pic.twitter.com\/uPUiMt46Y6<\/a><\/p>&mdash; America Football Club (@AmericaRJ) <a href=\"https:\/\/twitter.com\/AmericaRJ\/status\/1815451060988702760?ref_src=twsrc%5Etfw\">July 22, 2024<\/a><\/blockquote> <script async src=\"https:\/\/platform.twitter.com\/widgets.js\" charset=\"utf-8\"><\/script>\n\n\n\n<p>Antes de assinar com o Am\u00e9rica, Pablo Maldini disputou o Campeonato Carioca pelo Boavista e foi titular na maior parte dos jogos. Ao fim do torneio, teve breve passagem pelo Brasiliense, at\u00e9 se transferir para o Mec\u00e3o.<\/p>\n\n\n\n<p>Al\u00e9m de Pablo Maldini, vale destacar que o Am\u00e9rica-RJ tamb\u00e9m contratou outro jogador revelado nas categorias de base do Flamengo. O zagueiro Fabr\u00edcio \u00e9 outro prestes a defender o Mec\u00e3o na Copa Rio, segunda divis\u00e3o do Campeonato Estadual. <\/p>\n\n\n\n<p>Fabr\u00edcio foi anunciado pelo Am\u00e9rica-RJ no dia 25 de mar\u00e7o deste ano. Aos 33 anos, o zagueiro, revelado pelo Flamengo, tem passagens por Fluminense, Vasco, Palmeiras, Cruzeiro e Vit\u00f3ria. <\/p>\n\n\n\n<h2 class=\"wp-block-heading\" id=\"h-carreira-de-pablo-maldini\">Carreira de Pablo Maldini <\/h2>\n\n\n\n<p>O defensor foi revelado pelo Flamengo, onde permaneceu por 10 anos. Pelas categorias de base do Rubro-Negro, conquistou dois t\u00edtulos: a Copa S\u00e3o Paulo de Futebol J\u00fanior (Copinha) e o Campeonato Brasileiro Sub-20.<\/p>\n\n\n\n<p>Em 2020, Pablo Maldini foi negociado pelo Flamengo e assinou com o\u00a0FC Telavi, da Ge\u00f3rgia. O lateral-esquerdo tamb\u00e9m defendeu outros dois clubes estrangeiros antes de retornar ao Brasil: Estoril e Trofense, ambos de Portugal.<\/p>\n\n\n\n<p><\/p>\n","protected":false},"excerpt":{"rendered":"<p>Meio do ano significa janela de transfer\u00eancias em aberto, ou seja, os clubes podem se movimentar no mercado em busca de refor\u00e7os. Nesse cen\u00e1rio, um jovem revelado nas categorias de base do Flamengo foi anunciado pelo Am\u00e9rica-RJ: Pablo Maldini. Cria do Ninho do Urubu, Pablo Maldini acertou com o Mec\u00e3o, que \u00e9 presidido por Rom\u00e1rio, [&hellip;]<\/p>\n","protected":false},"author":18,"featured_media":118114,"comment_status":"open","ping_status":"closed","sticky":false,"template":"","format":"standard","meta":{"footnotes":""},"categories":[1],"tags":[],"class_list":["post-154076","post","type-post","status-publish","format-standard","has-post-thumbnail","hentry","category-flamengo"],"yoast_head":"<!-- This site is optimized with the Yoast SEO Premium plugin v24.2 (Yoast SEO v26.9) - https:\/\/yoast.com\/product\/yoast-seo-premium-wordpress\/ -->\n<title>Revela\u00e7\u00e3o do Flamengo assina com time carioca<\/title>\n<meta name=\"robots\" content=\"index, follow, max-snippet:-1, max-image-preview:large, max-video-preview:-1\" \/>\n<link rel=\"canonical\" href=\"https:\/\/www.gaveanews.com\/index.php\/2024\/07\/23\/revelacao-do-flamengo-assina-com-time-carioca\/\" \/>\n<meta property=\"og:locale\" content=\"pt_BR\" \/>\n<meta property=\"og:type\" content=\"article\" \/>\n<meta property=\"og:title\" content=\"Revela\u00e7\u00e3o do Flamengo assina com time carioca\" \/>\n<meta property=\"og:description\" content=\"Meio do ano significa janela de transfer\u00eancias em aberto, ou seja, os clubes podem se movimentar no mercado em busca de refor\u00e7os. Nesse cen\u00e1rio, um jovem revelado nas categorias de base do Flamengo foi anunciado pelo Am\u00e9rica-RJ: Pablo Maldini. Cria do Ninho do Urubu, Pablo Maldini acertou com o Mec\u00e3o, que \u00e9 presidido por Rom\u00e1rio, [&hellip;]\" \/>\n<meta property=\"og:url\" content=\"https:\/\/www.gaveanews.com\/index.php\/2024\/07\/23\/revelacao-do-flamengo-assina-com-time-carioca\/\" \/>\n<meta property=\"og:site_name\" content=\"G\u00e1vea News\" \/>\n<meta property=\"article:publisher\" content=\"https:\/\/facebook.com\/gaveaNews\/\" \/>\n<meta property=\"article:published_time\" content=\"2024-07-24T01:23:15+00:00\" \/>\n<meta property=\"article:modified_time\" content=\"2024-07-24T01:23:18+00:00\" \/>\n<meta property=\"og:image\" content=\"https:\/\/www.gaveanews.com\/wp-content\/uploads\/Pablo-Maldini-posa-para-foto-com-a-camisa-do-Boavista.webp\" \/>\n\t<meta property=\"og:image:width\" content=\"800\" \/>\n\t<meta property=\"og:image:height\" content=\"533\" \/>\n\t<meta property=\"og:image:type\" content=\"image\/png\" \/>\n<meta name=\"author\" content=\"Paula Silva\" \/>\n<meta name=\"twitter:card\" content=\"summary_large_image\" \/>\n<meta name=\"twitter:label1\" content=\"Escrito por\" \/>\n\t<meta name=\"twitter:data1\" content=\"Paula Silva\" \/>\n\t<meta name=\"twitter:label2\" content=\"Est. tempo de leitura\" \/>\n\t<meta name=\"twitter:data2\" content=\"3 minutos\" \/>\n<script type=\"application\/ld+json\" class=\"yoast-schema-graph\">{\"@context\":\"https:\/\/schema.org\",\"@graph\":[{\"@type\":\"NewsArticle\",\"@id\":\"https:\/\/www.gaveanews.com\/index.php\/2024\/07\/23\/revelacao-do-flamengo-assina-com-time-carioca\/#article\",\"isPartOf\":{\"@id\":\"https:\/\/www.gaveanews.com\/index.php\/2024\/07\/23\/revelacao-do-flamengo-assina-com-time-carioca\/\"},\"author\":{\"name\":\"Paula Silva\",\"@id\":\"https:\/\/www.gaveanews.com\/#\/schema\/person\/daf63eec72e1164eb13dc35096c2b8da\"},\"headline\":\"Revela\u00e7\u00e3o do Flamengo assina com time carioca\",\"datePublished\":\"2024-07-24T01:23:15+00:00\",\"dateModified\":\"2024-07-24T01:23:18+00:00\",\"mainEntityOfPage\":{\"@id\":\"https:\/\/www.gaveanews.com\/index.php\/2024\/07\/23\/revelacao-do-flamengo-assina-com-time-carioca\/\"},\"wordCount\":411,\"commentCount\":0,\"image\":{\"@id\":\"https:\/\/www.gaveanews.com\/index.php\/2024\/07\/23\/revelacao-do-flamengo-assina-com-time-carioca\/#primaryimage\"},\"thumbnailUrl\":\"https:\/\/www.gaveanews.com\/wp-content\/uploads\/Pablo-Maldini-posa-para-foto-com-a-camisa-do-Boavista.webp\",\"articleSection\":[\"Flamengo\"],\"inLanguage\":\"pt-BR\",\"potentialAction\":[{\"@type\":\"CommentAction\",\"name\":\"Comment\",\"target\":[\"https:\/\/www.gaveanews.com\/index.php\/2024\/07\/23\/revelacao-do-flamengo-assina-com-time-carioca\/#respond\"]}],\"copyrightYear\":\"2024\",\"copyrightHolder\":{\"@id\":\"https:\/\/www.gaveanews.com\/#organization\"}},{\"@type\":\"WebPage\",\"@id\":\"https:\/\/www.gaveanews.com\/index.php\/2024\/07\/23\/revelacao-do-flamengo-assina-com-time-carioca\/\",\"url\":\"https:\/\/www.gaveanews.com\/index.php\/2024\/07\/23\/revelacao-do-flamengo-assina-com-time-carioca\/\",\"name\":\"Revela\u00e7\u00e3o do Flamengo assina com time carioca\",\"isPartOf\":{\"@id\":\"https:\/\/www.gaveanews.com\/#website\"},\"primaryImageOfPage\":{\"@id\":\"https:\/\/www.gaveanews.com\/index.php\/2024\/07\/23\/revelacao-do-flamengo-assina-com-time-carioca\/#primaryimage\"},\"image\":{\"@id\":\"https:\/\/www.gaveanews.com\/index.php\/2024\/07\/23\/revelacao-do-flamengo-assina-com-time-carioca\/#primaryimage\"},\"thumbnailUrl\":\"https:\/\/www.gaveanews.com\/wp-content\/uploads\/Pablo-Maldini-posa-para-foto-com-a-camisa-do-Boavista.webp\",\"datePublished\":\"2024-07-24T01:23:15+00:00\",\"dateModified\":\"2024-07-24T01:23:18+00:00\",\"author\":{\"@id\":\"https:\/\/www.gaveanews.com\/#\/schema\/person\/daf63eec72e1164eb13dc35096c2b8da\"},\"breadcrumb\":{\"@id\":\"https:\/\/www.gaveanews.com\/index.php\/2024\/07\/23\/revelacao-do-flamengo-assina-com-time-carioca\/#breadcrumb\"},\"inLanguage\":\"pt-BR\",\"potentialAction\":[{\"@type\":\"ReadAction\",\"target\":[\"https:\/\/www.gaveanews.com\/index.php\/2024\/07\/23\/revelacao-do-flamengo-assina-com-time-carioca\/\"]}]},{\"@type\":\"ImageObject\",\"inLanguage\":\"pt-BR\",\"@id\":\"https:\/\/www.gaveanews.com\/index.php\/2024\/07\/23\/revelacao-do-flamengo-assina-com-time-carioca\/#primaryimage\",\"url\":\"https:\/\/www.gaveanews.com\/wp-content\/uploads\/Pablo-Maldini-posa-para-foto-com-a-camisa-do-Boavista.webp\",\"contentUrl\":\"https:\/\/www.gaveanews.com\/wp-content\/uploads\/Pablo-Maldini-posa-para-foto-com-a-camisa-do-Boavista.webp\",\"width\":800,\"height\":533,\"caption\":\"Pablo Maldini posa para foto com a camisa do Boavista (Foto: Reprodu\u00e7\u00e3o\/Boavista)\"},{\"@type\":\"BreadcrumbList\",\"@id\":\"https:\/\/www.gaveanews.com\/index.php\/2024\/07\/23\/revelacao-do-flamengo-assina-com-time-carioca\/#breadcrumb\",\"itemListElement\":[{\"@type\":\"ListItem\",\"position\":1,\"name\":\"Home\",\"item\":\"https:\/\/www.gaveanews.com\/\"},{\"@type\":\"ListItem\",\"position\":2,\"name\":\"Revela\u00e7\u00e3o do Flamengo assina com time carioca\"}]},{\"@type\":\"WebSite\",\"@id\":\"https:\/\/www.gaveanews.com\/#website\",\"url\":\"https:\/\/www.gaveanews.com\/\",\"name\":\"G\u00e1vea News\",\"description\":\"Veja todas as not\u00edcias sobre o Flamengo: Contrata\u00e7\u00f5es, categorias de base, resultados das partidas, tabela de classifica\u00e7\u00e3o, pr\u00f3ximos jogos!\",\"potentialAction\":[{\"@type\":\"SearchAction\",\"target\":{\"@type\":\"EntryPoint\",\"urlTemplate\":\"https:\/\/www.gaveanews.com\/?s={search_term_string}\"},\"query-input\":{\"@type\":\"PropertyValueSpecification\",\"valueRequired\":true,\"valueName\":\"search_term_string\"}}],\"inLanguage\":\"pt-BR\"},{\"@type\":\"Person\",\"@id\":\"https:\/\/www.gaveanews.com\/#\/schema\/person\/daf63eec72e1164eb13dc35096c2b8da\",\"name\":\"Paula Silva\",\"image\":{\"@type\":\"ImageObject\",\"inLanguage\":\"pt-BR\",\"@id\":\"https:\/\/www.gaveanews.com\/#\/schema\/person\/image\/\",\"url\":\"https:\/\/secure.gravatar.com\/avatar\/eda381c845527cc5d64c13b901833cda29d97500ba040d3e6461f76f51d163bb?s=96&d=mm&r=g\",\"contentUrl\":\"https:\/\/secure.gravatar.com\/avatar\/eda381c845527cc5d64c13b901833cda29d97500ba040d3e6461f76f51d163bb?s=96&d=mm&r=g\",\"caption\":\"Paula Silva\"}}]}<\/script>\n<!-- \/ Yoast SEO Premium plugin. -->","yoast_head_json":{"title":"Revela\u00e7\u00e3o do Flamengo assina com time carioca","robots":{"index":"index","follow":"follow","max-snippet":"max-snippet:-1","max-image-preview":"max-image-preview:large","max-video-preview":"max-video-preview:-1"},"canonical":"https:\/\/www.gaveanews.com\/index.php\/2024\/07\/23\/revelacao-do-flamengo-assina-com-time-carioca\/","og_locale":"pt_BR","og_type":"article","og_title":"Revela\u00e7\u00e3o do Flamengo assina com time carioca","og_description":"Meio do ano significa janela de transfer\u00eancias em aberto, ou seja, os clubes podem se movimentar no mercado em busca de refor\u00e7os. Nesse cen\u00e1rio, um jovem revelado nas categorias de base do Flamengo foi anunciado pelo Am\u00e9rica-RJ: Pablo Maldini. Cria do Ninho do Urubu, Pablo Maldini acertou com o Mec\u00e3o, que \u00e9 presidido por Rom\u00e1rio, [&hellip;]","og_url":"https:\/\/www.gaveanews.com\/index.php\/2024\/07\/23\/revelacao-do-flamengo-assina-com-time-carioca\/","og_site_name":"G\u00e1vea News","article_publisher":"https:\/\/facebook.com\/gaveaNews\/","article_published_time":"2024-07-24T01:23:15+00:00","article_modified_time":"2024-07-24T01:23:18+00:00","og_image":[{"width":800,"height":533,"url":"https:\/\/www.gaveanews.com\/wp-content\/uploads\/Pablo-Maldini-posa-para-foto-com-a-camisa-do-Boavista.webp","type":"image\/png"}],"author":"Paula Silva","twitter_card":"summary_large_image","twitter_misc":{"Escrito por":"Paula Silva","Est. tempo de leitura":"3 minutos"},"schema":{"@context":"https:\/\/schema.org","@graph":[{"@type":"NewsArticle","@id":"https:\/\/www.gaveanews.com\/index.php\/2024\/07\/23\/revelacao-do-flamengo-assina-com-time-carioca\/#article","isPartOf":{"@id":"https:\/\/www.gaveanews.com\/index.php\/2024\/07\/23\/revelacao-do-flamengo-assina-com-time-carioca\/"},"author":{"name":"Paula Silva","@id":"https:\/\/www.gaveanews.com\/#\/schema\/person\/daf63eec72e1164eb13dc35096c2b8da"},"headline":"Revela\u00e7\u00e3o do Flamengo assina com time carioca","datePublished":"2024-07-24T01:23:15+00:00","dateModified":"2024-07-24T01:23:18+00:00","mainEntityOfPage":{"@id":"https:\/\/www.gaveanews.com\/index.php\/2024\/07\/23\/revelacao-do-flamengo-assina-com-time-carioca\/"},"wordCount":411,"commentCount":0,"image":{"@id":"https:\/\/www.gaveanews.com\/index.php\/2024\/07\/23\/revelacao-do-flamengo-assina-com-time-carioca\/#primaryimage"},"thumbnailUrl":"https:\/\/www.gaveanews.com\/wp-content\/uploads\/Pablo-Maldini-posa-para-foto-com-a-camisa-do-Boavista.webp","articleSection":["Flamengo"],"inLanguage":"pt-BR","potentialAction":[{"@type":"CommentAction","name":"Comment","target":["https:\/\/www.gaveanews.com\/index.php\/2024\/07\/23\/revelacao-do-flamengo-assina-com-time-carioca\/#respond"]}],"copyrightYear":"2024","copyrightHolder":{"@id":"https:\/\/www.gaveanews.com\/#organization"}},{"@type":"WebPage","@id":"https:\/\/www.gaveanews.com\/index.php\/2024\/07\/23\/revelacao-do-flamengo-assina-com-time-carioca\/","url":"https:\/\/www.gaveanews.com\/index.php\/2024\/07\/23\/revelacao-do-flamengo-assina-com-time-carioca\/","name":"Revela\u00e7\u00e3o do Flamengo assina com time carioca","isPartOf":{"@id":"https:\/\/www.gaveanews.com\/#website"},"primaryImageOfPage":{"@id":"https:\/\/www.gaveanews.com\/index.php\/2024\/07\/23\/revelacao-do-flamengo-assina-com-time-carioca\/#primaryimage"},"image":{"@id":"https:\/\/www.gaveanews.com\/index.php\/2024\/07\/23\/revelacao-do-flamengo-assina-com-time-carioca\/#primaryimage"},"thumbnailUrl":"https:\/\/www.gaveanews.com\/wp-content\/uploads\/Pablo-Maldini-posa-para-foto-com-a-camisa-do-Boavista.webp","datePublished":"2024-07-24T01:23:15+00:00","dateModified":"2024-07-24T01:23:18+00:00","author":{"@id":"https:\/\/www.gaveanews.com\/#\/schema\/person\/daf63eec72e1164eb13dc35096c2b8da"},"breadcrumb":{"@id":"https:\/\/www.gaveanews.com\/index.php\/2024\/07\/23\/revelacao-do-flamengo-assina-com-time-carioca\/#breadcrumb"},"inLanguage":"pt-BR","potentialAction":[{"@type":"ReadAction","target":["https:\/\/www.gaveanews.com\/index.php\/2024\/07\/23\/revelacao-do-flamengo-assina-com-time-carioca\/"]}]},{"@type":"ImageObject","inLanguage":"pt-BR","@id":"https:\/\/www.gaveanews.com\/index.php\/2024\/07\/23\/revelacao-do-flamengo-assina-com-time-carioca\/#primaryimage","url":"https:\/\/www.gaveanews.com\/wp-content\/uploads\/Pablo-Maldini-posa-para-foto-com-a-camisa-do-Boavista.webp","contentUrl":"https:\/\/www.gaveanews.com\/wp-content\/uploads\/Pablo-Maldini-posa-para-foto-com-a-camisa-do-Boavista.webp","width":800,"height":533,"caption":"Pablo Maldini posa para foto com a camisa do Boavista (Foto: Reprodu\u00e7\u00e3o\/Boavista)"},{"@type":"BreadcrumbList","@id":"https:\/\/www.gaveanews.com\/index.php\/2024\/07\/23\/revelacao-do-flamengo-assina-com-time-carioca\/#breadcrumb","itemListElement":[{"@type":"ListItem","position":1,"name":"Home","item":"https:\/\/www.gaveanews.com\/"},{"@type":"ListItem","position":2,"name":"Revela\u00e7\u00e3o do Flamengo assina com time carioca"}]},{"@type":"WebSite","@id":"https:\/\/www.gaveanews.com\/#website","url":"https:\/\/www.gaveanews.com\/","name":"G\u00e1vea News","description":"Veja todas as not\u00edcias sobre o Flamengo: Contrata\u00e7\u00f5es, categorias de base, resultados das partidas, tabela de classifica\u00e7\u00e3o, pr\u00f3ximos jogos!","potentialAction":[{"@type":"SearchAction","target":{"@type":"EntryPoint","urlTemplate":"https:\/\/www.gaveanews.com\/?s={search_term_string}"},"query-input":{"@type":"PropertyValueSpecification","valueRequired":true,"valueName":"search_term_string"}}],"inLanguage":"pt-BR"},{"@type":"Person","@id":"https:\/\/www.gaveanews.com\/#\/schema\/person\/daf63eec72e1164eb13dc35096c2b8da","name":"Paula Silva","image":{"@type":"ImageObject","inLanguage":"pt-BR","@id":"https:\/\/www.gaveanews.com\/#\/schema\/person\/image\/","url":"https:\/\/secure.gravatar.com\/avatar\/eda381c845527cc5d64c13b901833cda29d97500ba040d3e6461f76f51d163bb?s=96&d=mm&r=g","contentUrl":"https:\/\/secure.gravatar.com\/avatar\/eda381c845527cc5d64c13b901833cda29d97500ba040d3e6461f76f51d163bb?s=96&d=mm&r=g","caption":"Paula Silva"}}]}},"_links":{"self":[{"href":"https:\/\/www.gaveanews.com\/index.php\/wp-json\/wp\/v2\/posts\/154076","targetHints":{"allow":["GET"]}}],"collection":[{"href":"https:\/\/www.gaveanews.com\/index.php\/wp-json\/wp\/v2\/posts"}],"about":[{"href":"https:\/\/www.gaveanews.com\/index.php\/wp-json\/wp\/v2\/types\/post"}],"author":[{"embeddable":true,"href":"https:\/\/www.gaveanews.com\/index.php\/wp-json\/wp\/v2\/users\/18"}],"replies":[{"embeddable":true,"href":"https:\/\/www.gaveanews.com\/index.php\/wp-json\/wp\/v2\/comments?post=154076"}],"version-history":[{"count":1,"href":"https:\/\/www.gaveanews.com\/index.php\/wp-json\/wp\/v2\/posts\/154076\/revisions"}],"predecessor-version":[{"id":154079,"href":"https:\/\/www.gaveanews.com\/index.php\/wp-json\/wp\/v2\/posts\/154076\/revisions\/154079"}],"wp:featuredmedia":[{"embeddable":true,"href":"https:\/\/www.gaveanews.com\/index.php\/wp-json\/wp\/v2\/media\/118114"}],"wp:attachment":[{"href":"https:\/\/www.gaveanews.com\/index.php\/wp-json\/wp\/v2\/media?parent=154076"}],"wp:term":[{"taxonomy":"category","embeddable":true,"href":"https:\/\/www.gaveanews.com\/index.php\/wp-json\/wp\/v2\/categories?post=154076"},{"taxonomy":"post_tag","embeddable":true,"href":"https:\/\/www.gaveanews.com\/index.php\/wp-json\/wp\/v2\/tags?post=154076"}],"curies":[{"name":"wp","href":"https:\/\/api.w.org\/{rel}","templated":true}]}}