{"id":154196,"date":"2024-07-24T18:54:07","date_gmt":"2024-07-24T21:54:07","guid":{"rendered":"https:\/\/www.gaveanews.com\/?p=154196"},"modified":"2024-07-24T18:54:10","modified_gmt":"2024-07-24T21:54:10","slug":"ele-esta-de-saida-do-ceara-para-jogar-na-europa","status":"publish","type":"post","link":"https:\/\/www.gaveanews.com\/index.php\/2024\/07\/24\/ele-esta-de-saida-do-ceara-para-jogar-na-europa\/","title":{"rendered":"Ele est\u00e1 de sa\u00edda do Cear\u00e1 para jogar na Europa"},"content":{"rendered":"\n<p>O time do Cear\u00e1 oficializa empr\u00e9stimo para o Nacional, time da primeira divis\u00e3o do Campeonato Portugu\u00eas, pelo goleiro jovem de apenas 20 anos, C\u00e9sar Augusto. Nesta ter\u00e7a-feira (23), foi anunciado por meio dos portais de not\u00edcia que o jogador estava apenas na etapa de negocia\u00e7\u00e3o.<\/p>\n\n\n\n<ul class=\"wp-block-list\">\n<li><a href=\"https:\/\/www.gaveanews.com\/index.php\/2024\/07\/05\/como-chega-o-santos-para-o-jogo-contra-o-ceara\/\">Como chega o Santos para o jogo contra o Cear\u00e1?<\/a><\/li>\n\n\n\n<li><a href=\"https:\/\/www.gaveanews.com\/index.php\/2023\/01\/08\/ceara-anuncia-a-contratacao-de-atacante-do-flamengo\/\">Cear\u00e1 anuncia a contrata\u00e7\u00e3o de atacante do Flamengo<\/a><\/li>\n<\/ul>\n\n\n\n<p>Na mesma tarde de ter\u00e7a, o ent\u00e3o goleiro foi anunciado por meio do perfil do Instagram do Nacional que C\u00e9sar Augusto era o refor\u00e7o do time portugues at\u00e9 final da \u00e9poca 2024\/2025. Com a ideia principal do time cearense \u00e9 possibilitar a experi\u00eancia de C\u00e9sar no exterior, com possibilidade de uma futura negocia\u00e7\u00e3o de venda.<\/p>\n\n\n\n<h2 class=\"wp-block-heading\" id=\"h-publicacao-do-time-nacional\">Publica\u00e7\u00e3o do time Nacional:<\/h2>\n\n\n\n<blockquote class=\"twitter-tweet\"><p lang=\"pt\" dir=\"ltr\">\ud83e\udde4 C\u00e9sar Augusto \u00e9 refor\u00e7o at\u00e9 final da \u00e9poca 2024\/2025.<br><br>\u2139\ufe0f <a href=\"https:\/\/t.co\/9121LaLTRH\">https:\/\/t.co\/9121LaLTRH<\/a> <a href=\"https:\/\/t.co\/mZ4fBwhlgt\">pic.twitter.com\/mZ4fBwhlgt<\/a><\/p>&mdash; C.D. Nacional (@CDNacional) <a href=\"https:\/\/twitter.com\/CDNacional\/status\/1815451579828285536?ref_src=twsrc%5Etfw\">July 22, 2024<\/a><\/blockquote> <script async src=\"https:\/\/platform.twitter.com\/widgets.js\" charset=\"utf-8\"><\/script>\n\n\n\n<h2 class=\"wp-block-heading\" id=\"h-quem-e-o-jovem-cesar-augusto\">Quem \u00e9 o jovem C\u00e9sar Augusto?<\/h2>\n\n\n\n<p>C\u00e9sar Augusto de Oliveira Prado \u00e9 um jogador de Futebol, que joga na sua posi\u00e7\u00e3o de goleiro, o jovem nasceu em 23 de agosto de 2003, hoje em dia tem apenas 20 anos. Nascido na cidade de Adamantina (SP), no Brasil.<\/p>\n\n\n\n<p>O goleiro chegou ao Cear\u00e1 na temporada de 2023, ap\u00f3s deixar o Flamengo-SP. Ele atuou principalmente no time sub-20 cearense, mas foi posteriormente integrado ao elenco profissional. Apesar disso, C\u00e9sar infelizmente nem chegou a atuar profissionalmente pelo Cear\u00e1 e inclusive ainda nem jogou em lugar nenhum este ano.<\/p>\n\n\n\n<p>No Cear\u00e1 desde 2023, o retrospecto do goleiro no time acumulou 24 jogos na base alvinegra e conquistou 1 t\u00edtulo de Campe\u00e3o Cearense Sub-20.&nbsp; Logo ap\u00f3s seu t\u00edtulo C\u00e9sar Augusto foi integrado ao profissional, para ser a 3\u00ba op\u00e7\u00e3o de goleiro da equipe. Por\u00e9m com a chegada de Maycon Cleiton, o jovem goleiro perdeu ainda mais espa\u00e7o.<\/p>\n\n\n\n<h2 class=\"wp-block-heading\" id=\"h-nacional-vem-forte\">Nacional vem forte<\/h2>\n\n\n\n<p>Para o Nacional o goleiro \u00e9 a oitava contrata\u00e7\u00e3o garantida para a nova \u00e9poca, depois de asseguradas as entradas dos defesas Jos\u00e9 Vitor, Afonso Freitas e Gustavo Garcia, dos m\u00e9dios Djibril Soumar\u00e9, Miguel Baeza e Daniel Penha e do avan\u00e7ado Gabriel Santos.<\/p>\n","protected":false},"excerpt":{"rendered":"<p>O time do Cear\u00e1 oficializa empr\u00e9stimo para o Nacional, time da primeira divis\u00e3o do Campeonato Portugu\u00eas, pelo goleiro jovem de apenas 20 anos, C\u00e9sar Augusto. Nesta ter\u00e7a-feira (23), foi anunciado por meio dos portais de not\u00edcia que o jogador estava apenas na etapa de negocia\u00e7\u00e3o. Na mesma tarde de ter\u00e7a, o ent\u00e3o goleiro foi anunciado [&hellip;]<\/p>\n","protected":false},"author":22,"featured_media":154254,"comment_status":"open","ping_status":"closed","sticky":false,"template":"","format":"standard","meta":{"footnotes":""},"categories":[158],"tags":[],"class_list":["post-154196","post","type-post","status-publish","format-standard","has-post-thumbnail","hentry","category-ceara"],"yoast_head":"<!-- This site is optimized with the Yoast SEO Premium plugin v24.2 (Yoast SEO v26.9) - https:\/\/yoast.com\/product\/yoast-seo-premium-wordpress\/ -->\n<title>Ele est\u00e1 de sa\u00edda do Cear\u00e1 para jogar na Europa<\/title>\n<meta name=\"robots\" content=\"index, follow, max-snippet:-1, max-image-preview:large, max-video-preview:-1\" \/>\n<link rel=\"canonical\" href=\"https:\/\/www.gaveanews.com\/index.php\/2024\/07\/24\/ele-esta-de-saida-do-ceara-para-jogar-na-europa\/\" \/>\n<meta property=\"og:locale\" content=\"pt_BR\" \/>\n<meta property=\"og:type\" content=\"article\" \/>\n<meta property=\"og:title\" content=\"Ele est\u00e1 de sa\u00edda do Cear\u00e1 para jogar na Europa\" \/>\n<meta property=\"og:description\" content=\"O time do Cear\u00e1 oficializa empr\u00e9stimo para o Nacional, time da primeira divis\u00e3o do Campeonato Portugu\u00eas, pelo goleiro jovem de apenas 20 anos, C\u00e9sar Augusto. Nesta ter\u00e7a-feira (23), foi anunciado por meio dos portais de not\u00edcia que o jogador estava apenas na etapa de negocia\u00e7\u00e3o. Na mesma tarde de ter\u00e7a, o ent\u00e3o goleiro foi anunciado [&hellip;]\" \/>\n<meta property=\"og:url\" content=\"https:\/\/www.gaveanews.com\/index.php\/2024\/07\/24\/ele-esta-de-saida-do-ceara-para-jogar-na-europa\/\" \/>\n<meta property=\"og:site_name\" content=\"G\u00e1vea News\" \/>\n<meta property=\"article:publisher\" content=\"https:\/\/facebook.com\/gaveaNews\/\" \/>\n<meta property=\"article:published_time\" content=\"2024-07-24T21:54:07+00:00\" \/>\n<meta property=\"article:modified_time\" content=\"2024-07-24T21:54:10+00:00\" \/>\n<meta property=\"og:image\" content=\"https:\/\/www.gaveanews.com\/wp-content\/uploads\/Cesar-Augusto-durante-treino-do-Ceara.webp\" \/>\n\t<meta property=\"og:image:width\" content=\"1244\" \/>\n\t<meta property=\"og:image:height\" content=\"698\" \/>\n\t<meta property=\"og:image:type\" content=\"image\/jpeg\" \/>\n<meta name=\"author\" content=\"Emilly Lima\" \/>\n<meta name=\"twitter:card\" content=\"summary_large_image\" \/>\n<meta name=\"twitter:label1\" content=\"Escrito por\" \/>\n\t<meta name=\"twitter:data1\" content=\"Emilly Lima\" \/>\n\t<meta name=\"twitter:label2\" content=\"Est. tempo de leitura\" \/>\n\t<meta name=\"twitter:data2\" content=\"2 minutos\" \/>\n<script type=\"application\/ld+json\" class=\"yoast-schema-graph\">{\"@context\":\"https:\/\/schema.org\",\"@graph\":[{\"@type\":\"NewsArticle\",\"@id\":\"https:\/\/www.gaveanews.com\/index.php\/2024\/07\/24\/ele-esta-de-saida-do-ceara-para-jogar-na-europa\/#article\",\"isPartOf\":{\"@id\":\"https:\/\/www.gaveanews.com\/index.php\/2024\/07\/24\/ele-esta-de-saida-do-ceara-para-jogar-na-europa\/\"},\"author\":{\"name\":\"Emilly Lima\",\"@id\":\"https:\/\/www.gaveanews.com\/#\/schema\/person\/8597dbe3f4d8513dd20048ce95a1895b\"},\"headline\":\"Ele est\u00e1 de sa\u00edda do Cear\u00e1 para jogar na Europa\",\"datePublished\":\"2024-07-24T21:54:07+00:00\",\"dateModified\":\"2024-07-24T21:54:10+00:00\",\"mainEntityOfPage\":{\"@id\":\"https:\/\/www.gaveanews.com\/index.php\/2024\/07\/24\/ele-esta-de-saida-do-ceara-para-jogar-na-europa\/\"},\"wordCount\":372,\"commentCount\":0,\"image\":{\"@id\":\"https:\/\/www.gaveanews.com\/index.php\/2024\/07\/24\/ele-esta-de-saida-do-ceara-para-jogar-na-europa\/#primaryimage\"},\"thumbnailUrl\":\"https:\/\/www.gaveanews.com\/wp-content\/uploads\/Cesar-Augusto-durante-treino-do-Ceara.webp\",\"articleSection\":[\"Cear\u00e1\"],\"inLanguage\":\"pt-BR\",\"potentialAction\":[{\"@type\":\"CommentAction\",\"name\":\"Comment\",\"target\":[\"https:\/\/www.gaveanews.com\/index.php\/2024\/07\/24\/ele-esta-de-saida-do-ceara-para-jogar-na-europa\/#respond\"]}],\"copyrightYear\":\"2024\",\"copyrightHolder\":{\"@id\":\"https:\/\/www.gaveanews.com\/#organization\"}},{\"@type\":\"WebPage\",\"@id\":\"https:\/\/www.gaveanews.com\/index.php\/2024\/07\/24\/ele-esta-de-saida-do-ceara-para-jogar-na-europa\/\",\"url\":\"https:\/\/www.gaveanews.com\/index.php\/2024\/07\/24\/ele-esta-de-saida-do-ceara-para-jogar-na-europa\/\",\"name\":\"Ele est\u00e1 de sa\u00edda do Cear\u00e1 para jogar na Europa\",\"isPartOf\":{\"@id\":\"https:\/\/www.gaveanews.com\/#website\"},\"primaryImageOfPage\":{\"@id\":\"https:\/\/www.gaveanews.com\/index.php\/2024\/07\/24\/ele-esta-de-saida-do-ceara-para-jogar-na-europa\/#primaryimage\"},\"image\":{\"@id\":\"https:\/\/www.gaveanews.com\/index.php\/2024\/07\/24\/ele-esta-de-saida-do-ceara-para-jogar-na-europa\/#primaryimage\"},\"thumbnailUrl\":\"https:\/\/www.gaveanews.com\/wp-content\/uploads\/Cesar-Augusto-durante-treino-do-Ceara.webp\",\"datePublished\":\"2024-07-24T21:54:07+00:00\",\"dateModified\":\"2024-07-24T21:54:10+00:00\",\"author\":{\"@id\":\"https:\/\/www.gaveanews.com\/#\/schema\/person\/8597dbe3f4d8513dd20048ce95a1895b\"},\"breadcrumb\":{\"@id\":\"https:\/\/www.gaveanews.com\/index.php\/2024\/07\/24\/ele-esta-de-saida-do-ceara-para-jogar-na-europa\/#breadcrumb\"},\"inLanguage\":\"pt-BR\",\"potentialAction\":[{\"@type\":\"ReadAction\",\"target\":[\"https:\/\/www.gaveanews.com\/index.php\/2024\/07\/24\/ele-esta-de-saida-do-ceara-para-jogar-na-europa\/\"]}]},{\"@type\":\"ImageObject\",\"inLanguage\":\"pt-BR\",\"@id\":\"https:\/\/www.gaveanews.com\/index.php\/2024\/07\/24\/ele-esta-de-saida-do-ceara-para-jogar-na-europa\/#primaryimage\",\"url\":\"https:\/\/www.gaveanews.com\/wp-content\/uploads\/Cesar-Augusto-durante-treino-do-Ceara.webp\",\"contentUrl\":\"https:\/\/www.gaveanews.com\/wp-content\/uploads\/Cesar-Augusto-durante-treino-do-Ceara.webp\",\"width\":1244,\"height\":698,\"caption\":\"C\u00e9sar Augusto durante treino do Cear\u00e1 (Foto: Gabriel Silva\/Cear\u00e1)\"},{\"@type\":\"BreadcrumbList\",\"@id\":\"https:\/\/www.gaveanews.com\/index.php\/2024\/07\/24\/ele-esta-de-saida-do-ceara-para-jogar-na-europa\/#breadcrumb\",\"itemListElement\":[{\"@type\":\"ListItem\",\"position\":1,\"name\":\"Home\",\"item\":\"https:\/\/www.gaveanews.com\/\"},{\"@type\":\"ListItem\",\"position\":2,\"name\":\"Ele est\u00e1 de sa\u00edda do Cear\u00e1 para jogar na Europa\"}]},{\"@type\":\"WebSite\",\"@id\":\"https:\/\/www.gaveanews.com\/#website\",\"url\":\"https:\/\/www.gaveanews.com\/\",\"name\":\"G\u00e1vea News\",\"description\":\"Veja todas as not\u00edcias sobre o Flamengo: Contrata\u00e7\u00f5es, categorias de base, resultados das partidas, tabela de classifica\u00e7\u00e3o, pr\u00f3ximos jogos!\",\"potentialAction\":[{\"@type\":\"SearchAction\",\"target\":{\"@type\":\"EntryPoint\",\"urlTemplate\":\"https:\/\/www.gaveanews.com\/?s={search_term_string}\"},\"query-input\":{\"@type\":\"PropertyValueSpecification\",\"valueRequired\":true,\"valueName\":\"search_term_string\"}}],\"inLanguage\":\"pt-BR\"},{\"@type\":\"Person\",\"@id\":\"https:\/\/www.gaveanews.com\/#\/schema\/person\/8597dbe3f4d8513dd20048ce95a1895b\",\"name\":\"Emilly Lima\",\"image\":{\"@type\":\"ImageObject\",\"inLanguage\":\"pt-BR\",\"@id\":\"https:\/\/www.gaveanews.com\/#\/schema\/person\/image\/\",\"url\":\"https:\/\/secure.gravatar.com\/avatar\/ddb4d0548bae01de3cb52e0fe30386754e9c41797565aa0a5bf4440ab4f7c0be?s=96&d=mm&r=g\",\"contentUrl\":\"https:\/\/secure.gravatar.com\/avatar\/ddb4d0548bae01de3cb52e0fe30386754e9c41797565aa0a5bf4440ab4f7c0be?s=96&d=mm&r=g\",\"caption\":\"Emilly Lima\"}}]}<\/script>\n<!-- \/ Yoast SEO Premium plugin. -->","yoast_head_json":{"title":"Ele est\u00e1 de sa\u00edda do Cear\u00e1 para jogar na Europa","robots":{"index":"index","follow":"follow","max-snippet":"max-snippet:-1","max-image-preview":"max-image-preview:large","max-video-preview":"max-video-preview:-1"},"canonical":"https:\/\/www.gaveanews.com\/index.php\/2024\/07\/24\/ele-esta-de-saida-do-ceara-para-jogar-na-europa\/","og_locale":"pt_BR","og_type":"article","og_title":"Ele est\u00e1 de sa\u00edda do Cear\u00e1 para jogar na Europa","og_description":"O time do Cear\u00e1 oficializa empr\u00e9stimo para o Nacional, time da primeira divis\u00e3o do Campeonato Portugu\u00eas, pelo goleiro jovem de apenas 20 anos, C\u00e9sar Augusto. Nesta ter\u00e7a-feira (23), foi anunciado por meio dos portais de not\u00edcia que o jogador estava apenas na etapa de negocia\u00e7\u00e3o. Na mesma tarde de ter\u00e7a, o ent\u00e3o goleiro foi anunciado [&hellip;]","og_url":"https:\/\/www.gaveanews.com\/index.php\/2024\/07\/24\/ele-esta-de-saida-do-ceara-para-jogar-na-europa\/","og_site_name":"G\u00e1vea News","article_publisher":"https:\/\/facebook.com\/gaveaNews\/","article_published_time":"2024-07-24T21:54:07+00:00","article_modified_time":"2024-07-24T21:54:10+00:00","og_image":[{"width":1244,"height":698,"url":"https:\/\/www.gaveanews.com\/wp-content\/uploads\/Cesar-Augusto-durante-treino-do-Ceara.webp","type":"image\/jpeg"}],"author":"Emilly Lima","twitter_card":"summary_large_image","twitter_misc":{"Escrito por":"Emilly Lima","Est. tempo de leitura":"2 minutos"},"schema":{"@context":"https:\/\/schema.org","@graph":[{"@type":"NewsArticle","@id":"https:\/\/www.gaveanews.com\/index.php\/2024\/07\/24\/ele-esta-de-saida-do-ceara-para-jogar-na-europa\/#article","isPartOf":{"@id":"https:\/\/www.gaveanews.com\/index.php\/2024\/07\/24\/ele-esta-de-saida-do-ceara-para-jogar-na-europa\/"},"author":{"name":"Emilly Lima","@id":"https:\/\/www.gaveanews.com\/#\/schema\/person\/8597dbe3f4d8513dd20048ce95a1895b"},"headline":"Ele est\u00e1 de sa\u00edda do Cear\u00e1 para jogar na Europa","datePublished":"2024-07-24T21:54:07+00:00","dateModified":"2024-07-24T21:54:10+00:00","mainEntityOfPage":{"@id":"https:\/\/www.gaveanews.com\/index.php\/2024\/07\/24\/ele-esta-de-saida-do-ceara-para-jogar-na-europa\/"},"wordCount":372,"commentCount":0,"image":{"@id":"https:\/\/www.gaveanews.com\/index.php\/2024\/07\/24\/ele-esta-de-saida-do-ceara-para-jogar-na-europa\/#primaryimage"},"thumbnailUrl":"https:\/\/www.gaveanews.com\/wp-content\/uploads\/Cesar-Augusto-durante-treino-do-Ceara.webp","articleSection":["Cear\u00e1"],"inLanguage":"pt-BR","potentialAction":[{"@type":"CommentAction","name":"Comment","target":["https:\/\/www.gaveanews.com\/index.php\/2024\/07\/24\/ele-esta-de-saida-do-ceara-para-jogar-na-europa\/#respond"]}],"copyrightYear":"2024","copyrightHolder":{"@id":"https:\/\/www.gaveanews.com\/#organization"}},{"@type":"WebPage","@id":"https:\/\/www.gaveanews.com\/index.php\/2024\/07\/24\/ele-esta-de-saida-do-ceara-para-jogar-na-europa\/","url":"https:\/\/www.gaveanews.com\/index.php\/2024\/07\/24\/ele-esta-de-saida-do-ceara-para-jogar-na-europa\/","name":"Ele est\u00e1 de sa\u00edda do Cear\u00e1 para jogar na Europa","isPartOf":{"@id":"https:\/\/www.gaveanews.com\/#website"},"primaryImageOfPage":{"@id":"https:\/\/www.gaveanews.com\/index.php\/2024\/07\/24\/ele-esta-de-saida-do-ceara-para-jogar-na-europa\/#primaryimage"},"image":{"@id":"https:\/\/www.gaveanews.com\/index.php\/2024\/07\/24\/ele-esta-de-saida-do-ceara-para-jogar-na-europa\/#primaryimage"},"thumbnailUrl":"https:\/\/www.gaveanews.com\/wp-content\/uploads\/Cesar-Augusto-durante-treino-do-Ceara.webp","datePublished":"2024-07-24T21:54:07+00:00","dateModified":"2024-07-24T21:54:10+00:00","author":{"@id":"https:\/\/www.gaveanews.com\/#\/schema\/person\/8597dbe3f4d8513dd20048ce95a1895b"},"breadcrumb":{"@id":"https:\/\/www.gaveanews.com\/index.php\/2024\/07\/24\/ele-esta-de-saida-do-ceara-para-jogar-na-europa\/#breadcrumb"},"inLanguage":"pt-BR","potentialAction":[{"@type":"ReadAction","target":["https:\/\/www.gaveanews.com\/index.php\/2024\/07\/24\/ele-esta-de-saida-do-ceara-para-jogar-na-europa\/"]}]},{"@type":"ImageObject","inLanguage":"pt-BR","@id":"https:\/\/www.gaveanews.com\/index.php\/2024\/07\/24\/ele-esta-de-saida-do-ceara-para-jogar-na-europa\/#primaryimage","url":"https:\/\/www.gaveanews.com\/wp-content\/uploads\/Cesar-Augusto-durante-treino-do-Ceara.webp","contentUrl":"https:\/\/www.gaveanews.com\/wp-content\/uploads\/Cesar-Augusto-durante-treino-do-Ceara.webp","width":1244,"height":698,"caption":"C\u00e9sar Augusto durante treino do Cear\u00e1 (Foto: Gabriel Silva\/Cear\u00e1)"},{"@type":"BreadcrumbList","@id":"https:\/\/www.gaveanews.com\/index.php\/2024\/07\/24\/ele-esta-de-saida-do-ceara-para-jogar-na-europa\/#breadcrumb","itemListElement":[{"@type":"ListItem","position":1,"name":"Home","item":"https:\/\/www.gaveanews.com\/"},{"@type":"ListItem","position":2,"name":"Ele est\u00e1 de sa\u00edda do Cear\u00e1 para jogar na Europa"}]},{"@type":"WebSite","@id":"https:\/\/www.gaveanews.com\/#website","url":"https:\/\/www.gaveanews.com\/","name":"G\u00e1vea News","description":"Veja todas as not\u00edcias sobre o Flamengo: Contrata\u00e7\u00f5es, categorias de base, resultados das partidas, tabela de classifica\u00e7\u00e3o, pr\u00f3ximos jogos!","potentialAction":[{"@type":"SearchAction","target":{"@type":"EntryPoint","urlTemplate":"https:\/\/www.gaveanews.com\/?s={search_term_string}"},"query-input":{"@type":"PropertyValueSpecification","valueRequired":true,"valueName":"search_term_string"}}],"inLanguage":"pt-BR"},{"@type":"Person","@id":"https:\/\/www.gaveanews.com\/#\/schema\/person\/8597dbe3f4d8513dd20048ce95a1895b","name":"Emilly Lima","image":{"@type":"ImageObject","inLanguage":"pt-BR","@id":"https:\/\/www.gaveanews.com\/#\/schema\/person\/image\/","url":"https:\/\/secure.gravatar.com\/avatar\/ddb4d0548bae01de3cb52e0fe30386754e9c41797565aa0a5bf4440ab4f7c0be?s=96&d=mm&r=g","contentUrl":"https:\/\/secure.gravatar.com\/avatar\/ddb4d0548bae01de3cb52e0fe30386754e9c41797565aa0a5bf4440ab4f7c0be?s=96&d=mm&r=g","caption":"Emilly Lima"}}]}},"_links":{"self":[{"href":"https:\/\/www.gaveanews.com\/index.php\/wp-json\/wp\/v2\/posts\/154196","targetHints":{"allow":["GET"]}}],"collection":[{"href":"https:\/\/www.gaveanews.com\/index.php\/wp-json\/wp\/v2\/posts"}],"about":[{"href":"https:\/\/www.gaveanews.com\/index.php\/wp-json\/wp\/v2\/types\/post"}],"author":[{"embeddable":true,"href":"https:\/\/www.gaveanews.com\/index.php\/wp-json\/wp\/v2\/users\/22"}],"replies":[{"embeddable":true,"href":"https:\/\/www.gaveanews.com\/index.php\/wp-json\/wp\/v2\/comments?post=154196"}],"version-history":[{"count":1,"href":"https:\/\/www.gaveanews.com\/index.php\/wp-json\/wp\/v2\/posts\/154196\/revisions"}],"predecessor-version":[{"id":154257,"href":"https:\/\/www.gaveanews.com\/index.php\/wp-json\/wp\/v2\/posts\/154196\/revisions\/154257"}],"wp:featuredmedia":[{"embeddable":true,"href":"https:\/\/www.gaveanews.com\/index.php\/wp-json\/wp\/v2\/media\/154254"}],"wp:attachment":[{"href":"https:\/\/www.gaveanews.com\/index.php\/wp-json\/wp\/v2\/media?parent=154196"}],"wp:term":[{"taxonomy":"category","embeddable":true,"href":"https:\/\/www.gaveanews.com\/index.php\/wp-json\/wp\/v2\/categories?post=154196"},{"taxonomy":"post_tag","embeddable":true,"href":"https:\/\/www.gaveanews.com\/index.php\/wp-json\/wp\/v2\/tags?post=154196"}],"curies":[{"name":"wp","href":"https:\/\/api.w.org\/{rel}","templated":true}]}}