{"id":154294,"date":"2024-07-25T12:40:00","date_gmt":"2024-07-25T15:40:00","guid":{"rendered":"https:\/\/www.gaveanews.com\/?p=154294"},"modified":"2024-07-25T12:12:42","modified_gmt":"2024-07-25T15:12:42","slug":"ct-do-sao-paulo-e-utilizado-para-atividade-pouco-comum","status":"publish","type":"post","link":"https:\/\/www.gaveanews.com\/index.php\/2024\/07\/25\/ct-do-sao-paulo-e-utilizado-para-atividade-pouco-comum\/","title":{"rendered":"CT do S\u00e3o Paulo \u00e9 utilizado para atividade pouco comum"},"content":{"rendered":"\n<h2 class=\"wp-block-heading\" id=\"h-cantor-luan-santana-gravou-seu-dvd-no-espaco-do-clube\">Cantor Luan Santana gravou seu DVD no espa\u00e7o do clube <\/h2>\n\n\n\n<p>O CT de Cotia \u00e9 conhecido mundialmente por revelar diversos craques para o mundo. Antony, David Neres, Casemiro e Ederson s\u00e3o alguns dentre tantos outros. Mas se voc\u00ea acha que l\u00e1 tem espa\u00e7o apenas para futebol, est\u00e1 muito enganado. O cantor de sertanejo Luan Santana gravou seu DVD no CT do clube na \u00faltima quarta-feira (17). Ao inv\u00e9s de jogadores, um dos campos do centro de treinamento recebeu um cantor e diversos f\u00e3s. Uma enorme estrutura foi montada no espa\u00e7o S\u00e3o Paulino. <\/p>\n\n\n\n<ul class=\"wp-block-list\">\n<li><a href=\"https:\/\/www.gaveanews.com\/index.php\/2024\/07\/24\/a-declaracao-de-lucas-moura-apos-o-empate-do-sao-paulo-2\/\">A declara\u00e7\u00e3o de Lucas Moura ap\u00f3s o empate do S\u00e3o Paulo<\/a><\/li>\n\n\n\n<li><a href=\"https:\/\/www.gaveanews.com\/index.php\/2024\/07\/24\/a-declaracao-de-marcos-antonio-sobre-o-nestor\/\">A declara\u00e7\u00e3o de Marcos Ant\u00f4nio sobre o Nestor<\/a><\/li>\n<\/ul>\n\n\n\n<p>A grava\u00e7\u00e3o do novo DVD do cantor foi usada como um teste do S\u00e3o Paulo para saber se daria certo. O evento foi considerado um sucesso, e com isso o clube estuda oferecer o CT como mais um local para shows e eventos pequenos e m\u00e9dios, afim de conseguir uma fonte de renda a mais. <\/p>\n\n\n\n<p>No total, o CT de Cotia recebeu cerca de 600 pessoas na grava\u00e7\u00e3o. O clube se planejou e ajustou todos os detalhes para nada atrapalhar os treinamentos de sua categoria de base. Como apenas um campo foi utilizado em toda estrutura, os treinos aconteceram normalmente. <\/p>\n\n\n\n<figure class=\"wp-block-embed is-type-photo is-provider-flickr wp-block-embed-flickr\"><div class=\"wp-block-embed__wrapper\">\n<a href=\"https:\/\/flic.kr\/p\/2q6ge5q\"><img loading=\"lazy\" decoding=\"async\" src=\"https:\/\/live.staticflickr.com\/65535\/53880808124_c032ce1e10_z.webp\" alt=\"imagem_2024-07-25_121145469\" width=\"640\" height=\"359\" \/><\/a>\n<\/div><\/figure>\n\n\n\n<p>Como era um evento-teste, o Tricolor n\u00e3o chegou a cobrar o aluguel do espa\u00e7o a produtora de Luan Santana. Com o sucesso do evento, a tend\u00eancia \u00e9 de que mais pra frente pode haver outros eventos no CT Laudo Natel. <\/p>\n\n\n\n<p>Hoje em dia, o S\u00e3o Paulo desembolsa cerca de R$ 40 milh\u00f5es para o bom desenvolvimento do CT. Esse valor todos os investimentos no local e os sal\u00e1rios dos funcion\u00e1rios. Tornar o espa\u00e7o como uma nova fonte de renda, \u00e9 visto como algo muito bem pensado e \u00f3timo para o clube. <\/p>\n\n\n\n<p><em>\u2013 Entregamos um projeto onde implantamos de forma pioneira no pa\u00eds v\u00e1rias t\u00e9cnicas de cen\u00e1rio, ilumina\u00e7\u00e3o e proje\u00e7\u00f5es em um domo de 25 metros de di\u00e2metro e um show de forma simult\u00e2nea e ao vivo. Toda essa desafiadora opera\u00e7\u00e3o envolveu mais de 300 profissionais em eventos, produtores e t\u00e9cnicos extremamente experientes, motivados e empenhados em uma entrega grandiosa \u2013<\/em> contou o produtor executivo Thiago Gomes, respons\u00e1vel pelo DVD.<\/p>\n","protected":false},"excerpt":{"rendered":"<p>Cantor Luan Santana gravou seu DVD no espa\u00e7o do clube O CT de Cotia \u00e9 conhecido mundialmente por revelar diversos craques para o mundo. Antony, David Neres, Casemiro e Ederson s\u00e3o alguns dentre tantos outros. Mas se voc\u00ea acha que l\u00e1 tem espa\u00e7o apenas para futebol, est\u00e1 muito enganado. O cantor de sertanejo Luan Santana [&hellip;]<\/p>\n","protected":false},"author":21,"featured_media":154451,"comment_status":"open","ping_status":"closed","sticky":false,"template":"","format":"standard","meta":{"footnotes":""},"categories":[151],"tags":[],"class_list":["post-154294","post","type-post","status-publish","format-standard","has-post-thumbnail","hentry","category-sao-paulo"],"yoast_head":"<!-- This site is optimized with the Yoast SEO Premium plugin v24.2 (Yoast SEO v26.9) - https:\/\/yoast.com\/product\/yoast-seo-premium-wordpress\/ -->\n<title>CT do S\u00e3o Paulo \u00e9 utilizado para atividade pouco comum<\/title>\n<meta name=\"robots\" content=\"index, follow, max-snippet:-1, max-image-preview:large, max-video-preview:-1\" \/>\n<link rel=\"canonical\" href=\"https:\/\/www.gaveanews.com\/index.php\/2024\/07\/25\/ct-do-sao-paulo-e-utilizado-para-atividade-pouco-comum\/\" \/>\n<meta property=\"og:locale\" content=\"pt_BR\" \/>\n<meta property=\"og:type\" content=\"article\" \/>\n<meta property=\"og:title\" content=\"CT do S\u00e3o Paulo \u00e9 utilizado para atividade pouco comum\" \/>\n<meta property=\"og:description\" content=\"Cantor Luan Santana gravou seu DVD no espa\u00e7o do clube O CT de Cotia \u00e9 conhecido mundialmente por revelar diversos craques para o mundo. Antony, David Neres, Casemiro e Ederson s\u00e3o alguns dentre tantos outros. Mas se voc\u00ea acha que l\u00e1 tem espa\u00e7o apenas para futebol, est\u00e1 muito enganado. O cantor de sertanejo Luan Santana [&hellip;]\" \/>\n<meta property=\"og:url\" content=\"https:\/\/www.gaveanews.com\/index.php\/2024\/07\/25\/ct-do-sao-paulo-e-utilizado-para-atividade-pouco-comum\/\" \/>\n<meta property=\"og:site_name\" content=\"G\u00e1vea News\" \/>\n<meta property=\"article:publisher\" content=\"https:\/\/facebook.com\/gaveaNews\/\" \/>\n<meta property=\"article:published_time\" content=\"2024-07-25T15:40:00+00:00\" \/>\n<meta property=\"og:image\" content=\"https:\/\/www.gaveanews.com\/wp-content\/uploads\/Escudo-do-Sao-Paulo.webp\" \/>\n\t<meta property=\"og:image:width\" content=\"977\" \/>\n\t<meta property=\"og:image:height\" content=\"651\" \/>\n\t<meta property=\"og:image:type\" content=\"image\/webp\" \/>\n<meta name=\"author\" content=\"Andr\u00e9 Serra\" \/>\n<meta name=\"twitter:card\" content=\"summary_large_image\" \/>\n<meta name=\"twitter:label1\" content=\"Escrito por\" \/>\n\t<meta name=\"twitter:data1\" content=\"Andr\u00e9 Serra\" \/>\n\t<meta name=\"twitter:label2\" content=\"Est. tempo de leitura\" \/>\n\t<meta name=\"twitter:data2\" content=\"3 minutos\" \/>\n<script type=\"application\/ld+json\" class=\"yoast-schema-graph\">{\"@context\":\"https:\/\/schema.org\",\"@graph\":[{\"@type\":\"NewsArticle\",\"@id\":\"https:\/\/www.gaveanews.com\/index.php\/2024\/07\/25\/ct-do-sao-paulo-e-utilizado-para-atividade-pouco-comum\/#article\",\"isPartOf\":{\"@id\":\"https:\/\/www.gaveanews.com\/index.php\/2024\/07\/25\/ct-do-sao-paulo-e-utilizado-para-atividade-pouco-comum\/\"},\"author\":{\"name\":\"Andr\u00e9 Serra\",\"@id\":\"https:\/\/www.gaveanews.com\/#\/schema\/person\/0277a79a1289c451c281ec0411d84f0c\"},\"headline\":\"CT do S\u00e3o Paulo \u00e9 utilizado para atividade pouco comum\",\"datePublished\":\"2024-07-25T15:40:00+00:00\",\"mainEntityOfPage\":{\"@id\":\"https:\/\/www.gaveanews.com\/index.php\/2024\/07\/25\/ct-do-sao-paulo-e-utilizado-para-atividade-pouco-comum\/\"},\"wordCount\":412,\"commentCount\":0,\"image\":{\"@id\":\"https:\/\/www.gaveanews.com\/index.php\/2024\/07\/25\/ct-do-sao-paulo-e-utilizado-para-atividade-pouco-comum\/#primaryimage\"},\"thumbnailUrl\":\"https:\/\/www.gaveanews.com\/wp-content\/uploads\/Escudo-do-Sao-Paulo.webp\",\"articleSection\":[\"S\u00e3o Paulo\"],\"inLanguage\":\"pt-BR\",\"potentialAction\":[{\"@type\":\"CommentAction\",\"name\":\"Comment\",\"target\":[\"https:\/\/www.gaveanews.com\/index.php\/2024\/07\/25\/ct-do-sao-paulo-e-utilizado-para-atividade-pouco-comum\/#respond\"]}],\"copyrightYear\":\"2024\",\"copyrightHolder\":{\"@id\":\"https:\/\/www.gaveanews.com\/#organization\"}},{\"@type\":\"WebPage\",\"@id\":\"https:\/\/www.gaveanews.com\/index.php\/2024\/07\/25\/ct-do-sao-paulo-e-utilizado-para-atividade-pouco-comum\/\",\"url\":\"https:\/\/www.gaveanews.com\/index.php\/2024\/07\/25\/ct-do-sao-paulo-e-utilizado-para-atividade-pouco-comum\/\",\"name\":\"CT do S\u00e3o Paulo \u00e9 utilizado para atividade pouco comum\",\"isPartOf\":{\"@id\":\"https:\/\/www.gaveanews.com\/#website\"},\"primaryImageOfPage\":{\"@id\":\"https:\/\/www.gaveanews.com\/index.php\/2024\/07\/25\/ct-do-sao-paulo-e-utilizado-para-atividade-pouco-comum\/#primaryimage\"},\"image\":{\"@id\":\"https:\/\/www.gaveanews.com\/index.php\/2024\/07\/25\/ct-do-sao-paulo-e-utilizado-para-atividade-pouco-comum\/#primaryimage\"},\"thumbnailUrl\":\"https:\/\/www.gaveanews.com\/wp-content\/uploads\/Escudo-do-Sao-Paulo.webp\",\"datePublished\":\"2024-07-25T15:40:00+00:00\",\"author\":{\"@id\":\"https:\/\/www.gaveanews.com\/#\/schema\/person\/0277a79a1289c451c281ec0411d84f0c\"},\"breadcrumb\":{\"@id\":\"https:\/\/www.gaveanews.com\/index.php\/2024\/07\/25\/ct-do-sao-paulo-e-utilizado-para-atividade-pouco-comum\/#breadcrumb\"},\"inLanguage\":\"pt-BR\",\"potentialAction\":[{\"@type\":\"ReadAction\",\"target\":[\"https:\/\/www.gaveanews.com\/index.php\/2024\/07\/25\/ct-do-sao-paulo-e-utilizado-para-atividade-pouco-comum\/\"]}]},{\"@type\":\"ImageObject\",\"inLanguage\":\"pt-BR\",\"@id\":\"https:\/\/www.gaveanews.com\/index.php\/2024\/07\/25\/ct-do-sao-paulo-e-utilizado-para-atividade-pouco-comum\/#primaryimage\",\"url\":\"https:\/\/www.gaveanews.com\/wp-content\/uploads\/Escudo-do-Sao-Paulo.webp\",\"contentUrl\":\"https:\/\/www.gaveanews.com\/wp-content\/uploads\/Escudo-do-Sao-Paulo.webp\",\"width\":977,\"height\":651,\"caption\":\"Escudo do S\u00e3o Paulo (Foto: Reprodu\u00e7\u00e3o\/S\u00e3o Paulo)\"},{\"@type\":\"BreadcrumbList\",\"@id\":\"https:\/\/www.gaveanews.com\/index.php\/2024\/07\/25\/ct-do-sao-paulo-e-utilizado-para-atividade-pouco-comum\/#breadcrumb\",\"itemListElement\":[{\"@type\":\"ListItem\",\"position\":1,\"name\":\"Home\",\"item\":\"https:\/\/www.gaveanews.com\/\"},{\"@type\":\"ListItem\",\"position\":2,\"name\":\"CT do S\u00e3o Paulo \u00e9 utilizado para atividade pouco comum\"}]},{\"@type\":\"WebSite\",\"@id\":\"https:\/\/www.gaveanews.com\/#website\",\"url\":\"https:\/\/www.gaveanews.com\/\",\"name\":\"G\u00e1vea News\",\"description\":\"Veja todas as not\u00edcias sobre o Flamengo: Contrata\u00e7\u00f5es, categorias de base, resultados das partidas, tabela de classifica\u00e7\u00e3o, pr\u00f3ximos jogos!\",\"potentialAction\":[{\"@type\":\"SearchAction\",\"target\":{\"@type\":\"EntryPoint\",\"urlTemplate\":\"https:\/\/www.gaveanews.com\/?s={search_term_string}\"},\"query-input\":{\"@type\":\"PropertyValueSpecification\",\"valueRequired\":true,\"valueName\":\"search_term_string\"}}],\"inLanguage\":\"pt-BR\"},{\"@type\":\"Person\",\"@id\":\"https:\/\/www.gaveanews.com\/#\/schema\/person\/0277a79a1289c451c281ec0411d84f0c\",\"name\":\"Andr\u00e9 Serra\",\"image\":{\"@type\":\"ImageObject\",\"inLanguage\":\"pt-BR\",\"@id\":\"https:\/\/www.gaveanews.com\/#\/schema\/person\/image\/\",\"url\":\"https:\/\/secure.gravatar.com\/avatar\/d7231369fe48db93292b3e88eb2162dbd9a34a47a8437d9ef3bcaca2a86a83d7?s=96&d=mm&r=g\",\"contentUrl\":\"https:\/\/secure.gravatar.com\/avatar\/d7231369fe48db93292b3e88eb2162dbd9a34a47a8437d9ef3bcaca2a86a83d7?s=96&d=mm&r=g\",\"caption\":\"Andr\u00e9 Serra\"}}]}<\/script>\n<!-- \/ Yoast SEO Premium plugin. -->","yoast_head_json":{"title":"CT do S\u00e3o Paulo \u00e9 utilizado para atividade pouco comum","robots":{"index":"index","follow":"follow","max-snippet":"max-snippet:-1","max-image-preview":"max-image-preview:large","max-video-preview":"max-video-preview:-1"},"canonical":"https:\/\/www.gaveanews.com\/index.php\/2024\/07\/25\/ct-do-sao-paulo-e-utilizado-para-atividade-pouco-comum\/","og_locale":"pt_BR","og_type":"article","og_title":"CT do S\u00e3o Paulo \u00e9 utilizado para atividade pouco comum","og_description":"Cantor Luan Santana gravou seu DVD no espa\u00e7o do clube O CT de Cotia \u00e9 conhecido mundialmente por revelar diversos craques para o mundo. Antony, David Neres, Casemiro e Ederson s\u00e3o alguns dentre tantos outros. Mas se voc\u00ea acha que l\u00e1 tem espa\u00e7o apenas para futebol, est\u00e1 muito enganado. O cantor de sertanejo Luan Santana [&hellip;]","og_url":"https:\/\/www.gaveanews.com\/index.php\/2024\/07\/25\/ct-do-sao-paulo-e-utilizado-para-atividade-pouco-comum\/","og_site_name":"G\u00e1vea News","article_publisher":"https:\/\/facebook.com\/gaveaNews\/","article_published_time":"2024-07-25T15:40:00+00:00","og_image":[{"width":977,"height":651,"url":"https:\/\/www.gaveanews.com\/wp-content\/uploads\/Escudo-do-Sao-Paulo.webp","type":"image\/webp"}],"author":"Andr\u00e9 Serra","twitter_card":"summary_large_image","twitter_misc":{"Escrito por":"Andr\u00e9 Serra","Est. tempo de leitura":"3 minutos"},"schema":{"@context":"https:\/\/schema.org","@graph":[{"@type":"NewsArticle","@id":"https:\/\/www.gaveanews.com\/index.php\/2024\/07\/25\/ct-do-sao-paulo-e-utilizado-para-atividade-pouco-comum\/#article","isPartOf":{"@id":"https:\/\/www.gaveanews.com\/index.php\/2024\/07\/25\/ct-do-sao-paulo-e-utilizado-para-atividade-pouco-comum\/"},"author":{"name":"Andr\u00e9 Serra","@id":"https:\/\/www.gaveanews.com\/#\/schema\/person\/0277a79a1289c451c281ec0411d84f0c"},"headline":"CT do S\u00e3o Paulo \u00e9 utilizado para atividade pouco comum","datePublished":"2024-07-25T15:40:00+00:00","mainEntityOfPage":{"@id":"https:\/\/www.gaveanews.com\/index.php\/2024\/07\/25\/ct-do-sao-paulo-e-utilizado-para-atividade-pouco-comum\/"},"wordCount":412,"commentCount":0,"image":{"@id":"https:\/\/www.gaveanews.com\/index.php\/2024\/07\/25\/ct-do-sao-paulo-e-utilizado-para-atividade-pouco-comum\/#primaryimage"},"thumbnailUrl":"https:\/\/www.gaveanews.com\/wp-content\/uploads\/Escudo-do-Sao-Paulo.webp","articleSection":["S\u00e3o Paulo"],"inLanguage":"pt-BR","potentialAction":[{"@type":"CommentAction","name":"Comment","target":["https:\/\/www.gaveanews.com\/index.php\/2024\/07\/25\/ct-do-sao-paulo-e-utilizado-para-atividade-pouco-comum\/#respond"]}],"copyrightYear":"2024","copyrightHolder":{"@id":"https:\/\/www.gaveanews.com\/#organization"}},{"@type":"WebPage","@id":"https:\/\/www.gaveanews.com\/index.php\/2024\/07\/25\/ct-do-sao-paulo-e-utilizado-para-atividade-pouco-comum\/","url":"https:\/\/www.gaveanews.com\/index.php\/2024\/07\/25\/ct-do-sao-paulo-e-utilizado-para-atividade-pouco-comum\/","name":"CT do S\u00e3o Paulo \u00e9 utilizado para atividade pouco comum","isPartOf":{"@id":"https:\/\/www.gaveanews.com\/#website"},"primaryImageOfPage":{"@id":"https:\/\/www.gaveanews.com\/index.php\/2024\/07\/25\/ct-do-sao-paulo-e-utilizado-para-atividade-pouco-comum\/#primaryimage"},"image":{"@id":"https:\/\/www.gaveanews.com\/index.php\/2024\/07\/25\/ct-do-sao-paulo-e-utilizado-para-atividade-pouco-comum\/#primaryimage"},"thumbnailUrl":"https:\/\/www.gaveanews.com\/wp-content\/uploads\/Escudo-do-Sao-Paulo.webp","datePublished":"2024-07-25T15:40:00+00:00","author":{"@id":"https:\/\/www.gaveanews.com\/#\/schema\/person\/0277a79a1289c451c281ec0411d84f0c"},"breadcrumb":{"@id":"https:\/\/www.gaveanews.com\/index.php\/2024\/07\/25\/ct-do-sao-paulo-e-utilizado-para-atividade-pouco-comum\/#breadcrumb"},"inLanguage":"pt-BR","potentialAction":[{"@type":"ReadAction","target":["https:\/\/www.gaveanews.com\/index.php\/2024\/07\/25\/ct-do-sao-paulo-e-utilizado-para-atividade-pouco-comum\/"]}]},{"@type":"ImageObject","inLanguage":"pt-BR","@id":"https:\/\/www.gaveanews.com\/index.php\/2024\/07\/25\/ct-do-sao-paulo-e-utilizado-para-atividade-pouco-comum\/#primaryimage","url":"https:\/\/www.gaveanews.com\/wp-content\/uploads\/Escudo-do-Sao-Paulo.webp","contentUrl":"https:\/\/www.gaveanews.com\/wp-content\/uploads\/Escudo-do-Sao-Paulo.webp","width":977,"height":651,"caption":"Escudo do S\u00e3o Paulo (Foto: Reprodu\u00e7\u00e3o\/S\u00e3o Paulo)"},{"@type":"BreadcrumbList","@id":"https:\/\/www.gaveanews.com\/index.php\/2024\/07\/25\/ct-do-sao-paulo-e-utilizado-para-atividade-pouco-comum\/#breadcrumb","itemListElement":[{"@type":"ListItem","position":1,"name":"Home","item":"https:\/\/www.gaveanews.com\/"},{"@type":"ListItem","position":2,"name":"CT do S\u00e3o Paulo \u00e9 utilizado para atividade pouco comum"}]},{"@type":"WebSite","@id":"https:\/\/www.gaveanews.com\/#website","url":"https:\/\/www.gaveanews.com\/","name":"G\u00e1vea News","description":"Veja todas as not\u00edcias sobre o Flamengo: Contrata\u00e7\u00f5es, categorias de base, resultados das partidas, tabela de classifica\u00e7\u00e3o, pr\u00f3ximos jogos!","potentialAction":[{"@type":"SearchAction","target":{"@type":"EntryPoint","urlTemplate":"https:\/\/www.gaveanews.com\/?s={search_term_string}"},"query-input":{"@type":"PropertyValueSpecification","valueRequired":true,"valueName":"search_term_string"}}],"inLanguage":"pt-BR"},{"@type":"Person","@id":"https:\/\/www.gaveanews.com\/#\/schema\/person\/0277a79a1289c451c281ec0411d84f0c","name":"Andr\u00e9 Serra","image":{"@type":"ImageObject","inLanguage":"pt-BR","@id":"https:\/\/www.gaveanews.com\/#\/schema\/person\/image\/","url":"https:\/\/secure.gravatar.com\/avatar\/d7231369fe48db93292b3e88eb2162dbd9a34a47a8437d9ef3bcaca2a86a83d7?s=96&d=mm&r=g","contentUrl":"https:\/\/secure.gravatar.com\/avatar\/d7231369fe48db93292b3e88eb2162dbd9a34a47a8437d9ef3bcaca2a86a83d7?s=96&d=mm&r=g","caption":"Andr\u00e9 Serra"}}]}},"_links":{"self":[{"href":"https:\/\/www.gaveanews.com\/index.php\/wp-json\/wp\/v2\/posts\/154294","targetHints":{"allow":["GET"]}}],"collection":[{"href":"https:\/\/www.gaveanews.com\/index.php\/wp-json\/wp\/v2\/posts"}],"about":[{"href":"https:\/\/www.gaveanews.com\/index.php\/wp-json\/wp\/v2\/types\/post"}],"author":[{"embeddable":true,"href":"https:\/\/www.gaveanews.com\/index.php\/wp-json\/wp\/v2\/users\/21"}],"replies":[{"embeddable":true,"href":"https:\/\/www.gaveanews.com\/index.php\/wp-json\/wp\/v2\/comments?post=154294"}],"version-history":[{"count":3,"href":"https:\/\/www.gaveanews.com\/index.php\/wp-json\/wp\/v2\/posts\/154294\/revisions"}],"predecessor-version":[{"id":154453,"href":"https:\/\/www.gaveanews.com\/index.php\/wp-json\/wp\/v2\/posts\/154294\/revisions\/154453"}],"wp:featuredmedia":[{"embeddable":true,"href":"https:\/\/www.gaveanews.com\/index.php\/wp-json\/wp\/v2\/media\/154451"}],"wp:attachment":[{"href":"https:\/\/www.gaveanews.com\/index.php\/wp-json\/wp\/v2\/media?parent=154294"}],"wp:term":[{"taxonomy":"category","embeddable":true,"href":"https:\/\/www.gaveanews.com\/index.php\/wp-json\/wp\/v2\/categories?post=154294"},{"taxonomy":"post_tag","embeddable":true,"href":"https:\/\/www.gaveanews.com\/index.php\/wp-json\/wp\/v2\/tags?post=154294"}],"curies":[{"name":"wp","href":"https:\/\/api.w.org\/{rel}","templated":true}]}}