{"id":154307,"date":"2024-07-25T05:45:00","date_gmt":"2024-07-25T08:45:00","guid":{"rendered":"https:\/\/www.gaveanews.com\/?p=154307"},"modified":"2024-07-24T19:52:17","modified_gmt":"2024-07-24T22:52:17","slug":"idolo-do-flamengo-critica-landim-pedro-em-contagem-regressiva-e-treino-do-fla-viraliza-veja-as-ultimas-noticias-do-flamengo","status":"publish","type":"post","link":"https:\/\/www.gaveanews.com\/index.php\/2024\/07\/25\/idolo-do-flamengo-critica-landim-pedro-em-contagem-regressiva-e-treino-do-fla-viraliza-veja-as-ultimas-noticias-do-flamengo\/","title":{"rendered":"\u00cddolo do Flamengo critica Landim, Pedro em contagem regressiva e treino do Fla viraliza: veja as \u00faltimas not\u00edcias do Flamengo"},"content":{"rendered":"\n<p>Nas \u00faltimas horas, o foco das not\u00edcias sobre o Flamengo se concentra nos bastidores do clube, com destaques como o \u00eddolo do Flamengo criticando Landim e o treino do Flamengo viralizando.<\/p>\n\n\n\n<p>Por conta deste contexto, leia abaixo um resumo preparado pela equipe do portal G\u00e1vea News para lhe manter muito bem informado!<\/p>\n\n\n\n<h2 class=\"wp-block-heading\" id=\"h-pedro-em-contagem-regressiva\">Pedro em contagem regressiva<\/h2>\n\n\n\n<figure class=\"wp-block-image size-full\"><img loading=\"lazy\" decoding=\"async\" width=\"900\" height=\"599\" src=\"https:\/\/www.gaveanews.com\/wp-content\/uploads\/Pedro-vibra-apos-marcar-um-gol-diante-do-Cuiaba-no-Maracana.webp\" alt=\"\" class=\"wp-image-151174\" srcset=\"https:\/\/www.gaveanews.com\/wp-content\/uploads\/Pedro-vibra-apos-marcar-um-gol-diante-do-Cuiaba-no-Maracana.webp 900w, https:\/\/www.gaveanews.com\/wp-content\/uploads\/Pedro-vibra-apos-marcar-um-gol-diante-do-Cuiaba-no-Maracana-300x200.webp 300w, https:\/\/www.gaveanews.com\/wp-content\/uploads\/Pedro-vibra-apos-marcar-um-gol-diante-do-Cuiaba-no-Maracana-768x511.webp 768w, https:\/\/www.gaveanews.com\/wp-content\/uploads\/Pedro-vibra-apos-marcar-um-gol-diante-do-Cuiaba-no-Maracana-631x420.webp 631w, https:\/\/www.gaveanews.com\/wp-content\/uploads\/Pedro-vibra-apos-marcar-um-gol-diante-do-Cuiaba-no-Maracana-640x426.webp 640w, https:\/\/www.gaveanews.com\/wp-content\/uploads\/Pedro-vibra-apos-marcar-um-gol-diante-do-Cuiaba-no-Maracana-681x453.webp 681w, https:\/\/www.gaveanews.com\/wp-content\/uploads\/Pedro-vibra-apos-marcar-um-gol-diante-do-Cuiaba-no-Maracana-100x67.webp 100w\" sizes=\"auto, (max-width: 900px) 100vw, 900px\" \/><figcaption class=\"wp-element-caption\">Pedro vibra ap\u00f3s marcar um gol diante do Cuiab\u00e1 no est\u00e1dio do Maracan\u00e3 (Foto: Marcelo Cortes\/Flamengo)<\/figcaption><\/figure>\n\n\n\n<p>Pedro est\u00e1 muito pr\u00f3ximo de bater mais um recorde pelo Flamengo nesta temporada, o que pode coloc\u00e1-lo entre os dez maiores artilheiros da hist\u00f3ria do clube. Recentemente, com seus gols nos \u00faltimos tr\u00eas jogos, Pedro alcan\u00e7ou 134 gols pelo Flamengo, ficando a apenas 10 gols de \u00cdndio, que ocupa a d\u00e9cima posi\u00e7\u00e3o no ranking de artilheiros do clube. Nesta temporada, Pedro j\u00e1 marcou 29 gols, sendo 9 no Brasileir\u00e3o, onde \u00e9 o artilheiro isolado, 11 no Campeonato Carioca, 5 na Libertadores, 2 na Copa do Brasil e 2 em amistosos de pr\u00e9-temporada.<\/p>\n\n\n\n<p>Atualmente, Pedro est\u00e1 empatado na 12\u00aa coloca\u00e7\u00e3o com o goleador Tita e precisa de apenas 8 gols para igualar Zizinho, que \u00e9 um dos grandes nomes da hist\u00f3ria do Flamengo. A cada jogo, Pedro se aproxima mais de atingir essa marca hist\u00f3rica, destacando-se como um dos principais jogadores do time nesta temporada. Seus feitos recentes refor\u00e7am sua import\u00e2ncia para o Flamengo e o colocam cada vez mais pr\u00f3ximo de entrar para o seleto grupo dos maiores artilheiros do clube.<\/p>\n\n\n\n<p>Em 2023, Pedro teve sua melhor temporada at\u00e9 ent\u00e3o, marcando 35 gols em 61 partidas, com uma m\u00e9dia de 0.57 gols por jogo. Este ano, ele j\u00e1 est\u00e1 superando essa marca, com uma m\u00e9dia de 0.76 gols por jogo. Se mantiver esse ritmo, Pedro n\u00e3o s\u00f3 bater\u00e1 seu recorde pessoal como tamb\u00e9m consolidar\u00e1 ainda mais sua posi\u00e7\u00e3o na hist\u00f3ria do Flamengo, tanto em termos de desempenho quanto em n\u00famero de gols.<\/p>\n\n\n\n<h2 class=\"wp-block-heading\" id=\"h-idolo-do-flamengo-critica-landim\">\u00cddolo do Flamengo critica Landim<\/h2>\n\n\n\n<figure class=\"wp-block-image size-full\"><img loading=\"lazy\" decoding=\"async\" width=\"799\" height=\"532\" src=\"https:\/\/www.gaveanews.com\/wp-content\/uploads\/Rodolfo-Landim-em-entrevista-coletiva-no-Ninho-do-Urubu.webp\" alt=\"\" class=\"wp-image-64406\" srcset=\"https:\/\/www.gaveanews.com\/wp-content\/uploads\/Rodolfo-Landim-em-entrevista-coletiva-no-Ninho-do-Urubu.webp 799w, https:\/\/www.gaveanews.com\/wp-content\/uploads\/Rodolfo-Landim-em-entrevista-coletiva-no-Ninho-do-Urubu-300x200.webp 300w, https:\/\/www.gaveanews.com\/wp-content\/uploads\/Rodolfo-Landim-em-entrevista-coletiva-no-Ninho-do-Urubu-768x511.webp 768w, https:\/\/www.gaveanews.com\/wp-content\/uploads\/Rodolfo-Landim-em-entrevista-coletiva-no-Ninho-do-Urubu-631x420.webp 631w, https:\/\/www.gaveanews.com\/wp-content\/uploads\/Rodolfo-Landim-em-entrevista-coletiva-no-Ninho-do-Urubu-640x426.webp 640w, https:\/\/www.gaveanews.com\/wp-content\/uploads\/Rodolfo-Landim-em-entrevista-coletiva-no-Ninho-do-Urubu-681x453.webp 681w, https:\/\/www.gaveanews.com\/wp-content\/uploads\/Rodolfo-Landim-em-entrevista-coletiva-no-Ninho-do-Urubu-100x67.webp 100w\" sizes=\"auto, (max-width: 799px) 100vw, 799px\" \/><figcaption class=\"wp-element-caption\">Rodolfo Landim em entrevista coletiva no Ninho do Urubu  (Foto: Alexandre Vidal\/Flamengo)<\/figcaption><\/figure>\n\n\n\n<p>Gabigol, atacante do Flamengo, enfrenta dificuldades na renova\u00e7\u00e3o de seu contrato, que termina em dezembro de 2024. Recentemente, ele recusou uma proposta do clube que oferecia um aumento salarial, mas apenas um ano adicional de contrato. A situa\u00e7\u00e3o tem gerado incertezas e rumores de interesse de outros clubes, como o Palmeiras. A falta de tempo em campo tamb\u00e9m tem sido um fator significativo de insatisfa\u00e7\u00e3o para o jogador. Rodolfo Landim, presidente do Flamengo, comentou sobre a situa\u00e7\u00e3o em entrevista, mas suas declara\u00e7\u00f5es n\u00e3o foram bem recebidas por Zinho, comentarista da ESPN, que questionou o investimento do Flamengo em Claudinho, jogador de mesma idade de Gabigol.<\/p>\n\n\n\n<p>A proposta do Flamengo foi vista pelos representantes de Gabigol como uma indica\u00e7\u00e3o de que o clube n\u00e3o tem real interesse em mant\u00ea-lo. Para Zinho, as declara\u00e7\u00f5es de Landim sugerem que a diretoria n\u00e3o valoriza adequadamente o pedido de Gabigol, criticando a pr\u00e1tica de oferecer contratos curtos. Ele apontou que apenas jogadores sem op\u00e7\u00f5es aceitariam tais termos e comparou a situa\u00e7\u00e3o de Gabigol com a contrata\u00e7\u00e3o de Claudinho, questionando a coer\u00eancia da diretoria do Flamengo.<\/p>\n\n\n\n<p>Zinho tamb\u00e9m criticou a abordagem de Landim ao discutir publicamente as negocia\u00e7\u00f5es, defendendo que essas quest\u00f5es deveriam ser resolvidas internamente junto com a comiss\u00e3o t\u00e9cnica. Ele acredita que a exposi\u00e7\u00e3o p\u00fablica do processo s\u00f3 complica ainda mais as negocia\u00e7\u00f5es e pode gerar descontentamento no jogador. Segundo Zinho, a transpar\u00eancia e sinceridade na resolu\u00e7\u00e3o interna seriam mais eficazes para evitar que o atleta fique chateado com a situa\u00e7\u00e3o.<\/p>\n\n\n\n<h2 class=\"wp-block-heading\" id=\"h-treino-do-flamengo-viraliza\">Treino do Flamengo viraliza<\/h2>\n\n\n\n<figure class=\"wp-block-image size-large\"><img loading=\"lazy\" decoding=\"async\" width=\"1024\" height=\"683\" src=\"https:\/\/www.gaveanews.com\/wp-content\/uploads\/leo-pereira-victor-hugo-varela-erick-pulgar-arrascaeta-1024x683.webp\" alt=\"\" class=\"wp-image-126509\" srcset=\"https:\/\/www.gaveanews.com\/wp-content\/uploads\/leo-pereira-victor-hugo-varela-erick-pulgar-arrascaeta-1024x683.webp 1024w, https:\/\/www.gaveanews.com\/wp-content\/uploads\/leo-pereira-victor-hugo-varela-erick-pulgar-arrascaeta-300x200.webp 300w, https:\/\/www.gaveanews.com\/wp-content\/uploads\/leo-pereira-victor-hugo-varela-erick-pulgar-arrascaeta-768x512.webp 768w, https:\/\/www.gaveanews.com\/wp-content\/uploads\/leo-pereira-victor-hugo-varela-erick-pulgar-arrascaeta-1536x1025.webp 1536w, https:\/\/www.gaveanews.com\/wp-content\/uploads\/leo-pereira-victor-hugo-varela-erick-pulgar-arrascaeta-630x420.webp 630w, https:\/\/www.gaveanews.com\/wp-content\/uploads\/leo-pereira-victor-hugo-varela-erick-pulgar-arrascaeta-1259x840.webp 1259w, https:\/\/www.gaveanews.com\/wp-content\/uploads\/leo-pereira-victor-hugo-varela-erick-pulgar-arrascaeta-640x427.webp 640w, https:\/\/www.gaveanews.com\/wp-content\/uploads\/leo-pereira-victor-hugo-varela-erick-pulgar-arrascaeta-1280x854.webp 1280w, https:\/\/www.gaveanews.com\/wp-content\/uploads\/leo-pereira-victor-hugo-varela-erick-pulgar-arrascaeta-681x454.webp 681w, https:\/\/www.gaveanews.com\/wp-content\/uploads\/leo-pereira-victor-hugo-varela-erick-pulgar-arrascaeta-1362x908.webp 1362w, https:\/\/www.gaveanews.com\/wp-content\/uploads\/leo-pereira-victor-hugo-varela-erick-pulgar-arrascaeta-100x67.webp 100w, https:\/\/www.gaveanews.com\/wp-content\/uploads\/leo-pereira-victor-hugo-varela-erick-pulgar-arrascaeta.webp 2048w\" sizes=\"auto, (max-width: 1024px) 100vw, 1024px\" \/><figcaption class=\"wp-element-caption\">Jogadores do Flamengo participam de treino no Ninho do Urubu (Foto: Gilvan de Souza\/Flamengo)<\/figcaption><\/figure>\n\n\n\n<p>Os treinos dos grandes clubes de futebol, como o Flamengo, s\u00e3o marcados por intensa prepara\u00e7\u00e3o e estrat\u00e9gias detalhadas. As sess\u00f5es de treinos s\u00e3o planejadas meticulosamente para aprimorar as habilidades t\u00e9cnicas e t\u00e1ticas dos jogadores, al\u00e9m de fortalecer o condicionamento f\u00edsico. T\u00e9cnicos, preparadores e demais membros da comiss\u00e3o t\u00e9cnica trabalham juntos para garantir que os atletas estejam sempre no melhor de sua forma.<\/p>\n\n\n\n<p>Primordialmente, o Flamengo realiza atividades que variam desde treinos t\u00e1ticos at\u00e9 exerc\u00edcios f\u00edsicos rigorosos, visando melhorar a performance individual e coletiva. Esses treinamentos s\u00e3o fundamentais para manter o alto n\u00edvel competitivo e preparar a equipe para enfrentar os desafios das competi\u00e7\u00f5es nacionais e internacionais. Cada sess\u00e3o \u00e9 projetada para abordar diferentes aspectos do jogo, desde a defesa at\u00e9 o ataque, garantindo uma prepara\u00e7\u00e3o completa.<\/p>\n\n\n\n<p>Recentemente, uma sess\u00e3o de treinos do Flamengo ganhou destaque nas redes sociais e impressionou os torcedores. Na ocasi\u00e3o, o foco foi no treinamento dos goleiros, que exibiram reflexos e habilidades extraordin\u00e1rias.<\/p>\n\n\n\n<blockquote class=\"twitter-tweet\" data-media-max-width=\"560\"><p lang=\"pt\" dir=\"ltr\">\ud83e\udde4 | E esse treino de goleiros no Flamengo? Achei bacana demais. Nunca tinha visto. <a href=\"https:\/\/twitter.com\/hashtag\/colunadofla?src=hash&amp;ref_src=twsrc%5Etfw\">#colunadofla<\/a> <a href=\"https:\/\/t.co\/lxn438KPnD\">pic.twitter.com\/lxn438KPnD<\/a><\/p>&mdash; Leo Jos\u00e9 (@LeoJoseReporter) <a href=\"https:\/\/twitter.com\/LeoJoseReporter\/status\/1816145823744368920?ref_src=twsrc%5Etfw\">July 24, 2024<\/a><\/blockquote> <script async src=\"https:\/\/platform.twitter.com\/widgets.js\" charset=\"utf-8\"><\/script>\n","protected":false},"excerpt":{"rendered":"<p>Nas \u00faltimas horas, o foco das not\u00edcias sobre o Flamengo se concentra nos bastidores do clube, com destaques como o \u00eddolo do Flamengo criticando Landim e o treino do Flamengo viralizando. Por conta deste contexto, leia abaixo um resumo preparado pela equipe do portal G\u00e1vea News para lhe manter muito bem informado! Pedro em contagem [&hellip;]<\/p>\n","protected":false},"author":15,"featured_media":62889,"comment_status":"open","ping_status":"closed","sticky":false,"template":"","format":"standard","meta":{"footnotes":""},"categories":[1],"tags":[],"class_list":["post-154307","post","type-post","status-publish","format-standard","has-post-thumbnail","hentry","category-flamengo"],"yoast_head":"<!-- This site is optimized with the Yoast SEO Premium plugin v24.2 (Yoast SEO v26.9) - https:\/\/yoast.com\/product\/yoast-seo-premium-wordpress\/ -->\n<title>\u00cddolo do Flamengo critica Landim, Pedro em contagem regressiva e treino do Fla viraliza: veja as \u00faltimas not\u00edcias do Flamengo<\/title>\n<meta name=\"robots\" content=\"index, follow, max-snippet:-1, max-image-preview:large, max-video-preview:-1\" \/>\n<link rel=\"canonical\" href=\"https:\/\/www.gaveanews.com\/index.php\/2024\/07\/25\/idolo-do-flamengo-critica-landim-pedro-em-contagem-regressiva-e-treino-do-fla-viraliza-veja-as-ultimas-noticias-do-flamengo\/\" \/>\n<meta property=\"og:locale\" content=\"pt_BR\" \/>\n<meta property=\"og:type\" content=\"article\" \/>\n<meta property=\"og:title\" content=\"\u00cddolo do Flamengo critica Landim, Pedro em contagem regressiva e treino do Fla viraliza: veja as \u00faltimas not\u00edcias do Flamengo\" \/>\n<meta property=\"og:description\" content=\"Nas \u00faltimas horas, o foco das not\u00edcias sobre o Flamengo se concentra nos bastidores do clube, com destaques como o \u00eddolo do Flamengo criticando Landim e o treino do Flamengo viralizando. Por conta deste contexto, leia abaixo um resumo preparado pela equipe do portal G\u00e1vea News para lhe manter muito bem informado! Pedro em contagem [&hellip;]\" \/>\n<meta property=\"og:url\" content=\"https:\/\/www.gaveanews.com\/index.php\/2024\/07\/25\/idolo-do-flamengo-critica-landim-pedro-em-contagem-regressiva-e-treino-do-fla-viraliza-veja-as-ultimas-noticias-do-flamengo\/\" \/>\n<meta property=\"og:site_name\" content=\"G\u00e1vea News\" \/>\n<meta property=\"article:publisher\" content=\"https:\/\/facebook.com\/gaveaNews\/\" \/>\n<meta property=\"article:published_time\" content=\"2024-07-25T08:45:00+00:00\" \/>\n<meta property=\"og:image\" content=\"https:\/\/www.gaveanews.com\/wp-content\/uploads\/Rodolfo-Landim-presidente-do-Flamengo-durante-a-premiacao-do-Campeonato-Carioca.webp\" \/>\n\t<meta property=\"og:image:width\" content=\"902\" \/>\n\t<meta property=\"og:image:height\" content=\"600\" \/>\n\t<meta property=\"og:image:type\" content=\"image\/jpeg\" \/>\n<meta name=\"author\" content=\"Henrique Machado\" \/>\n<meta name=\"twitter:card\" content=\"summary_large_image\" \/>\n<meta name=\"twitter:label1\" content=\"Escrito por\" \/>\n\t<meta name=\"twitter:data1\" content=\"Henrique Machado\" \/>\n\t<meta name=\"twitter:label2\" content=\"Est. tempo de leitura\" \/>\n\t<meta name=\"twitter:data2\" content=\"5 minutos\" \/>\n<script type=\"application\/ld+json\" class=\"yoast-schema-graph\">{\"@context\":\"https:\/\/schema.org\",\"@graph\":[{\"@type\":\"NewsArticle\",\"@id\":\"https:\/\/www.gaveanews.com\/index.php\/2024\/07\/25\/idolo-do-flamengo-critica-landim-pedro-em-contagem-regressiva-e-treino-do-fla-viraliza-veja-as-ultimas-noticias-do-flamengo\/#article\",\"isPartOf\":{\"@id\":\"https:\/\/www.gaveanews.com\/index.php\/2024\/07\/25\/idolo-do-flamengo-critica-landim-pedro-em-contagem-regressiva-e-treino-do-fla-viraliza-veja-as-ultimas-noticias-do-flamengo\/\"},\"author\":{\"name\":\"Henrique Machado\",\"@id\":\"https:\/\/www.gaveanews.com\/#\/schema\/person\/fd07635ec039ec3ba74ad18ec8a6dbd6\"},\"headline\":\"\u00cddolo do Flamengo critica Landim, Pedro em contagem regressiva e treino do Fla viraliza: veja as \u00faltimas not\u00edcias do Flamengo\",\"datePublished\":\"2024-07-25T08:45:00+00:00\",\"mainEntityOfPage\":{\"@id\":\"https:\/\/www.gaveanews.com\/index.php\/2024\/07\/25\/idolo-do-flamengo-critica-landim-pedro-em-contagem-regressiva-e-treino-do-fla-viraliza-veja-as-ultimas-noticias-do-flamengo\/\"},\"wordCount\":860,\"commentCount\":0,\"image\":{\"@id\":\"https:\/\/www.gaveanews.com\/index.php\/2024\/07\/25\/idolo-do-flamengo-critica-landim-pedro-em-contagem-regressiva-e-treino-do-fla-viraliza-veja-as-ultimas-noticias-do-flamengo\/#primaryimage\"},\"thumbnailUrl\":\"https:\/\/www.gaveanews.com\/wp-content\/uploads\/Rodolfo-Landim-presidente-do-Flamengo-durante-a-premiacao-do-Campeonato-Carioca.webp\",\"articleSection\":[\"Flamengo\"],\"inLanguage\":\"pt-BR\",\"potentialAction\":[{\"@type\":\"CommentAction\",\"name\":\"Comment\",\"target\":[\"https:\/\/www.gaveanews.com\/index.php\/2024\/07\/25\/idolo-do-flamengo-critica-landim-pedro-em-contagem-regressiva-e-treino-do-fla-viraliza-veja-as-ultimas-noticias-do-flamengo\/#respond\"]}],\"copyrightYear\":\"2024\",\"copyrightHolder\":{\"@id\":\"https:\/\/www.gaveanews.com\/#organization\"}},{\"@type\":\"WebPage\",\"@id\":\"https:\/\/www.gaveanews.com\/index.php\/2024\/07\/25\/idolo-do-flamengo-critica-landim-pedro-em-contagem-regressiva-e-treino-do-fla-viraliza-veja-as-ultimas-noticias-do-flamengo\/\",\"url\":\"https:\/\/www.gaveanews.com\/index.php\/2024\/07\/25\/idolo-do-flamengo-critica-landim-pedro-em-contagem-regressiva-e-treino-do-fla-viraliza-veja-as-ultimas-noticias-do-flamengo\/\",\"name\":\"\u00cddolo do Flamengo critica Landim, Pedro em contagem regressiva e treino do Fla viraliza: veja as \u00faltimas not\u00edcias do Flamengo\",\"isPartOf\":{\"@id\":\"https:\/\/www.gaveanews.com\/#website\"},\"primaryImageOfPage\":{\"@id\":\"https:\/\/www.gaveanews.com\/index.php\/2024\/07\/25\/idolo-do-flamengo-critica-landim-pedro-em-contagem-regressiva-e-treino-do-fla-viraliza-veja-as-ultimas-noticias-do-flamengo\/#primaryimage\"},\"image\":{\"@id\":\"https:\/\/www.gaveanews.com\/index.php\/2024\/07\/25\/idolo-do-flamengo-critica-landim-pedro-em-contagem-regressiva-e-treino-do-fla-viraliza-veja-as-ultimas-noticias-do-flamengo\/#primaryimage\"},\"thumbnailUrl\":\"https:\/\/www.gaveanews.com\/wp-content\/uploads\/Rodolfo-Landim-presidente-do-Flamengo-durante-a-premiacao-do-Campeonato-Carioca.webp\",\"datePublished\":\"2024-07-25T08:45:00+00:00\",\"author\":{\"@id\":\"https:\/\/www.gaveanews.com\/#\/schema\/person\/fd07635ec039ec3ba74ad18ec8a6dbd6\"},\"breadcrumb\":{\"@id\":\"https:\/\/www.gaveanews.com\/index.php\/2024\/07\/25\/idolo-do-flamengo-critica-landim-pedro-em-contagem-regressiva-e-treino-do-fla-viraliza-veja-as-ultimas-noticias-do-flamengo\/#breadcrumb\"},\"inLanguage\":\"pt-BR\",\"potentialAction\":[{\"@type\":\"ReadAction\",\"target\":[\"https:\/\/www.gaveanews.com\/index.php\/2024\/07\/25\/idolo-do-flamengo-critica-landim-pedro-em-contagem-regressiva-e-treino-do-fla-viraliza-veja-as-ultimas-noticias-do-flamengo\/\"]}]},{\"@type\":\"ImageObject\",\"inLanguage\":\"pt-BR\",\"@id\":\"https:\/\/www.gaveanews.com\/index.php\/2024\/07\/25\/idolo-do-flamengo-critica-landim-pedro-em-contagem-regressiva-e-treino-do-fla-viraliza-veja-as-ultimas-noticias-do-flamengo\/#primaryimage\",\"url\":\"https:\/\/www.gaveanews.com\/wp-content\/uploads\/Rodolfo-Landim-presidente-do-Flamengo-durante-a-premiacao-do-Campeonato-Carioca.webp\",\"contentUrl\":\"https:\/\/www.gaveanews.com\/wp-content\/uploads\/Rodolfo-Landim-presidente-do-Flamengo-durante-a-premiacao-do-Campeonato-Carioca.webp\",\"width\":902,\"height\":600,\"caption\":\"Rodolfo Landim, presidente do Flamengo, durante a premia\u00e7\u00e3o do Campeonato Carioca (Foto: Divulga\u00e7\u00e3o)\"},{\"@type\":\"BreadcrumbList\",\"@id\":\"https:\/\/www.gaveanews.com\/index.php\/2024\/07\/25\/idolo-do-flamengo-critica-landim-pedro-em-contagem-regressiva-e-treino-do-fla-viraliza-veja-as-ultimas-noticias-do-flamengo\/#breadcrumb\",\"itemListElement\":[{\"@type\":\"ListItem\",\"position\":1,\"name\":\"Home\",\"item\":\"https:\/\/www.gaveanews.com\/\"},{\"@type\":\"ListItem\",\"position\":2,\"name\":\"\u00cddolo do Flamengo critica Landim, Pedro em contagem regressiva e treino do Fla viraliza: veja as \u00faltimas not\u00edcias do Flamengo\"}]},{\"@type\":\"WebSite\",\"@id\":\"https:\/\/www.gaveanews.com\/#website\",\"url\":\"https:\/\/www.gaveanews.com\/\",\"name\":\"G\u00e1vea News\",\"description\":\"Veja todas as not\u00edcias sobre o Flamengo: Contrata\u00e7\u00f5es, categorias de base, resultados das partidas, tabela de classifica\u00e7\u00e3o, pr\u00f3ximos jogos!\",\"potentialAction\":[{\"@type\":\"SearchAction\",\"target\":{\"@type\":\"EntryPoint\",\"urlTemplate\":\"https:\/\/www.gaveanews.com\/?s={search_term_string}\"},\"query-input\":{\"@type\":\"PropertyValueSpecification\",\"valueRequired\":true,\"valueName\":\"search_term_string\"}}],\"inLanguage\":\"pt-BR\"},{\"@type\":\"Person\",\"@id\":\"https:\/\/www.gaveanews.com\/#\/schema\/person\/fd07635ec039ec3ba74ad18ec8a6dbd6\",\"name\":\"Henrique Machado\",\"image\":{\"@type\":\"ImageObject\",\"inLanguage\":\"pt-BR\",\"@id\":\"https:\/\/www.gaveanews.com\/#\/schema\/person\/image\/\",\"url\":\"https:\/\/secure.gravatar.com\/avatar\/b95e35997e01d9800c1b6184bd79d4d898d370a3fce2584f5c77b907d5c7d9e9?s=96&d=mm&r=g\",\"contentUrl\":\"https:\/\/secure.gravatar.com\/avatar\/b95e35997e01d9800c1b6184bd79d4d898d370a3fce2584f5c77b907d5c7d9e9?s=96&d=mm&r=g\",\"caption\":\"Henrique Machado\"}}]}<\/script>\n<!-- \/ Yoast SEO Premium plugin. -->","yoast_head_json":{"title":"\u00cddolo do Flamengo critica Landim, Pedro em contagem regressiva e treino do Fla viraliza: veja as \u00faltimas not\u00edcias do Flamengo","robots":{"index":"index","follow":"follow","max-snippet":"max-snippet:-1","max-image-preview":"max-image-preview:large","max-video-preview":"max-video-preview:-1"},"canonical":"https:\/\/www.gaveanews.com\/index.php\/2024\/07\/25\/idolo-do-flamengo-critica-landim-pedro-em-contagem-regressiva-e-treino-do-fla-viraliza-veja-as-ultimas-noticias-do-flamengo\/","og_locale":"pt_BR","og_type":"article","og_title":"\u00cddolo do Flamengo critica Landim, Pedro em contagem regressiva e treino do Fla viraliza: veja as \u00faltimas not\u00edcias do Flamengo","og_description":"Nas \u00faltimas horas, o foco das not\u00edcias sobre o Flamengo se concentra nos bastidores do clube, com destaques como o \u00eddolo do Flamengo criticando Landim e o treino do Flamengo viralizando. Por conta deste contexto, leia abaixo um resumo preparado pela equipe do portal G\u00e1vea News para lhe manter muito bem informado! Pedro em contagem [&hellip;]","og_url":"https:\/\/www.gaveanews.com\/index.php\/2024\/07\/25\/idolo-do-flamengo-critica-landim-pedro-em-contagem-regressiva-e-treino-do-fla-viraliza-veja-as-ultimas-noticias-do-flamengo\/","og_site_name":"G\u00e1vea News","article_publisher":"https:\/\/facebook.com\/gaveaNews\/","article_published_time":"2024-07-25T08:45:00+00:00","og_image":[{"width":902,"height":600,"url":"https:\/\/www.gaveanews.com\/wp-content\/uploads\/Rodolfo-Landim-presidente-do-Flamengo-durante-a-premiacao-do-Campeonato-Carioca.webp","type":"image\/jpeg"}],"author":"Henrique Machado","twitter_card":"summary_large_image","twitter_misc":{"Escrito por":"Henrique Machado","Est. tempo de leitura":"5 minutos"},"schema":{"@context":"https:\/\/schema.org","@graph":[{"@type":"NewsArticle","@id":"https:\/\/www.gaveanews.com\/index.php\/2024\/07\/25\/idolo-do-flamengo-critica-landim-pedro-em-contagem-regressiva-e-treino-do-fla-viraliza-veja-as-ultimas-noticias-do-flamengo\/#article","isPartOf":{"@id":"https:\/\/www.gaveanews.com\/index.php\/2024\/07\/25\/idolo-do-flamengo-critica-landim-pedro-em-contagem-regressiva-e-treino-do-fla-viraliza-veja-as-ultimas-noticias-do-flamengo\/"},"author":{"name":"Henrique Machado","@id":"https:\/\/www.gaveanews.com\/#\/schema\/person\/fd07635ec039ec3ba74ad18ec8a6dbd6"},"headline":"\u00cddolo do Flamengo critica Landim, Pedro em contagem regressiva e treino do Fla viraliza: veja as \u00faltimas not\u00edcias do Flamengo","datePublished":"2024-07-25T08:45:00+00:00","mainEntityOfPage":{"@id":"https:\/\/www.gaveanews.com\/index.php\/2024\/07\/25\/idolo-do-flamengo-critica-landim-pedro-em-contagem-regressiva-e-treino-do-fla-viraliza-veja-as-ultimas-noticias-do-flamengo\/"},"wordCount":860,"commentCount":0,"image":{"@id":"https:\/\/www.gaveanews.com\/index.php\/2024\/07\/25\/idolo-do-flamengo-critica-landim-pedro-em-contagem-regressiva-e-treino-do-fla-viraliza-veja-as-ultimas-noticias-do-flamengo\/#primaryimage"},"thumbnailUrl":"https:\/\/www.gaveanews.com\/wp-content\/uploads\/Rodolfo-Landim-presidente-do-Flamengo-durante-a-premiacao-do-Campeonato-Carioca.webp","articleSection":["Flamengo"],"inLanguage":"pt-BR","potentialAction":[{"@type":"CommentAction","name":"Comment","target":["https:\/\/www.gaveanews.com\/index.php\/2024\/07\/25\/idolo-do-flamengo-critica-landim-pedro-em-contagem-regressiva-e-treino-do-fla-viraliza-veja-as-ultimas-noticias-do-flamengo\/#respond"]}],"copyrightYear":"2024","copyrightHolder":{"@id":"https:\/\/www.gaveanews.com\/#organization"}},{"@type":"WebPage","@id":"https:\/\/www.gaveanews.com\/index.php\/2024\/07\/25\/idolo-do-flamengo-critica-landim-pedro-em-contagem-regressiva-e-treino-do-fla-viraliza-veja-as-ultimas-noticias-do-flamengo\/","url":"https:\/\/www.gaveanews.com\/index.php\/2024\/07\/25\/idolo-do-flamengo-critica-landim-pedro-em-contagem-regressiva-e-treino-do-fla-viraliza-veja-as-ultimas-noticias-do-flamengo\/","name":"\u00cddolo do Flamengo critica Landim, Pedro em contagem regressiva e treino do Fla viraliza: veja as \u00faltimas not\u00edcias do Flamengo","isPartOf":{"@id":"https:\/\/www.gaveanews.com\/#website"},"primaryImageOfPage":{"@id":"https:\/\/www.gaveanews.com\/index.php\/2024\/07\/25\/idolo-do-flamengo-critica-landim-pedro-em-contagem-regressiva-e-treino-do-fla-viraliza-veja-as-ultimas-noticias-do-flamengo\/#primaryimage"},"image":{"@id":"https:\/\/www.gaveanews.com\/index.php\/2024\/07\/25\/idolo-do-flamengo-critica-landim-pedro-em-contagem-regressiva-e-treino-do-fla-viraliza-veja-as-ultimas-noticias-do-flamengo\/#primaryimage"},"thumbnailUrl":"https:\/\/www.gaveanews.com\/wp-content\/uploads\/Rodolfo-Landim-presidente-do-Flamengo-durante-a-premiacao-do-Campeonato-Carioca.webp","datePublished":"2024-07-25T08:45:00+00:00","author":{"@id":"https:\/\/www.gaveanews.com\/#\/schema\/person\/fd07635ec039ec3ba74ad18ec8a6dbd6"},"breadcrumb":{"@id":"https:\/\/www.gaveanews.com\/index.php\/2024\/07\/25\/idolo-do-flamengo-critica-landim-pedro-em-contagem-regressiva-e-treino-do-fla-viraliza-veja-as-ultimas-noticias-do-flamengo\/#breadcrumb"},"inLanguage":"pt-BR","potentialAction":[{"@type":"ReadAction","target":["https:\/\/www.gaveanews.com\/index.php\/2024\/07\/25\/idolo-do-flamengo-critica-landim-pedro-em-contagem-regressiva-e-treino-do-fla-viraliza-veja-as-ultimas-noticias-do-flamengo\/"]}]},{"@type":"ImageObject","inLanguage":"pt-BR","@id":"https:\/\/www.gaveanews.com\/index.php\/2024\/07\/25\/idolo-do-flamengo-critica-landim-pedro-em-contagem-regressiva-e-treino-do-fla-viraliza-veja-as-ultimas-noticias-do-flamengo\/#primaryimage","url":"https:\/\/www.gaveanews.com\/wp-content\/uploads\/Rodolfo-Landim-presidente-do-Flamengo-durante-a-premiacao-do-Campeonato-Carioca.webp","contentUrl":"https:\/\/www.gaveanews.com\/wp-content\/uploads\/Rodolfo-Landim-presidente-do-Flamengo-durante-a-premiacao-do-Campeonato-Carioca.webp","width":902,"height":600,"caption":"Rodolfo Landim, presidente do Flamengo, durante a premia\u00e7\u00e3o do Campeonato Carioca (Foto: Divulga\u00e7\u00e3o)"},{"@type":"BreadcrumbList","@id":"https:\/\/www.gaveanews.com\/index.php\/2024\/07\/25\/idolo-do-flamengo-critica-landim-pedro-em-contagem-regressiva-e-treino-do-fla-viraliza-veja-as-ultimas-noticias-do-flamengo\/#breadcrumb","itemListElement":[{"@type":"ListItem","position":1,"name":"Home","item":"https:\/\/www.gaveanews.com\/"},{"@type":"ListItem","position":2,"name":"\u00cddolo do Flamengo critica Landim, Pedro em contagem regressiva e treino do Fla viraliza: veja as \u00faltimas not\u00edcias do Flamengo"}]},{"@type":"WebSite","@id":"https:\/\/www.gaveanews.com\/#website","url":"https:\/\/www.gaveanews.com\/","name":"G\u00e1vea News","description":"Veja todas as not\u00edcias sobre o Flamengo: Contrata\u00e7\u00f5es, categorias de base, resultados das partidas, tabela de classifica\u00e7\u00e3o, pr\u00f3ximos jogos!","potentialAction":[{"@type":"SearchAction","target":{"@type":"EntryPoint","urlTemplate":"https:\/\/www.gaveanews.com\/?s={search_term_string}"},"query-input":{"@type":"PropertyValueSpecification","valueRequired":true,"valueName":"search_term_string"}}],"inLanguage":"pt-BR"},{"@type":"Person","@id":"https:\/\/www.gaveanews.com\/#\/schema\/person\/fd07635ec039ec3ba74ad18ec8a6dbd6","name":"Henrique Machado","image":{"@type":"ImageObject","inLanguage":"pt-BR","@id":"https:\/\/www.gaveanews.com\/#\/schema\/person\/image\/","url":"https:\/\/secure.gravatar.com\/avatar\/b95e35997e01d9800c1b6184bd79d4d898d370a3fce2584f5c77b907d5c7d9e9?s=96&d=mm&r=g","contentUrl":"https:\/\/secure.gravatar.com\/avatar\/b95e35997e01d9800c1b6184bd79d4d898d370a3fce2584f5c77b907d5c7d9e9?s=96&d=mm&r=g","caption":"Henrique Machado"}}]}},"_links":{"self":[{"href":"https:\/\/www.gaveanews.com\/index.php\/wp-json\/wp\/v2\/posts\/154307","targetHints":{"allow":["GET"]}}],"collection":[{"href":"https:\/\/www.gaveanews.com\/index.php\/wp-json\/wp\/v2\/posts"}],"about":[{"href":"https:\/\/www.gaveanews.com\/index.php\/wp-json\/wp\/v2\/types\/post"}],"author":[{"embeddable":true,"href":"https:\/\/www.gaveanews.com\/index.php\/wp-json\/wp\/v2\/users\/15"}],"replies":[{"embeddable":true,"href":"https:\/\/www.gaveanews.com\/index.php\/wp-json\/wp\/v2\/comments?post=154307"}],"version-history":[{"count":1,"href":"https:\/\/www.gaveanews.com\/index.php\/wp-json\/wp\/v2\/posts\/154307\/revisions"}],"predecessor-version":[{"id":154314,"href":"https:\/\/www.gaveanews.com\/index.php\/wp-json\/wp\/v2\/posts\/154307\/revisions\/154314"}],"wp:featuredmedia":[{"embeddable":true,"href":"https:\/\/www.gaveanews.com\/index.php\/wp-json\/wp\/v2\/media\/62889"}],"wp:attachment":[{"href":"https:\/\/www.gaveanews.com\/index.php\/wp-json\/wp\/v2\/media?parent=154307"}],"wp:term":[{"taxonomy":"category","embeddable":true,"href":"https:\/\/www.gaveanews.com\/index.php\/wp-json\/wp\/v2\/categories?post=154307"},{"taxonomy":"post_tag","embeddable":true,"href":"https:\/\/www.gaveanews.com\/index.php\/wp-json\/wp\/v2\/tags?post=154307"}],"curies":[{"name":"wp","href":"https:\/\/api.w.org\/{rel}","templated":true}]}}