{"id":154312,"date":"2024-07-24T20:19:31","date_gmt":"2024-07-24T23:19:31","guid":{"rendered":"https:\/\/www.gaveanews.com\/?p=154312"},"modified":"2024-07-24T20:19:34","modified_gmt":"2024-07-24T23:19:34","slug":"atitude-de-claudinho-nas-negociacoes-desanima-o-flamengo","status":"publish","type":"post","link":"https:\/\/www.gaveanews.com\/index.php\/2024\/07\/24\/atitude-de-claudinho-nas-negociacoes-desanima-o-flamengo\/","title":{"rendered":"Atitude de Claudinho nas negocia\u00e7\u00f5es desanima o Flamengo"},"content":{"rendered":"\n<p>O Flamengo ainda n\u00e3o acertou a contrata\u00e7\u00e3o de nenhum refor\u00e7o nesta janela de transfer\u00eancias, mesmo tendo iniciado o per\u00edodo com focos muito bem definidos. Uma das prioridades era Claudinho, velho conhecido do clube. No entanto, as negocia\u00e7\u00f5es n\u00e3o andam como o Mengo gostaria.<\/p>\n\n\n\n<ul class=\"wp-block-list\">\n<li><a href=\"https:\/\/www.gaveanews.com\/index.php\/2024\/07\/22\/rodolfo-landim-confirma-acerto-do-flamengo-com-claudinho\/\">Rodolfo Landim confirma acerto do Flamengo com Claudinho<\/a><\/li>\n\n\n\n<li><a href=\"https:\/\/www.gaveanews.com\/index.php\/2024\/07\/23\/zenit-faz-exigencia-para-liberar-claudinho-ao-flamengo\/\">Zenit faz exig\u00eancia para liberar Claudinho ao Flamengo<\/a><\/li>\n<\/ul>\n\n\n\n<p>Com o jogador, o Flamengo j\u00e1 teria tudo acertado: tempo de contrato, quest\u00f5es salariais e mais. Inclusive, o pr\u00f3prio presidente Rodolfo Landim confirmou o &#8216;acerto&#8217; com Claudinho. No entanto, o desfecho n\u00e3o \u00e9 positivo com o Zenit por uma libera\u00e7\u00e3o.<\/p>\n\n\n\n<p>Como de costume, o Zenit faz jogo duro para negociar o atleta, e o Flamengo se v\u00ea ref\u00e9m do clube russo. Sem ter para onde correr, o Rubro-Negro teria esgotado todas as formas de tentar uma transfer\u00eancia, segundo o jornalista Diogo Dantas. <\/p>\n\n\n\n<p>Agora, o clube aposta na vontade de Claudinho, que j\u00e1 disse querer se transferir. Por outro lado, mesmo que j\u00e1 tenha afirmado que quer assinar com o Flamengo, o meio-campista n\u00e3o tem postura de &#8216;for\u00e7ar sa\u00edda&#8217; dos clubes, e isso acaba &#8216;desanimando&#8217; o Mengo.<\/p>\n\n\n\n<h2 class=\"wp-block-heading\" id=\"h-claudinho-e-desejo-antigo-do-flamengo\">Claudinho \u00e9 desejo antigo do Flamengo<\/h2>\n\n\n\n<p>O meio-campista \u00e9 velho conhecido do Mengo, que tenta sua contrata\u00e7\u00e3o h\u00e1, pelo menos, tr\u00eas janelas de transfer\u00eancias. Desta vez, n\u00e3o est\u00e1 sendo diferente. Entretanto, o cen\u00e1rio \u00e9 um pouco distinto, visto que os pr\u00f3prios representantes de Claudinho ofereceram o jogador ao Rubro-Negro, que s\u00f3 depois, oficializou uma proposta junto ao Zenit.<\/p>\n\n\n\n<p>O Flamengo fez uma oferta parecida com as anteriores, com valores na casa dos 15 milh\u00f5es de euros, cerca de R$ 88 milh\u00f5es fixos, mais uns 2 milh\u00f5es de euros, aproximadamente R$ 11 milh\u00f5es por metas pr\u00e9-determinadas.<\/p>\n\n\n\n<p>Vale destacar que apesar dos desejos de Claudinho e Flamengo, o diretor executivo de futebol, Bruno Spindel, disse que \u00e9 uma negocia\u00e7\u00e3o &#8220;quase imposs\u00edvel&#8221; de ser conclu\u00edda.<\/p>\n\n\n\n<p>\u2014 <em>\u00c9 muito dif\u00edcil, \u00e9 uma contrata\u00e7\u00e3o quase imposs\u00edvel. Agora, a vontade de qualquer jogador sempre \u00e9 fundamental em qualquer negocia\u00e7\u00e3o que existe. Jogador e a vontade dele \u00e9 sempre, ou talvez, o mais importante <\/em>-, disse.<\/p>\n","protected":false},"excerpt":{"rendered":"<p>O Flamengo ainda n\u00e3o acertou a contrata\u00e7\u00e3o de nenhum refor\u00e7o nesta janela de transfer\u00eancias, mesmo tendo iniciado o per\u00edodo com focos muito bem definidos. Uma das prioridades era Claudinho, velho conhecido do clube. No entanto, as negocia\u00e7\u00f5es n\u00e3o andam como o Mengo gostaria. Com o jogador, o Flamengo j\u00e1 teria tudo acertado: tempo de contrato, [&hellip;]<\/p>\n","protected":false},"author":18,"featured_media":101510,"comment_status":"open","ping_status":"closed","sticky":false,"template":"","format":"standard","meta":{"footnotes":""},"categories":[1],"tags":[],"class_list":["post-154312","post","type-post","status-publish","format-standard","has-post-thumbnail","hentry","category-flamengo"],"yoast_head":"<!-- This site is optimized with the Yoast SEO Premium plugin v24.2 (Yoast SEO v26.9) - https:\/\/yoast.com\/product\/yoast-seo-premium-wordpress\/ -->\n<title>Atitude de Claudinho nas negocia\u00e7\u00f5es desanima o Flamengo<\/title>\n<meta name=\"robots\" content=\"index, follow, max-snippet:-1, max-image-preview:large, max-video-preview:-1\" \/>\n<link rel=\"canonical\" href=\"https:\/\/www.gaveanews.com\/index.php\/2024\/07\/24\/atitude-de-claudinho-nas-negociacoes-desanima-o-flamengo\/\" \/>\n<meta property=\"og:locale\" content=\"pt_BR\" \/>\n<meta property=\"og:type\" content=\"article\" \/>\n<meta property=\"og:title\" content=\"Atitude de Claudinho nas negocia\u00e7\u00f5es desanima o Flamengo\" \/>\n<meta property=\"og:description\" content=\"O Flamengo ainda n\u00e3o acertou a contrata\u00e7\u00e3o de nenhum refor\u00e7o nesta janela de transfer\u00eancias, mesmo tendo iniciado o per\u00edodo com focos muito bem definidos. Uma das prioridades era Claudinho, velho conhecido do clube. No entanto, as negocia\u00e7\u00f5es n\u00e3o andam como o Mengo gostaria. Com o jogador, o Flamengo j\u00e1 teria tudo acertado: tempo de contrato, [&hellip;]\" \/>\n<meta property=\"og:url\" content=\"https:\/\/www.gaveanews.com\/index.php\/2024\/07\/24\/atitude-de-claudinho-nas-negociacoes-desanima-o-flamengo\/\" \/>\n<meta property=\"og:site_name\" content=\"G\u00e1vea News\" \/>\n<meta property=\"article:publisher\" content=\"https:\/\/facebook.com\/gaveaNews\/\" \/>\n<meta property=\"article:published_time\" content=\"2024-07-24T23:19:31+00:00\" \/>\n<meta property=\"article:modified_time\" content=\"2024-07-24T23:19:34+00:00\" \/>\n<meta property=\"og:image\" content=\"https:\/\/www.gaveanews.com\/wp-content\/uploads\/Claudinho.webp\" \/>\n\t<meta property=\"og:image:width\" content=\"1200\" \/>\n\t<meta property=\"og:image:height\" content=\"740\" \/>\n\t<meta property=\"og:image:type\" content=\"image\/jpeg\" \/>\n<meta name=\"author\" content=\"Paula Silva\" \/>\n<meta name=\"twitter:card\" content=\"summary_large_image\" \/>\n<meta name=\"twitter:label1\" content=\"Escrito por\" \/>\n\t<meta name=\"twitter:data1\" content=\"Paula Silva\" \/>\n\t<meta name=\"twitter:label2\" content=\"Est. tempo de leitura\" \/>\n\t<meta name=\"twitter:data2\" content=\"3 minutos\" \/>\n<script type=\"application\/ld+json\" class=\"yoast-schema-graph\">{\"@context\":\"https:\/\/schema.org\",\"@graph\":[{\"@type\":\"NewsArticle\",\"@id\":\"https:\/\/www.gaveanews.com\/index.php\/2024\/07\/24\/atitude-de-claudinho-nas-negociacoes-desanima-o-flamengo\/#article\",\"isPartOf\":{\"@id\":\"https:\/\/www.gaveanews.com\/index.php\/2024\/07\/24\/atitude-de-claudinho-nas-negociacoes-desanima-o-flamengo\/\"},\"author\":{\"name\":\"Paula Silva\",\"@id\":\"https:\/\/www.gaveanews.com\/#\/schema\/person\/daf63eec72e1164eb13dc35096c2b8da\"},\"headline\":\"Atitude de Claudinho nas negocia\u00e7\u00f5es desanima o Flamengo\",\"datePublished\":\"2024-07-24T23:19:31+00:00\",\"dateModified\":\"2024-07-24T23:19:34+00:00\",\"mainEntityOfPage\":{\"@id\":\"https:\/\/www.gaveanews.com\/index.php\/2024\/07\/24\/atitude-de-claudinho-nas-negociacoes-desanima-o-flamengo\/\"},\"wordCount\":374,\"commentCount\":0,\"image\":{\"@id\":\"https:\/\/www.gaveanews.com\/index.php\/2024\/07\/24\/atitude-de-claudinho-nas-negociacoes-desanima-o-flamengo\/#primaryimage\"},\"thumbnailUrl\":\"https:\/\/www.gaveanews.com\/wp-content\/uploads\/Claudinho.webp\",\"articleSection\":[\"Flamengo\"],\"inLanguage\":\"pt-BR\",\"potentialAction\":[{\"@type\":\"CommentAction\",\"name\":\"Comment\",\"target\":[\"https:\/\/www.gaveanews.com\/index.php\/2024\/07\/24\/atitude-de-claudinho-nas-negociacoes-desanima-o-flamengo\/#respond\"]}],\"copyrightYear\":\"2024\",\"copyrightHolder\":{\"@id\":\"https:\/\/www.gaveanews.com\/#organization\"}},{\"@type\":\"WebPage\",\"@id\":\"https:\/\/www.gaveanews.com\/index.php\/2024\/07\/24\/atitude-de-claudinho-nas-negociacoes-desanima-o-flamengo\/\",\"url\":\"https:\/\/www.gaveanews.com\/index.php\/2024\/07\/24\/atitude-de-claudinho-nas-negociacoes-desanima-o-flamengo\/\",\"name\":\"Atitude de Claudinho nas negocia\u00e7\u00f5es desanima o Flamengo\",\"isPartOf\":{\"@id\":\"https:\/\/www.gaveanews.com\/#website\"},\"primaryImageOfPage\":{\"@id\":\"https:\/\/www.gaveanews.com\/index.php\/2024\/07\/24\/atitude-de-claudinho-nas-negociacoes-desanima-o-flamengo\/#primaryimage\"},\"image\":{\"@id\":\"https:\/\/www.gaveanews.com\/index.php\/2024\/07\/24\/atitude-de-claudinho-nas-negociacoes-desanima-o-flamengo\/#primaryimage\"},\"thumbnailUrl\":\"https:\/\/www.gaveanews.com\/wp-content\/uploads\/Claudinho.webp\",\"datePublished\":\"2024-07-24T23:19:31+00:00\",\"dateModified\":\"2024-07-24T23:19:34+00:00\",\"author\":{\"@id\":\"https:\/\/www.gaveanews.com\/#\/schema\/person\/daf63eec72e1164eb13dc35096c2b8da\"},\"breadcrumb\":{\"@id\":\"https:\/\/www.gaveanews.com\/index.php\/2024\/07\/24\/atitude-de-claudinho-nas-negociacoes-desanima-o-flamengo\/#breadcrumb\"},\"inLanguage\":\"pt-BR\",\"potentialAction\":[{\"@type\":\"ReadAction\",\"target\":[\"https:\/\/www.gaveanews.com\/index.php\/2024\/07\/24\/atitude-de-claudinho-nas-negociacoes-desanima-o-flamengo\/\"]}]},{\"@type\":\"ImageObject\",\"inLanguage\":\"pt-BR\",\"@id\":\"https:\/\/www.gaveanews.com\/index.php\/2024\/07\/24\/atitude-de-claudinho-nas-negociacoes-desanima-o-flamengo\/#primaryimage\",\"url\":\"https:\/\/www.gaveanews.com\/wp-content\/uploads\/Claudinho.webp\",\"contentUrl\":\"https:\/\/www.gaveanews.com\/wp-content\/uploads\/Claudinho.webp\",\"width\":1200,\"height\":740,\"caption\":\"Claudinho pela sele\u00e7\u00e3o brasileira nas Olimpiadas 2020\"},{\"@type\":\"BreadcrumbList\",\"@id\":\"https:\/\/www.gaveanews.com\/index.php\/2024\/07\/24\/atitude-de-claudinho-nas-negociacoes-desanima-o-flamengo\/#breadcrumb\",\"itemListElement\":[{\"@type\":\"ListItem\",\"position\":1,\"name\":\"Home\",\"item\":\"https:\/\/www.gaveanews.com\/\"},{\"@type\":\"ListItem\",\"position\":2,\"name\":\"Atitude de Claudinho nas negocia\u00e7\u00f5es desanima o Flamengo\"}]},{\"@type\":\"WebSite\",\"@id\":\"https:\/\/www.gaveanews.com\/#website\",\"url\":\"https:\/\/www.gaveanews.com\/\",\"name\":\"G\u00e1vea News\",\"description\":\"Veja todas as not\u00edcias sobre o Flamengo: Contrata\u00e7\u00f5es, categorias de base, resultados das partidas, tabela de classifica\u00e7\u00e3o, pr\u00f3ximos jogos!\",\"potentialAction\":[{\"@type\":\"SearchAction\",\"target\":{\"@type\":\"EntryPoint\",\"urlTemplate\":\"https:\/\/www.gaveanews.com\/?s={search_term_string}\"},\"query-input\":{\"@type\":\"PropertyValueSpecification\",\"valueRequired\":true,\"valueName\":\"search_term_string\"}}],\"inLanguage\":\"pt-BR\"},{\"@type\":\"Person\",\"@id\":\"https:\/\/www.gaveanews.com\/#\/schema\/person\/daf63eec72e1164eb13dc35096c2b8da\",\"name\":\"Paula Silva\",\"image\":{\"@type\":\"ImageObject\",\"inLanguage\":\"pt-BR\",\"@id\":\"https:\/\/www.gaveanews.com\/#\/schema\/person\/image\/\",\"url\":\"https:\/\/secure.gravatar.com\/avatar\/eda381c845527cc5d64c13b901833cda29d97500ba040d3e6461f76f51d163bb?s=96&d=mm&r=g\",\"contentUrl\":\"https:\/\/secure.gravatar.com\/avatar\/eda381c845527cc5d64c13b901833cda29d97500ba040d3e6461f76f51d163bb?s=96&d=mm&r=g\",\"caption\":\"Paula Silva\"}}]}<\/script>\n<!-- \/ Yoast SEO Premium plugin. -->","yoast_head_json":{"title":"Atitude de Claudinho nas negocia\u00e7\u00f5es desanima o Flamengo","robots":{"index":"index","follow":"follow","max-snippet":"max-snippet:-1","max-image-preview":"max-image-preview:large","max-video-preview":"max-video-preview:-1"},"canonical":"https:\/\/www.gaveanews.com\/index.php\/2024\/07\/24\/atitude-de-claudinho-nas-negociacoes-desanima-o-flamengo\/","og_locale":"pt_BR","og_type":"article","og_title":"Atitude de Claudinho nas negocia\u00e7\u00f5es desanima o Flamengo","og_description":"O Flamengo ainda n\u00e3o acertou a contrata\u00e7\u00e3o de nenhum refor\u00e7o nesta janela de transfer\u00eancias, mesmo tendo iniciado o per\u00edodo com focos muito bem definidos. Uma das prioridades era Claudinho, velho conhecido do clube. No entanto, as negocia\u00e7\u00f5es n\u00e3o andam como o Mengo gostaria. Com o jogador, o Flamengo j\u00e1 teria tudo acertado: tempo de contrato, [&hellip;]","og_url":"https:\/\/www.gaveanews.com\/index.php\/2024\/07\/24\/atitude-de-claudinho-nas-negociacoes-desanima-o-flamengo\/","og_site_name":"G\u00e1vea News","article_publisher":"https:\/\/facebook.com\/gaveaNews\/","article_published_time":"2024-07-24T23:19:31+00:00","article_modified_time":"2024-07-24T23:19:34+00:00","og_image":[{"width":1200,"height":740,"url":"https:\/\/www.gaveanews.com\/wp-content\/uploads\/Claudinho.webp","type":"image\/jpeg"}],"author":"Paula Silva","twitter_card":"summary_large_image","twitter_misc":{"Escrito por":"Paula Silva","Est. tempo de leitura":"3 minutos"},"schema":{"@context":"https:\/\/schema.org","@graph":[{"@type":"NewsArticle","@id":"https:\/\/www.gaveanews.com\/index.php\/2024\/07\/24\/atitude-de-claudinho-nas-negociacoes-desanima-o-flamengo\/#article","isPartOf":{"@id":"https:\/\/www.gaveanews.com\/index.php\/2024\/07\/24\/atitude-de-claudinho-nas-negociacoes-desanima-o-flamengo\/"},"author":{"name":"Paula Silva","@id":"https:\/\/www.gaveanews.com\/#\/schema\/person\/daf63eec72e1164eb13dc35096c2b8da"},"headline":"Atitude de Claudinho nas negocia\u00e7\u00f5es desanima o Flamengo","datePublished":"2024-07-24T23:19:31+00:00","dateModified":"2024-07-24T23:19:34+00:00","mainEntityOfPage":{"@id":"https:\/\/www.gaveanews.com\/index.php\/2024\/07\/24\/atitude-de-claudinho-nas-negociacoes-desanima-o-flamengo\/"},"wordCount":374,"commentCount":0,"image":{"@id":"https:\/\/www.gaveanews.com\/index.php\/2024\/07\/24\/atitude-de-claudinho-nas-negociacoes-desanima-o-flamengo\/#primaryimage"},"thumbnailUrl":"https:\/\/www.gaveanews.com\/wp-content\/uploads\/Claudinho.webp","articleSection":["Flamengo"],"inLanguage":"pt-BR","potentialAction":[{"@type":"CommentAction","name":"Comment","target":["https:\/\/www.gaveanews.com\/index.php\/2024\/07\/24\/atitude-de-claudinho-nas-negociacoes-desanima-o-flamengo\/#respond"]}],"copyrightYear":"2024","copyrightHolder":{"@id":"https:\/\/www.gaveanews.com\/#organization"}},{"@type":"WebPage","@id":"https:\/\/www.gaveanews.com\/index.php\/2024\/07\/24\/atitude-de-claudinho-nas-negociacoes-desanima-o-flamengo\/","url":"https:\/\/www.gaveanews.com\/index.php\/2024\/07\/24\/atitude-de-claudinho-nas-negociacoes-desanima-o-flamengo\/","name":"Atitude de Claudinho nas negocia\u00e7\u00f5es desanima o Flamengo","isPartOf":{"@id":"https:\/\/www.gaveanews.com\/#website"},"primaryImageOfPage":{"@id":"https:\/\/www.gaveanews.com\/index.php\/2024\/07\/24\/atitude-de-claudinho-nas-negociacoes-desanima-o-flamengo\/#primaryimage"},"image":{"@id":"https:\/\/www.gaveanews.com\/index.php\/2024\/07\/24\/atitude-de-claudinho-nas-negociacoes-desanima-o-flamengo\/#primaryimage"},"thumbnailUrl":"https:\/\/www.gaveanews.com\/wp-content\/uploads\/Claudinho.webp","datePublished":"2024-07-24T23:19:31+00:00","dateModified":"2024-07-24T23:19:34+00:00","author":{"@id":"https:\/\/www.gaveanews.com\/#\/schema\/person\/daf63eec72e1164eb13dc35096c2b8da"},"breadcrumb":{"@id":"https:\/\/www.gaveanews.com\/index.php\/2024\/07\/24\/atitude-de-claudinho-nas-negociacoes-desanima-o-flamengo\/#breadcrumb"},"inLanguage":"pt-BR","potentialAction":[{"@type":"ReadAction","target":["https:\/\/www.gaveanews.com\/index.php\/2024\/07\/24\/atitude-de-claudinho-nas-negociacoes-desanima-o-flamengo\/"]}]},{"@type":"ImageObject","inLanguage":"pt-BR","@id":"https:\/\/www.gaveanews.com\/index.php\/2024\/07\/24\/atitude-de-claudinho-nas-negociacoes-desanima-o-flamengo\/#primaryimage","url":"https:\/\/www.gaveanews.com\/wp-content\/uploads\/Claudinho.webp","contentUrl":"https:\/\/www.gaveanews.com\/wp-content\/uploads\/Claudinho.webp","width":1200,"height":740,"caption":"Claudinho pela sele\u00e7\u00e3o brasileira nas Olimpiadas 2020"},{"@type":"BreadcrumbList","@id":"https:\/\/www.gaveanews.com\/index.php\/2024\/07\/24\/atitude-de-claudinho-nas-negociacoes-desanima-o-flamengo\/#breadcrumb","itemListElement":[{"@type":"ListItem","position":1,"name":"Home","item":"https:\/\/www.gaveanews.com\/"},{"@type":"ListItem","position":2,"name":"Atitude de Claudinho nas negocia\u00e7\u00f5es desanima o Flamengo"}]},{"@type":"WebSite","@id":"https:\/\/www.gaveanews.com\/#website","url":"https:\/\/www.gaveanews.com\/","name":"G\u00e1vea News","description":"Veja todas as not\u00edcias sobre o Flamengo: Contrata\u00e7\u00f5es, categorias de base, resultados das partidas, tabela de classifica\u00e7\u00e3o, pr\u00f3ximos jogos!","potentialAction":[{"@type":"SearchAction","target":{"@type":"EntryPoint","urlTemplate":"https:\/\/www.gaveanews.com\/?s={search_term_string}"},"query-input":{"@type":"PropertyValueSpecification","valueRequired":true,"valueName":"search_term_string"}}],"inLanguage":"pt-BR"},{"@type":"Person","@id":"https:\/\/www.gaveanews.com\/#\/schema\/person\/daf63eec72e1164eb13dc35096c2b8da","name":"Paula Silva","image":{"@type":"ImageObject","inLanguage":"pt-BR","@id":"https:\/\/www.gaveanews.com\/#\/schema\/person\/image\/","url":"https:\/\/secure.gravatar.com\/avatar\/eda381c845527cc5d64c13b901833cda29d97500ba040d3e6461f76f51d163bb?s=96&d=mm&r=g","contentUrl":"https:\/\/secure.gravatar.com\/avatar\/eda381c845527cc5d64c13b901833cda29d97500ba040d3e6461f76f51d163bb?s=96&d=mm&r=g","caption":"Paula Silva"}}]}},"_links":{"self":[{"href":"https:\/\/www.gaveanews.com\/index.php\/wp-json\/wp\/v2\/posts\/154312","targetHints":{"allow":["GET"]}}],"collection":[{"href":"https:\/\/www.gaveanews.com\/index.php\/wp-json\/wp\/v2\/posts"}],"about":[{"href":"https:\/\/www.gaveanews.com\/index.php\/wp-json\/wp\/v2\/types\/post"}],"author":[{"embeddable":true,"href":"https:\/\/www.gaveanews.com\/index.php\/wp-json\/wp\/v2\/users\/18"}],"replies":[{"embeddable":true,"href":"https:\/\/www.gaveanews.com\/index.php\/wp-json\/wp\/v2\/comments?post=154312"}],"version-history":[{"count":1,"href":"https:\/\/www.gaveanews.com\/index.php\/wp-json\/wp\/v2\/posts\/154312\/revisions"}],"predecessor-version":[{"id":154330,"href":"https:\/\/www.gaveanews.com\/index.php\/wp-json\/wp\/v2\/posts\/154312\/revisions\/154330"}],"wp:featuredmedia":[{"embeddable":true,"href":"https:\/\/www.gaveanews.com\/index.php\/wp-json\/wp\/v2\/media\/101510"}],"wp:attachment":[{"href":"https:\/\/www.gaveanews.com\/index.php\/wp-json\/wp\/v2\/media?parent=154312"}],"wp:term":[{"taxonomy":"category","embeddable":true,"href":"https:\/\/www.gaveanews.com\/index.php\/wp-json\/wp\/v2\/categories?post=154312"},{"taxonomy":"post_tag","embeddable":true,"href":"https:\/\/www.gaveanews.com\/index.php\/wp-json\/wp\/v2\/tags?post=154312"}],"curies":[{"name":"wp","href":"https:\/\/api.w.org\/{rel}","templated":true}]}}