{"id":154334,"date":"2024-07-24T21:23:21","date_gmt":"2024-07-25T00:23:21","guid":{"rendered":"https:\/\/www.gaveanews.com\/?p=154334"},"modified":"2024-07-24T21:31:56","modified_gmt":"2024-07-25T00:31:56","slug":"a-declaracao-de-arrascaeta-apos-o-gol-do-flamengo-contra-o-vitoria","status":"publish","type":"post","link":"https:\/\/www.gaveanews.com\/index.php\/2024\/07\/24\/a-declaracao-de-arrascaeta-apos-o-gol-do-flamengo-contra-o-vitoria\/","title":{"rendered":"A declara\u00e7\u00e3o de Arrascaeta ap\u00f3s o gol do Flamengo contra o Vit\u00f3ria"},"content":{"rendered":"\n<p>Nesta quarta-feira (24), o Flamengo enfrentou o Vit\u00f3ria, em jogo v\u00e1lido pela \u00faltima rodada do primeiro turno do Campeonato Brasileiro. O Rubro-Negro foi para o intervalo vencendo por 1 a 0, e Arrascaeta, autor do gol, falou sobre a partida.<\/p>\n\n\n\n<ul class=\"wp-block-list\">\n<li><a href=\"https:\/\/www.gaveanews.com\/index.php\/2024\/07\/24\/saiu-veja-a-escalacao-do-flamengo-para-o-jogo-contra-o-vitoria\/\">Saiu! Veja a escala\u00e7\u00e3o do Flamengo para o jogo contra o Vit\u00f3ria<\/a><\/li>\n\n\n\n<li><a href=\"https:\/\/www.gaveanews.com\/index.php\/2024\/07\/24\/atitude-de-claudinho-nas-negociacoes-desanima-o-flamengo\/\">Atitude de Claudinho nas negocia\u00e7\u00f5es desanima o Flamengo<\/a><\/li>\n<\/ul>\n\n\n\n<p>\u2014 <em>Sim (dif\u00edcil de entrar na defesa do Vit\u00f3ria). Em alguns momentos fica dif\u00edcil, a gente n\u00e3o quer isso, mas a gente est\u00e1 tentando jogar. O gramado n\u00e3o est\u00e1 ajudando, mas agora \u00e9 recuperar e voltar melhor<\/em> -, disse o camisa 14. <\/p>\n\n\n\n<p>O Flamengo teve muito mais posse de bola no primeiro tempo, mas n\u00e3o conseguia ser efetivo o suficiente. O time encarou a retranca do Vit\u00f3ria e teve poucas finaliza\u00e7\u00f5es, mas chegou ao gol ap\u00f3s jogadas individuais. <\/p>\n\n\n\n<p>O gol de Arrascaeta, inclusive, foi bel\u00edssimo. O camisa 14 recebeu um bol\u00e3o de Gerson pela esquerda, dominou, avan\u00e7ou, deu um lindo drible em Lepo, invadiu a \u00e1rea e bateu com for\u00e7a para estufar as redes do advers\u00e1rio, sem chances para o goleiro. Wagner Leonardo tentou cortar, mas a bola bateu nele e entrou. <\/p>\n\n\n\n<p>O jogo, inclusive, \u00e9 de extrema import\u00e2ncia para o Flamengo, que precisa da vit\u00f3ria para garantir mais tr\u00eas pontos na tabela e continuar perseguindo a lideran\u00e7a. Com o resultado parcial, o Rubro-Negro volta \u00e0 segunda coloca\u00e7\u00e3o, com 37 pontos, tr\u00eas atr\u00e1s do Botafogo, que lidera com 40. <\/p>\n\n\n\n<p>O Palmeiras vem em terceiro lugar, com 36 pontos, mas ainda joga na rodada. O Alviverde enfrenta o Fluminense, no Maracan\u00e3, \u00e0s 21h30 (hor\u00e1rio de Bras\u00edlia).<\/p>\n","protected":false},"excerpt":{"rendered":"<p>Nesta quarta-feira (24), o Flamengo enfrentou o Vit\u00f3ria, em jogo v\u00e1lido pela \u00faltima rodada do primeiro turno do Campeonato Brasileiro. O Rubro-Negro foi para o intervalo vencendo por 1 a 0, e Arrascaeta, autor do gol, falou sobre a partida. \u2014 Sim (dif\u00edcil de entrar na defesa do Vit\u00f3ria). Em alguns momentos fica dif\u00edcil, a [&hellip;]<\/p>\n","protected":false},"author":18,"featured_media":146116,"comment_status":"open","ping_status":"closed","sticky":false,"template":"","format":"standard","meta":{"footnotes":""},"categories":[1],"tags":[],"class_list":["post-154334","post","type-post","status-publish","format-standard","has-post-thumbnail","hentry","category-flamengo"],"yoast_head":"<!-- This site is optimized with the Yoast SEO Premium plugin v24.2 (Yoast SEO v26.9) - https:\/\/yoast.com\/product\/yoast-seo-premium-wordpress\/ -->\n<title>A declara\u00e7\u00e3o de Arrascaeta ap\u00f3s o gol do Flamengo contra o Vit\u00f3ria<\/title>\n<meta name=\"robots\" content=\"index, follow, max-snippet:-1, max-image-preview:large, max-video-preview:-1\" \/>\n<link rel=\"canonical\" href=\"https:\/\/www.gaveanews.com\/index.php\/2024\/07\/24\/a-declaracao-de-arrascaeta-apos-o-gol-do-flamengo-contra-o-vitoria\/\" \/>\n<meta property=\"og:locale\" content=\"pt_BR\" \/>\n<meta property=\"og:type\" content=\"article\" \/>\n<meta property=\"og:title\" content=\"A declara\u00e7\u00e3o de Arrascaeta ap\u00f3s o gol do Flamengo contra o Vit\u00f3ria\" \/>\n<meta property=\"og:description\" content=\"Nesta quarta-feira (24), o Flamengo enfrentou o Vit\u00f3ria, em jogo v\u00e1lido pela \u00faltima rodada do primeiro turno do Campeonato Brasileiro. O Rubro-Negro foi para o intervalo vencendo por 1 a 0, e Arrascaeta, autor do gol, falou sobre a partida. \u2014 Sim (dif\u00edcil de entrar na defesa do Vit\u00f3ria). Em alguns momentos fica dif\u00edcil, a [&hellip;]\" \/>\n<meta property=\"og:url\" content=\"https:\/\/www.gaveanews.com\/index.php\/2024\/07\/24\/a-declaracao-de-arrascaeta-apos-o-gol-do-flamengo-contra-o-vitoria\/\" \/>\n<meta property=\"og:site_name\" content=\"G\u00e1vea News\" \/>\n<meta property=\"article:publisher\" content=\"https:\/\/facebook.com\/gaveaNews\/\" \/>\n<meta property=\"article:published_time\" content=\"2024-07-25T00:23:21+00:00\" \/>\n<meta property=\"article:modified_time\" content=\"2024-07-25T00:31:56+00:00\" \/>\n<meta property=\"og:image\" content=\"https:\/\/www.gaveanews.com\/wp-content\/uploads\/arrascaeta-flamengo-gol.webp\" \/>\n\t<meta property=\"og:image:width\" content=\"900\" \/>\n\t<meta property=\"og:image:height\" content=\"600\" \/>\n\t<meta property=\"og:image:type\" content=\"image\/jpeg\" \/>\n<meta name=\"author\" content=\"Paula Silva\" \/>\n<meta name=\"twitter:card\" content=\"summary_large_image\" \/>\n<meta name=\"twitter:label1\" content=\"Escrito por\" \/>\n\t<meta name=\"twitter:data1\" content=\"Paula Silva\" \/>\n\t<meta name=\"twitter:label2\" content=\"Est. tempo de leitura\" \/>\n\t<meta name=\"twitter:data2\" content=\"2 minutos\" \/>\n<script type=\"application\/ld+json\" class=\"yoast-schema-graph\">{\"@context\":\"https:\/\/schema.org\",\"@graph\":[{\"@type\":\"NewsArticle\",\"@id\":\"https:\/\/www.gaveanews.com\/index.php\/2024\/07\/24\/a-declaracao-de-arrascaeta-apos-o-gol-do-flamengo-contra-o-vitoria\/#article\",\"isPartOf\":{\"@id\":\"https:\/\/www.gaveanews.com\/index.php\/2024\/07\/24\/a-declaracao-de-arrascaeta-apos-o-gol-do-flamengo-contra-o-vitoria\/\"},\"author\":{\"name\":\"Paula Silva\",\"@id\":\"https:\/\/www.gaveanews.com\/#\/schema\/person\/daf63eec72e1164eb13dc35096c2b8da\"},\"headline\":\"A declara\u00e7\u00e3o de Arrascaeta ap\u00f3s o gol do Flamengo contra o Vit\u00f3ria\",\"datePublished\":\"2024-07-25T00:23:21+00:00\",\"dateModified\":\"2024-07-25T00:31:56+00:00\",\"mainEntityOfPage\":{\"@id\":\"https:\/\/www.gaveanews.com\/index.php\/2024\/07\/24\/a-declaracao-de-arrascaeta-apos-o-gol-do-flamengo-contra-o-vitoria\/\"},\"wordCount\":296,\"commentCount\":0,\"image\":{\"@id\":\"https:\/\/www.gaveanews.com\/index.php\/2024\/07\/24\/a-declaracao-de-arrascaeta-apos-o-gol-do-flamengo-contra-o-vitoria\/#primaryimage\"},\"thumbnailUrl\":\"https:\/\/www.gaveanews.com\/wp-content\/uploads\/arrascaeta-flamengo-gol.webp\",\"articleSection\":[\"Flamengo\"],\"inLanguage\":\"pt-BR\",\"potentialAction\":[{\"@type\":\"CommentAction\",\"name\":\"Comment\",\"target\":[\"https:\/\/www.gaveanews.com\/index.php\/2024\/07\/24\/a-declaracao-de-arrascaeta-apos-o-gol-do-flamengo-contra-o-vitoria\/#respond\"]}],\"copyrightYear\":\"2024\",\"copyrightHolder\":{\"@id\":\"https:\/\/www.gaveanews.com\/#organization\"}},{\"@type\":\"WebPage\",\"@id\":\"https:\/\/www.gaveanews.com\/index.php\/2024\/07\/24\/a-declaracao-de-arrascaeta-apos-o-gol-do-flamengo-contra-o-vitoria\/\",\"url\":\"https:\/\/www.gaveanews.com\/index.php\/2024\/07\/24\/a-declaracao-de-arrascaeta-apos-o-gol-do-flamengo-contra-o-vitoria\/\",\"name\":\"A declara\u00e7\u00e3o de Arrascaeta ap\u00f3s o gol do Flamengo contra o Vit\u00f3ria\",\"isPartOf\":{\"@id\":\"https:\/\/www.gaveanews.com\/#website\"},\"primaryImageOfPage\":{\"@id\":\"https:\/\/www.gaveanews.com\/index.php\/2024\/07\/24\/a-declaracao-de-arrascaeta-apos-o-gol-do-flamengo-contra-o-vitoria\/#primaryimage\"},\"image\":{\"@id\":\"https:\/\/www.gaveanews.com\/index.php\/2024\/07\/24\/a-declaracao-de-arrascaeta-apos-o-gol-do-flamengo-contra-o-vitoria\/#primaryimage\"},\"thumbnailUrl\":\"https:\/\/www.gaveanews.com\/wp-content\/uploads\/arrascaeta-flamengo-gol.webp\",\"datePublished\":\"2024-07-25T00:23:21+00:00\",\"dateModified\":\"2024-07-25T00:31:56+00:00\",\"author\":{\"@id\":\"https:\/\/www.gaveanews.com\/#\/schema\/person\/daf63eec72e1164eb13dc35096c2b8da\"},\"breadcrumb\":{\"@id\":\"https:\/\/www.gaveanews.com\/index.php\/2024\/07\/24\/a-declaracao-de-arrascaeta-apos-o-gol-do-flamengo-contra-o-vitoria\/#breadcrumb\"},\"inLanguage\":\"pt-BR\",\"potentialAction\":[{\"@type\":\"ReadAction\",\"target\":[\"https:\/\/www.gaveanews.com\/index.php\/2024\/07\/24\/a-declaracao-de-arrascaeta-apos-o-gol-do-flamengo-contra-o-vitoria\/\"]}]},{\"@type\":\"ImageObject\",\"inLanguage\":\"pt-BR\",\"@id\":\"https:\/\/www.gaveanews.com\/index.php\/2024\/07\/24\/a-declaracao-de-arrascaeta-apos-o-gol-do-flamengo-contra-o-vitoria\/#primaryimage\",\"url\":\"https:\/\/www.gaveanews.com\/wp-content\/uploads\/arrascaeta-flamengo-gol.webp\",\"contentUrl\":\"https:\/\/www.gaveanews.com\/wp-content\/uploads\/arrascaeta-flamengo-gol.webp\",\"width\":900,\"height\":600,\"caption\":\"Arrascaeta marca gol pelo Flamengo (Foto: Gilvan de Souza\/Flamengo)\"},{\"@type\":\"BreadcrumbList\",\"@id\":\"https:\/\/www.gaveanews.com\/index.php\/2024\/07\/24\/a-declaracao-de-arrascaeta-apos-o-gol-do-flamengo-contra-o-vitoria\/#breadcrumb\",\"itemListElement\":[{\"@type\":\"ListItem\",\"position\":1,\"name\":\"Home\",\"item\":\"https:\/\/www.gaveanews.com\/\"},{\"@type\":\"ListItem\",\"position\":2,\"name\":\"A declara\u00e7\u00e3o de Arrascaeta ap\u00f3s o gol do Flamengo contra o Vit\u00f3ria\"}]},{\"@type\":\"WebSite\",\"@id\":\"https:\/\/www.gaveanews.com\/#website\",\"url\":\"https:\/\/www.gaveanews.com\/\",\"name\":\"G\u00e1vea News\",\"description\":\"Veja todas as not\u00edcias sobre o Flamengo: Contrata\u00e7\u00f5es, categorias de base, resultados das partidas, tabela de classifica\u00e7\u00e3o, pr\u00f3ximos jogos!\",\"potentialAction\":[{\"@type\":\"SearchAction\",\"target\":{\"@type\":\"EntryPoint\",\"urlTemplate\":\"https:\/\/www.gaveanews.com\/?s={search_term_string}\"},\"query-input\":{\"@type\":\"PropertyValueSpecification\",\"valueRequired\":true,\"valueName\":\"search_term_string\"}}],\"inLanguage\":\"pt-BR\"},{\"@type\":\"Person\",\"@id\":\"https:\/\/www.gaveanews.com\/#\/schema\/person\/daf63eec72e1164eb13dc35096c2b8da\",\"name\":\"Paula Silva\",\"image\":{\"@type\":\"ImageObject\",\"inLanguage\":\"pt-BR\",\"@id\":\"https:\/\/www.gaveanews.com\/#\/schema\/person\/image\/\",\"url\":\"https:\/\/secure.gravatar.com\/avatar\/eda381c845527cc5d64c13b901833cda29d97500ba040d3e6461f76f51d163bb?s=96&d=mm&r=g\",\"contentUrl\":\"https:\/\/secure.gravatar.com\/avatar\/eda381c845527cc5d64c13b901833cda29d97500ba040d3e6461f76f51d163bb?s=96&d=mm&r=g\",\"caption\":\"Paula Silva\"}}]}<\/script>\n<!-- \/ Yoast SEO Premium plugin. -->","yoast_head_json":{"title":"A declara\u00e7\u00e3o de Arrascaeta ap\u00f3s o gol do Flamengo contra o Vit\u00f3ria","robots":{"index":"index","follow":"follow","max-snippet":"max-snippet:-1","max-image-preview":"max-image-preview:large","max-video-preview":"max-video-preview:-1"},"canonical":"https:\/\/www.gaveanews.com\/index.php\/2024\/07\/24\/a-declaracao-de-arrascaeta-apos-o-gol-do-flamengo-contra-o-vitoria\/","og_locale":"pt_BR","og_type":"article","og_title":"A declara\u00e7\u00e3o de Arrascaeta ap\u00f3s o gol do Flamengo contra o Vit\u00f3ria","og_description":"Nesta quarta-feira (24), o Flamengo enfrentou o Vit\u00f3ria, em jogo v\u00e1lido pela \u00faltima rodada do primeiro turno do Campeonato Brasileiro. O Rubro-Negro foi para o intervalo vencendo por 1 a 0, e Arrascaeta, autor do gol, falou sobre a partida. \u2014 Sim (dif\u00edcil de entrar na defesa do Vit\u00f3ria). Em alguns momentos fica dif\u00edcil, a [&hellip;]","og_url":"https:\/\/www.gaveanews.com\/index.php\/2024\/07\/24\/a-declaracao-de-arrascaeta-apos-o-gol-do-flamengo-contra-o-vitoria\/","og_site_name":"G\u00e1vea News","article_publisher":"https:\/\/facebook.com\/gaveaNews\/","article_published_time":"2024-07-25T00:23:21+00:00","article_modified_time":"2024-07-25T00:31:56+00:00","og_image":[{"width":900,"height":600,"url":"https:\/\/www.gaveanews.com\/wp-content\/uploads\/arrascaeta-flamengo-gol.webp","type":"image\/jpeg"}],"author":"Paula Silva","twitter_card":"summary_large_image","twitter_misc":{"Escrito por":"Paula Silva","Est. tempo de leitura":"2 minutos"},"schema":{"@context":"https:\/\/schema.org","@graph":[{"@type":"NewsArticle","@id":"https:\/\/www.gaveanews.com\/index.php\/2024\/07\/24\/a-declaracao-de-arrascaeta-apos-o-gol-do-flamengo-contra-o-vitoria\/#article","isPartOf":{"@id":"https:\/\/www.gaveanews.com\/index.php\/2024\/07\/24\/a-declaracao-de-arrascaeta-apos-o-gol-do-flamengo-contra-o-vitoria\/"},"author":{"name":"Paula Silva","@id":"https:\/\/www.gaveanews.com\/#\/schema\/person\/daf63eec72e1164eb13dc35096c2b8da"},"headline":"A declara\u00e7\u00e3o de Arrascaeta ap\u00f3s o gol do Flamengo contra o Vit\u00f3ria","datePublished":"2024-07-25T00:23:21+00:00","dateModified":"2024-07-25T00:31:56+00:00","mainEntityOfPage":{"@id":"https:\/\/www.gaveanews.com\/index.php\/2024\/07\/24\/a-declaracao-de-arrascaeta-apos-o-gol-do-flamengo-contra-o-vitoria\/"},"wordCount":296,"commentCount":0,"image":{"@id":"https:\/\/www.gaveanews.com\/index.php\/2024\/07\/24\/a-declaracao-de-arrascaeta-apos-o-gol-do-flamengo-contra-o-vitoria\/#primaryimage"},"thumbnailUrl":"https:\/\/www.gaveanews.com\/wp-content\/uploads\/arrascaeta-flamengo-gol.webp","articleSection":["Flamengo"],"inLanguage":"pt-BR","potentialAction":[{"@type":"CommentAction","name":"Comment","target":["https:\/\/www.gaveanews.com\/index.php\/2024\/07\/24\/a-declaracao-de-arrascaeta-apos-o-gol-do-flamengo-contra-o-vitoria\/#respond"]}],"copyrightYear":"2024","copyrightHolder":{"@id":"https:\/\/www.gaveanews.com\/#organization"}},{"@type":"WebPage","@id":"https:\/\/www.gaveanews.com\/index.php\/2024\/07\/24\/a-declaracao-de-arrascaeta-apos-o-gol-do-flamengo-contra-o-vitoria\/","url":"https:\/\/www.gaveanews.com\/index.php\/2024\/07\/24\/a-declaracao-de-arrascaeta-apos-o-gol-do-flamengo-contra-o-vitoria\/","name":"A declara\u00e7\u00e3o de Arrascaeta ap\u00f3s o gol do Flamengo contra o Vit\u00f3ria","isPartOf":{"@id":"https:\/\/www.gaveanews.com\/#website"},"primaryImageOfPage":{"@id":"https:\/\/www.gaveanews.com\/index.php\/2024\/07\/24\/a-declaracao-de-arrascaeta-apos-o-gol-do-flamengo-contra-o-vitoria\/#primaryimage"},"image":{"@id":"https:\/\/www.gaveanews.com\/index.php\/2024\/07\/24\/a-declaracao-de-arrascaeta-apos-o-gol-do-flamengo-contra-o-vitoria\/#primaryimage"},"thumbnailUrl":"https:\/\/www.gaveanews.com\/wp-content\/uploads\/arrascaeta-flamengo-gol.webp","datePublished":"2024-07-25T00:23:21+00:00","dateModified":"2024-07-25T00:31:56+00:00","author":{"@id":"https:\/\/www.gaveanews.com\/#\/schema\/person\/daf63eec72e1164eb13dc35096c2b8da"},"breadcrumb":{"@id":"https:\/\/www.gaveanews.com\/index.php\/2024\/07\/24\/a-declaracao-de-arrascaeta-apos-o-gol-do-flamengo-contra-o-vitoria\/#breadcrumb"},"inLanguage":"pt-BR","potentialAction":[{"@type":"ReadAction","target":["https:\/\/www.gaveanews.com\/index.php\/2024\/07\/24\/a-declaracao-de-arrascaeta-apos-o-gol-do-flamengo-contra-o-vitoria\/"]}]},{"@type":"ImageObject","inLanguage":"pt-BR","@id":"https:\/\/www.gaveanews.com\/index.php\/2024\/07\/24\/a-declaracao-de-arrascaeta-apos-o-gol-do-flamengo-contra-o-vitoria\/#primaryimage","url":"https:\/\/www.gaveanews.com\/wp-content\/uploads\/arrascaeta-flamengo-gol.webp","contentUrl":"https:\/\/www.gaveanews.com\/wp-content\/uploads\/arrascaeta-flamengo-gol.webp","width":900,"height":600,"caption":"Arrascaeta marca gol pelo Flamengo (Foto: Gilvan de Souza\/Flamengo)"},{"@type":"BreadcrumbList","@id":"https:\/\/www.gaveanews.com\/index.php\/2024\/07\/24\/a-declaracao-de-arrascaeta-apos-o-gol-do-flamengo-contra-o-vitoria\/#breadcrumb","itemListElement":[{"@type":"ListItem","position":1,"name":"Home","item":"https:\/\/www.gaveanews.com\/"},{"@type":"ListItem","position":2,"name":"A declara\u00e7\u00e3o de Arrascaeta ap\u00f3s o gol do Flamengo contra o Vit\u00f3ria"}]},{"@type":"WebSite","@id":"https:\/\/www.gaveanews.com\/#website","url":"https:\/\/www.gaveanews.com\/","name":"G\u00e1vea News","description":"Veja todas as not\u00edcias sobre o Flamengo: Contrata\u00e7\u00f5es, categorias de base, resultados das partidas, tabela de classifica\u00e7\u00e3o, pr\u00f3ximos jogos!","potentialAction":[{"@type":"SearchAction","target":{"@type":"EntryPoint","urlTemplate":"https:\/\/www.gaveanews.com\/?s={search_term_string}"},"query-input":{"@type":"PropertyValueSpecification","valueRequired":true,"valueName":"search_term_string"}}],"inLanguage":"pt-BR"},{"@type":"Person","@id":"https:\/\/www.gaveanews.com\/#\/schema\/person\/daf63eec72e1164eb13dc35096c2b8da","name":"Paula Silva","image":{"@type":"ImageObject","inLanguage":"pt-BR","@id":"https:\/\/www.gaveanews.com\/#\/schema\/person\/image\/","url":"https:\/\/secure.gravatar.com\/avatar\/eda381c845527cc5d64c13b901833cda29d97500ba040d3e6461f76f51d163bb?s=96&d=mm&r=g","contentUrl":"https:\/\/secure.gravatar.com\/avatar\/eda381c845527cc5d64c13b901833cda29d97500ba040d3e6461f76f51d163bb?s=96&d=mm&r=g","caption":"Paula Silva"}}]}},"_links":{"self":[{"href":"https:\/\/www.gaveanews.com\/index.php\/wp-json\/wp\/v2\/posts\/154334","targetHints":{"allow":["GET"]}}],"collection":[{"href":"https:\/\/www.gaveanews.com\/index.php\/wp-json\/wp\/v2\/posts"}],"about":[{"href":"https:\/\/www.gaveanews.com\/index.php\/wp-json\/wp\/v2\/types\/post"}],"author":[{"embeddable":true,"href":"https:\/\/www.gaveanews.com\/index.php\/wp-json\/wp\/v2\/users\/18"}],"replies":[{"embeddable":true,"href":"https:\/\/www.gaveanews.com\/index.php\/wp-json\/wp\/v2\/comments?post=154334"}],"version-history":[{"count":4,"href":"https:\/\/www.gaveanews.com\/index.php\/wp-json\/wp\/v2\/posts\/154334\/revisions"}],"predecessor-version":[{"id":154338,"href":"https:\/\/www.gaveanews.com\/index.php\/wp-json\/wp\/v2\/posts\/154334\/revisions\/154338"}],"wp:featuredmedia":[{"embeddable":true,"href":"https:\/\/www.gaveanews.com\/index.php\/wp-json\/wp\/v2\/media\/146116"}],"wp:attachment":[{"href":"https:\/\/www.gaveanews.com\/index.php\/wp-json\/wp\/v2\/media?parent=154334"}],"wp:term":[{"taxonomy":"category","embeddable":true,"href":"https:\/\/www.gaveanews.com\/index.php\/wp-json\/wp\/v2\/categories?post=154334"},{"taxonomy":"post_tag","embeddable":true,"href":"https:\/\/www.gaveanews.com\/index.php\/wp-json\/wp\/v2\/tags?post=154334"}],"curies":[{"name":"wp","href":"https:\/\/api.w.org\/{rel}","templated":true}]}}