{"id":154519,"date":"2024-07-26T11:30:00","date_gmt":"2024-07-26T14:30:00","guid":{"rendered":"https:\/\/www.gaveanews.com\/?p=154519"},"modified":"2024-07-26T10:59:55","modified_gmt":"2024-07-26T13:59:55","slug":"quando-marcos-antonio-vai-jogar-pelo-sao-paulo","status":"publish","type":"post","link":"https:\/\/www.gaveanews.com\/index.php\/2024\/07\/26\/quando-marcos-antonio-vai-jogar-pelo-sao-paulo\/","title":{"rendered":"Quando Marcos Ant\u00f4nio vai jogar pelo S\u00e3o Paulo?"},"content":{"rendered":"\n<h2 class=\"wp-block-heading\" id=\"h-atleta-precisa-ser-regularizado-no-bid-e-retomar-ritmo\">Atleta precisa ser regularizado no BID e retomar ritmo <\/h2>\n\n\n\n<p>Marcos Ant\u00f4nio foi anunciado como refor\u00e7o do S\u00e3o Paulo na \u00faltima ter\u00e7a-feira (23). At\u00e9 o momento, o meia \u00e9 o \u00fanico refor\u00e7o S\u00e3o Paulino na janela do meio do ano. O jogador acompanhou de perto a partida contra o Botafogo no Morumbis na quarta-feira, que terminou empatado em 2 a 2.<\/p>\n\n\n\n<ul class=\"wp-block-list\">\n<li><a href=\"https:\/\/www.gaveanews.com\/index.php\/2024\/07\/25\/ct-do-sao-paulo-e-utilizado-para-atividade-pouco-comum\/\">CT do S\u00e3o Paulo \u00e9 utilizado para atividade pouco comum<\/a><\/li>\n\n\n\n<li><a href=\"https:\/\/www.gaveanews.com\/index.php\/2024\/07\/24\/a-declaracao-de-lucas-moura-apos-o-empate-do-sao-paulo-2\/\">A declara\u00e7\u00e3o de Lucas Moura ap\u00f3s o empate do S\u00e3o Paulo<\/a><\/li>\n<\/ul>\n\n\n\n<p>Para estar liberado, o atleta precisa estar regularizado no BID (Boletim Informativo Di\u00e1rio) da CBF e tamb\u00e9m precisar\u00e1 aprimorar sua parte f\u00edsica. A \u00faltima vez que Marcos Ant\u00f4nio disputou uma partida foi em 24 de abril, na ocasi\u00e3o o meia defendia o PAOK, da Gr\u00e9cia, em partida v\u00e1lida pela Liga Grega. Ap\u00f3s isso, o atleta estava de f\u00e9rias e realizou apenas alguns trabalhos na academia. <\/p>\n\n\n\n<p>No CT da Barra Funda, o jogador fez dois treinamentos com os preparadores f\u00edsicos do clube, mas ainda n\u00e3o foi a campo para fazer treino com bola. Segundo o auxiliar Maxi Cuberas, Marcos ser\u00e1 avaliado e o processo n\u00e3o ser\u00e1 apressado. O meia n\u00e3o tem previs\u00e3o para estreia. <\/p>\n\n\n\n<p><em>&#8220;Marcos fez sua primeira sess\u00e3o de treinos, segue treinando, trabalhando, vamos seguir readaptando para ver em que condi\u00e7\u00f5es ele se encontra. Est\u00e1 com o grupo, vamos ver as condi\u00e7\u00f5es, se pode refor\u00e7ar a equipe, a\u00ed tomaremos essa decis\u00e3o&#8221;,<\/em> disse Maxi.<\/p>\n\n\n\n<p>Lembrando que Marcos chegou por empr\u00e9stimo de um ano junto a Lazio, da It\u00e1lia. O S\u00e3o Paulo ser\u00e1 obrigado a compra-lo em definitivo por 4,2 milh\u00f5es de euros (R$ 25,3 milh\u00f5es), caso o jogador entre em campo em 50% dos jogos no per\u00edodo de empr\u00e9stimo, com no m\u00ednimo de 45 minutos em campo em cada jogo. <\/p>\n\n\n\n<p>Marcos Ant\u00f4nio chega para ser titular na vaga de Alisson, que fraturou o tornozelo direito na partida contra o Gr\u00eamio no Morumbis. O camisa 25 j\u00e1 passou por cirurgia e iniciou o processo de recupera\u00e7\u00e3o. Alisson dever\u00e1 voltar aos gramados apenas na temporada que vem. <\/p>\n\n\n\n<p>Segundo o analista t\u00e1tico Henrique Mathias da p\u00e1gina Jogo Direto no X, Marcos Ant\u00f4nio \u00e9 um meio-campista organizador e de muita t\u00e9cnica, lembrando muito o Alisson. <\/p>\n\n\n\n<p><em>&#8220;Ele \u00e9 um meia organizador, semelhante \u00e0 Alisson e Pablo Maia em tipo de fun\u00e7\u00e3o. Jogou pouco nas \u00faltimas temporadas, por Lazio e PAOK, mas quando esteve em campo foi bem e sempre como um organizador, seja na esquerda, seu lado favorito, ou na direita&#8221;<\/em>, afirmou Henrique. <\/p>\n\n\n\n<p><em>&#8220;Jogador muito t\u00e9cnico, de bom passe, bastante din\u00e2mico e com boa agressividade sem a bola. Consegue oferecer muita din\u00e2mica \u00e0 equipe, tocando, passando e aproximando. Lembra demais o Alisson nesse quesito. Outro ponto \u00e9 que costuma tomar boas decis\u00f5es com a bola nos p\u00e9s&#8221;,<\/em> acrescentou. <\/p>\n\n\n\n<p>O analista ainda disse que acredita que o jogador n\u00e3o deve ter grandes dificuldades e dever\u00e1 ser titular absoluto no time e dever\u00e1 se destacar de forma positiva no futebol brasileiro. <\/p>\n","protected":false},"excerpt":{"rendered":"<p>Atleta precisa ser regularizado no BID e retomar ritmo Marcos Ant\u00f4nio foi anunciado como refor\u00e7o do S\u00e3o Paulo na \u00faltima ter\u00e7a-feira (23). At\u00e9 o momento, o meia \u00e9 o \u00fanico refor\u00e7o S\u00e3o Paulino na janela do meio do ano. O jogador acompanhou de perto a partida contra o Botafogo no Morumbis na quarta-feira, que terminou [&hellip;]<\/p>\n","protected":false},"author":21,"featured_media":154553,"comment_status":"open","ping_status":"closed","sticky":false,"template":"","format":"standard","meta":{"footnotes":""},"categories":[151],"tags":[],"class_list":["post-154519","post","type-post","status-publish","format-standard","has-post-thumbnail","hentry","category-sao-paulo"],"yoast_head":"<!-- This site is optimized with the Yoast SEO Premium plugin v24.2 (Yoast SEO v26.9) - https:\/\/yoast.com\/product\/yoast-seo-premium-wordpress\/ -->\n<title>Quando Marcos Ant\u00f4nio vai jogar pelo S\u00e3o Paulo?<\/title>\n<meta name=\"robots\" content=\"index, follow, max-snippet:-1, max-image-preview:large, max-video-preview:-1\" \/>\n<link rel=\"canonical\" href=\"https:\/\/www.gaveanews.com\/index.php\/2024\/07\/26\/quando-marcos-antonio-vai-jogar-pelo-sao-paulo\/\" \/>\n<meta property=\"og:locale\" content=\"pt_BR\" \/>\n<meta property=\"og:type\" content=\"article\" \/>\n<meta property=\"og:title\" content=\"Quando Marcos Ant\u00f4nio vai jogar pelo S\u00e3o Paulo?\" \/>\n<meta property=\"og:description\" content=\"Atleta precisa ser regularizado no BID e retomar ritmo Marcos Ant\u00f4nio foi anunciado como refor\u00e7o do S\u00e3o Paulo na \u00faltima ter\u00e7a-feira (23). At\u00e9 o momento, o meia \u00e9 o \u00fanico refor\u00e7o S\u00e3o Paulino na janela do meio do ano. O jogador acompanhou de perto a partida contra o Botafogo no Morumbis na quarta-feira, que terminou [&hellip;]\" \/>\n<meta property=\"og:url\" content=\"https:\/\/www.gaveanews.com\/index.php\/2024\/07\/26\/quando-marcos-antonio-vai-jogar-pelo-sao-paulo\/\" \/>\n<meta property=\"og:site_name\" content=\"G\u00e1vea News\" \/>\n<meta property=\"article:publisher\" content=\"https:\/\/facebook.com\/gaveaNews\/\" \/>\n<meta property=\"article:published_time\" content=\"2024-07-26T14:30:00+00:00\" \/>\n<meta property=\"og:image\" content=\"https:\/\/www.gaveanews.com\/wp-content\/uploads\/imagem_2024-07-25_161825956-821x1024.webp\" \/>\n\t<meta property=\"og:image:width\" content=\"821\" \/>\n\t<meta property=\"og:image:height\" content=\"1024\" \/>\n\t<meta property=\"og:image:type\" content=\"image\/png\" \/>\n<meta name=\"author\" content=\"Andr\u00e9 Serra\" \/>\n<meta name=\"twitter:card\" content=\"summary_large_image\" \/>\n<meta name=\"twitter:label1\" content=\"Escrito por\" \/>\n\t<meta name=\"twitter:data1\" content=\"Andr\u00e9 Serra\" \/>\n\t<meta name=\"twitter:label2\" content=\"Est. tempo de leitura\" \/>\n\t<meta name=\"twitter:data2\" content=\"3 minutos\" \/>\n<script type=\"application\/ld+json\" class=\"yoast-schema-graph\">{\"@context\":\"https:\/\/schema.org\",\"@graph\":[{\"@type\":\"NewsArticle\",\"@id\":\"https:\/\/www.gaveanews.com\/index.php\/2024\/07\/26\/quando-marcos-antonio-vai-jogar-pelo-sao-paulo\/#article\",\"isPartOf\":{\"@id\":\"https:\/\/www.gaveanews.com\/index.php\/2024\/07\/26\/quando-marcos-antonio-vai-jogar-pelo-sao-paulo\/\"},\"author\":{\"name\":\"Andr\u00e9 Serra\",\"@id\":\"https:\/\/www.gaveanews.com\/#\/schema\/person\/0277a79a1289c451c281ec0411d84f0c\"},\"headline\":\"Quando Marcos Ant\u00f4nio vai jogar pelo S\u00e3o Paulo?\",\"datePublished\":\"2024-07-26T14:30:00+00:00\",\"mainEntityOfPage\":{\"@id\":\"https:\/\/www.gaveanews.com\/index.php\/2024\/07\/26\/quando-marcos-antonio-vai-jogar-pelo-sao-paulo\/\"},\"wordCount\":529,\"commentCount\":0,\"image\":{\"@id\":\"https:\/\/www.gaveanews.com\/index.php\/2024\/07\/26\/quando-marcos-antonio-vai-jogar-pelo-sao-paulo\/#primaryimage\"},\"thumbnailUrl\":\"https:\/\/www.gaveanews.com\/wp-content\/uploads\/imagem_2024-07-25_161825956.webp\",\"articleSection\":[\"S\u00e3o Paulo\"],\"inLanguage\":\"pt-BR\",\"potentialAction\":[{\"@type\":\"CommentAction\",\"name\":\"Comment\",\"target\":[\"https:\/\/www.gaveanews.com\/index.php\/2024\/07\/26\/quando-marcos-antonio-vai-jogar-pelo-sao-paulo\/#respond\"]}],\"copyrightYear\":\"2024\",\"copyrightHolder\":{\"@id\":\"https:\/\/www.gaveanews.com\/#organization\"}},{\"@type\":\"WebPage\",\"@id\":\"https:\/\/www.gaveanews.com\/index.php\/2024\/07\/26\/quando-marcos-antonio-vai-jogar-pelo-sao-paulo\/\",\"url\":\"https:\/\/www.gaveanews.com\/index.php\/2024\/07\/26\/quando-marcos-antonio-vai-jogar-pelo-sao-paulo\/\",\"name\":\"Quando Marcos Ant\u00f4nio vai jogar pelo S\u00e3o Paulo?\",\"isPartOf\":{\"@id\":\"https:\/\/www.gaveanews.com\/#website\"},\"primaryImageOfPage\":{\"@id\":\"https:\/\/www.gaveanews.com\/index.php\/2024\/07\/26\/quando-marcos-antonio-vai-jogar-pelo-sao-paulo\/#primaryimage\"},\"image\":{\"@id\":\"https:\/\/www.gaveanews.com\/index.php\/2024\/07\/26\/quando-marcos-antonio-vai-jogar-pelo-sao-paulo\/#primaryimage\"},\"thumbnailUrl\":\"https:\/\/www.gaveanews.com\/wp-content\/uploads\/imagem_2024-07-25_161825956.webp\",\"datePublished\":\"2024-07-26T14:30:00+00:00\",\"author\":{\"@id\":\"https:\/\/www.gaveanews.com\/#\/schema\/person\/0277a79a1289c451c281ec0411d84f0c\"},\"breadcrumb\":{\"@id\":\"https:\/\/www.gaveanews.com\/index.php\/2024\/07\/26\/quando-marcos-antonio-vai-jogar-pelo-sao-paulo\/#breadcrumb\"},\"inLanguage\":\"pt-BR\",\"potentialAction\":[{\"@type\":\"ReadAction\",\"target\":[\"https:\/\/www.gaveanews.com\/index.php\/2024\/07\/26\/quando-marcos-antonio-vai-jogar-pelo-sao-paulo\/\"]}]},{\"@type\":\"ImageObject\",\"inLanguage\":\"pt-BR\",\"@id\":\"https:\/\/www.gaveanews.com\/index.php\/2024\/07\/26\/quando-marcos-antonio-vai-jogar-pelo-sao-paulo\/#primaryimage\",\"url\":\"https:\/\/www.gaveanews.com\/wp-content\/uploads\/imagem_2024-07-25_161825956.webp\",\"contentUrl\":\"https:\/\/www.gaveanews.com\/wp-content\/uploads\/imagem_2024-07-25_161825956.webp\",\"width\":1242,\"height\":1550,\"caption\":\"Marcos Ant\u00f4nio com a camisa do S\u00e3o Paulo em 2024 (Foto: Reprodu\u00e7\u00e3o\/S\u00e3o Paulo)\"},{\"@type\":\"BreadcrumbList\",\"@id\":\"https:\/\/www.gaveanews.com\/index.php\/2024\/07\/26\/quando-marcos-antonio-vai-jogar-pelo-sao-paulo\/#breadcrumb\",\"itemListElement\":[{\"@type\":\"ListItem\",\"position\":1,\"name\":\"Home\",\"item\":\"https:\/\/www.gaveanews.com\/\"},{\"@type\":\"ListItem\",\"position\":2,\"name\":\"Quando Marcos Ant\u00f4nio vai jogar pelo S\u00e3o Paulo?\"}]},{\"@type\":\"WebSite\",\"@id\":\"https:\/\/www.gaveanews.com\/#website\",\"url\":\"https:\/\/www.gaveanews.com\/\",\"name\":\"G\u00e1vea News\",\"description\":\"Veja todas as not\u00edcias sobre o Flamengo: Contrata\u00e7\u00f5es, categorias de base, resultados das partidas, tabela de classifica\u00e7\u00e3o, pr\u00f3ximos jogos!\",\"potentialAction\":[{\"@type\":\"SearchAction\",\"target\":{\"@type\":\"EntryPoint\",\"urlTemplate\":\"https:\/\/www.gaveanews.com\/?s={search_term_string}\"},\"query-input\":{\"@type\":\"PropertyValueSpecification\",\"valueRequired\":true,\"valueName\":\"search_term_string\"}}],\"inLanguage\":\"pt-BR\"},{\"@type\":\"Person\",\"@id\":\"https:\/\/www.gaveanews.com\/#\/schema\/person\/0277a79a1289c451c281ec0411d84f0c\",\"name\":\"Andr\u00e9 Serra\",\"image\":{\"@type\":\"ImageObject\",\"inLanguage\":\"pt-BR\",\"@id\":\"https:\/\/www.gaveanews.com\/#\/schema\/person\/image\/\",\"url\":\"https:\/\/secure.gravatar.com\/avatar\/d7231369fe48db93292b3e88eb2162dbd9a34a47a8437d9ef3bcaca2a86a83d7?s=96&d=mm&r=g\",\"contentUrl\":\"https:\/\/secure.gravatar.com\/avatar\/d7231369fe48db93292b3e88eb2162dbd9a34a47a8437d9ef3bcaca2a86a83d7?s=96&d=mm&r=g\",\"caption\":\"Andr\u00e9 Serra\"}}]}<\/script>\n<!-- \/ Yoast SEO Premium plugin. -->","yoast_head_json":{"title":"Quando Marcos Ant\u00f4nio vai jogar pelo S\u00e3o Paulo?","robots":{"index":"index","follow":"follow","max-snippet":"max-snippet:-1","max-image-preview":"max-image-preview:large","max-video-preview":"max-video-preview:-1"},"canonical":"https:\/\/www.gaveanews.com\/index.php\/2024\/07\/26\/quando-marcos-antonio-vai-jogar-pelo-sao-paulo\/","og_locale":"pt_BR","og_type":"article","og_title":"Quando Marcos Ant\u00f4nio vai jogar pelo S\u00e3o Paulo?","og_description":"Atleta precisa ser regularizado no BID e retomar ritmo Marcos Ant\u00f4nio foi anunciado como refor\u00e7o do S\u00e3o Paulo na \u00faltima ter\u00e7a-feira (23). At\u00e9 o momento, o meia \u00e9 o \u00fanico refor\u00e7o S\u00e3o Paulino na janela do meio do ano. O jogador acompanhou de perto a partida contra o Botafogo no Morumbis na quarta-feira, que terminou [&hellip;]","og_url":"https:\/\/www.gaveanews.com\/index.php\/2024\/07\/26\/quando-marcos-antonio-vai-jogar-pelo-sao-paulo\/","og_site_name":"G\u00e1vea News","article_publisher":"https:\/\/facebook.com\/gaveaNews\/","article_published_time":"2024-07-26T14:30:00+00:00","og_image":[{"width":821,"height":1024,"url":"https:\/\/www.gaveanews.com\/wp-content\/uploads\/imagem_2024-07-25_161825956-821x1024.webp","type":"image\/png"}],"author":"Andr\u00e9 Serra","twitter_card":"summary_large_image","twitter_misc":{"Escrito por":"Andr\u00e9 Serra","Est. tempo de leitura":"3 minutos"},"schema":{"@context":"https:\/\/schema.org","@graph":[{"@type":"NewsArticle","@id":"https:\/\/www.gaveanews.com\/index.php\/2024\/07\/26\/quando-marcos-antonio-vai-jogar-pelo-sao-paulo\/#article","isPartOf":{"@id":"https:\/\/www.gaveanews.com\/index.php\/2024\/07\/26\/quando-marcos-antonio-vai-jogar-pelo-sao-paulo\/"},"author":{"name":"Andr\u00e9 Serra","@id":"https:\/\/www.gaveanews.com\/#\/schema\/person\/0277a79a1289c451c281ec0411d84f0c"},"headline":"Quando Marcos Ant\u00f4nio vai jogar pelo S\u00e3o Paulo?","datePublished":"2024-07-26T14:30:00+00:00","mainEntityOfPage":{"@id":"https:\/\/www.gaveanews.com\/index.php\/2024\/07\/26\/quando-marcos-antonio-vai-jogar-pelo-sao-paulo\/"},"wordCount":529,"commentCount":0,"image":{"@id":"https:\/\/www.gaveanews.com\/index.php\/2024\/07\/26\/quando-marcos-antonio-vai-jogar-pelo-sao-paulo\/#primaryimage"},"thumbnailUrl":"https:\/\/www.gaveanews.com\/wp-content\/uploads\/imagem_2024-07-25_161825956.webp","articleSection":["S\u00e3o Paulo"],"inLanguage":"pt-BR","potentialAction":[{"@type":"CommentAction","name":"Comment","target":["https:\/\/www.gaveanews.com\/index.php\/2024\/07\/26\/quando-marcos-antonio-vai-jogar-pelo-sao-paulo\/#respond"]}],"copyrightYear":"2024","copyrightHolder":{"@id":"https:\/\/www.gaveanews.com\/#organization"}},{"@type":"WebPage","@id":"https:\/\/www.gaveanews.com\/index.php\/2024\/07\/26\/quando-marcos-antonio-vai-jogar-pelo-sao-paulo\/","url":"https:\/\/www.gaveanews.com\/index.php\/2024\/07\/26\/quando-marcos-antonio-vai-jogar-pelo-sao-paulo\/","name":"Quando Marcos Ant\u00f4nio vai jogar pelo S\u00e3o Paulo?","isPartOf":{"@id":"https:\/\/www.gaveanews.com\/#website"},"primaryImageOfPage":{"@id":"https:\/\/www.gaveanews.com\/index.php\/2024\/07\/26\/quando-marcos-antonio-vai-jogar-pelo-sao-paulo\/#primaryimage"},"image":{"@id":"https:\/\/www.gaveanews.com\/index.php\/2024\/07\/26\/quando-marcos-antonio-vai-jogar-pelo-sao-paulo\/#primaryimage"},"thumbnailUrl":"https:\/\/www.gaveanews.com\/wp-content\/uploads\/imagem_2024-07-25_161825956.webp","datePublished":"2024-07-26T14:30:00+00:00","author":{"@id":"https:\/\/www.gaveanews.com\/#\/schema\/person\/0277a79a1289c451c281ec0411d84f0c"},"breadcrumb":{"@id":"https:\/\/www.gaveanews.com\/index.php\/2024\/07\/26\/quando-marcos-antonio-vai-jogar-pelo-sao-paulo\/#breadcrumb"},"inLanguage":"pt-BR","potentialAction":[{"@type":"ReadAction","target":["https:\/\/www.gaveanews.com\/index.php\/2024\/07\/26\/quando-marcos-antonio-vai-jogar-pelo-sao-paulo\/"]}]},{"@type":"ImageObject","inLanguage":"pt-BR","@id":"https:\/\/www.gaveanews.com\/index.php\/2024\/07\/26\/quando-marcos-antonio-vai-jogar-pelo-sao-paulo\/#primaryimage","url":"https:\/\/www.gaveanews.com\/wp-content\/uploads\/imagem_2024-07-25_161825956.webp","contentUrl":"https:\/\/www.gaveanews.com\/wp-content\/uploads\/imagem_2024-07-25_161825956.webp","width":1242,"height":1550,"caption":"Marcos Ant\u00f4nio com a camisa do S\u00e3o Paulo em 2024 (Foto: Reprodu\u00e7\u00e3o\/S\u00e3o Paulo)"},{"@type":"BreadcrumbList","@id":"https:\/\/www.gaveanews.com\/index.php\/2024\/07\/26\/quando-marcos-antonio-vai-jogar-pelo-sao-paulo\/#breadcrumb","itemListElement":[{"@type":"ListItem","position":1,"name":"Home","item":"https:\/\/www.gaveanews.com\/"},{"@type":"ListItem","position":2,"name":"Quando Marcos Ant\u00f4nio vai jogar pelo S\u00e3o Paulo?"}]},{"@type":"WebSite","@id":"https:\/\/www.gaveanews.com\/#website","url":"https:\/\/www.gaveanews.com\/","name":"G\u00e1vea News","description":"Veja todas as not\u00edcias sobre o Flamengo: Contrata\u00e7\u00f5es, categorias de base, resultados das partidas, tabela de classifica\u00e7\u00e3o, pr\u00f3ximos jogos!","potentialAction":[{"@type":"SearchAction","target":{"@type":"EntryPoint","urlTemplate":"https:\/\/www.gaveanews.com\/?s={search_term_string}"},"query-input":{"@type":"PropertyValueSpecification","valueRequired":true,"valueName":"search_term_string"}}],"inLanguage":"pt-BR"},{"@type":"Person","@id":"https:\/\/www.gaveanews.com\/#\/schema\/person\/0277a79a1289c451c281ec0411d84f0c","name":"Andr\u00e9 Serra","image":{"@type":"ImageObject","inLanguage":"pt-BR","@id":"https:\/\/www.gaveanews.com\/#\/schema\/person\/image\/","url":"https:\/\/secure.gravatar.com\/avatar\/d7231369fe48db93292b3e88eb2162dbd9a34a47a8437d9ef3bcaca2a86a83d7?s=96&d=mm&r=g","contentUrl":"https:\/\/secure.gravatar.com\/avatar\/d7231369fe48db93292b3e88eb2162dbd9a34a47a8437d9ef3bcaca2a86a83d7?s=96&d=mm&r=g","caption":"Andr\u00e9 Serra"}}]}},"_links":{"self":[{"href":"https:\/\/www.gaveanews.com\/index.php\/wp-json\/wp\/v2\/posts\/154519","targetHints":{"allow":["GET"]}}],"collection":[{"href":"https:\/\/www.gaveanews.com\/index.php\/wp-json\/wp\/v2\/posts"}],"about":[{"href":"https:\/\/www.gaveanews.com\/index.php\/wp-json\/wp\/v2\/types\/post"}],"author":[{"embeddable":true,"href":"https:\/\/www.gaveanews.com\/index.php\/wp-json\/wp\/v2\/users\/21"}],"replies":[{"embeddable":true,"href":"https:\/\/www.gaveanews.com\/index.php\/wp-json\/wp\/v2\/comments?post=154519"}],"version-history":[{"count":3,"href":"https:\/\/www.gaveanews.com\/index.php\/wp-json\/wp\/v2\/posts\/154519\/revisions"}],"predecessor-version":[{"id":154680,"href":"https:\/\/www.gaveanews.com\/index.php\/wp-json\/wp\/v2\/posts\/154519\/revisions\/154680"}],"wp:featuredmedia":[{"embeddable":true,"href":"https:\/\/www.gaveanews.com\/index.php\/wp-json\/wp\/v2\/media\/154553"}],"wp:attachment":[{"href":"https:\/\/www.gaveanews.com\/index.php\/wp-json\/wp\/v2\/media?parent=154519"}],"wp:term":[{"taxonomy":"category","embeddable":true,"href":"https:\/\/www.gaveanews.com\/index.php\/wp-json\/wp\/v2\/categories?post=154519"},{"taxonomy":"post_tag","embeddable":true,"href":"https:\/\/www.gaveanews.com\/index.php\/wp-json\/wp\/v2\/tags?post=154519"}],"curies":[{"name":"wp","href":"https:\/\/api.w.org\/{rel}","templated":true}]}}