{"id":154573,"date":"2024-07-26T14:30:00","date_gmt":"2024-07-26T17:30:00","guid":{"rendered":"https:\/\/www.gaveanews.com\/?p=154573"},"modified":"2024-07-26T13:34:50","modified_gmt":"2024-07-26T16:34:50","slug":"flamengo-acerta-contratacao-de-atacante-2","status":"publish","type":"post","link":"https:\/\/www.gaveanews.com\/index.php\/2024\/07\/26\/flamengo-acerta-contratacao-de-atacante-2\/","title":{"rendered":"Flamengo acerta contrata\u00e7\u00e3o de atacante"},"content":{"rendered":"\n<p>O Flamengo \u00e9 conhecido por ser um clube que se destaca na forma\u00e7\u00e3o e no desenvolvimento de jovens atletas. Neste cen\u00e1rio, o Meng\u00e3o est\u00e1 investindo nas categorias de base e acertando a contrata\u00e7\u00e3o de alguns jogadores para divis\u00f5es inferiores.<\/p>\n\n\n\n<ul class=\"wp-block-list\">\n<li><a href=\"https:\/\/www.gaveanews.com\/index.php\/2024\/07\/25\/flamengo-fecha-contratacao-junto-ao-fortaleza\/\">Flamengo fecha contrata\u00e7\u00e3o junto ao Fortaleza<\/a><\/li>\n\n\n\n<li><a href=\"https:\/\/www.gaveanews.com\/index.php\/2024\/07\/23\/revelacao-do-flamengo-assina-com-time-carioca\/\">Revela\u00e7\u00e3o do Flamengo assina com time carioca<\/a><\/li>\n<\/ul>\n\n\n\n<p>Desta vez, o Flamengo trouxe um atacante para atuar no Sub-11, e Ivan \u00e9 o mais novo jovem talento do Meng\u00e3o. O jovem \u00e9 de Roraima e treinava na escolinha &#8216;Guerrerinhos do Flu&#8217;. O centroavante, vale ressaltar, foi aprovado em duas etapas de testes no Fluminense.<\/p>\n\n\n\n<figure class=\"wp-block-embed is-type-photo is-provider-flickr wp-block-embed-flickr\"><div class=\"wp-block-embed__wrapper\">\n<a href=\"https:\/\/flic.kr\/p\/2q6ti5B\"><img loading=\"lazy\" decoding=\"async\" src=\"https:\/\/live.staticflickr.com\/65535\/53883162935_953fcac658_z.webp\" alt=\"imagem_2024-07-26_133357538\" width=\"580\" height=\"572\" \/><\/a>\n<\/div><\/figure>\n\n\n\n<p>Na terceira fase do teste no Fluminense, o Rubro-Negro conseguiu viabilizar uma avalia\u00e7\u00e3o para Ivan, que foi aprovado e est\u00e1 integrado ao Sub-11. Vale ressaltar, ainda, que Ivan tamb\u00e9m j\u00e1 atuou pelo Flamengo Roraima. A informa\u00e7\u00e3o \u00e9 do Flazoeiro.<\/p>\n\n\n\n<h2 class=\"wp-block-heading\" id=\"h-outras-contratacoes\">Outras contrata\u00e7\u00f5es<\/h2>\n\n\n\n<p>Al\u00e9m de Ivan, integrado ao Sub-11, o Flamengo j\u00e1 acertou as chegadas de jogadores para outras duas categorias: o Sub-13 e o Sub-16. Para o Sub-13, o Meng\u00e3o focou na contrata\u00e7\u00e3o de um goleiro, e acertou a transfer\u00eancia de Enzo, que pertencia ao Fortaleza. O arqueiro, no entanto, j\u00e1 tinha atuado pela escolinha Flamengo em Fortaleza, e agora, vai ter a oportunidade de defender o Manto Sagrado.<\/p>\n\n\n\n<p>J\u00e1 para o Sub-16, assim como no Sub-11, a prioridade do Flamengo tamb\u00e9m foi o ataque. O Rubro-Negro contratou o jovem Kaio Vieira, de 16 anos, que defendia o Boston City-MG. O desempenho do centroavante no Campeonato Mineiro da \u00faltima temporada foi o que chamou a aten\u00e7\u00e3o do Meng\u00e3o. <\/p>\n\n\n\n<p>Sa\u00eddas<\/p>\n\n\n\n<p>Se acerta a chegada de jogadores para categorias inferiores, o Flamengo tamb\u00e9m negocia sa\u00eddas de jovens que estavam integrados ao elenco principal, mas tinham estourado (ou estavam pr\u00f3ximos de estourar) a idade limite para atuar pela base.<\/p>\n\n\n\n<p>Nesse \u00ednterim, o Mengo garantiu as vendas de Werton e Gabriel Noga para o Leix\u00f5es, de Portugal. O zagueiro estava emprestado ao clube portugu\u00eas desde o ano passado, e a equipe decidiu exercer a compra por 375 mil euros, R$ 2,2 milh\u00f5es.<\/p>\n\n\n\n<p>O atacante, por sua vez, ter\u00e1 a primeira experi\u00eancia internacional e foi negociado por 1 milh\u00e3o de euros, cerca de R$ 6 milh\u00f5es na cota\u00e7\u00e3o atual.  <\/p>\n","protected":false},"excerpt":{"rendered":"<p>O Flamengo \u00e9 conhecido por ser um clube que se destaca na forma\u00e7\u00e3o e no desenvolvimento de jovens atletas. Neste cen\u00e1rio, o Meng\u00e3o est\u00e1 investindo nas categorias de base e acertando a contrata\u00e7\u00e3o de alguns jogadores para divis\u00f5es inferiores. Desta vez, o Flamengo trouxe um atacante para atuar no Sub-11, e Ivan \u00e9 o mais [&hellip;]<\/p>\n","protected":false},"author":18,"featured_media":129425,"comment_status":"open","ping_status":"closed","sticky":false,"template":"","format":"standard","meta":{"footnotes":""},"categories":[1],"tags":[],"class_list":["post-154573","post","type-post","status-publish","format-standard","has-post-thumbnail","hentry","category-flamengo"],"yoast_head":"<!-- This site is optimized with the Yoast SEO Premium plugin v24.2 (Yoast SEO v26.9) - https:\/\/yoast.com\/product\/yoast-seo-premium-wordpress\/ -->\n<title>Flamengo acerta contrata\u00e7\u00e3o de atacante<\/title>\n<meta name=\"robots\" content=\"index, follow, max-snippet:-1, max-image-preview:large, max-video-preview:-1\" \/>\n<link rel=\"canonical\" href=\"https:\/\/www.gaveanews.com\/index.php\/2024\/07\/26\/flamengo-acerta-contratacao-de-atacante-2\/\" \/>\n<meta property=\"og:locale\" content=\"pt_BR\" \/>\n<meta property=\"og:type\" content=\"article\" \/>\n<meta property=\"og:title\" content=\"Flamengo acerta contrata\u00e7\u00e3o de atacante\" \/>\n<meta property=\"og:description\" content=\"O Flamengo \u00e9 conhecido por ser um clube que se destaca na forma\u00e7\u00e3o e no desenvolvimento de jovens atletas. Neste cen\u00e1rio, o Meng\u00e3o est\u00e1 investindo nas categorias de base e acertando a contrata\u00e7\u00e3o de alguns jogadores para divis\u00f5es inferiores. Desta vez, o Flamengo trouxe um atacante para atuar no Sub-11, e Ivan \u00e9 o mais [&hellip;]\" \/>\n<meta property=\"og:url\" content=\"https:\/\/www.gaveanews.com\/index.php\/2024\/07\/26\/flamengo-acerta-contratacao-de-atacante-2\/\" \/>\n<meta property=\"og:site_name\" content=\"G\u00e1vea News\" \/>\n<meta property=\"article:publisher\" content=\"https:\/\/facebook.com\/gaveaNews\/\" \/>\n<meta property=\"article:published_time\" content=\"2024-07-26T17:30:00+00:00\" \/>\n<meta property=\"og:image\" content=\"https:\/\/www.gaveanews.com\/wp-content\/uploads\/CT-Ninho-do-Urubu.webp\" \/>\n\t<meta property=\"og:image:width\" content=\"640\" \/>\n\t<meta property=\"og:image:height\" content=\"400\" \/>\n\t<meta property=\"og:image:type\" content=\"image\/jpeg\" \/>\n<meta name=\"author\" content=\"Paula Silva\" \/>\n<meta name=\"twitter:card\" content=\"summary_large_image\" \/>\n<meta name=\"twitter:label1\" content=\"Escrito por\" \/>\n\t<meta name=\"twitter:data1\" content=\"Paula Silva\" \/>\n\t<meta name=\"twitter:label2\" content=\"Est. tempo de leitura\" \/>\n\t<meta name=\"twitter:data2\" content=\"3 minutos\" \/>\n<script type=\"application\/ld+json\" class=\"yoast-schema-graph\">{\"@context\":\"https:\/\/schema.org\",\"@graph\":[{\"@type\":\"NewsArticle\",\"@id\":\"https:\/\/www.gaveanews.com\/index.php\/2024\/07\/26\/flamengo-acerta-contratacao-de-atacante-2\/#article\",\"isPartOf\":{\"@id\":\"https:\/\/www.gaveanews.com\/index.php\/2024\/07\/26\/flamengo-acerta-contratacao-de-atacante-2\/\"},\"author\":{\"name\":\"Paula Silva\",\"@id\":\"https:\/\/www.gaveanews.com\/#\/schema\/person\/daf63eec72e1164eb13dc35096c2b8da\"},\"headline\":\"Flamengo acerta contrata\u00e7\u00e3o de atacante\",\"datePublished\":\"2024-07-26T17:30:00+00:00\",\"mainEntityOfPage\":{\"@id\":\"https:\/\/www.gaveanews.com\/index.php\/2024\/07\/26\/flamengo-acerta-contratacao-de-atacante-2\/\"},\"wordCount\":395,\"commentCount\":0,\"image\":{\"@id\":\"https:\/\/www.gaveanews.com\/index.php\/2024\/07\/26\/flamengo-acerta-contratacao-de-atacante-2\/#primaryimage\"},\"thumbnailUrl\":\"https:\/\/www.gaveanews.com\/wp-content\/uploads\/CT-Ninho-do-Urubu.webp\",\"articleSection\":[\"Flamengo\"],\"inLanguage\":\"pt-BR\",\"potentialAction\":[{\"@type\":\"CommentAction\",\"name\":\"Comment\",\"target\":[\"https:\/\/www.gaveanews.com\/index.php\/2024\/07\/26\/flamengo-acerta-contratacao-de-atacante-2\/#respond\"]}],\"copyrightYear\":\"2024\",\"copyrightHolder\":{\"@id\":\"https:\/\/www.gaveanews.com\/#organization\"}},{\"@type\":\"WebPage\",\"@id\":\"https:\/\/www.gaveanews.com\/index.php\/2024\/07\/26\/flamengo-acerta-contratacao-de-atacante-2\/\",\"url\":\"https:\/\/www.gaveanews.com\/index.php\/2024\/07\/26\/flamengo-acerta-contratacao-de-atacante-2\/\",\"name\":\"Flamengo acerta contrata\u00e7\u00e3o de atacante\",\"isPartOf\":{\"@id\":\"https:\/\/www.gaveanews.com\/#website\"},\"primaryImageOfPage\":{\"@id\":\"https:\/\/www.gaveanews.com\/index.php\/2024\/07\/26\/flamengo-acerta-contratacao-de-atacante-2\/#primaryimage\"},\"image\":{\"@id\":\"https:\/\/www.gaveanews.com\/index.php\/2024\/07\/26\/flamengo-acerta-contratacao-de-atacante-2\/#primaryimage\"},\"thumbnailUrl\":\"https:\/\/www.gaveanews.com\/wp-content\/uploads\/CT-Ninho-do-Urubu.webp\",\"datePublished\":\"2024-07-26T17:30:00+00:00\",\"author\":{\"@id\":\"https:\/\/www.gaveanews.com\/#\/schema\/person\/daf63eec72e1164eb13dc35096c2b8da\"},\"breadcrumb\":{\"@id\":\"https:\/\/www.gaveanews.com\/index.php\/2024\/07\/26\/flamengo-acerta-contratacao-de-atacante-2\/#breadcrumb\"},\"inLanguage\":\"pt-BR\",\"potentialAction\":[{\"@type\":\"ReadAction\",\"target\":[\"https:\/\/www.gaveanews.com\/index.php\/2024\/07\/26\/flamengo-acerta-contratacao-de-atacante-2\/\"]}]},{\"@type\":\"ImageObject\",\"inLanguage\":\"pt-BR\",\"@id\":\"https:\/\/www.gaveanews.com\/index.php\/2024\/07\/26\/flamengo-acerta-contratacao-de-atacante-2\/#primaryimage\",\"url\":\"https:\/\/www.gaveanews.com\/wp-content\/uploads\/CT-Ninho-do-Urubu.webp\",\"contentUrl\":\"https:\/\/www.gaveanews.com\/wp-content\/uploads\/CT-Ninho-do-Urubu.webp\",\"width\":640,\"height\":400,\"caption\":\"CT Ninho do Urubu - Foto: Paula Reis\"},{\"@type\":\"BreadcrumbList\",\"@id\":\"https:\/\/www.gaveanews.com\/index.php\/2024\/07\/26\/flamengo-acerta-contratacao-de-atacante-2\/#breadcrumb\",\"itemListElement\":[{\"@type\":\"ListItem\",\"position\":1,\"name\":\"Home\",\"item\":\"https:\/\/www.gaveanews.com\/\"},{\"@type\":\"ListItem\",\"position\":2,\"name\":\"Flamengo acerta contrata\u00e7\u00e3o de atacante\"}]},{\"@type\":\"WebSite\",\"@id\":\"https:\/\/www.gaveanews.com\/#website\",\"url\":\"https:\/\/www.gaveanews.com\/\",\"name\":\"G\u00e1vea News\",\"description\":\"Veja todas as not\u00edcias sobre o Flamengo: Contrata\u00e7\u00f5es, categorias de base, resultados das partidas, tabela de classifica\u00e7\u00e3o, pr\u00f3ximos jogos!\",\"potentialAction\":[{\"@type\":\"SearchAction\",\"target\":{\"@type\":\"EntryPoint\",\"urlTemplate\":\"https:\/\/www.gaveanews.com\/?s={search_term_string}\"},\"query-input\":{\"@type\":\"PropertyValueSpecification\",\"valueRequired\":true,\"valueName\":\"search_term_string\"}}],\"inLanguage\":\"pt-BR\"},{\"@type\":\"Person\",\"@id\":\"https:\/\/www.gaveanews.com\/#\/schema\/person\/daf63eec72e1164eb13dc35096c2b8da\",\"name\":\"Paula Silva\",\"image\":{\"@type\":\"ImageObject\",\"inLanguage\":\"pt-BR\",\"@id\":\"https:\/\/www.gaveanews.com\/#\/schema\/person\/image\/\",\"url\":\"https:\/\/secure.gravatar.com\/avatar\/eda381c845527cc5d64c13b901833cda29d97500ba040d3e6461f76f51d163bb?s=96&d=mm&r=g\",\"contentUrl\":\"https:\/\/secure.gravatar.com\/avatar\/eda381c845527cc5d64c13b901833cda29d97500ba040d3e6461f76f51d163bb?s=96&d=mm&r=g\",\"caption\":\"Paula Silva\"}}]}<\/script>\n<!-- \/ Yoast SEO Premium plugin. -->","yoast_head_json":{"title":"Flamengo acerta contrata\u00e7\u00e3o de atacante","robots":{"index":"index","follow":"follow","max-snippet":"max-snippet:-1","max-image-preview":"max-image-preview:large","max-video-preview":"max-video-preview:-1"},"canonical":"https:\/\/www.gaveanews.com\/index.php\/2024\/07\/26\/flamengo-acerta-contratacao-de-atacante-2\/","og_locale":"pt_BR","og_type":"article","og_title":"Flamengo acerta contrata\u00e7\u00e3o de atacante","og_description":"O Flamengo \u00e9 conhecido por ser um clube que se destaca na forma\u00e7\u00e3o e no desenvolvimento de jovens atletas. Neste cen\u00e1rio, o Meng\u00e3o est\u00e1 investindo nas categorias de base e acertando a contrata\u00e7\u00e3o de alguns jogadores para divis\u00f5es inferiores. Desta vez, o Flamengo trouxe um atacante para atuar no Sub-11, e Ivan \u00e9 o mais [&hellip;]","og_url":"https:\/\/www.gaveanews.com\/index.php\/2024\/07\/26\/flamengo-acerta-contratacao-de-atacante-2\/","og_site_name":"G\u00e1vea News","article_publisher":"https:\/\/facebook.com\/gaveaNews\/","article_published_time":"2024-07-26T17:30:00+00:00","og_image":[{"width":640,"height":400,"url":"https:\/\/www.gaveanews.com\/wp-content\/uploads\/CT-Ninho-do-Urubu.webp","type":"image\/jpeg"}],"author":"Paula Silva","twitter_card":"summary_large_image","twitter_misc":{"Escrito por":"Paula Silva","Est. tempo de leitura":"3 minutos"},"schema":{"@context":"https:\/\/schema.org","@graph":[{"@type":"NewsArticle","@id":"https:\/\/www.gaveanews.com\/index.php\/2024\/07\/26\/flamengo-acerta-contratacao-de-atacante-2\/#article","isPartOf":{"@id":"https:\/\/www.gaveanews.com\/index.php\/2024\/07\/26\/flamengo-acerta-contratacao-de-atacante-2\/"},"author":{"name":"Paula Silva","@id":"https:\/\/www.gaveanews.com\/#\/schema\/person\/daf63eec72e1164eb13dc35096c2b8da"},"headline":"Flamengo acerta contrata\u00e7\u00e3o de atacante","datePublished":"2024-07-26T17:30:00+00:00","mainEntityOfPage":{"@id":"https:\/\/www.gaveanews.com\/index.php\/2024\/07\/26\/flamengo-acerta-contratacao-de-atacante-2\/"},"wordCount":395,"commentCount":0,"image":{"@id":"https:\/\/www.gaveanews.com\/index.php\/2024\/07\/26\/flamengo-acerta-contratacao-de-atacante-2\/#primaryimage"},"thumbnailUrl":"https:\/\/www.gaveanews.com\/wp-content\/uploads\/CT-Ninho-do-Urubu.webp","articleSection":["Flamengo"],"inLanguage":"pt-BR","potentialAction":[{"@type":"CommentAction","name":"Comment","target":["https:\/\/www.gaveanews.com\/index.php\/2024\/07\/26\/flamengo-acerta-contratacao-de-atacante-2\/#respond"]}],"copyrightYear":"2024","copyrightHolder":{"@id":"https:\/\/www.gaveanews.com\/#organization"}},{"@type":"WebPage","@id":"https:\/\/www.gaveanews.com\/index.php\/2024\/07\/26\/flamengo-acerta-contratacao-de-atacante-2\/","url":"https:\/\/www.gaveanews.com\/index.php\/2024\/07\/26\/flamengo-acerta-contratacao-de-atacante-2\/","name":"Flamengo acerta contrata\u00e7\u00e3o de atacante","isPartOf":{"@id":"https:\/\/www.gaveanews.com\/#website"},"primaryImageOfPage":{"@id":"https:\/\/www.gaveanews.com\/index.php\/2024\/07\/26\/flamengo-acerta-contratacao-de-atacante-2\/#primaryimage"},"image":{"@id":"https:\/\/www.gaveanews.com\/index.php\/2024\/07\/26\/flamengo-acerta-contratacao-de-atacante-2\/#primaryimage"},"thumbnailUrl":"https:\/\/www.gaveanews.com\/wp-content\/uploads\/CT-Ninho-do-Urubu.webp","datePublished":"2024-07-26T17:30:00+00:00","author":{"@id":"https:\/\/www.gaveanews.com\/#\/schema\/person\/daf63eec72e1164eb13dc35096c2b8da"},"breadcrumb":{"@id":"https:\/\/www.gaveanews.com\/index.php\/2024\/07\/26\/flamengo-acerta-contratacao-de-atacante-2\/#breadcrumb"},"inLanguage":"pt-BR","potentialAction":[{"@type":"ReadAction","target":["https:\/\/www.gaveanews.com\/index.php\/2024\/07\/26\/flamengo-acerta-contratacao-de-atacante-2\/"]}]},{"@type":"ImageObject","inLanguage":"pt-BR","@id":"https:\/\/www.gaveanews.com\/index.php\/2024\/07\/26\/flamengo-acerta-contratacao-de-atacante-2\/#primaryimage","url":"https:\/\/www.gaveanews.com\/wp-content\/uploads\/CT-Ninho-do-Urubu.webp","contentUrl":"https:\/\/www.gaveanews.com\/wp-content\/uploads\/CT-Ninho-do-Urubu.webp","width":640,"height":400,"caption":"CT Ninho do Urubu - Foto: Paula Reis"},{"@type":"BreadcrumbList","@id":"https:\/\/www.gaveanews.com\/index.php\/2024\/07\/26\/flamengo-acerta-contratacao-de-atacante-2\/#breadcrumb","itemListElement":[{"@type":"ListItem","position":1,"name":"Home","item":"https:\/\/www.gaveanews.com\/"},{"@type":"ListItem","position":2,"name":"Flamengo acerta contrata\u00e7\u00e3o de atacante"}]},{"@type":"WebSite","@id":"https:\/\/www.gaveanews.com\/#website","url":"https:\/\/www.gaveanews.com\/","name":"G\u00e1vea News","description":"Veja todas as not\u00edcias sobre o Flamengo: Contrata\u00e7\u00f5es, categorias de base, resultados das partidas, tabela de classifica\u00e7\u00e3o, pr\u00f3ximos jogos!","potentialAction":[{"@type":"SearchAction","target":{"@type":"EntryPoint","urlTemplate":"https:\/\/www.gaveanews.com\/?s={search_term_string}"},"query-input":{"@type":"PropertyValueSpecification","valueRequired":true,"valueName":"search_term_string"}}],"inLanguage":"pt-BR"},{"@type":"Person","@id":"https:\/\/www.gaveanews.com\/#\/schema\/person\/daf63eec72e1164eb13dc35096c2b8da","name":"Paula Silva","image":{"@type":"ImageObject","inLanguage":"pt-BR","@id":"https:\/\/www.gaveanews.com\/#\/schema\/person\/image\/","url":"https:\/\/secure.gravatar.com\/avatar\/eda381c845527cc5d64c13b901833cda29d97500ba040d3e6461f76f51d163bb?s=96&d=mm&r=g","contentUrl":"https:\/\/secure.gravatar.com\/avatar\/eda381c845527cc5d64c13b901833cda29d97500ba040d3e6461f76f51d163bb?s=96&d=mm&r=g","caption":"Paula Silva"}}]}},"_links":{"self":[{"href":"https:\/\/www.gaveanews.com\/index.php\/wp-json\/wp\/v2\/posts\/154573","targetHints":{"allow":["GET"]}}],"collection":[{"href":"https:\/\/www.gaveanews.com\/index.php\/wp-json\/wp\/v2\/posts"}],"about":[{"href":"https:\/\/www.gaveanews.com\/index.php\/wp-json\/wp\/v2\/types\/post"}],"author":[{"embeddable":true,"href":"https:\/\/www.gaveanews.com\/index.php\/wp-json\/wp\/v2\/users\/18"}],"replies":[{"embeddable":true,"href":"https:\/\/www.gaveanews.com\/index.php\/wp-json\/wp\/v2\/comments?post=154573"}],"version-history":[{"count":3,"href":"https:\/\/www.gaveanews.com\/index.php\/wp-json\/wp\/v2\/posts\/154573\/revisions"}],"predecessor-version":[{"id":155520,"href":"https:\/\/www.gaveanews.com\/index.php\/wp-json\/wp\/v2\/posts\/154573\/revisions\/155520"}],"wp:featuredmedia":[{"embeddable":true,"href":"https:\/\/www.gaveanews.com\/index.php\/wp-json\/wp\/v2\/media\/129425"}],"wp:attachment":[{"href":"https:\/\/www.gaveanews.com\/index.php\/wp-json\/wp\/v2\/media?parent=154573"}],"wp:term":[{"taxonomy":"category","embeddable":true,"href":"https:\/\/www.gaveanews.com\/index.php\/wp-json\/wp\/v2\/categories?post=154573"},{"taxonomy":"post_tag","embeddable":true,"href":"https:\/\/www.gaveanews.com\/index.php\/wp-json\/wp\/v2\/tags?post=154573"}],"curies":[{"name":"wp","href":"https:\/\/api.w.org\/{rel}","templated":true}]}}