{"id":154617,"date":"2024-07-26T05:45:00","date_gmt":"2024-07-26T08:45:00","guid":{"rendered":"https:\/\/www.gaveanews.com\/?p=154617"},"modified":"2024-07-25T20:24:32","modified_gmt":"2024-07-25T23:24:32","slug":"leo-ortiz-se-envolve-em-polemica-atitude-de-gabigol-chama-atencao-e-diretoria-recusa-reforco-veja-as-ultimas-noticias-do-flamengo","status":"publish","type":"post","link":"https:\/\/www.gaveanews.com\/index.php\/2024\/07\/26\/leo-ortiz-se-envolve-em-polemica-atitude-de-gabigol-chama-atencao-e-diretoria-recusa-reforco-veja-as-ultimas-noticias-do-flamengo\/","title":{"rendered":"L\u00e9o Ortiz se envolve em pol\u00eamica, atitude de Gabigol chama aten\u00e7\u00e3o e diretoria recusa refor\u00e7o: veja as \u00faltimas not\u00edcias do Flamengo"},"content":{"rendered":"\n<p>Nas \u00faltimas horas, o foco das not\u00edcias sobre o Flamengo se concentra nos bastidores do clube, com destaques como L\u00e9o Ortiz se envolvendo em pol\u00eamica e a diretoria recusando um refor\u00e7o.<\/p>\n\n\n\n<p>Por conta deste contexto, leia abaixo um resumo preparado pela equipe do portal G\u00e1vea News para lhe manter muito bem informado!<\/p>\n\n\n\n<h2 class=\"wp-block-heading\" id=\"h-atitude-de-gabigol\">Atitude de Gabigol<\/h2>\n\n\n\n<figure class=\"wp-block-image size-full\"><img loading=\"lazy\" decoding=\"async\" width=\"890\" height=\"488\" src=\"https:\/\/www.gaveanews.com\/wp-content\/uploads\/Com-a-camisa-99-Gabigol-comemora-gol-marcado-pelo-Flamengo.webp\" alt=\"\" class=\"wp-image-153120\" srcset=\"https:\/\/www.gaveanews.com\/wp-content\/uploads\/Com-a-camisa-99-Gabigol-comemora-gol-marcado-pelo-Flamengo.webp 890w, https:\/\/www.gaveanews.com\/wp-content\/uploads\/Com-a-camisa-99-Gabigol-comemora-gol-marcado-pelo-Flamengo-300x164.webp 300w, https:\/\/www.gaveanews.com\/wp-content\/uploads\/Com-a-camisa-99-Gabigol-comemora-gol-marcado-pelo-Flamengo-768x421.webp 768w, https:\/\/www.gaveanews.com\/wp-content\/uploads\/Com-a-camisa-99-Gabigol-comemora-gol-marcado-pelo-Flamengo-766x420.webp 766w, https:\/\/www.gaveanews.com\/wp-content\/uploads\/Com-a-camisa-99-Gabigol-comemora-gol-marcado-pelo-Flamengo-640x350.webp 640w, https:\/\/www.gaveanews.com\/wp-content\/uploads\/Com-a-camisa-99-Gabigol-comemora-gol-marcado-pelo-Flamengo-681x373.webp 681w, https:\/\/www.gaveanews.com\/wp-content\/uploads\/Com-a-camisa-99-Gabigol-comemora-gol-marcado-pelo-Flamengo-100x55.webp 100w\" sizes=\"auto, (max-width: 890px) 100vw, 890px\" \/><figcaption class=\"wp-element-caption\">Com a camisa 99, Gabigol comemora gol marcado pelo Flamengo (Foto: Paula Reis\/Flamengo)<\/figcaption><\/figure>\n\n\n\n<p>O atacante Gabigol, do Flamengo, fez uma publica\u00e7\u00e3o em sua rede social &#8216;X&#8217; ap\u00f3s a vit\u00f3ria contra o Vit\u00f3ria, mas apagou logo em seguida. Na partida contra o Vit\u00f3ria, Gabigol teve uma atua\u00e7\u00e3o destacada, com uma assist\u00eancia e uma chance criada em apenas 21 minutos em campo. Anteriormente, ele tamb\u00e9m marcou um gol decisivo contra o Crici\u00fama, mostrando sinais de recupera\u00e7\u00e3o em seu desempenho.<\/p>\n\n\n\n<blockquote class=\"twitter-tweet\"><p lang=\"pt\" dir=\"ltr\">Na manh\u00e3 seguinte ap\u00f3s o Flamengo ganhar do Vit\u00f3ria, Gabigol postou um v\u00eddeo de alguns urubus empoleirados em um poste com a legenda &quot;Obrigado pelo bom dia em casa&quot;. No entanto, Gabigol apagou a publica\u00e7\u00e3o logo em seguida. <a href=\"https:\/\/t.co\/LrTOgw49XX\">pic.twitter.com\/LrTOgw49XX<\/a><\/p>&mdash; G\u00e1vea News (@GaveaNews_) <a href=\"https:\/\/twitter.com\/GaveaNews_\/status\/1816525424412778895?ref_src=twsrc%5Etfw\">July 25, 2024<\/a><\/blockquote> <script async src=\"https:\/\/platform.twitter.com\/widgets.js\" charset=\"utf-8\"><\/script>\n\n\n\n<p>Gabigol tem demonstrado uma s\u00e9rie de boas atua\u00e7\u00f5es, elevando as expectativas de uma poss\u00edvel retomada de sua fase brilhante no Flamengo. Recentemente, o jogador passou por um per\u00edodo dif\u00edcil, incluindo um afastamento de tr\u00eas jogos pelo clube. Apesar disso, ele decidiu permanecer no Flamengo at\u00e9 o final do ano, mesmo com o interesse de outros clubes brasileiros e estrangeiros em sua contrata\u00e7\u00e3o.<\/p>\n\n\n\n<p>A renova\u00e7\u00e3o do contrato de Gabigol \u00e9 um ponto de discuss\u00e3o importante. O jogador deseja um contrato de longo prazo, mas o presidente do Flamengo, Landim, oferece apenas um ano de extens\u00e3o com um aumento salarial de 50%. Landim argumenta que Gabigol precisa recuperar completamente seu desempenho antes que o clube considere uma extens\u00e3o mais longa.<\/p>\n\n\n\n<h2 class=\"wp-block-heading\" id=\"h-leo-ortiz-se-envolve-em-polemica\">L\u00e9o Ortiz se envolve em pol\u00eamica<\/h2>\n\n\n\n<figure class=\"wp-block-image size-full\"><img loading=\"lazy\" decoding=\"async\" width=\"900\" height=\"599\" src=\"https:\/\/www.gaveanews.com\/wp-content\/uploads\/leo-ortiz-flamengo.webp\" alt=\"\" class=\"wp-image-145524\" srcset=\"https:\/\/www.gaveanews.com\/wp-content\/uploads\/leo-ortiz-flamengo.webp 900w, https:\/\/www.gaveanews.com\/wp-content\/uploads\/leo-ortiz-flamengo-300x200.webp 300w, https:\/\/www.gaveanews.com\/wp-content\/uploads\/leo-ortiz-flamengo-768x511.webp 768w, https:\/\/www.gaveanews.com\/wp-content\/uploads\/leo-ortiz-flamengo-631x420.webp 631w, https:\/\/www.gaveanews.com\/wp-content\/uploads\/leo-ortiz-flamengo-640x426.webp 640w, https:\/\/www.gaveanews.com\/wp-content\/uploads\/leo-ortiz-flamengo-681x453.webp 681w, https:\/\/www.gaveanews.com\/wp-content\/uploads\/leo-ortiz-flamengo-100x67.webp 100w\" sizes=\"auto, (max-width: 900px) 100vw, 900px\" \/><figcaption class=\"wp-element-caption\">L\u00e9o Ortiz em a\u00e7\u00e3o pelo Flamengo (Foto: Marcelo Cortes\/Flamengo)<\/figcaption><\/figure>\n\n\n\n<p>Desfalcado por v\u00e1rias semanas devido \u00e0 Copa Am\u00e9rica e les\u00f5es, o Flamengo precisou se reinventar em junho. O t\u00e9cnico Tite encontrou uma solu\u00e7\u00e3o para o meio-campo ao adiantar L\u00e9o Ortiz, que, originalmente zagueiro, foi treinado como volante e demonstrou bom desempenho na nova posi\u00e7\u00e3o. A torcida rubro-negra aprovou essa mudan\u00e7a, elogiando as atua\u00e7\u00f5es de Ortiz, a ponto de requisit\u00e1-lo como substituto de Erick Pulgar, que estava ausente por uma gastroenterite.<\/p>\n\n\n\n<p>Apesar do sucesso no meio-campo, o jornalista Fred Gomes relatou que L\u00e9o Ortiz prefere jogar como zagueiro e n\u00e3o tem atuado na nova fun\u00e7\u00e3o. Ortiz respondeu a essa declara\u00e7\u00e3o atrav\u00e9s das redes sociais, afirmando que est\u00e1 disposto a jogar em qualquer posi\u00e7\u00e3o que for necess\u00e1ria para a equipe. Sua disposi\u00e7\u00e3o refor\u00e7ou a confian\u00e7a dos torcedores e do time t\u00e9cnico, mostrando seu compromisso com o Flamengo.<\/p>\n\n\n\n<blockquote class=\"twitter-tweet\"><p lang=\"pt\" dir=\"ltr\">Nunca me neguei a jogar em nenhuma posi\u00e7\u00e3o\u2026 \ud83e\udd28 Sempre disse que quando precisasse em qualquer posi\u00e7\u00e3o estaria a disposi\u00e7\u00e3o! <a href=\"https:\/\/t.co\/cSiuRqVap1\">https:\/\/t.co\/cSiuRqVap1<\/a><\/p>&mdash; L\u00e9o Ortiz (@33leortiz) <a href=\"https:\/\/twitter.com\/33leortiz\/status\/1816531430849323055?ref_src=twsrc%5Etfw\">July 25, 2024<\/a><\/blockquote> <script async src=\"https:\/\/platform.twitter.com\/widgets.js\" charset=\"utf-8\"><\/script>\n\n\n\n<p>Mesmo com a disponibilidade declarada, L\u00e9o Ortiz ficou no banco durante os 90 minutos do jogo contra o Vit\u00f3ria. Ele espera uma nova oportunidade para atuar, possivelmente no confronto contra o Atl\u00e9tico-GO, que ocorrer\u00e1 no pr\u00f3ximo domingo no Maracan\u00e3. Ortiz continua a se preparar e aguardar seu momento para demonstrar suas habilidades em campo, seja como volante ou zagueiro.<\/p>\n\n\n\n<h2 class=\"wp-block-heading\" id=\"h-diretoria-recusa-reforco\">Diretoria recusa refor\u00e7o<\/h2>\n\n\n\n<figure class=\"wp-block-image size-large\"><img loading=\"lazy\" decoding=\"async\" width=\"819\" height=\"1024\" src=\"https:\/\/www.gaveanews.com\/wp-content\/uploads\/Gonzalo-Plata-em-acao-pelo-Al-Sadd-819x1024.webp\" alt=\"\" class=\"wp-image-153592\" srcset=\"https:\/\/www.gaveanews.com\/wp-content\/uploads\/Gonzalo-Plata-em-acao-pelo-Al-Sadd-819x1024.webp 819w, https:\/\/www.gaveanews.com\/wp-content\/uploads\/Gonzalo-Plata-em-acao-pelo-Al-Sadd-240x300.webp 240w, https:\/\/www.gaveanews.com\/wp-content\/uploads\/Gonzalo-Plata-em-acao-pelo-Al-Sadd-768x961.webp 768w, https:\/\/www.gaveanews.com\/wp-content\/uploads\/Gonzalo-Plata-em-acao-pelo-Al-Sadd-336x420.webp 336w, https:\/\/www.gaveanews.com\/wp-content\/uploads\/Gonzalo-Plata-em-acao-pelo-Al-Sadd-672x840.webp 672w, https:\/\/www.gaveanews.com\/wp-content\/uploads\/Gonzalo-Plata-em-acao-pelo-Al-Sadd-640x801.webp 640w, https:\/\/www.gaveanews.com\/wp-content\/uploads\/Gonzalo-Plata-em-acao-pelo-Al-Sadd-681x852.webp 681w, https:\/\/www.gaveanews.com\/wp-content\/uploads\/Gonzalo-Plata-em-acao-pelo-Al-Sadd-100x125.webp 100w, https:\/\/www.gaveanews.com\/wp-content\/uploads\/Gonzalo-Plata-em-acao-pelo-Al-Sadd.webp 1080w\" sizes=\"auto, (max-width: 819px) 100vw, 819px\" \/><figcaption class=\"wp-element-caption\">Gonzalo Plata em a\u00e7\u00e3o pelo Al Sadd (Foto: Reprodu\u00e7\u00e3o\/Instagram)<\/figcaption><\/figure>\n\n\n\n<p>O Flamengo foi um dos times mais ativos no mercado de transfer\u00eancias na \u00faltima janela, focando principalmente em contrata\u00e7\u00f5es para o meio-campo. No entanto, o clube carioca tamb\u00e9m recebeu uma oferta inesperada para contratar o atacante equatoriano Gonzalo Plata, que atualmente joga pelo Al Sadd, do Catar, e pela sele\u00e7\u00e3o equatoriana. Ven\u00ea Casagrande confirmou que Plata foi oferecido ao Flamengo, mas o clube tomou uma decis\u00e3o sobre essa poss\u00edvel contrata\u00e7\u00e3o.<\/p>\n\n\n\n<p>De acordo com informa\u00e7\u00f5es do jornalista Wilson Pimentel e do site RTI Esporte, o Flamengo decidiu n\u00e3o avan\u00e7ar com a contrata\u00e7\u00e3o de Gonzalo Plata devido aos altos custos envolvidos. O jogador tem um contrato com o Al Sadd at\u00e9 2028, com um sal\u00e1rio mensal de aproximadamente 2,3 milh\u00f5es e uma multa rescis\u00f3ria de quase 170 milh\u00f5es. Esses valores tornaram invi\u00e1vel o acordo para o Rubro-Negro Carioca.<\/p>\n\n\n\n<p>Embora o foco do Flamengo esteja em refor\u00e7ar o meio-campo, o clube ainda est\u00e1 considerando a possibilidade de contratar um novo atacante nesta janela de transfer\u00eancias. A decis\u00e3o sobre Gonzalo Plata demonstra a cautela do clube em rela\u00e7\u00e3o aos investimentos financeiros, buscando equilibrar as necessidades do elenco liderado por Tite com a viabilidade econ\u00f4mica das contrata\u00e7\u00f5es.<\/p>\n","protected":false},"excerpt":{"rendered":"<p>Nas \u00faltimas horas, o foco das not\u00edcias sobre o Flamengo se concentra nos bastidores do clube, com destaques como L\u00e9o Ortiz se envolvendo em pol\u00eamica e a diretoria recusando um refor\u00e7o. Por conta deste contexto, leia abaixo um resumo preparado pela equipe do portal G\u00e1vea News para lhe manter muito bem informado! Atitude de Gabigol [&hellip;]<\/p>\n","protected":false},"author":15,"featured_media":130723,"comment_status":"open","ping_status":"closed","sticky":false,"template":"","format":"standard","meta":{"footnotes":""},"categories":[1],"tags":[],"class_list":["post-154617","post","type-post","status-publish","format-standard","has-post-thumbnail","hentry","category-flamengo"],"yoast_head":"<!-- This site is optimized with the Yoast SEO Premium plugin v24.2 (Yoast SEO v26.9) - https:\/\/yoast.com\/product\/yoast-seo-premium-wordpress\/ -->\n<title>L\u00e9o Ortiz se envolve em pol\u00eamica, atitude de Gabigol chama aten\u00e7\u00e3o e diretoria recusa refor\u00e7o: veja as \u00faltimas not\u00edcias do Flamengo<\/title>\n<meta name=\"robots\" content=\"index, follow, max-snippet:-1, max-image-preview:large, max-video-preview:-1\" \/>\n<link rel=\"canonical\" href=\"https:\/\/www.gaveanews.com\/index.php\/2024\/07\/26\/leo-ortiz-se-envolve-em-polemica-atitude-de-gabigol-chama-atencao-e-diretoria-recusa-reforco-veja-as-ultimas-noticias-do-flamengo\/\" \/>\n<meta property=\"og:locale\" content=\"pt_BR\" \/>\n<meta property=\"og:type\" content=\"article\" \/>\n<meta property=\"og:title\" content=\"L\u00e9o Ortiz se envolve em pol\u00eamica, atitude de Gabigol chama aten\u00e7\u00e3o e diretoria recusa refor\u00e7o: veja as \u00faltimas not\u00edcias do Flamengo\" \/>\n<meta property=\"og:description\" content=\"Nas \u00faltimas horas, o foco das not\u00edcias sobre o Flamengo se concentra nos bastidores do clube, com destaques como L\u00e9o Ortiz se envolvendo em pol\u00eamica e a diretoria recusando um refor\u00e7o. Por conta deste contexto, leia abaixo um resumo preparado pela equipe do portal G\u00e1vea News para lhe manter muito bem informado! Atitude de Gabigol [&hellip;]\" \/>\n<meta property=\"og:url\" content=\"https:\/\/www.gaveanews.com\/index.php\/2024\/07\/26\/leo-ortiz-se-envolve-em-polemica-atitude-de-gabigol-chama-atencao-e-diretoria-recusa-reforco-veja-as-ultimas-noticias-do-flamengo\/\" \/>\n<meta property=\"og:site_name\" content=\"G\u00e1vea News\" \/>\n<meta property=\"article:publisher\" content=\"https:\/\/facebook.com\/gaveaNews\/\" \/>\n<meta property=\"article:published_time\" content=\"2024-07-26T08:45:00+00:00\" \/>\n<meta property=\"og:image\" content=\"https:\/\/www.gaveanews.com\/wp-content\/uploads\/Leo-Ortiz-em-coletiva-de-apresentacao-no-Flamengo.webp\" \/>\n\t<meta property=\"og:image:width\" content=\"1480\" \/>\n\t<meta property=\"og:image:height\" content=\"929\" \/>\n\t<meta property=\"og:image:type\" content=\"image\/png\" \/>\n<meta name=\"author\" content=\"Henrique Machado\" \/>\n<meta name=\"twitter:card\" content=\"summary_large_image\" \/>\n<meta name=\"twitter:label1\" content=\"Escrito por\" \/>\n\t<meta name=\"twitter:data1\" content=\"Henrique Machado\" \/>\n\t<meta name=\"twitter:label2\" content=\"Est. tempo de leitura\" \/>\n\t<meta name=\"twitter:data2\" content=\"5 minutos\" \/>\n<script type=\"application\/ld+json\" class=\"yoast-schema-graph\">{\"@context\":\"https:\/\/schema.org\",\"@graph\":[{\"@type\":\"NewsArticle\",\"@id\":\"https:\/\/www.gaveanews.com\/index.php\/2024\/07\/26\/leo-ortiz-se-envolve-em-polemica-atitude-de-gabigol-chama-atencao-e-diretoria-recusa-reforco-veja-as-ultimas-noticias-do-flamengo\/#article\",\"isPartOf\":{\"@id\":\"https:\/\/www.gaveanews.com\/index.php\/2024\/07\/26\/leo-ortiz-se-envolve-em-polemica-atitude-de-gabigol-chama-atencao-e-diretoria-recusa-reforco-veja-as-ultimas-noticias-do-flamengo\/\"},\"author\":{\"name\":\"Henrique Machado\",\"@id\":\"https:\/\/www.gaveanews.com\/#\/schema\/person\/fd07635ec039ec3ba74ad18ec8a6dbd6\"},\"headline\":\"L\u00e9o Ortiz se envolve em pol\u00eamica, atitude de Gabigol chama aten\u00e7\u00e3o e diretoria recusa refor\u00e7o: veja as \u00faltimas not\u00edcias do Flamengo\",\"datePublished\":\"2024-07-26T08:45:00+00:00\",\"mainEntityOfPage\":{\"@id\":\"https:\/\/www.gaveanews.com\/index.php\/2024\/07\/26\/leo-ortiz-se-envolve-em-polemica-atitude-de-gabigol-chama-atencao-e-diretoria-recusa-reforco-veja-as-ultimas-noticias-do-flamengo\/\"},\"wordCount\":850,\"commentCount\":0,\"image\":{\"@id\":\"https:\/\/www.gaveanews.com\/index.php\/2024\/07\/26\/leo-ortiz-se-envolve-em-polemica-atitude-de-gabigol-chama-atencao-e-diretoria-recusa-reforco-veja-as-ultimas-noticias-do-flamengo\/#primaryimage\"},\"thumbnailUrl\":\"https:\/\/www.gaveanews.com\/wp-content\/uploads\/Leo-Ortiz-em-coletiva-de-apresentacao-no-Flamengo.webp\",\"articleSection\":[\"Flamengo\"],\"inLanguage\":\"pt-BR\",\"potentialAction\":[{\"@type\":\"CommentAction\",\"name\":\"Comment\",\"target\":[\"https:\/\/www.gaveanews.com\/index.php\/2024\/07\/26\/leo-ortiz-se-envolve-em-polemica-atitude-de-gabigol-chama-atencao-e-diretoria-recusa-reforco-veja-as-ultimas-noticias-do-flamengo\/#respond\"]}],\"copyrightYear\":\"2024\",\"copyrightHolder\":{\"@id\":\"https:\/\/www.gaveanews.com\/#organization\"}},{\"@type\":\"WebPage\",\"@id\":\"https:\/\/www.gaveanews.com\/index.php\/2024\/07\/26\/leo-ortiz-se-envolve-em-polemica-atitude-de-gabigol-chama-atencao-e-diretoria-recusa-reforco-veja-as-ultimas-noticias-do-flamengo\/\",\"url\":\"https:\/\/www.gaveanews.com\/index.php\/2024\/07\/26\/leo-ortiz-se-envolve-em-polemica-atitude-de-gabigol-chama-atencao-e-diretoria-recusa-reforco-veja-as-ultimas-noticias-do-flamengo\/\",\"name\":\"L\u00e9o Ortiz se envolve em pol\u00eamica, atitude de Gabigol chama aten\u00e7\u00e3o e diretoria recusa refor\u00e7o: veja as \u00faltimas not\u00edcias do Flamengo\",\"isPartOf\":{\"@id\":\"https:\/\/www.gaveanews.com\/#website\"},\"primaryImageOfPage\":{\"@id\":\"https:\/\/www.gaveanews.com\/index.php\/2024\/07\/26\/leo-ortiz-se-envolve-em-polemica-atitude-de-gabigol-chama-atencao-e-diretoria-recusa-reforco-veja-as-ultimas-noticias-do-flamengo\/#primaryimage\"},\"image\":{\"@id\":\"https:\/\/www.gaveanews.com\/index.php\/2024\/07\/26\/leo-ortiz-se-envolve-em-polemica-atitude-de-gabigol-chama-atencao-e-diretoria-recusa-reforco-veja-as-ultimas-noticias-do-flamengo\/#primaryimage\"},\"thumbnailUrl\":\"https:\/\/www.gaveanews.com\/wp-content\/uploads\/Leo-Ortiz-em-coletiva-de-apresentacao-no-Flamengo.webp\",\"datePublished\":\"2024-07-26T08:45:00+00:00\",\"author\":{\"@id\":\"https:\/\/www.gaveanews.com\/#\/schema\/person\/fd07635ec039ec3ba74ad18ec8a6dbd6\"},\"breadcrumb\":{\"@id\":\"https:\/\/www.gaveanews.com\/index.php\/2024\/07\/26\/leo-ortiz-se-envolve-em-polemica-atitude-de-gabigol-chama-atencao-e-diretoria-recusa-reforco-veja-as-ultimas-noticias-do-flamengo\/#breadcrumb\"},\"inLanguage\":\"pt-BR\",\"potentialAction\":[{\"@type\":\"ReadAction\",\"target\":[\"https:\/\/www.gaveanews.com\/index.php\/2024\/07\/26\/leo-ortiz-se-envolve-em-polemica-atitude-de-gabigol-chama-atencao-e-diretoria-recusa-reforco-veja-as-ultimas-noticias-do-flamengo\/\"]}]},{\"@type\":\"ImageObject\",\"inLanguage\":\"pt-BR\",\"@id\":\"https:\/\/www.gaveanews.com\/index.php\/2024\/07\/26\/leo-ortiz-se-envolve-em-polemica-atitude-de-gabigol-chama-atencao-e-diretoria-recusa-reforco-veja-as-ultimas-noticias-do-flamengo\/#primaryimage\",\"url\":\"https:\/\/www.gaveanews.com\/wp-content\/uploads\/Leo-Ortiz-em-coletiva-de-apresentacao-no-Flamengo.webp\",\"contentUrl\":\"https:\/\/www.gaveanews.com\/wp-content\/uploads\/Leo-Ortiz-em-coletiva-de-apresentacao-no-Flamengo.webp\",\"width\":1480,\"height\":929,\"caption\":\"Leo Ortiz em coletiva de apresenta\u00e7\u00e3o no Flamengo - Foto: reprodu\u00e7\u00e3o FlaTV\"},{\"@type\":\"BreadcrumbList\",\"@id\":\"https:\/\/www.gaveanews.com\/index.php\/2024\/07\/26\/leo-ortiz-se-envolve-em-polemica-atitude-de-gabigol-chama-atencao-e-diretoria-recusa-reforco-veja-as-ultimas-noticias-do-flamengo\/#breadcrumb\",\"itemListElement\":[{\"@type\":\"ListItem\",\"position\":1,\"name\":\"Home\",\"item\":\"https:\/\/www.gaveanews.com\/\"},{\"@type\":\"ListItem\",\"position\":2,\"name\":\"L\u00e9o Ortiz se envolve em pol\u00eamica, atitude de Gabigol chama aten\u00e7\u00e3o e diretoria recusa refor\u00e7o: veja as \u00faltimas not\u00edcias do Flamengo\"}]},{\"@type\":\"WebSite\",\"@id\":\"https:\/\/www.gaveanews.com\/#website\",\"url\":\"https:\/\/www.gaveanews.com\/\",\"name\":\"G\u00e1vea News\",\"description\":\"Veja todas as not\u00edcias sobre o Flamengo: Contrata\u00e7\u00f5es, categorias de base, resultados das partidas, tabela de classifica\u00e7\u00e3o, pr\u00f3ximos jogos!\",\"potentialAction\":[{\"@type\":\"SearchAction\",\"target\":{\"@type\":\"EntryPoint\",\"urlTemplate\":\"https:\/\/www.gaveanews.com\/?s={search_term_string}\"},\"query-input\":{\"@type\":\"PropertyValueSpecification\",\"valueRequired\":true,\"valueName\":\"search_term_string\"}}],\"inLanguage\":\"pt-BR\"},{\"@type\":\"Person\",\"@id\":\"https:\/\/www.gaveanews.com\/#\/schema\/person\/fd07635ec039ec3ba74ad18ec8a6dbd6\",\"name\":\"Henrique Machado\",\"image\":{\"@type\":\"ImageObject\",\"inLanguage\":\"pt-BR\",\"@id\":\"https:\/\/www.gaveanews.com\/#\/schema\/person\/image\/\",\"url\":\"https:\/\/secure.gravatar.com\/avatar\/b95e35997e01d9800c1b6184bd79d4d898d370a3fce2584f5c77b907d5c7d9e9?s=96&d=mm&r=g\",\"contentUrl\":\"https:\/\/secure.gravatar.com\/avatar\/b95e35997e01d9800c1b6184bd79d4d898d370a3fce2584f5c77b907d5c7d9e9?s=96&d=mm&r=g\",\"caption\":\"Henrique Machado\"}}]}<\/script>\n<!-- \/ Yoast SEO Premium plugin. -->","yoast_head_json":{"title":"L\u00e9o Ortiz se envolve em pol\u00eamica, atitude de Gabigol chama aten\u00e7\u00e3o e diretoria recusa refor\u00e7o: veja as \u00faltimas not\u00edcias do Flamengo","robots":{"index":"index","follow":"follow","max-snippet":"max-snippet:-1","max-image-preview":"max-image-preview:large","max-video-preview":"max-video-preview:-1"},"canonical":"https:\/\/www.gaveanews.com\/index.php\/2024\/07\/26\/leo-ortiz-se-envolve-em-polemica-atitude-de-gabigol-chama-atencao-e-diretoria-recusa-reforco-veja-as-ultimas-noticias-do-flamengo\/","og_locale":"pt_BR","og_type":"article","og_title":"L\u00e9o Ortiz se envolve em pol\u00eamica, atitude de Gabigol chama aten\u00e7\u00e3o e diretoria recusa refor\u00e7o: veja as \u00faltimas not\u00edcias do Flamengo","og_description":"Nas \u00faltimas horas, o foco das not\u00edcias sobre o Flamengo se concentra nos bastidores do clube, com destaques como L\u00e9o Ortiz se envolvendo em pol\u00eamica e a diretoria recusando um refor\u00e7o. Por conta deste contexto, leia abaixo um resumo preparado pela equipe do portal G\u00e1vea News para lhe manter muito bem informado! Atitude de Gabigol [&hellip;]","og_url":"https:\/\/www.gaveanews.com\/index.php\/2024\/07\/26\/leo-ortiz-se-envolve-em-polemica-atitude-de-gabigol-chama-atencao-e-diretoria-recusa-reforco-veja-as-ultimas-noticias-do-flamengo\/","og_site_name":"G\u00e1vea News","article_publisher":"https:\/\/facebook.com\/gaveaNews\/","article_published_time":"2024-07-26T08:45:00+00:00","og_image":[{"width":1480,"height":929,"url":"https:\/\/www.gaveanews.com\/wp-content\/uploads\/Leo-Ortiz-em-coletiva-de-apresentacao-no-Flamengo.webp","type":"image\/png"}],"author":"Henrique Machado","twitter_card":"summary_large_image","twitter_misc":{"Escrito por":"Henrique Machado","Est. tempo de leitura":"5 minutos"},"schema":{"@context":"https:\/\/schema.org","@graph":[{"@type":"NewsArticle","@id":"https:\/\/www.gaveanews.com\/index.php\/2024\/07\/26\/leo-ortiz-se-envolve-em-polemica-atitude-de-gabigol-chama-atencao-e-diretoria-recusa-reforco-veja-as-ultimas-noticias-do-flamengo\/#article","isPartOf":{"@id":"https:\/\/www.gaveanews.com\/index.php\/2024\/07\/26\/leo-ortiz-se-envolve-em-polemica-atitude-de-gabigol-chama-atencao-e-diretoria-recusa-reforco-veja-as-ultimas-noticias-do-flamengo\/"},"author":{"name":"Henrique Machado","@id":"https:\/\/www.gaveanews.com\/#\/schema\/person\/fd07635ec039ec3ba74ad18ec8a6dbd6"},"headline":"L\u00e9o Ortiz se envolve em pol\u00eamica, atitude de Gabigol chama aten\u00e7\u00e3o e diretoria recusa refor\u00e7o: veja as \u00faltimas not\u00edcias do Flamengo","datePublished":"2024-07-26T08:45:00+00:00","mainEntityOfPage":{"@id":"https:\/\/www.gaveanews.com\/index.php\/2024\/07\/26\/leo-ortiz-se-envolve-em-polemica-atitude-de-gabigol-chama-atencao-e-diretoria-recusa-reforco-veja-as-ultimas-noticias-do-flamengo\/"},"wordCount":850,"commentCount":0,"image":{"@id":"https:\/\/www.gaveanews.com\/index.php\/2024\/07\/26\/leo-ortiz-se-envolve-em-polemica-atitude-de-gabigol-chama-atencao-e-diretoria-recusa-reforco-veja-as-ultimas-noticias-do-flamengo\/#primaryimage"},"thumbnailUrl":"https:\/\/www.gaveanews.com\/wp-content\/uploads\/Leo-Ortiz-em-coletiva-de-apresentacao-no-Flamengo.webp","articleSection":["Flamengo"],"inLanguage":"pt-BR","potentialAction":[{"@type":"CommentAction","name":"Comment","target":["https:\/\/www.gaveanews.com\/index.php\/2024\/07\/26\/leo-ortiz-se-envolve-em-polemica-atitude-de-gabigol-chama-atencao-e-diretoria-recusa-reforco-veja-as-ultimas-noticias-do-flamengo\/#respond"]}],"copyrightYear":"2024","copyrightHolder":{"@id":"https:\/\/www.gaveanews.com\/#organization"}},{"@type":"WebPage","@id":"https:\/\/www.gaveanews.com\/index.php\/2024\/07\/26\/leo-ortiz-se-envolve-em-polemica-atitude-de-gabigol-chama-atencao-e-diretoria-recusa-reforco-veja-as-ultimas-noticias-do-flamengo\/","url":"https:\/\/www.gaveanews.com\/index.php\/2024\/07\/26\/leo-ortiz-se-envolve-em-polemica-atitude-de-gabigol-chama-atencao-e-diretoria-recusa-reforco-veja-as-ultimas-noticias-do-flamengo\/","name":"L\u00e9o Ortiz se envolve em pol\u00eamica, atitude de Gabigol chama aten\u00e7\u00e3o e diretoria recusa refor\u00e7o: veja as \u00faltimas not\u00edcias do Flamengo","isPartOf":{"@id":"https:\/\/www.gaveanews.com\/#website"},"primaryImageOfPage":{"@id":"https:\/\/www.gaveanews.com\/index.php\/2024\/07\/26\/leo-ortiz-se-envolve-em-polemica-atitude-de-gabigol-chama-atencao-e-diretoria-recusa-reforco-veja-as-ultimas-noticias-do-flamengo\/#primaryimage"},"image":{"@id":"https:\/\/www.gaveanews.com\/index.php\/2024\/07\/26\/leo-ortiz-se-envolve-em-polemica-atitude-de-gabigol-chama-atencao-e-diretoria-recusa-reforco-veja-as-ultimas-noticias-do-flamengo\/#primaryimage"},"thumbnailUrl":"https:\/\/www.gaveanews.com\/wp-content\/uploads\/Leo-Ortiz-em-coletiva-de-apresentacao-no-Flamengo.webp","datePublished":"2024-07-26T08:45:00+00:00","author":{"@id":"https:\/\/www.gaveanews.com\/#\/schema\/person\/fd07635ec039ec3ba74ad18ec8a6dbd6"},"breadcrumb":{"@id":"https:\/\/www.gaveanews.com\/index.php\/2024\/07\/26\/leo-ortiz-se-envolve-em-polemica-atitude-de-gabigol-chama-atencao-e-diretoria-recusa-reforco-veja-as-ultimas-noticias-do-flamengo\/#breadcrumb"},"inLanguage":"pt-BR","potentialAction":[{"@type":"ReadAction","target":["https:\/\/www.gaveanews.com\/index.php\/2024\/07\/26\/leo-ortiz-se-envolve-em-polemica-atitude-de-gabigol-chama-atencao-e-diretoria-recusa-reforco-veja-as-ultimas-noticias-do-flamengo\/"]}]},{"@type":"ImageObject","inLanguage":"pt-BR","@id":"https:\/\/www.gaveanews.com\/index.php\/2024\/07\/26\/leo-ortiz-se-envolve-em-polemica-atitude-de-gabigol-chama-atencao-e-diretoria-recusa-reforco-veja-as-ultimas-noticias-do-flamengo\/#primaryimage","url":"https:\/\/www.gaveanews.com\/wp-content\/uploads\/Leo-Ortiz-em-coletiva-de-apresentacao-no-Flamengo.webp","contentUrl":"https:\/\/www.gaveanews.com\/wp-content\/uploads\/Leo-Ortiz-em-coletiva-de-apresentacao-no-Flamengo.webp","width":1480,"height":929,"caption":"Leo Ortiz em coletiva de apresenta\u00e7\u00e3o no Flamengo - Foto: reprodu\u00e7\u00e3o FlaTV"},{"@type":"BreadcrumbList","@id":"https:\/\/www.gaveanews.com\/index.php\/2024\/07\/26\/leo-ortiz-se-envolve-em-polemica-atitude-de-gabigol-chama-atencao-e-diretoria-recusa-reforco-veja-as-ultimas-noticias-do-flamengo\/#breadcrumb","itemListElement":[{"@type":"ListItem","position":1,"name":"Home","item":"https:\/\/www.gaveanews.com\/"},{"@type":"ListItem","position":2,"name":"L\u00e9o Ortiz se envolve em pol\u00eamica, atitude de Gabigol chama aten\u00e7\u00e3o e diretoria recusa refor\u00e7o: veja as \u00faltimas not\u00edcias do Flamengo"}]},{"@type":"WebSite","@id":"https:\/\/www.gaveanews.com\/#website","url":"https:\/\/www.gaveanews.com\/","name":"G\u00e1vea News","description":"Veja todas as not\u00edcias sobre o Flamengo: Contrata\u00e7\u00f5es, categorias de base, resultados das partidas, tabela de classifica\u00e7\u00e3o, pr\u00f3ximos jogos!","potentialAction":[{"@type":"SearchAction","target":{"@type":"EntryPoint","urlTemplate":"https:\/\/www.gaveanews.com\/?s={search_term_string}"},"query-input":{"@type":"PropertyValueSpecification","valueRequired":true,"valueName":"search_term_string"}}],"inLanguage":"pt-BR"},{"@type":"Person","@id":"https:\/\/www.gaveanews.com\/#\/schema\/person\/fd07635ec039ec3ba74ad18ec8a6dbd6","name":"Henrique Machado","image":{"@type":"ImageObject","inLanguage":"pt-BR","@id":"https:\/\/www.gaveanews.com\/#\/schema\/person\/image\/","url":"https:\/\/secure.gravatar.com\/avatar\/b95e35997e01d9800c1b6184bd79d4d898d370a3fce2584f5c77b907d5c7d9e9?s=96&d=mm&r=g","contentUrl":"https:\/\/secure.gravatar.com\/avatar\/b95e35997e01d9800c1b6184bd79d4d898d370a3fce2584f5c77b907d5c7d9e9?s=96&d=mm&r=g","caption":"Henrique Machado"}}]}},"_links":{"self":[{"href":"https:\/\/www.gaveanews.com\/index.php\/wp-json\/wp\/v2\/posts\/154617","targetHints":{"allow":["GET"]}}],"collection":[{"href":"https:\/\/www.gaveanews.com\/index.php\/wp-json\/wp\/v2\/posts"}],"about":[{"href":"https:\/\/www.gaveanews.com\/index.php\/wp-json\/wp\/v2\/types\/post"}],"author":[{"embeddable":true,"href":"https:\/\/www.gaveanews.com\/index.php\/wp-json\/wp\/v2\/users\/15"}],"replies":[{"embeddable":true,"href":"https:\/\/www.gaveanews.com\/index.php\/wp-json\/wp\/v2\/comments?post=154617"}],"version-history":[{"count":2,"href":"https:\/\/www.gaveanews.com\/index.php\/wp-json\/wp\/v2\/posts\/154617\/revisions"}],"predecessor-version":[{"id":154622,"href":"https:\/\/www.gaveanews.com\/index.php\/wp-json\/wp\/v2\/posts\/154617\/revisions\/154622"}],"wp:featuredmedia":[{"embeddable":true,"href":"https:\/\/www.gaveanews.com\/index.php\/wp-json\/wp\/v2\/media\/130723"}],"wp:attachment":[{"href":"https:\/\/www.gaveanews.com\/index.php\/wp-json\/wp\/v2\/media?parent=154617"}],"wp:term":[{"taxonomy":"category","embeddable":true,"href":"https:\/\/www.gaveanews.com\/index.php\/wp-json\/wp\/v2\/categories?post=154617"},{"taxonomy":"post_tag","embeddable":true,"href":"https:\/\/www.gaveanews.com\/index.php\/wp-json\/wp\/v2\/tags?post=154617"}],"curies":[{"name":"wp","href":"https:\/\/api.w.org\/{rel}","templated":true}]}}