{"id":154629,"date":"2024-07-25T21:17:57","date_gmt":"2024-07-26T00:17:57","guid":{"rendered":"https:\/\/www.gaveanews.com\/?p=154629"},"modified":"2024-07-25T21:17:59","modified_gmt":"2024-07-26T00:17:59","slug":"a-forte-declaracao-de-marchesin-sobre-o-jogo-entre-corinthians-x-gremio","status":"publish","type":"post","link":"https:\/\/www.gaveanews.com\/index.php\/2024\/07\/25\/a-forte-declaracao-de-marchesin-sobre-o-jogo-entre-corinthians-x-gremio\/","title":{"rendered":"A forte declara\u00e7\u00e3o de Marches\u00edn sobre o jogo entre Corinthians x Gr\u00eamio"},"content":{"rendered":"\n<h2 class=\"wp-block-heading\" id=\"h-o-goleiro-gremista-fez-duras-criticas-a-arbitragem\">O goleiro gremista fez duras cr\u00edticas a arbitragem<\/h2>\n\n\n\n<p>Corinthians e Gr\u00eamio sa\u00edram para o intervalo com o placar de 1 a 1, na Neo Quimica Arena, em partida v\u00e1lida pela 19\u00b0 rodada do Campeonato Brasileiro e a \u00faltima do primeiro turno. <\/p>\n\n\n\n<p>Os times protagonizaram um primeiro tempo repleto  lances pol\u00eamicos, mantendo os torcedores \u00e0 beira de seus assentos no est\u00e1dio. O in\u00edcio da partida foi quente, com os ga\u00fachos abrindo o placar logo no primeiro minuto. Ap\u00f3s uma cobran\u00e7a de falta curta, Soteldo avan\u00e7ou pela linha de fundo e cruzou na medida para Rodrygo Ely, que cabeceou firme, sem chances para o goleiro corintiano.<\/p>\n\n\n\n<p>Em desvantagem, o Corinthians reagiu rapidamente, se lan\u00e7ando ao ataque. O empate veio aos 19 minutos em um lance pol\u00eamico que envolveu o VAR. Garro cobrou falta na \u00e1rea, e F\u00e9lix Torres cabeceou para fora. No entanto, Kannemann puxou o bra\u00e7o de Romero, que caiu na \u00e1rea. Ap\u00f3s revis\u00e3o do VAR, o \u00e1rbitro marcou p\u00eanalti, convertido por Yuri Alberto, igualando o placar.<\/p>\n\n\n\n<p>O restante do primeiro tempo continuou quente, com ambas as equipes criando boas oportunidades. O Gr\u00eamio chegou a marcar o segundo gol nos acr\u00e9scimos com Cristaldo, mas a alegria durou pouco. O \u00e1rbitro, ap\u00f3s nova revis\u00e3o do VAR, anulou o gol por impedimento milim\u00e9trico de Nathan no in\u00edcio da jogada.<\/p>\n\n\n\n<h2 class=\"wp-block-heading\" id=\"h-fala-marchesin\">Fala, Marches\u00edn<\/h2>\n\n\n\n<p>Ap\u00f3s o fim do primeiro tempo, o goleiro gremista fez duras cr\u00edticas a arbitragem. <\/p>\n\n\n\n<p>&#8220;Voc\u00ea est\u00e1 vendo, isso \u00e9 uma vergonho, o que est\u00e1 acontecendo aqui hoje \u00e9 uma vergonha. Vir jogar aqui com tudo o que est\u00e1 acontecendo no Rio Grande do Sul, estamos sofrendo para c\u2026 e sofrer um p\u00eanalti como esse? \u00c9 uma vergonha, Corinthians \u00e9 grande, respeitamos ele, mas o que acontece aqui \u00e9 uma vergonha. Yuri me pisa e n\u00e3o acontece nada. Um gol impedido? Por qu\u00ea? Quem inventa a regra? Quem tra\u00e7a a linha? \u00c9 uma vergonha. O Corinthians \u00e9 muito grande pra ser ajudado assim&#8221;, disse o goleiro.<\/p>\n","protected":false},"excerpt":{"rendered":"<p>O goleiro gremista fez duras cr\u00edticas a arbitragem Corinthians e Gr\u00eamio sa\u00edram para o intervalo com o placar de 1 a 1, na Neo Quimica Arena, em partida v\u00e1lida pela 19\u00b0 rodada do Campeonato Brasileiro e a \u00faltima do primeiro turno. Os times protagonizaram um primeiro tempo repleto lances pol\u00eamicos, mantendo os torcedores \u00e0 beira [&hellip;]<\/p>\n","protected":false},"author":17,"featured_media":154473,"comment_status":"open","ping_status":"closed","sticky":false,"template":"","format":"standard","meta":{"footnotes":""},"categories":[147],"tags":[],"class_list":["post-154629","post","type-post","status-publish","format-standard","has-post-thumbnail","hentry","category-gremio"],"yoast_head":"<!-- This site is optimized with the Yoast SEO Premium plugin v24.2 (Yoast SEO v26.9) - https:\/\/yoast.com\/product\/yoast-seo-premium-wordpress\/ -->\n<title>A forte declara\u00e7\u00e3o de Marches\u00edn sobre o jogo entre Corinthians x Gr\u00eamio<\/title>\n<meta name=\"robots\" content=\"index, follow, max-snippet:-1, max-image-preview:large, max-video-preview:-1\" \/>\n<link rel=\"canonical\" href=\"https:\/\/www.gaveanews.com\/index.php\/2024\/07\/25\/a-forte-declaracao-de-marchesin-sobre-o-jogo-entre-corinthians-x-gremio\/\" \/>\n<meta property=\"og:locale\" content=\"pt_BR\" \/>\n<meta property=\"og:type\" content=\"article\" \/>\n<meta property=\"og:title\" content=\"A forte declara\u00e7\u00e3o de Marches\u00edn sobre o jogo entre Corinthians x Gr\u00eamio\" \/>\n<meta property=\"og:description\" content=\"O goleiro gremista fez duras cr\u00edticas a arbitragem Corinthians e Gr\u00eamio sa\u00edram para o intervalo com o placar de 1 a 1, na Neo Quimica Arena, em partida v\u00e1lida pela 19\u00b0 rodada do Campeonato Brasileiro e a \u00faltima do primeiro turno. Os times protagonizaram um primeiro tempo repleto lances pol\u00eamicos, mantendo os torcedores \u00e0 beira [&hellip;]\" \/>\n<meta property=\"og:url\" content=\"https:\/\/www.gaveanews.com\/index.php\/2024\/07\/25\/a-forte-declaracao-de-marchesin-sobre-o-jogo-entre-corinthians-x-gremio\/\" \/>\n<meta property=\"og:site_name\" content=\"G\u00e1vea News\" \/>\n<meta property=\"article:publisher\" content=\"https:\/\/facebook.com\/gaveaNews\/\" \/>\n<meta property=\"article:published_time\" content=\"2024-07-26T00:17:57+00:00\" \/>\n<meta property=\"article:modified_time\" content=\"2024-07-26T00:17:59+00:00\" \/>\n<meta property=\"og:image\" content=\"https:\/\/www.gaveanews.com\/wp-content\/uploads\/Escudo-do-Corinthians-na-Neo-Quimica-Arena.webp\" \/>\n\t<meta property=\"og:image:width\" content=\"1440\" \/>\n\t<meta property=\"og:image:height\" content=\"959\" \/>\n\t<meta property=\"og:image:type\" content=\"image\/jpeg\" \/>\n<meta name=\"author\" content=\"Geovanna Thomaz\" \/>\n<meta name=\"twitter:card\" content=\"summary_large_image\" \/>\n<meta name=\"twitter:label1\" content=\"Escrito por\" \/>\n\t<meta name=\"twitter:data1\" content=\"Geovanna Thomaz\" \/>\n\t<meta name=\"twitter:label2\" content=\"Est. tempo de leitura\" \/>\n\t<meta name=\"twitter:data2\" content=\"2 minutos\" \/>\n<script type=\"application\/ld+json\" class=\"yoast-schema-graph\">{\"@context\":\"https:\/\/schema.org\",\"@graph\":[{\"@type\":\"NewsArticle\",\"@id\":\"https:\/\/www.gaveanews.com\/index.php\/2024\/07\/25\/a-forte-declaracao-de-marchesin-sobre-o-jogo-entre-corinthians-x-gremio\/#article\",\"isPartOf\":{\"@id\":\"https:\/\/www.gaveanews.com\/index.php\/2024\/07\/25\/a-forte-declaracao-de-marchesin-sobre-o-jogo-entre-corinthians-x-gremio\/\"},\"author\":{\"name\":\"Geovanna Thomaz\",\"@id\":\"https:\/\/www.gaveanews.com\/#\/schema\/person\/f42654babcd2b2014a1a65af82b081f1\"},\"headline\":\"A forte declara\u00e7\u00e3o de Marches\u00edn sobre o jogo entre Corinthians x Gr\u00eamio\",\"datePublished\":\"2024-07-26T00:17:57+00:00\",\"dateModified\":\"2024-07-26T00:17:59+00:00\",\"mainEntityOfPage\":{\"@id\":\"https:\/\/www.gaveanews.com\/index.php\/2024\/07\/25\/a-forte-declaracao-de-marchesin-sobre-o-jogo-entre-corinthians-x-gremio\/\"},\"wordCount\":356,\"commentCount\":0,\"image\":{\"@id\":\"https:\/\/www.gaveanews.com\/index.php\/2024\/07\/25\/a-forte-declaracao-de-marchesin-sobre-o-jogo-entre-corinthians-x-gremio\/#primaryimage\"},\"thumbnailUrl\":\"https:\/\/www.gaveanews.com\/wp-content\/uploads\/Escudo-do-Corinthians-na-Neo-Quimica-Arena.webp\",\"articleSection\":[\"Gr\u00eamio\"],\"inLanguage\":\"pt-BR\",\"potentialAction\":[{\"@type\":\"CommentAction\",\"name\":\"Comment\",\"target\":[\"https:\/\/www.gaveanews.com\/index.php\/2024\/07\/25\/a-forte-declaracao-de-marchesin-sobre-o-jogo-entre-corinthians-x-gremio\/#respond\"]}],\"copyrightYear\":\"2024\",\"copyrightHolder\":{\"@id\":\"https:\/\/www.gaveanews.com\/#organization\"}},{\"@type\":\"WebPage\",\"@id\":\"https:\/\/www.gaveanews.com\/index.php\/2024\/07\/25\/a-forte-declaracao-de-marchesin-sobre-o-jogo-entre-corinthians-x-gremio\/\",\"url\":\"https:\/\/www.gaveanews.com\/index.php\/2024\/07\/25\/a-forte-declaracao-de-marchesin-sobre-o-jogo-entre-corinthians-x-gremio\/\",\"name\":\"A forte declara\u00e7\u00e3o de Marches\u00edn sobre o jogo entre Corinthians x Gr\u00eamio\",\"isPartOf\":{\"@id\":\"https:\/\/www.gaveanews.com\/#website\"},\"primaryImageOfPage\":{\"@id\":\"https:\/\/www.gaveanews.com\/index.php\/2024\/07\/25\/a-forte-declaracao-de-marchesin-sobre-o-jogo-entre-corinthians-x-gremio\/#primaryimage\"},\"image\":{\"@id\":\"https:\/\/www.gaveanews.com\/index.php\/2024\/07\/25\/a-forte-declaracao-de-marchesin-sobre-o-jogo-entre-corinthians-x-gremio\/#primaryimage\"},\"thumbnailUrl\":\"https:\/\/www.gaveanews.com\/wp-content\/uploads\/Escudo-do-Corinthians-na-Neo-Quimica-Arena.webp\",\"datePublished\":\"2024-07-26T00:17:57+00:00\",\"dateModified\":\"2024-07-26T00:17:59+00:00\",\"author\":{\"@id\":\"https:\/\/www.gaveanews.com\/#\/schema\/person\/f42654babcd2b2014a1a65af82b081f1\"},\"breadcrumb\":{\"@id\":\"https:\/\/www.gaveanews.com\/index.php\/2024\/07\/25\/a-forte-declaracao-de-marchesin-sobre-o-jogo-entre-corinthians-x-gremio\/#breadcrumb\"},\"inLanguage\":\"pt-BR\",\"potentialAction\":[{\"@type\":\"ReadAction\",\"target\":[\"https:\/\/www.gaveanews.com\/index.php\/2024\/07\/25\/a-forte-declaracao-de-marchesin-sobre-o-jogo-entre-corinthians-x-gremio\/\"]}]},{\"@type\":\"ImageObject\",\"inLanguage\":\"pt-BR\",\"@id\":\"https:\/\/www.gaveanews.com\/index.php\/2024\/07\/25\/a-forte-declaracao-de-marchesin-sobre-o-jogo-entre-corinthians-x-gremio\/#primaryimage\",\"url\":\"https:\/\/www.gaveanews.com\/wp-content\/uploads\/Escudo-do-Corinthians-na-Neo-Quimica-Arena.webp\",\"contentUrl\":\"https:\/\/www.gaveanews.com\/wp-content\/uploads\/Escudo-do-Corinthians-na-Neo-Quimica-Arena.webp\",\"width\":1440,\"height\":959,\"caption\":\"Escudo do Corinthians na N\u00e9o Qu\u00edmica Arena (Foto Reprodu\u00e7\u00e3o\/Instagram)\"},{\"@type\":\"BreadcrumbList\",\"@id\":\"https:\/\/www.gaveanews.com\/index.php\/2024\/07\/25\/a-forte-declaracao-de-marchesin-sobre-o-jogo-entre-corinthians-x-gremio\/#breadcrumb\",\"itemListElement\":[{\"@type\":\"ListItem\",\"position\":1,\"name\":\"Home\",\"item\":\"https:\/\/www.gaveanews.com\/\"},{\"@type\":\"ListItem\",\"position\":2,\"name\":\"A forte declara\u00e7\u00e3o de Marches\u00edn sobre o jogo entre Corinthians x Gr\u00eamio\"}]},{\"@type\":\"WebSite\",\"@id\":\"https:\/\/www.gaveanews.com\/#website\",\"url\":\"https:\/\/www.gaveanews.com\/\",\"name\":\"G\u00e1vea News\",\"description\":\"Veja todas as not\u00edcias sobre o Flamengo: Contrata\u00e7\u00f5es, categorias de base, resultados das partidas, tabela de classifica\u00e7\u00e3o, pr\u00f3ximos jogos!\",\"potentialAction\":[{\"@type\":\"SearchAction\",\"target\":{\"@type\":\"EntryPoint\",\"urlTemplate\":\"https:\/\/www.gaveanews.com\/?s={search_term_string}\"},\"query-input\":{\"@type\":\"PropertyValueSpecification\",\"valueRequired\":true,\"valueName\":\"search_term_string\"}}],\"inLanguage\":\"pt-BR\"},{\"@type\":\"Person\",\"@id\":\"https:\/\/www.gaveanews.com\/#\/schema\/person\/f42654babcd2b2014a1a65af82b081f1\",\"name\":\"Geovanna Thomaz\",\"image\":{\"@type\":\"ImageObject\",\"inLanguage\":\"pt-BR\",\"@id\":\"https:\/\/www.gaveanews.com\/#\/schema\/person\/image\/\",\"url\":\"https:\/\/secure.gravatar.com\/avatar\/4092073255489533afb558984b49b64268c47198af8623cc82a925ae9fb7118a?s=96&d=mm&r=g\",\"contentUrl\":\"https:\/\/secure.gravatar.com\/avatar\/4092073255489533afb558984b49b64268c47198af8623cc82a925ae9fb7118a?s=96&d=mm&r=g\",\"caption\":\"Geovanna Thomaz\"}}]}<\/script>\n<!-- \/ Yoast SEO Premium plugin. -->","yoast_head_json":{"title":"A forte declara\u00e7\u00e3o de Marches\u00edn sobre o jogo entre Corinthians x Gr\u00eamio","robots":{"index":"index","follow":"follow","max-snippet":"max-snippet:-1","max-image-preview":"max-image-preview:large","max-video-preview":"max-video-preview:-1"},"canonical":"https:\/\/www.gaveanews.com\/index.php\/2024\/07\/25\/a-forte-declaracao-de-marchesin-sobre-o-jogo-entre-corinthians-x-gremio\/","og_locale":"pt_BR","og_type":"article","og_title":"A forte declara\u00e7\u00e3o de Marches\u00edn sobre o jogo entre Corinthians x Gr\u00eamio","og_description":"O goleiro gremista fez duras cr\u00edticas a arbitragem Corinthians e Gr\u00eamio sa\u00edram para o intervalo com o placar de 1 a 1, na Neo Quimica Arena, em partida v\u00e1lida pela 19\u00b0 rodada do Campeonato Brasileiro e a \u00faltima do primeiro turno. Os times protagonizaram um primeiro tempo repleto lances pol\u00eamicos, mantendo os torcedores \u00e0 beira [&hellip;]","og_url":"https:\/\/www.gaveanews.com\/index.php\/2024\/07\/25\/a-forte-declaracao-de-marchesin-sobre-o-jogo-entre-corinthians-x-gremio\/","og_site_name":"G\u00e1vea News","article_publisher":"https:\/\/facebook.com\/gaveaNews\/","article_published_time":"2024-07-26T00:17:57+00:00","article_modified_time":"2024-07-26T00:17:59+00:00","og_image":[{"width":1440,"height":959,"url":"https:\/\/www.gaveanews.com\/wp-content\/uploads\/Escudo-do-Corinthians-na-Neo-Quimica-Arena.webp","type":"image\/jpeg"}],"author":"Geovanna Thomaz","twitter_card":"summary_large_image","twitter_misc":{"Escrito por":"Geovanna Thomaz","Est. tempo de leitura":"2 minutos"},"schema":{"@context":"https:\/\/schema.org","@graph":[{"@type":"NewsArticle","@id":"https:\/\/www.gaveanews.com\/index.php\/2024\/07\/25\/a-forte-declaracao-de-marchesin-sobre-o-jogo-entre-corinthians-x-gremio\/#article","isPartOf":{"@id":"https:\/\/www.gaveanews.com\/index.php\/2024\/07\/25\/a-forte-declaracao-de-marchesin-sobre-o-jogo-entre-corinthians-x-gremio\/"},"author":{"name":"Geovanna Thomaz","@id":"https:\/\/www.gaveanews.com\/#\/schema\/person\/f42654babcd2b2014a1a65af82b081f1"},"headline":"A forte declara\u00e7\u00e3o de Marches\u00edn sobre o jogo entre Corinthians x Gr\u00eamio","datePublished":"2024-07-26T00:17:57+00:00","dateModified":"2024-07-26T00:17:59+00:00","mainEntityOfPage":{"@id":"https:\/\/www.gaveanews.com\/index.php\/2024\/07\/25\/a-forte-declaracao-de-marchesin-sobre-o-jogo-entre-corinthians-x-gremio\/"},"wordCount":356,"commentCount":0,"image":{"@id":"https:\/\/www.gaveanews.com\/index.php\/2024\/07\/25\/a-forte-declaracao-de-marchesin-sobre-o-jogo-entre-corinthians-x-gremio\/#primaryimage"},"thumbnailUrl":"https:\/\/www.gaveanews.com\/wp-content\/uploads\/Escudo-do-Corinthians-na-Neo-Quimica-Arena.webp","articleSection":["Gr\u00eamio"],"inLanguage":"pt-BR","potentialAction":[{"@type":"CommentAction","name":"Comment","target":["https:\/\/www.gaveanews.com\/index.php\/2024\/07\/25\/a-forte-declaracao-de-marchesin-sobre-o-jogo-entre-corinthians-x-gremio\/#respond"]}],"copyrightYear":"2024","copyrightHolder":{"@id":"https:\/\/www.gaveanews.com\/#organization"}},{"@type":"WebPage","@id":"https:\/\/www.gaveanews.com\/index.php\/2024\/07\/25\/a-forte-declaracao-de-marchesin-sobre-o-jogo-entre-corinthians-x-gremio\/","url":"https:\/\/www.gaveanews.com\/index.php\/2024\/07\/25\/a-forte-declaracao-de-marchesin-sobre-o-jogo-entre-corinthians-x-gremio\/","name":"A forte declara\u00e7\u00e3o de Marches\u00edn sobre o jogo entre Corinthians x Gr\u00eamio","isPartOf":{"@id":"https:\/\/www.gaveanews.com\/#website"},"primaryImageOfPage":{"@id":"https:\/\/www.gaveanews.com\/index.php\/2024\/07\/25\/a-forte-declaracao-de-marchesin-sobre-o-jogo-entre-corinthians-x-gremio\/#primaryimage"},"image":{"@id":"https:\/\/www.gaveanews.com\/index.php\/2024\/07\/25\/a-forte-declaracao-de-marchesin-sobre-o-jogo-entre-corinthians-x-gremio\/#primaryimage"},"thumbnailUrl":"https:\/\/www.gaveanews.com\/wp-content\/uploads\/Escudo-do-Corinthians-na-Neo-Quimica-Arena.webp","datePublished":"2024-07-26T00:17:57+00:00","dateModified":"2024-07-26T00:17:59+00:00","author":{"@id":"https:\/\/www.gaveanews.com\/#\/schema\/person\/f42654babcd2b2014a1a65af82b081f1"},"breadcrumb":{"@id":"https:\/\/www.gaveanews.com\/index.php\/2024\/07\/25\/a-forte-declaracao-de-marchesin-sobre-o-jogo-entre-corinthians-x-gremio\/#breadcrumb"},"inLanguage":"pt-BR","potentialAction":[{"@type":"ReadAction","target":["https:\/\/www.gaveanews.com\/index.php\/2024\/07\/25\/a-forte-declaracao-de-marchesin-sobre-o-jogo-entre-corinthians-x-gremio\/"]}]},{"@type":"ImageObject","inLanguage":"pt-BR","@id":"https:\/\/www.gaveanews.com\/index.php\/2024\/07\/25\/a-forte-declaracao-de-marchesin-sobre-o-jogo-entre-corinthians-x-gremio\/#primaryimage","url":"https:\/\/www.gaveanews.com\/wp-content\/uploads\/Escudo-do-Corinthians-na-Neo-Quimica-Arena.webp","contentUrl":"https:\/\/www.gaveanews.com\/wp-content\/uploads\/Escudo-do-Corinthians-na-Neo-Quimica-Arena.webp","width":1440,"height":959,"caption":"Escudo do Corinthians na N\u00e9o Qu\u00edmica Arena (Foto Reprodu\u00e7\u00e3o\/Instagram)"},{"@type":"BreadcrumbList","@id":"https:\/\/www.gaveanews.com\/index.php\/2024\/07\/25\/a-forte-declaracao-de-marchesin-sobre-o-jogo-entre-corinthians-x-gremio\/#breadcrumb","itemListElement":[{"@type":"ListItem","position":1,"name":"Home","item":"https:\/\/www.gaveanews.com\/"},{"@type":"ListItem","position":2,"name":"A forte declara\u00e7\u00e3o de Marches\u00edn sobre o jogo entre Corinthians x Gr\u00eamio"}]},{"@type":"WebSite","@id":"https:\/\/www.gaveanews.com\/#website","url":"https:\/\/www.gaveanews.com\/","name":"G\u00e1vea News","description":"Veja todas as not\u00edcias sobre o Flamengo: Contrata\u00e7\u00f5es, categorias de base, resultados das partidas, tabela de classifica\u00e7\u00e3o, pr\u00f3ximos jogos!","potentialAction":[{"@type":"SearchAction","target":{"@type":"EntryPoint","urlTemplate":"https:\/\/www.gaveanews.com\/?s={search_term_string}"},"query-input":{"@type":"PropertyValueSpecification","valueRequired":true,"valueName":"search_term_string"}}],"inLanguage":"pt-BR"},{"@type":"Person","@id":"https:\/\/www.gaveanews.com\/#\/schema\/person\/f42654babcd2b2014a1a65af82b081f1","name":"Geovanna Thomaz","image":{"@type":"ImageObject","inLanguage":"pt-BR","@id":"https:\/\/www.gaveanews.com\/#\/schema\/person\/image\/","url":"https:\/\/secure.gravatar.com\/avatar\/4092073255489533afb558984b49b64268c47198af8623cc82a925ae9fb7118a?s=96&d=mm&r=g","contentUrl":"https:\/\/secure.gravatar.com\/avatar\/4092073255489533afb558984b49b64268c47198af8623cc82a925ae9fb7118a?s=96&d=mm&r=g","caption":"Geovanna Thomaz"}}]}},"_links":{"self":[{"href":"https:\/\/www.gaveanews.com\/index.php\/wp-json\/wp\/v2\/posts\/154629","targetHints":{"allow":["GET"]}}],"collection":[{"href":"https:\/\/www.gaveanews.com\/index.php\/wp-json\/wp\/v2\/posts"}],"about":[{"href":"https:\/\/www.gaveanews.com\/index.php\/wp-json\/wp\/v2\/types\/post"}],"author":[{"embeddable":true,"href":"https:\/\/www.gaveanews.com\/index.php\/wp-json\/wp\/v2\/users\/17"}],"replies":[{"embeddable":true,"href":"https:\/\/www.gaveanews.com\/index.php\/wp-json\/wp\/v2\/comments?post=154629"}],"version-history":[{"count":2,"href":"https:\/\/www.gaveanews.com\/index.php\/wp-json\/wp\/v2\/posts\/154629\/revisions"}],"predecessor-version":[{"id":154638,"href":"https:\/\/www.gaveanews.com\/index.php\/wp-json\/wp\/v2\/posts\/154629\/revisions\/154638"}],"wp:featuredmedia":[{"embeddable":true,"href":"https:\/\/www.gaveanews.com\/index.php\/wp-json\/wp\/v2\/media\/154473"}],"wp:attachment":[{"href":"https:\/\/www.gaveanews.com\/index.php\/wp-json\/wp\/v2\/media?parent=154629"}],"wp:term":[{"taxonomy":"category","embeddable":true,"href":"https:\/\/www.gaveanews.com\/index.php\/wp-json\/wp\/v2\/categories?post=154629"},{"taxonomy":"post_tag","embeddable":true,"href":"https:\/\/www.gaveanews.com\/index.php\/wp-json\/wp\/v2\/tags?post=154629"}],"curies":[{"name":"wp","href":"https:\/\/api.w.org\/{rel}","templated":true}]}}