{"id":154651,"date":"2024-07-26T13:16:09","date_gmt":"2024-07-26T16:16:09","guid":{"rendered":"https:\/\/www.gaveanews.com\/?p=154651"},"modified":"2024-07-26T13:16:11","modified_gmt":"2024-07-26T16:16:11","slug":"a-declaracao-de-jair-ventura-apos-a-derrota-do-juventude","status":"publish","type":"post","link":"https:\/\/www.gaveanews.com\/index.php\/2024\/07\/26\/a-declaracao-de-jair-ventura-apos-a-derrota-do-juventude\/","title":{"rendered":"A declara\u00e7\u00e3o de Jair Ventura ap\u00f3s a derrota do Juventude"},"content":{"rendered":"\n<h2 class=\"wp-block-heading\" id=\"h-cruzeiro-venceu-a-partida-com-dois-gols-de-penalti\">Cruzeiro venceu a partida com dois gols de p\u00eanalti<\/h2>\n\n\n\n<p>Nesta quarta-feira (24), o Juventude foi at\u00e9 o Mineir\u00e3o e saiu derrotado por 2 a 0 para o Cruzeiro, assim encerrando a s\u00e9rie de tr\u00eas jogos invictos dos Ga\u00fachos. A partida foi cheia de pol\u00eamicas, especialmente pelo \u00e1rbitro marcar duas penalidades m\u00e1ximas para a Raposa. Na entrevista coletiva ap\u00f3s o jogo, o t\u00e9cnico Jair Ventura demonstrou toda sua indigna\u00e7\u00e3o com a arbitragem da partida.<\/p>\n\n\n\n<ul class=\"wp-block-list\">\n<li><a href=\"https:\/\/www.gaveanews.com\/index.php\/2024\/07\/21\/juventude-x-sao-paulo-onde-assistir-horario-e-provaveis-escalacoes\/\">Juventude x S\u00e3o Paulo: Onde assistir, hor\u00e1rio e prov\u00e1veis escala\u00e7\u00f5es<\/a><\/li>\n\n\n\n<li><a href=\"https:\/\/www.gaveanews.com\/index.php\/2024\/06\/27\/a-declaracao-do-tecnico-do-juventude-sobre-o-goleiro-rossi\/\">A declara\u00e7\u00e3o do t\u00e9cnico do Juventude sobre o goleiro Rossi<\/a><\/li>\n<\/ul>\n\n\n\n<p>O treinador disse que o \u00e1rbitro n\u00e3o teve crit\u00e9rio e que houve lances semelhantes, no qual o Juventude saiu prejudicado com as marca\u00e7\u00f5es a favor da Raposa e as n\u00e3o marca\u00e7\u00f5es a favor dos Ga\u00fachos e que com isso, o VAR definiu o resultado da partida. A indigna\u00e7\u00e3o e as reclama\u00e7\u00f5es n\u00e3o ficaram s\u00f3 por parte de Jair Ventura. O meia Jean Carlos chegou a chamar de &#8220;incompetentes&#8221; a equipe de arbitragem. <\/p>\n\n\n\n<p><em>\u2014 Falta de crit\u00e9rio. Houve uma m\u00e3o do Jo\u00e3o Marcelo id\u00eantica a nossa. N\u00e3o foi p\u00eanalti e a nossa foi. Se n\u00e3o tivessem os p\u00eanaltis, n\u00e3o existiriam os gols. Um jogo equilibrado, 56% de posse a 44%, cinco finaliza\u00e7\u00f5es a duas. O VAR foi determinante. A mesma situa\u00e7\u00e3o para um n\u00e3o chama para outro. O gol foi decidido por uma falta de crit\u00e9rio \u2014<\/em> comentou o t\u00e9cnico Jair Ventura.<\/p>\n\n\n\n<p><em>\u2014 A gente pagou a conta do erro contra o Cruzeiro no outro jogo (contra o Palmeiras). Se foi p\u00eanalti do Freitas, foi p\u00eanalti do Jo\u00e3o tamb\u00e9m. J\u00e1 \u00e9 dif\u00edcil para gente que gasta menos e tem mais dificuldade. E ainda a gente fica sendo prejudicado. Vamos ter que passar contra tudo e contra todos. Vamos fazer o que \u00e9 poss\u00edvel dentro do campo para traduzir as chances no gol.<\/em><\/p>\n\n\n\n<p>Apesar de reclamar bastante durante a coletiva, o treinador disse que o time precisa ter tranquilidade para a sequencia do campeonato, para n\u00e3o correr risco de um preju\u00edzo ainda maior no decorrer da temporada. <\/p>\n\n\n\n<p><em>\u2014 Se n\u00f3s ficarmos indignados e cada vez mais bravos, vamos nos prejudicar mais. Foge do nosso controle essa situa\u00e7\u00e3o dos \u00e1rbitros. Ele n\u00e3o ter dado um p\u00eanalti na m\u00e3o do Jo\u00e3o Marcelo e ter dado na m\u00e3o do Freitas, foge da gente. Temos que fazer as chances claras e minimizar os nossos erros. N\u00e3o vamos nos abalar por causa desses erros \u2014<\/em> comentou o treinador.<\/p>\n","protected":false},"excerpt":{"rendered":"<p>Cruzeiro venceu a partida com dois gols de p\u00eanalti Nesta quarta-feira (24), o Juventude foi at\u00e9 o Mineir\u00e3o e saiu derrotado por 2 a 0 para o Cruzeiro, assim encerrando a s\u00e9rie de tr\u00eas jogos invictos dos Ga\u00fachos. A partida foi cheia de pol\u00eamicas, especialmente pelo \u00e1rbitro marcar duas penalidades m\u00e1ximas para a Raposa. Na [&hellip;]<\/p>\n","protected":false},"author":21,"featured_media":154739,"comment_status":"open","ping_status":"closed","sticky":false,"template":"","format":"standard","meta":{"footnotes":""},"categories":[149],"tags":[],"class_list":["post-154651","post","type-post","status-publish","format-standard","has-post-thumbnail","hentry","category-juventude"],"yoast_head":"<!-- This site is optimized with the Yoast SEO Premium plugin v24.2 (Yoast SEO v26.9) - https:\/\/yoast.com\/product\/yoast-seo-premium-wordpress\/ -->\n<title>A declara\u00e7\u00e3o de Jair Ventura ap\u00f3s a derrota do Juventude<\/title>\n<meta name=\"robots\" content=\"index, follow, max-snippet:-1, max-image-preview:large, max-video-preview:-1\" \/>\n<link rel=\"canonical\" href=\"https:\/\/www.gaveanews.com\/index.php\/2024\/07\/26\/a-declaracao-de-jair-ventura-apos-a-derrota-do-juventude\/\" \/>\n<meta property=\"og:locale\" content=\"pt_BR\" \/>\n<meta property=\"og:type\" content=\"article\" \/>\n<meta property=\"og:title\" content=\"A declara\u00e7\u00e3o de Jair Ventura ap\u00f3s a derrota do Juventude\" \/>\n<meta property=\"og:description\" content=\"Cruzeiro venceu a partida com dois gols de p\u00eanalti Nesta quarta-feira (24), o Juventude foi at\u00e9 o Mineir\u00e3o e saiu derrotado por 2 a 0 para o Cruzeiro, assim encerrando a s\u00e9rie de tr\u00eas jogos invictos dos Ga\u00fachos. A partida foi cheia de pol\u00eamicas, especialmente pelo \u00e1rbitro marcar duas penalidades m\u00e1ximas para a Raposa. Na [&hellip;]\" \/>\n<meta property=\"og:url\" content=\"https:\/\/www.gaveanews.com\/index.php\/2024\/07\/26\/a-declaracao-de-jair-ventura-apos-a-derrota-do-juventude\/\" \/>\n<meta property=\"og:site_name\" content=\"G\u00e1vea News\" \/>\n<meta property=\"article:publisher\" content=\"https:\/\/facebook.com\/gaveaNews\/\" \/>\n<meta property=\"article:published_time\" content=\"2024-07-26T16:16:09+00:00\" \/>\n<meta property=\"article:modified_time\" content=\"2024-07-26T16:16:11+00:00\" \/>\n<meta property=\"og:image\" content=\"https:\/\/www.gaveanews.com\/wp-content\/uploads\/Time-do-Juventude-durante-partida-do-Brasileirao-20-24.webp\" \/>\n\t<meta property=\"og:image:width\" content=\"1262\" \/>\n\t<meta property=\"og:image:height\" content=\"841\" \/>\n\t<meta property=\"og:image:type\" content=\"image\/webp\" \/>\n<meta name=\"author\" content=\"Andr\u00e9 Serra\" \/>\n<meta name=\"twitter:card\" content=\"summary_large_image\" \/>\n<meta name=\"twitter:label1\" content=\"Escrito por\" \/>\n\t<meta name=\"twitter:data1\" content=\"Andr\u00e9 Serra\" \/>\n\t<meta name=\"twitter:label2\" content=\"Est. tempo de leitura\" \/>\n\t<meta name=\"twitter:data2\" content=\"3 minutos\" \/>\n<script type=\"application\/ld+json\" class=\"yoast-schema-graph\">{\"@context\":\"https:\/\/schema.org\",\"@graph\":[{\"@type\":\"NewsArticle\",\"@id\":\"https:\/\/www.gaveanews.com\/index.php\/2024\/07\/26\/a-declaracao-de-jair-ventura-apos-a-derrota-do-juventude\/#article\",\"isPartOf\":{\"@id\":\"https:\/\/www.gaveanews.com\/index.php\/2024\/07\/26\/a-declaracao-de-jair-ventura-apos-a-derrota-do-juventude\/\"},\"author\":{\"name\":\"Andr\u00e9 Serra\",\"@id\":\"https:\/\/www.gaveanews.com\/#\/schema\/person\/0277a79a1289c451c281ec0411d84f0c\"},\"headline\":\"A declara\u00e7\u00e3o de Jair Ventura ap\u00f3s a derrota do Juventude\",\"datePublished\":\"2024-07-26T16:16:09+00:00\",\"dateModified\":\"2024-07-26T16:16:11+00:00\",\"mainEntityOfPage\":{\"@id\":\"https:\/\/www.gaveanews.com\/index.php\/2024\/07\/26\/a-declaracao-de-jair-ventura-apos-a-derrota-do-juventude\/\"},\"wordCount\":459,\"commentCount\":0,\"image\":{\"@id\":\"https:\/\/www.gaveanews.com\/index.php\/2024\/07\/26\/a-declaracao-de-jair-ventura-apos-a-derrota-do-juventude\/#primaryimage\"},\"thumbnailUrl\":\"https:\/\/www.gaveanews.com\/wp-content\/uploads\/Time-do-Juventude-durante-partida-do-Brasileirao-20-24.webp\",\"articleSection\":[\"Juventude\"],\"inLanguage\":\"pt-BR\",\"potentialAction\":[{\"@type\":\"CommentAction\",\"name\":\"Comment\",\"target\":[\"https:\/\/www.gaveanews.com\/index.php\/2024\/07\/26\/a-declaracao-de-jair-ventura-apos-a-derrota-do-juventude\/#respond\"]}],\"copyrightYear\":\"2024\",\"copyrightHolder\":{\"@id\":\"https:\/\/www.gaveanews.com\/#organization\"}},{\"@type\":\"WebPage\",\"@id\":\"https:\/\/www.gaveanews.com\/index.php\/2024\/07\/26\/a-declaracao-de-jair-ventura-apos-a-derrota-do-juventude\/\",\"url\":\"https:\/\/www.gaveanews.com\/index.php\/2024\/07\/26\/a-declaracao-de-jair-ventura-apos-a-derrota-do-juventude\/\",\"name\":\"A declara\u00e7\u00e3o de Jair Ventura ap\u00f3s a derrota do Juventude\",\"isPartOf\":{\"@id\":\"https:\/\/www.gaveanews.com\/#website\"},\"primaryImageOfPage\":{\"@id\":\"https:\/\/www.gaveanews.com\/index.php\/2024\/07\/26\/a-declaracao-de-jair-ventura-apos-a-derrota-do-juventude\/#primaryimage\"},\"image\":{\"@id\":\"https:\/\/www.gaveanews.com\/index.php\/2024\/07\/26\/a-declaracao-de-jair-ventura-apos-a-derrota-do-juventude\/#primaryimage\"},\"thumbnailUrl\":\"https:\/\/www.gaveanews.com\/wp-content\/uploads\/Time-do-Juventude-durante-partida-do-Brasileirao-20-24.webp\",\"datePublished\":\"2024-07-26T16:16:09+00:00\",\"dateModified\":\"2024-07-26T16:16:11+00:00\",\"author\":{\"@id\":\"https:\/\/www.gaveanews.com\/#\/schema\/person\/0277a79a1289c451c281ec0411d84f0c\"},\"breadcrumb\":{\"@id\":\"https:\/\/www.gaveanews.com\/index.php\/2024\/07\/26\/a-declaracao-de-jair-ventura-apos-a-derrota-do-juventude\/#breadcrumb\"},\"inLanguage\":\"pt-BR\",\"potentialAction\":[{\"@type\":\"ReadAction\",\"target\":[\"https:\/\/www.gaveanews.com\/index.php\/2024\/07\/26\/a-declaracao-de-jair-ventura-apos-a-derrota-do-juventude\/\"]}]},{\"@type\":\"ImageObject\",\"inLanguage\":\"pt-BR\",\"@id\":\"https:\/\/www.gaveanews.com\/index.php\/2024\/07\/26\/a-declaracao-de-jair-ventura-apos-a-derrota-do-juventude\/#primaryimage\",\"url\":\"https:\/\/www.gaveanews.com\/wp-content\/uploads\/Time-do-Juventude-durante-partida-do-Brasileirao-20-24.webp\",\"contentUrl\":\"https:\/\/www.gaveanews.com\/wp-content\/uploads\/Time-do-Juventude-durante-partida-do-Brasileirao-20-24.webp\",\"width\":1262,\"height\":841,\"caption\":\"Time do Juventude durante partida do Brasileir\u00e3o 20-24 (Foto: Reprodu\u00e7\u00e3o\/Juventude)\"},{\"@type\":\"BreadcrumbList\",\"@id\":\"https:\/\/www.gaveanews.com\/index.php\/2024\/07\/26\/a-declaracao-de-jair-ventura-apos-a-derrota-do-juventude\/#breadcrumb\",\"itemListElement\":[{\"@type\":\"ListItem\",\"position\":1,\"name\":\"Home\",\"item\":\"https:\/\/www.gaveanews.com\/\"},{\"@type\":\"ListItem\",\"position\":2,\"name\":\"A declara\u00e7\u00e3o de Jair Ventura ap\u00f3s a derrota do Juventude\"}]},{\"@type\":\"WebSite\",\"@id\":\"https:\/\/www.gaveanews.com\/#website\",\"url\":\"https:\/\/www.gaveanews.com\/\",\"name\":\"G\u00e1vea News\",\"description\":\"Veja todas as not\u00edcias sobre o Flamengo: Contrata\u00e7\u00f5es, categorias de base, resultados das partidas, tabela de classifica\u00e7\u00e3o, pr\u00f3ximos jogos!\",\"potentialAction\":[{\"@type\":\"SearchAction\",\"target\":{\"@type\":\"EntryPoint\",\"urlTemplate\":\"https:\/\/www.gaveanews.com\/?s={search_term_string}\"},\"query-input\":{\"@type\":\"PropertyValueSpecification\",\"valueRequired\":true,\"valueName\":\"search_term_string\"}}],\"inLanguage\":\"pt-BR\"},{\"@type\":\"Person\",\"@id\":\"https:\/\/www.gaveanews.com\/#\/schema\/person\/0277a79a1289c451c281ec0411d84f0c\",\"name\":\"Andr\u00e9 Serra\",\"image\":{\"@type\":\"ImageObject\",\"inLanguage\":\"pt-BR\",\"@id\":\"https:\/\/www.gaveanews.com\/#\/schema\/person\/image\/\",\"url\":\"https:\/\/secure.gravatar.com\/avatar\/d7231369fe48db93292b3e88eb2162dbd9a34a47a8437d9ef3bcaca2a86a83d7?s=96&d=mm&r=g\",\"contentUrl\":\"https:\/\/secure.gravatar.com\/avatar\/d7231369fe48db93292b3e88eb2162dbd9a34a47a8437d9ef3bcaca2a86a83d7?s=96&d=mm&r=g\",\"caption\":\"Andr\u00e9 Serra\"}}]}<\/script>\n<!-- \/ Yoast SEO Premium plugin. -->","yoast_head_json":{"title":"A declara\u00e7\u00e3o de Jair Ventura ap\u00f3s a derrota do Juventude","robots":{"index":"index","follow":"follow","max-snippet":"max-snippet:-1","max-image-preview":"max-image-preview:large","max-video-preview":"max-video-preview:-1"},"canonical":"https:\/\/www.gaveanews.com\/index.php\/2024\/07\/26\/a-declaracao-de-jair-ventura-apos-a-derrota-do-juventude\/","og_locale":"pt_BR","og_type":"article","og_title":"A declara\u00e7\u00e3o de Jair Ventura ap\u00f3s a derrota do Juventude","og_description":"Cruzeiro venceu a partida com dois gols de p\u00eanalti Nesta quarta-feira (24), o Juventude foi at\u00e9 o Mineir\u00e3o e saiu derrotado por 2 a 0 para o Cruzeiro, assim encerrando a s\u00e9rie de tr\u00eas jogos invictos dos Ga\u00fachos. A partida foi cheia de pol\u00eamicas, especialmente pelo \u00e1rbitro marcar duas penalidades m\u00e1ximas para a Raposa. Na [&hellip;]","og_url":"https:\/\/www.gaveanews.com\/index.php\/2024\/07\/26\/a-declaracao-de-jair-ventura-apos-a-derrota-do-juventude\/","og_site_name":"G\u00e1vea News","article_publisher":"https:\/\/facebook.com\/gaveaNews\/","article_published_time":"2024-07-26T16:16:09+00:00","article_modified_time":"2024-07-26T16:16:11+00:00","og_image":[{"width":1262,"height":841,"url":"https:\/\/www.gaveanews.com\/wp-content\/uploads\/Time-do-Juventude-durante-partida-do-Brasileirao-20-24.webp","type":"image\/webp"}],"author":"Andr\u00e9 Serra","twitter_card":"summary_large_image","twitter_misc":{"Escrito por":"Andr\u00e9 Serra","Est. tempo de leitura":"3 minutos"},"schema":{"@context":"https:\/\/schema.org","@graph":[{"@type":"NewsArticle","@id":"https:\/\/www.gaveanews.com\/index.php\/2024\/07\/26\/a-declaracao-de-jair-ventura-apos-a-derrota-do-juventude\/#article","isPartOf":{"@id":"https:\/\/www.gaveanews.com\/index.php\/2024\/07\/26\/a-declaracao-de-jair-ventura-apos-a-derrota-do-juventude\/"},"author":{"name":"Andr\u00e9 Serra","@id":"https:\/\/www.gaveanews.com\/#\/schema\/person\/0277a79a1289c451c281ec0411d84f0c"},"headline":"A declara\u00e7\u00e3o de Jair Ventura ap\u00f3s a derrota do Juventude","datePublished":"2024-07-26T16:16:09+00:00","dateModified":"2024-07-26T16:16:11+00:00","mainEntityOfPage":{"@id":"https:\/\/www.gaveanews.com\/index.php\/2024\/07\/26\/a-declaracao-de-jair-ventura-apos-a-derrota-do-juventude\/"},"wordCount":459,"commentCount":0,"image":{"@id":"https:\/\/www.gaveanews.com\/index.php\/2024\/07\/26\/a-declaracao-de-jair-ventura-apos-a-derrota-do-juventude\/#primaryimage"},"thumbnailUrl":"https:\/\/www.gaveanews.com\/wp-content\/uploads\/Time-do-Juventude-durante-partida-do-Brasileirao-20-24.webp","articleSection":["Juventude"],"inLanguage":"pt-BR","potentialAction":[{"@type":"CommentAction","name":"Comment","target":["https:\/\/www.gaveanews.com\/index.php\/2024\/07\/26\/a-declaracao-de-jair-ventura-apos-a-derrota-do-juventude\/#respond"]}],"copyrightYear":"2024","copyrightHolder":{"@id":"https:\/\/www.gaveanews.com\/#organization"}},{"@type":"WebPage","@id":"https:\/\/www.gaveanews.com\/index.php\/2024\/07\/26\/a-declaracao-de-jair-ventura-apos-a-derrota-do-juventude\/","url":"https:\/\/www.gaveanews.com\/index.php\/2024\/07\/26\/a-declaracao-de-jair-ventura-apos-a-derrota-do-juventude\/","name":"A declara\u00e7\u00e3o de Jair Ventura ap\u00f3s a derrota do Juventude","isPartOf":{"@id":"https:\/\/www.gaveanews.com\/#website"},"primaryImageOfPage":{"@id":"https:\/\/www.gaveanews.com\/index.php\/2024\/07\/26\/a-declaracao-de-jair-ventura-apos-a-derrota-do-juventude\/#primaryimage"},"image":{"@id":"https:\/\/www.gaveanews.com\/index.php\/2024\/07\/26\/a-declaracao-de-jair-ventura-apos-a-derrota-do-juventude\/#primaryimage"},"thumbnailUrl":"https:\/\/www.gaveanews.com\/wp-content\/uploads\/Time-do-Juventude-durante-partida-do-Brasileirao-20-24.webp","datePublished":"2024-07-26T16:16:09+00:00","dateModified":"2024-07-26T16:16:11+00:00","author":{"@id":"https:\/\/www.gaveanews.com\/#\/schema\/person\/0277a79a1289c451c281ec0411d84f0c"},"breadcrumb":{"@id":"https:\/\/www.gaveanews.com\/index.php\/2024\/07\/26\/a-declaracao-de-jair-ventura-apos-a-derrota-do-juventude\/#breadcrumb"},"inLanguage":"pt-BR","potentialAction":[{"@type":"ReadAction","target":["https:\/\/www.gaveanews.com\/index.php\/2024\/07\/26\/a-declaracao-de-jair-ventura-apos-a-derrota-do-juventude\/"]}]},{"@type":"ImageObject","inLanguage":"pt-BR","@id":"https:\/\/www.gaveanews.com\/index.php\/2024\/07\/26\/a-declaracao-de-jair-ventura-apos-a-derrota-do-juventude\/#primaryimage","url":"https:\/\/www.gaveanews.com\/wp-content\/uploads\/Time-do-Juventude-durante-partida-do-Brasileirao-20-24.webp","contentUrl":"https:\/\/www.gaveanews.com\/wp-content\/uploads\/Time-do-Juventude-durante-partida-do-Brasileirao-20-24.webp","width":1262,"height":841,"caption":"Time do Juventude durante partida do Brasileir\u00e3o 20-24 (Foto: Reprodu\u00e7\u00e3o\/Juventude)"},{"@type":"BreadcrumbList","@id":"https:\/\/www.gaveanews.com\/index.php\/2024\/07\/26\/a-declaracao-de-jair-ventura-apos-a-derrota-do-juventude\/#breadcrumb","itemListElement":[{"@type":"ListItem","position":1,"name":"Home","item":"https:\/\/www.gaveanews.com\/"},{"@type":"ListItem","position":2,"name":"A declara\u00e7\u00e3o de Jair Ventura ap\u00f3s a derrota do Juventude"}]},{"@type":"WebSite","@id":"https:\/\/www.gaveanews.com\/#website","url":"https:\/\/www.gaveanews.com\/","name":"G\u00e1vea News","description":"Veja todas as not\u00edcias sobre o Flamengo: Contrata\u00e7\u00f5es, categorias de base, resultados das partidas, tabela de classifica\u00e7\u00e3o, pr\u00f3ximos jogos!","potentialAction":[{"@type":"SearchAction","target":{"@type":"EntryPoint","urlTemplate":"https:\/\/www.gaveanews.com\/?s={search_term_string}"},"query-input":{"@type":"PropertyValueSpecification","valueRequired":true,"valueName":"search_term_string"}}],"inLanguage":"pt-BR"},{"@type":"Person","@id":"https:\/\/www.gaveanews.com\/#\/schema\/person\/0277a79a1289c451c281ec0411d84f0c","name":"Andr\u00e9 Serra","image":{"@type":"ImageObject","inLanguage":"pt-BR","@id":"https:\/\/www.gaveanews.com\/#\/schema\/person\/image\/","url":"https:\/\/secure.gravatar.com\/avatar\/d7231369fe48db93292b3e88eb2162dbd9a34a47a8437d9ef3bcaca2a86a83d7?s=96&d=mm&r=g","contentUrl":"https:\/\/secure.gravatar.com\/avatar\/d7231369fe48db93292b3e88eb2162dbd9a34a47a8437d9ef3bcaca2a86a83d7?s=96&d=mm&r=g","caption":"Andr\u00e9 Serra"}}]}},"_links":{"self":[{"href":"https:\/\/www.gaveanews.com\/index.php\/wp-json\/wp\/v2\/posts\/154651","targetHints":{"allow":["GET"]}}],"collection":[{"href":"https:\/\/www.gaveanews.com\/index.php\/wp-json\/wp\/v2\/posts"}],"about":[{"href":"https:\/\/www.gaveanews.com\/index.php\/wp-json\/wp\/v2\/types\/post"}],"author":[{"embeddable":true,"href":"https:\/\/www.gaveanews.com\/index.php\/wp-json\/wp\/v2\/users\/21"}],"replies":[{"embeddable":true,"href":"https:\/\/www.gaveanews.com\/index.php\/wp-json\/wp\/v2\/comments?post=154651"}],"version-history":[{"count":2,"href":"https:\/\/www.gaveanews.com\/index.php\/wp-json\/wp\/v2\/posts\/154651\/revisions"}],"predecessor-version":[{"id":154658,"href":"https:\/\/www.gaveanews.com\/index.php\/wp-json\/wp\/v2\/posts\/154651\/revisions\/154658"}],"wp:featuredmedia":[{"embeddable":true,"href":"https:\/\/www.gaveanews.com\/index.php\/wp-json\/wp\/v2\/media\/154739"}],"wp:attachment":[{"href":"https:\/\/www.gaveanews.com\/index.php\/wp-json\/wp\/v2\/media?parent=154651"}],"wp:term":[{"taxonomy":"category","embeddable":true,"href":"https:\/\/www.gaveanews.com\/index.php\/wp-json\/wp\/v2\/categories?post=154651"},{"taxonomy":"post_tag","embeddable":true,"href":"https:\/\/www.gaveanews.com\/index.php\/wp-json\/wp\/v2\/tags?post=154651"}],"curies":[{"name":"wp","href":"https:\/\/api.w.org\/{rel}","templated":true}]}}