{"id":154663,"date":"2024-07-26T13:23:29","date_gmt":"2024-07-26T16:23:29","guid":{"rendered":"https:\/\/www.gaveanews.com\/?p=154663"},"modified":"2024-07-26T13:23:31","modified_gmt":"2024-07-26T16:23:31","slug":"declaracao-da-comissao-tecnica-do-corinthians-sobre-o-empate-contra-o-gremio","status":"publish","type":"post","link":"https:\/\/www.gaveanews.com\/index.php\/2024\/07\/26\/declaracao-da-comissao-tecnica-do-corinthians-sobre-o-empate-contra-o-gremio\/","title":{"rendered":"Declara\u00e7\u00e3o da comiss\u00e3o t\u00e9cnica do Corinthians sobre o empate contra o Gr\u00eamio"},"content":{"rendered":"\n<h2 class=\"wp-block-heading\" id=\"h-ramon-diaz-mantem-invencibilidade-no-comando-do-timao-mas-ve-necessidade-de-melhorias-apos-empate\">Ram\u00f3n D\u00edaz mant\u00e9m invencibilidade no comando do Tim\u00e3o, mas v\u00ea necessidade de melhorias ap\u00f3s empate<\/h2>\n\n\n\n<p>Invicto ap\u00f3s tr\u00eas partidas no comando do Corinthians, o t\u00e9cnico Ram\u00f3n D\u00edaz se disse parcialmente satisfeito com a atua\u00e7\u00e3o da equipe no empate de 2 a 2 com o Gr\u00eamio, nesta quinta-feira (25), na Neo Qu\u00edmica Arena.<\/p>\n\n\n\n<ul class=\"wp-block-list\">\n<li><a href=\"https:\/\/www.gaveanews.com\/index.php\/2024\/07\/25\/a-forte-declaracao-de-marchesin-sobre-o-jogo-entre-corinthians-x-gremio\/\">A forte declara\u00e7\u00e3o de Marches\u00edn sobre o jogo entre Corinthians x Gr\u00eamio<\/a><\/li>\n\n\n\n<li><a href=\"https:\/\/www.gaveanews.com\/index.php\/2024\/07\/25\/ele-quer-rescindir-com-o-corinthians-mas-a-justica-esta-impedindo\/\">Ele quer rescindir com o Corinthians, mas a Justi\u00e7a est\u00e1 impedindo<\/a><\/li>\n<\/ul>\n\n\n\n<p>Ram\u00f3n D\u00edaz valorizou a rea\u00e7\u00e3o do Corinthians, que ficou atr\u00e1s do placar duas vezes na partida. O argentino afirmou que gostou mais do desempenho no primeiro tempo do que no segundo e apontou coisas a melhorar.<\/p>\n\n\n\n<p>\u2014 Eu disse na entrevista antes do jogo que seria um jogo dif\u00edcil, o Gr\u00eamio \u00e9 um grande clube e precisava de pontos. Seria uma partida que ter\u00edamos que ser inteligentes e calmos. O primeiro tempo me agradou, o segundo tempo menos. Tivemos pouco tempo de recupera\u00e7\u00e3o, assim como teremos para domingo. Os jogadores se esfor\u00e7aram muito, teremos pouco tempo de trabalho para melhorar algumas coisas t\u00e1ticas. Estamos contentes e n\u00e3o. Contente pela rea\u00e7\u00e3o da equipe e dos torcedores, que ajudaram o time a n\u00e3o perder a partida e conseguir recuperar. H\u00e1 coisas a melhorar. Teremos que recuperar, n\u00e3o estamos 100% contentes porque quer\u00edamos ganhar, s\u00e3o muitos jogos e vamos tentar recuperar, analisou Ram\u00f3n D\u00edaz.<\/p>\n\n\n\n<p>O auxiliar de Ram\u00f3n D\u00edaz tamb\u00e9m explicou as substitui\u00e7\u00f5es realizadas no segundo tempo. Primeiro, Charles entrou no lugar de Matheuzinho. Depois, Igor Coronado, Wesley, Pedro Raul e Pedro Henrique entraram nos lugares de Ryan, Romero, Yuri Alberto e Raniele.<\/p>\n\n\n\n<p>\u2014 A primeira troca n\u00f3s tiramos um central para colocar um volante a mais, quer\u00edamos ser mais profundos. N\u00e3o quer\u00edamos trocar um lateral por outro. Charles \u00e9 um jogador de efici\u00eancia, com mais for\u00e7a que o Bidon, e quer\u00edamos equilibrar o jogo. Podemos errar muitas vezes, quando voc\u00ea faz a troca e ganha, voc\u00ea \u00e9 um fen\u00f4meno; quando isso n\u00e3o acontece, \u00e9 normal. Fizemos sete pontos de nove, certeza que os 40 milh\u00f5es de torcedores aceitariam isso antes de chegarmos. N\u00e3o estamos felizes com o segundo tempo que fizemos, n\u00e3o \u00e9 normal, mas felizes pelo jogo que fizemos, explicou o auxiliar.<\/p>\n\n\n\n<p>O Tim\u00e3o volta a campo no domingo, quando enfrenta o Atl\u00e9tico-MG, fora de casa, \u00e0s 19h.<\/p>\n","protected":false},"excerpt":{"rendered":"<p>Ram\u00f3n D\u00edaz mant\u00e9m invencibilidade no comando do Tim\u00e3o, mas v\u00ea necessidade de melhorias ap\u00f3s empate Invicto ap\u00f3s tr\u00eas partidas no comando do Corinthians, o t\u00e9cnico Ram\u00f3n D\u00edaz se disse parcialmente satisfeito com a atua\u00e7\u00e3o da equipe no empate de 2 a 2 com o Gr\u00eamio, nesta quinta-feira (25), na Neo Qu\u00edmica Arena. Ram\u00f3n D\u00edaz valorizou [&hellip;]<\/p>\n","protected":false},"author":20,"featured_media":146951,"comment_status":"open","ping_status":"closed","sticky":false,"template":"","format":"standard","meta":{"footnotes":""},"categories":[141,147],"tags":[],"class_list":["post-154663","post","type-post","status-publish","format-standard","has-post-thumbnail","hentry","category-corinthians","category-gremio"],"yoast_head":"<!-- This site is optimized with the Yoast SEO Premium plugin v24.2 (Yoast SEO v26.9) - https:\/\/yoast.com\/product\/yoast-seo-premium-wordpress\/ -->\n<title>Declara\u00e7\u00e3o da comiss\u00e3o t\u00e9cnica do Corinthians sobre o empate contra o Gr\u00eamio<\/title>\n<meta name=\"robots\" content=\"index, follow, max-snippet:-1, max-image-preview:large, max-video-preview:-1\" \/>\n<link rel=\"canonical\" href=\"https:\/\/www.gaveanews.com\/index.php\/2024\/07\/26\/declaracao-da-comissao-tecnica-do-corinthians-sobre-o-empate-contra-o-gremio\/\" \/>\n<meta property=\"og:locale\" content=\"pt_BR\" \/>\n<meta property=\"og:type\" content=\"article\" \/>\n<meta property=\"og:title\" content=\"Declara\u00e7\u00e3o da comiss\u00e3o t\u00e9cnica do Corinthians sobre o empate contra o Gr\u00eamio\" \/>\n<meta property=\"og:description\" content=\"Ram\u00f3n D\u00edaz mant\u00e9m invencibilidade no comando do Tim\u00e3o, mas v\u00ea necessidade de melhorias ap\u00f3s empate Invicto ap\u00f3s tr\u00eas partidas no comando do Corinthians, o t\u00e9cnico Ram\u00f3n D\u00edaz se disse parcialmente satisfeito com a atua\u00e7\u00e3o da equipe no empate de 2 a 2 com o Gr\u00eamio, nesta quinta-feira (25), na Neo Qu\u00edmica Arena. Ram\u00f3n D\u00edaz valorizou [&hellip;]\" \/>\n<meta property=\"og:url\" content=\"https:\/\/www.gaveanews.com\/index.php\/2024\/07\/26\/declaracao-da-comissao-tecnica-do-corinthians-sobre-o-empate-contra-o-gremio\/\" \/>\n<meta property=\"og:site_name\" content=\"G\u00e1vea News\" \/>\n<meta property=\"article:publisher\" content=\"https:\/\/facebook.com\/gaveaNews\/\" \/>\n<meta property=\"article:published_time\" content=\"2024-07-26T16:23:29+00:00\" \/>\n<meta property=\"article:modified_time\" content=\"2024-07-26T16:23:31+00:00\" \/>\n<meta property=\"og:image\" content=\"https:\/\/www.gaveanews.com\/wp-content\/uploads\/Escudo-do-Corinthians.webp\" \/>\n\t<meta property=\"og:image:width\" content=\"1000\" \/>\n\t<meta property=\"og:image:height\" content=\"667\" \/>\n\t<meta property=\"og:image:type\" content=\"image\/webp\" \/>\n<meta name=\"author\" content=\"Lucas Barros\" \/>\n<meta name=\"twitter:card\" content=\"summary_large_image\" \/>\n<meta name=\"twitter:label1\" content=\"Escrito por\" \/>\n\t<meta name=\"twitter:data1\" content=\"Lucas Barros\" \/>\n\t<meta name=\"twitter:label2\" content=\"Est. tempo de leitura\" \/>\n\t<meta name=\"twitter:data2\" content=\"3 minutos\" \/>\n<script type=\"application\/ld+json\" class=\"yoast-schema-graph\">{\"@context\":\"https:\/\/schema.org\",\"@graph\":[{\"@type\":\"NewsArticle\",\"@id\":\"https:\/\/www.gaveanews.com\/index.php\/2024\/07\/26\/declaracao-da-comissao-tecnica-do-corinthians-sobre-o-empate-contra-o-gremio\/#article\",\"isPartOf\":{\"@id\":\"https:\/\/www.gaveanews.com\/index.php\/2024\/07\/26\/declaracao-da-comissao-tecnica-do-corinthians-sobre-o-empate-contra-o-gremio\/\"},\"author\":{\"name\":\"Lucas Barros\",\"@id\":\"https:\/\/www.gaveanews.com\/#\/schema\/person\/2abf0cfa878f5f899daa5f781e82264c\"},\"headline\":\"Declara\u00e7\u00e3o da comiss\u00e3o t\u00e9cnica do Corinthians sobre o empate contra o Gr\u00eamio\",\"datePublished\":\"2024-07-26T16:23:29+00:00\",\"dateModified\":\"2024-07-26T16:23:31+00:00\",\"mainEntityOfPage\":{\"@id\":\"https:\/\/www.gaveanews.com\/index.php\/2024\/07\/26\/declaracao-da-comissao-tecnica-do-corinthians-sobre-o-empate-contra-o-gremio\/\"},\"wordCount\":439,\"commentCount\":0,\"image\":{\"@id\":\"https:\/\/www.gaveanews.com\/index.php\/2024\/07\/26\/declaracao-da-comissao-tecnica-do-corinthians-sobre-o-empate-contra-o-gremio\/#primaryimage\"},\"thumbnailUrl\":\"https:\/\/www.gaveanews.com\/wp-content\/uploads\/Escudo-do-Corinthians.webp\",\"articleSection\":[\"Corinthians\",\"Gr\u00eamio\"],\"inLanguage\":\"pt-BR\",\"potentialAction\":[{\"@type\":\"CommentAction\",\"name\":\"Comment\",\"target\":[\"https:\/\/www.gaveanews.com\/index.php\/2024\/07\/26\/declaracao-da-comissao-tecnica-do-corinthians-sobre-o-empate-contra-o-gremio\/#respond\"]}],\"copyrightYear\":\"2024\",\"copyrightHolder\":{\"@id\":\"https:\/\/www.gaveanews.com\/#organization\"}},{\"@type\":\"WebPage\",\"@id\":\"https:\/\/www.gaveanews.com\/index.php\/2024\/07\/26\/declaracao-da-comissao-tecnica-do-corinthians-sobre-o-empate-contra-o-gremio\/\",\"url\":\"https:\/\/www.gaveanews.com\/index.php\/2024\/07\/26\/declaracao-da-comissao-tecnica-do-corinthians-sobre-o-empate-contra-o-gremio\/\",\"name\":\"Declara\u00e7\u00e3o da comiss\u00e3o t\u00e9cnica do Corinthians sobre o empate contra o Gr\u00eamio\",\"isPartOf\":{\"@id\":\"https:\/\/www.gaveanews.com\/#website\"},\"primaryImageOfPage\":{\"@id\":\"https:\/\/www.gaveanews.com\/index.php\/2024\/07\/26\/declaracao-da-comissao-tecnica-do-corinthians-sobre-o-empate-contra-o-gremio\/#primaryimage\"},\"image\":{\"@id\":\"https:\/\/www.gaveanews.com\/index.php\/2024\/07\/26\/declaracao-da-comissao-tecnica-do-corinthians-sobre-o-empate-contra-o-gremio\/#primaryimage\"},\"thumbnailUrl\":\"https:\/\/www.gaveanews.com\/wp-content\/uploads\/Escudo-do-Corinthians.webp\",\"datePublished\":\"2024-07-26T16:23:29+00:00\",\"dateModified\":\"2024-07-26T16:23:31+00:00\",\"author\":{\"@id\":\"https:\/\/www.gaveanews.com\/#\/schema\/person\/2abf0cfa878f5f899daa5f781e82264c\"},\"breadcrumb\":{\"@id\":\"https:\/\/www.gaveanews.com\/index.php\/2024\/07\/26\/declaracao-da-comissao-tecnica-do-corinthians-sobre-o-empate-contra-o-gremio\/#breadcrumb\"},\"inLanguage\":\"pt-BR\",\"potentialAction\":[{\"@type\":\"ReadAction\",\"target\":[\"https:\/\/www.gaveanews.com\/index.php\/2024\/07\/26\/declaracao-da-comissao-tecnica-do-corinthians-sobre-o-empate-contra-o-gremio\/\"]}]},{\"@type\":\"ImageObject\",\"inLanguage\":\"pt-BR\",\"@id\":\"https:\/\/www.gaveanews.com\/index.php\/2024\/07\/26\/declaracao-da-comissao-tecnica-do-corinthians-sobre-o-empate-contra-o-gremio\/#primaryimage\",\"url\":\"https:\/\/www.gaveanews.com\/wp-content\/uploads\/Escudo-do-Corinthians.webp\",\"contentUrl\":\"https:\/\/www.gaveanews.com\/wp-content\/uploads\/Escudo-do-Corinthians.webp\",\"width\":1000,\"height\":667,\"caption\":\"Escudo do Corinthians (Foto Reprodu\u00e7\u00e3o\/Instagram)\"},{\"@type\":\"BreadcrumbList\",\"@id\":\"https:\/\/www.gaveanews.com\/index.php\/2024\/07\/26\/declaracao-da-comissao-tecnica-do-corinthians-sobre-o-empate-contra-o-gremio\/#breadcrumb\",\"itemListElement\":[{\"@type\":\"ListItem\",\"position\":1,\"name\":\"Home\",\"item\":\"https:\/\/www.gaveanews.com\/\"},{\"@type\":\"ListItem\",\"position\":2,\"name\":\"Declara\u00e7\u00e3o da comiss\u00e3o t\u00e9cnica do Corinthians sobre o empate contra o Gr\u00eamio\"}]},{\"@type\":\"WebSite\",\"@id\":\"https:\/\/www.gaveanews.com\/#website\",\"url\":\"https:\/\/www.gaveanews.com\/\",\"name\":\"G\u00e1vea News\",\"description\":\"Veja todas as not\u00edcias sobre o Flamengo: Contrata\u00e7\u00f5es, categorias de base, resultados das partidas, tabela de classifica\u00e7\u00e3o, pr\u00f3ximos jogos!\",\"potentialAction\":[{\"@type\":\"SearchAction\",\"target\":{\"@type\":\"EntryPoint\",\"urlTemplate\":\"https:\/\/www.gaveanews.com\/?s={search_term_string}\"},\"query-input\":{\"@type\":\"PropertyValueSpecification\",\"valueRequired\":true,\"valueName\":\"search_term_string\"}}],\"inLanguage\":\"pt-BR\"},{\"@type\":\"Person\",\"@id\":\"https:\/\/www.gaveanews.com\/#\/schema\/person\/2abf0cfa878f5f899daa5f781e82264c\",\"name\":\"Lucas Barros\",\"image\":{\"@type\":\"ImageObject\",\"inLanguage\":\"pt-BR\",\"@id\":\"https:\/\/www.gaveanews.com\/#\/schema\/person\/image\/\",\"url\":\"https:\/\/secure.gravatar.com\/avatar\/67a6069eba66bf6fd7c80b70e1331baa3dbc3d6df5012d5c22eff29c7d59e0b0?s=96&d=mm&r=g\",\"contentUrl\":\"https:\/\/secure.gravatar.com\/avatar\/67a6069eba66bf6fd7c80b70e1331baa3dbc3d6df5012d5c22eff29c7d59e0b0?s=96&d=mm&r=g\",\"caption\":\"Lucas Barros\"}}]}<\/script>\n<!-- \/ Yoast SEO Premium plugin. -->","yoast_head_json":{"title":"Declara\u00e7\u00e3o da comiss\u00e3o t\u00e9cnica do Corinthians sobre o empate contra o Gr\u00eamio","robots":{"index":"index","follow":"follow","max-snippet":"max-snippet:-1","max-image-preview":"max-image-preview:large","max-video-preview":"max-video-preview:-1"},"canonical":"https:\/\/www.gaveanews.com\/index.php\/2024\/07\/26\/declaracao-da-comissao-tecnica-do-corinthians-sobre-o-empate-contra-o-gremio\/","og_locale":"pt_BR","og_type":"article","og_title":"Declara\u00e7\u00e3o da comiss\u00e3o t\u00e9cnica do Corinthians sobre o empate contra o Gr\u00eamio","og_description":"Ram\u00f3n D\u00edaz mant\u00e9m invencibilidade no comando do Tim\u00e3o, mas v\u00ea necessidade de melhorias ap\u00f3s empate Invicto ap\u00f3s tr\u00eas partidas no comando do Corinthians, o t\u00e9cnico Ram\u00f3n D\u00edaz se disse parcialmente satisfeito com a atua\u00e7\u00e3o da equipe no empate de 2 a 2 com o Gr\u00eamio, nesta quinta-feira (25), na Neo Qu\u00edmica Arena. Ram\u00f3n D\u00edaz valorizou [&hellip;]","og_url":"https:\/\/www.gaveanews.com\/index.php\/2024\/07\/26\/declaracao-da-comissao-tecnica-do-corinthians-sobre-o-empate-contra-o-gremio\/","og_site_name":"G\u00e1vea News","article_publisher":"https:\/\/facebook.com\/gaveaNews\/","article_published_time":"2024-07-26T16:23:29+00:00","article_modified_time":"2024-07-26T16:23:31+00:00","og_image":[{"width":1000,"height":667,"url":"https:\/\/www.gaveanews.com\/wp-content\/uploads\/Escudo-do-Corinthians.webp","type":"image\/webp"}],"author":"Lucas Barros","twitter_card":"summary_large_image","twitter_misc":{"Escrito por":"Lucas Barros","Est. tempo de leitura":"3 minutos"},"schema":{"@context":"https:\/\/schema.org","@graph":[{"@type":"NewsArticle","@id":"https:\/\/www.gaveanews.com\/index.php\/2024\/07\/26\/declaracao-da-comissao-tecnica-do-corinthians-sobre-o-empate-contra-o-gremio\/#article","isPartOf":{"@id":"https:\/\/www.gaveanews.com\/index.php\/2024\/07\/26\/declaracao-da-comissao-tecnica-do-corinthians-sobre-o-empate-contra-o-gremio\/"},"author":{"name":"Lucas Barros","@id":"https:\/\/www.gaveanews.com\/#\/schema\/person\/2abf0cfa878f5f899daa5f781e82264c"},"headline":"Declara\u00e7\u00e3o da comiss\u00e3o t\u00e9cnica do Corinthians sobre o empate contra o Gr\u00eamio","datePublished":"2024-07-26T16:23:29+00:00","dateModified":"2024-07-26T16:23:31+00:00","mainEntityOfPage":{"@id":"https:\/\/www.gaveanews.com\/index.php\/2024\/07\/26\/declaracao-da-comissao-tecnica-do-corinthians-sobre-o-empate-contra-o-gremio\/"},"wordCount":439,"commentCount":0,"image":{"@id":"https:\/\/www.gaveanews.com\/index.php\/2024\/07\/26\/declaracao-da-comissao-tecnica-do-corinthians-sobre-o-empate-contra-o-gremio\/#primaryimage"},"thumbnailUrl":"https:\/\/www.gaveanews.com\/wp-content\/uploads\/Escudo-do-Corinthians.webp","articleSection":["Corinthians","Gr\u00eamio"],"inLanguage":"pt-BR","potentialAction":[{"@type":"CommentAction","name":"Comment","target":["https:\/\/www.gaveanews.com\/index.php\/2024\/07\/26\/declaracao-da-comissao-tecnica-do-corinthians-sobre-o-empate-contra-o-gremio\/#respond"]}],"copyrightYear":"2024","copyrightHolder":{"@id":"https:\/\/www.gaveanews.com\/#organization"}},{"@type":"WebPage","@id":"https:\/\/www.gaveanews.com\/index.php\/2024\/07\/26\/declaracao-da-comissao-tecnica-do-corinthians-sobre-o-empate-contra-o-gremio\/","url":"https:\/\/www.gaveanews.com\/index.php\/2024\/07\/26\/declaracao-da-comissao-tecnica-do-corinthians-sobre-o-empate-contra-o-gremio\/","name":"Declara\u00e7\u00e3o da comiss\u00e3o t\u00e9cnica do Corinthians sobre o empate contra o Gr\u00eamio","isPartOf":{"@id":"https:\/\/www.gaveanews.com\/#website"},"primaryImageOfPage":{"@id":"https:\/\/www.gaveanews.com\/index.php\/2024\/07\/26\/declaracao-da-comissao-tecnica-do-corinthians-sobre-o-empate-contra-o-gremio\/#primaryimage"},"image":{"@id":"https:\/\/www.gaveanews.com\/index.php\/2024\/07\/26\/declaracao-da-comissao-tecnica-do-corinthians-sobre-o-empate-contra-o-gremio\/#primaryimage"},"thumbnailUrl":"https:\/\/www.gaveanews.com\/wp-content\/uploads\/Escudo-do-Corinthians.webp","datePublished":"2024-07-26T16:23:29+00:00","dateModified":"2024-07-26T16:23:31+00:00","author":{"@id":"https:\/\/www.gaveanews.com\/#\/schema\/person\/2abf0cfa878f5f899daa5f781e82264c"},"breadcrumb":{"@id":"https:\/\/www.gaveanews.com\/index.php\/2024\/07\/26\/declaracao-da-comissao-tecnica-do-corinthians-sobre-o-empate-contra-o-gremio\/#breadcrumb"},"inLanguage":"pt-BR","potentialAction":[{"@type":"ReadAction","target":["https:\/\/www.gaveanews.com\/index.php\/2024\/07\/26\/declaracao-da-comissao-tecnica-do-corinthians-sobre-o-empate-contra-o-gremio\/"]}]},{"@type":"ImageObject","inLanguage":"pt-BR","@id":"https:\/\/www.gaveanews.com\/index.php\/2024\/07\/26\/declaracao-da-comissao-tecnica-do-corinthians-sobre-o-empate-contra-o-gremio\/#primaryimage","url":"https:\/\/www.gaveanews.com\/wp-content\/uploads\/Escudo-do-Corinthians.webp","contentUrl":"https:\/\/www.gaveanews.com\/wp-content\/uploads\/Escudo-do-Corinthians.webp","width":1000,"height":667,"caption":"Escudo do Corinthians (Foto Reprodu\u00e7\u00e3o\/Instagram)"},{"@type":"BreadcrumbList","@id":"https:\/\/www.gaveanews.com\/index.php\/2024\/07\/26\/declaracao-da-comissao-tecnica-do-corinthians-sobre-o-empate-contra-o-gremio\/#breadcrumb","itemListElement":[{"@type":"ListItem","position":1,"name":"Home","item":"https:\/\/www.gaveanews.com\/"},{"@type":"ListItem","position":2,"name":"Declara\u00e7\u00e3o da comiss\u00e3o t\u00e9cnica do Corinthians sobre o empate contra o Gr\u00eamio"}]},{"@type":"WebSite","@id":"https:\/\/www.gaveanews.com\/#website","url":"https:\/\/www.gaveanews.com\/","name":"G\u00e1vea News","description":"Veja todas as not\u00edcias sobre o Flamengo: Contrata\u00e7\u00f5es, categorias de base, resultados das partidas, tabela de classifica\u00e7\u00e3o, pr\u00f3ximos jogos!","potentialAction":[{"@type":"SearchAction","target":{"@type":"EntryPoint","urlTemplate":"https:\/\/www.gaveanews.com\/?s={search_term_string}"},"query-input":{"@type":"PropertyValueSpecification","valueRequired":true,"valueName":"search_term_string"}}],"inLanguage":"pt-BR"},{"@type":"Person","@id":"https:\/\/www.gaveanews.com\/#\/schema\/person\/2abf0cfa878f5f899daa5f781e82264c","name":"Lucas Barros","image":{"@type":"ImageObject","inLanguage":"pt-BR","@id":"https:\/\/www.gaveanews.com\/#\/schema\/person\/image\/","url":"https:\/\/secure.gravatar.com\/avatar\/67a6069eba66bf6fd7c80b70e1331baa3dbc3d6df5012d5c22eff29c7d59e0b0?s=96&d=mm&r=g","contentUrl":"https:\/\/secure.gravatar.com\/avatar\/67a6069eba66bf6fd7c80b70e1331baa3dbc3d6df5012d5c22eff29c7d59e0b0?s=96&d=mm&r=g","caption":"Lucas Barros"}}]}},"_links":{"self":[{"href":"https:\/\/www.gaveanews.com\/index.php\/wp-json\/wp\/v2\/posts\/154663","targetHints":{"allow":["GET"]}}],"collection":[{"href":"https:\/\/www.gaveanews.com\/index.php\/wp-json\/wp\/v2\/posts"}],"about":[{"href":"https:\/\/www.gaveanews.com\/index.php\/wp-json\/wp\/v2\/types\/post"}],"author":[{"embeddable":true,"href":"https:\/\/www.gaveanews.com\/index.php\/wp-json\/wp\/v2\/users\/20"}],"replies":[{"embeddable":true,"href":"https:\/\/www.gaveanews.com\/index.php\/wp-json\/wp\/v2\/comments?post=154663"}],"version-history":[{"count":1,"href":"https:\/\/www.gaveanews.com\/index.php\/wp-json\/wp\/v2\/posts\/154663\/revisions"}],"predecessor-version":[{"id":154664,"href":"https:\/\/www.gaveanews.com\/index.php\/wp-json\/wp\/v2\/posts\/154663\/revisions\/154664"}],"wp:featuredmedia":[{"embeddable":true,"href":"https:\/\/www.gaveanews.com\/index.php\/wp-json\/wp\/v2\/media\/146951"}],"wp:attachment":[{"href":"https:\/\/www.gaveanews.com\/index.php\/wp-json\/wp\/v2\/media?parent=154663"}],"wp:term":[{"taxonomy":"category","embeddable":true,"href":"https:\/\/www.gaveanews.com\/index.php\/wp-json\/wp\/v2\/categories?post=154663"},{"taxonomy":"post_tag","embeddable":true,"href":"https:\/\/www.gaveanews.com\/index.php\/wp-json\/wp\/v2\/tags?post=154663"}],"curies":[{"name":"wp","href":"https:\/\/api.w.org\/{rel}","templated":true}]}}