{"id":154704,"date":"2024-07-26T13:28:29","date_gmt":"2024-07-26T16:28:29","guid":{"rendered":"https:\/\/www.gaveanews.com\/?p=154704"},"modified":"2024-07-26T13:28:32","modified_gmt":"2024-07-26T16:28:32","slug":"a-declaracao-de-julio-furch-antes-de-crb-x-santos","status":"publish","type":"post","link":"https:\/\/www.gaveanews.com\/index.php\/2024\/07\/26\/a-declaracao-de-julio-furch-antes-de-crb-x-santos\/","title":{"rendered":"A declara\u00e7\u00e3o de J\u00falio Furch antes de CRB x Santos"},"content":{"rendered":"\n<h2 class=\"wp-block-heading\" id=\"h-julio-furch-destacou-a-importancia-do-coletivo-e-orgulho-de-jogar-pelo-santos\">Julio Furch destacou a import\u00e2ncia do coletivo e orgulho de jogar pelo Santos<\/h2>\n\n\n\n<p>O atacante Julio Furch, que tem se destacado com a camisa do Santos, ressaltou em entrevista a import\u00e2ncia do trabalho em equipe e expressou seu orgulho em defender um dos clubes mais tradicionais do Brasil. Apesar de suas realiza\u00e7\u00f5es individuais, Furch destacou que o sucesso coletivo \u00e9 sempre o mais importante para ele.<\/p>\n\n\n\n<ul class=\"wp-block-list\">\n<li><a href=\"https:\/\/www.gaveanews.com\/index.php\/2024\/07\/25\/jogador-emprestado-pode-render-muito-dinheiro-ao-santos\/\">Jogador emprestado pode render muito dinheiro ao Santos<\/a><\/li>\n\n\n\n<li><a href=\"https:\/\/www.gaveanews.com\/index.php\/2024\/07\/25\/lateral-esquerdo-do-santos-e-oferecido-ao-gremio\/\">Lateral-esquerdo do Santos \u00e9 oferecido ao Gr\u00eamio<\/a><\/li>\n<\/ul>\n\n\n\n<p>&#8220;Acho que \u00e9 bom para mim, mas \u00e9 algo que n\u00e3o estou pensando. Acho que o coletivo \u00e9 sempre mais importante, \u00e9 o que mais aspiro a conseguir&#8221;, disse o jogador.<\/p>\n\n\n\n<p>O jogador comentou sobre como o trabalho em equipe faz a diferen\u00e7a e que al\u00e9m do individual, o mais importante \u00e9 ver a equipe somando pontos, principalmente no atual momento na S\u00e9rie B do Campeonato Brasileiro.   <\/p>\n\n\n\n<figure class=\"wp-block-image size-large\"><img loading=\"lazy\" decoding=\"async\" width=\"819\" height=\"1024\" src=\"https:\/\/www.gaveanews.com\/wp-content\/uploads\/Julio-Furch-com-a-camisa-do-Santos-em-2024-819x1024.webp\" alt=\"\" class=\"wp-image-154745\" srcset=\"https:\/\/www.gaveanews.com\/wp-content\/uploads\/Julio-Furch-com-a-camisa-do-Santos-em-2024-819x1024.webp 819w, https:\/\/www.gaveanews.com\/wp-content\/uploads\/Julio-Furch-com-a-camisa-do-Santos-em-2024-240x300.webp 240w, https:\/\/www.gaveanews.com\/wp-content\/uploads\/Julio-Furch-com-a-camisa-do-Santos-em-2024-768x960.webp 768w, https:\/\/www.gaveanews.com\/wp-content\/uploads\/Julio-Furch-com-a-camisa-do-Santos-em-2024-336x420.webp 336w, https:\/\/www.gaveanews.com\/wp-content\/uploads\/Julio-Furch-com-a-camisa-do-Santos-em-2024-672x840.webp 672w, https:\/\/www.gaveanews.com\/wp-content\/uploads\/Julio-Furch-com-a-camisa-do-Santos-em-2024-640x800.webp 640w, https:\/\/www.gaveanews.com\/wp-content\/uploads\/Julio-Furch-com-a-camisa-do-Santos-em-2024-681x851.webp 681w, https:\/\/www.gaveanews.com\/wp-content\/uploads\/Julio-Furch-com-a-camisa-do-Santos-em-2024-100x125.webp 100w, https:\/\/www.gaveanews.com\/wp-content\/uploads\/Julio-Furch-com-a-camisa-do-Santos-em-2024.webp 1080w\" sizes=\"auto, (max-width: 819px) 100vw, 819px\" \/><figcaption class=\"wp-element-caption\">Julio Furch com a camisa do Santos em 2024 (Foto: Reprodu\u00e7\u00e3o\/Santos)<\/figcaption><\/figure>\n\n\n\n<p>&#8220;O mais lindo do futebol \u00e9 o trabalho em equipe, \u00e9 lindo ver somar gols, me faz muito feliz, mas o importante \u00e9 sempre s\u00e3o os tr\u00eas ponto&#8221;, afirmou Furch. <\/p>\n\n\n\n<p>Furch tamb\u00e9m comentou sobre a fama internacional do Santos e a honra de ver seu nome associado ao clube.<\/p>\n\n\n\n<p>&#8220;O Santos \u00e9 um clube internacionalmente muito conhecido, na Argentina, no M\u00e9xico, onde eu estive muito tempo. Falar de Santos \u00e9 um dos maiores times aqui no Brasil. Ent\u00e3o, olhar a tabela e ver meu nome \u00e9 muito bonito&#8221;, declarou. <\/p>\n\n\n\n<p>&#8220;\u00c9 um orgulho que poucos conseguem. E na verdade, o dia de amanh\u00e3, quando eu parar e ver o meu nome nessa lista vai ser muito bom&#8221;, finalizou. <\/p>\n","protected":false},"excerpt":{"rendered":"<p>Julio Furch destacou a import\u00e2ncia do coletivo e orgulho de jogar pelo Santos O atacante Julio Furch, que tem se destacado com a camisa do Santos, ressaltou em entrevista a import\u00e2ncia do trabalho em equipe e expressou seu orgulho em defender um dos clubes mais tradicionais do Brasil. Apesar de suas realiza\u00e7\u00f5es individuais, Furch destacou [&hellip;]<\/p>\n","protected":false},"author":17,"featured_media":152156,"comment_status":"open","ping_status":"closed","sticky":false,"template":"","format":"standard","meta":{"footnotes":""},"categories":[139],"tags":[],"class_list":["post-154704","post","type-post","status-publish","format-standard","has-post-thumbnail","hentry","category-santos"],"yoast_head":"<!-- This site is optimized with the Yoast SEO Premium plugin v24.2 (Yoast SEO v26.9) - https:\/\/yoast.com\/product\/yoast-seo-premium-wordpress\/ -->\n<title>A declara\u00e7\u00e3o de J\u00falio Furch antes de CRB x Santos<\/title>\n<meta name=\"robots\" content=\"index, follow, max-snippet:-1, max-image-preview:large, max-video-preview:-1\" \/>\n<link rel=\"canonical\" href=\"https:\/\/www.gaveanews.com\/index.php\/2024\/07\/26\/a-declaracao-de-julio-furch-antes-de-crb-x-santos\/\" \/>\n<meta property=\"og:locale\" content=\"pt_BR\" \/>\n<meta property=\"og:type\" content=\"article\" \/>\n<meta property=\"og:title\" content=\"A declara\u00e7\u00e3o de J\u00falio Furch antes de CRB x Santos\" \/>\n<meta property=\"og:description\" content=\"Julio Furch destacou a import\u00e2ncia do coletivo e orgulho de jogar pelo Santos O atacante Julio Furch, que tem se destacado com a camisa do Santos, ressaltou em entrevista a import\u00e2ncia do trabalho em equipe e expressou seu orgulho em defender um dos clubes mais tradicionais do Brasil. Apesar de suas realiza\u00e7\u00f5es individuais, Furch destacou [&hellip;]\" \/>\n<meta property=\"og:url\" content=\"https:\/\/www.gaveanews.com\/index.php\/2024\/07\/26\/a-declaracao-de-julio-furch-antes-de-crb-x-santos\/\" \/>\n<meta property=\"og:site_name\" content=\"G\u00e1vea News\" \/>\n<meta property=\"article:publisher\" content=\"https:\/\/facebook.com\/gaveaNews\/\" \/>\n<meta property=\"article:published_time\" content=\"2024-07-26T16:28:29+00:00\" \/>\n<meta property=\"article:modified_time\" content=\"2024-07-26T16:28:32+00:00\" \/>\n<meta property=\"og:image\" content=\"https:\/\/www.gaveanews.com\/wp-content\/uploads\/Escudo-do-Santos-1.webp\" \/>\n\t<meta property=\"og:image:width\" content=\"1300\" \/>\n\t<meta property=\"og:image:height\" content=\"1056\" \/>\n\t<meta property=\"og:image:type\" content=\"image\/webp\" \/>\n<meta name=\"author\" content=\"Geovanna Thomaz\" \/>\n<meta name=\"twitter:card\" content=\"summary_large_image\" \/>\n<meta name=\"twitter:label1\" content=\"Escrito por\" \/>\n\t<meta name=\"twitter:data1\" content=\"Geovanna Thomaz\" \/>\n\t<meta name=\"twitter:label2\" content=\"Est. tempo de leitura\" \/>\n\t<meta name=\"twitter:data2\" content=\"2 minutos\" \/>\n<script type=\"application\/ld+json\" class=\"yoast-schema-graph\">{\"@context\":\"https:\/\/schema.org\",\"@graph\":[{\"@type\":\"NewsArticle\",\"@id\":\"https:\/\/www.gaveanews.com\/index.php\/2024\/07\/26\/a-declaracao-de-julio-furch-antes-de-crb-x-santos\/#article\",\"isPartOf\":{\"@id\":\"https:\/\/www.gaveanews.com\/index.php\/2024\/07\/26\/a-declaracao-de-julio-furch-antes-de-crb-x-santos\/\"},\"author\":{\"name\":\"Geovanna Thomaz\",\"@id\":\"https:\/\/www.gaveanews.com\/#\/schema\/person\/f42654babcd2b2014a1a65af82b081f1\"},\"headline\":\"A declara\u00e7\u00e3o de J\u00falio Furch antes de CRB x Santos\",\"datePublished\":\"2024-07-26T16:28:29+00:00\",\"dateModified\":\"2024-07-26T16:28:32+00:00\",\"mainEntityOfPage\":{\"@id\":\"https:\/\/www.gaveanews.com\/index.php\/2024\/07\/26\/a-declaracao-de-julio-furch-antes-de-crb-x-santos\/\"},\"wordCount\":288,\"commentCount\":0,\"image\":{\"@id\":\"https:\/\/www.gaveanews.com\/index.php\/2024\/07\/26\/a-declaracao-de-julio-furch-antes-de-crb-x-santos\/#primaryimage\"},\"thumbnailUrl\":\"https:\/\/www.gaveanews.com\/wp-content\/uploads\/Escudo-do-Santos-1.webp\",\"articleSection\":[\"Santos\"],\"inLanguage\":\"pt-BR\",\"potentialAction\":[{\"@type\":\"CommentAction\",\"name\":\"Comment\",\"target\":[\"https:\/\/www.gaveanews.com\/index.php\/2024\/07\/26\/a-declaracao-de-julio-furch-antes-de-crb-x-santos\/#respond\"]}],\"copyrightYear\":\"2024\",\"copyrightHolder\":{\"@id\":\"https:\/\/www.gaveanews.com\/#organization\"}},{\"@type\":\"WebPage\",\"@id\":\"https:\/\/www.gaveanews.com\/index.php\/2024\/07\/26\/a-declaracao-de-julio-furch-antes-de-crb-x-santos\/\",\"url\":\"https:\/\/www.gaveanews.com\/index.php\/2024\/07\/26\/a-declaracao-de-julio-furch-antes-de-crb-x-santos\/\",\"name\":\"A declara\u00e7\u00e3o de J\u00falio Furch antes de CRB x Santos\",\"isPartOf\":{\"@id\":\"https:\/\/www.gaveanews.com\/#website\"},\"primaryImageOfPage\":{\"@id\":\"https:\/\/www.gaveanews.com\/index.php\/2024\/07\/26\/a-declaracao-de-julio-furch-antes-de-crb-x-santos\/#primaryimage\"},\"image\":{\"@id\":\"https:\/\/www.gaveanews.com\/index.php\/2024\/07\/26\/a-declaracao-de-julio-furch-antes-de-crb-x-santos\/#primaryimage\"},\"thumbnailUrl\":\"https:\/\/www.gaveanews.com\/wp-content\/uploads\/Escudo-do-Santos-1.webp\",\"datePublished\":\"2024-07-26T16:28:29+00:00\",\"dateModified\":\"2024-07-26T16:28:32+00:00\",\"author\":{\"@id\":\"https:\/\/www.gaveanews.com\/#\/schema\/person\/f42654babcd2b2014a1a65af82b081f1\"},\"breadcrumb\":{\"@id\":\"https:\/\/www.gaveanews.com\/index.php\/2024\/07\/26\/a-declaracao-de-julio-furch-antes-de-crb-x-santos\/#breadcrumb\"},\"inLanguage\":\"pt-BR\",\"potentialAction\":[{\"@type\":\"ReadAction\",\"target\":[\"https:\/\/www.gaveanews.com\/index.php\/2024\/07\/26\/a-declaracao-de-julio-furch-antes-de-crb-x-santos\/\"]}]},{\"@type\":\"ImageObject\",\"inLanguage\":\"pt-BR\",\"@id\":\"https:\/\/www.gaveanews.com\/index.php\/2024\/07\/26\/a-declaracao-de-julio-furch-antes-de-crb-x-santos\/#primaryimage\",\"url\":\"https:\/\/www.gaveanews.com\/wp-content\/uploads\/Escudo-do-Santos-1.webp\",\"contentUrl\":\"https:\/\/www.gaveanews.com\/wp-content\/uploads\/Escudo-do-Santos-1.webp\",\"width\":1300,\"height\":1056,\"caption\":\"Escudo do Santos (Foto: Reprodu\u00e7\u00e3o\/Instagram)\"},{\"@type\":\"BreadcrumbList\",\"@id\":\"https:\/\/www.gaveanews.com\/index.php\/2024\/07\/26\/a-declaracao-de-julio-furch-antes-de-crb-x-santos\/#breadcrumb\",\"itemListElement\":[{\"@type\":\"ListItem\",\"position\":1,\"name\":\"Home\",\"item\":\"https:\/\/www.gaveanews.com\/\"},{\"@type\":\"ListItem\",\"position\":2,\"name\":\"A declara\u00e7\u00e3o de J\u00falio Furch antes de CRB x Santos\"}]},{\"@type\":\"WebSite\",\"@id\":\"https:\/\/www.gaveanews.com\/#website\",\"url\":\"https:\/\/www.gaveanews.com\/\",\"name\":\"G\u00e1vea News\",\"description\":\"Veja todas as not\u00edcias sobre o Flamengo: Contrata\u00e7\u00f5es, categorias de base, resultados das partidas, tabela de classifica\u00e7\u00e3o, pr\u00f3ximos jogos!\",\"potentialAction\":[{\"@type\":\"SearchAction\",\"target\":{\"@type\":\"EntryPoint\",\"urlTemplate\":\"https:\/\/www.gaveanews.com\/?s={search_term_string}\"},\"query-input\":{\"@type\":\"PropertyValueSpecification\",\"valueRequired\":true,\"valueName\":\"search_term_string\"}}],\"inLanguage\":\"pt-BR\"},{\"@type\":\"Person\",\"@id\":\"https:\/\/www.gaveanews.com\/#\/schema\/person\/f42654babcd2b2014a1a65af82b081f1\",\"name\":\"Geovanna Thomaz\",\"image\":{\"@type\":\"ImageObject\",\"inLanguage\":\"pt-BR\",\"@id\":\"https:\/\/www.gaveanews.com\/#\/schema\/person\/image\/\",\"url\":\"https:\/\/secure.gravatar.com\/avatar\/4092073255489533afb558984b49b64268c47198af8623cc82a925ae9fb7118a?s=96&d=mm&r=g\",\"contentUrl\":\"https:\/\/secure.gravatar.com\/avatar\/4092073255489533afb558984b49b64268c47198af8623cc82a925ae9fb7118a?s=96&d=mm&r=g\",\"caption\":\"Geovanna Thomaz\"}}]}<\/script>\n<!-- \/ Yoast SEO Premium plugin. -->","yoast_head_json":{"title":"A declara\u00e7\u00e3o de J\u00falio Furch antes de CRB x Santos","robots":{"index":"index","follow":"follow","max-snippet":"max-snippet:-1","max-image-preview":"max-image-preview:large","max-video-preview":"max-video-preview:-1"},"canonical":"https:\/\/www.gaveanews.com\/index.php\/2024\/07\/26\/a-declaracao-de-julio-furch-antes-de-crb-x-santos\/","og_locale":"pt_BR","og_type":"article","og_title":"A declara\u00e7\u00e3o de J\u00falio Furch antes de CRB x Santos","og_description":"Julio Furch destacou a import\u00e2ncia do coletivo e orgulho de jogar pelo Santos O atacante Julio Furch, que tem se destacado com a camisa do Santos, ressaltou em entrevista a import\u00e2ncia do trabalho em equipe e expressou seu orgulho em defender um dos clubes mais tradicionais do Brasil. Apesar de suas realiza\u00e7\u00f5es individuais, Furch destacou [&hellip;]","og_url":"https:\/\/www.gaveanews.com\/index.php\/2024\/07\/26\/a-declaracao-de-julio-furch-antes-de-crb-x-santos\/","og_site_name":"G\u00e1vea News","article_publisher":"https:\/\/facebook.com\/gaveaNews\/","article_published_time":"2024-07-26T16:28:29+00:00","article_modified_time":"2024-07-26T16:28:32+00:00","og_image":[{"width":1300,"height":1056,"url":"https:\/\/www.gaveanews.com\/wp-content\/uploads\/Escudo-do-Santos-1.webp","type":"image\/webp"}],"author":"Geovanna Thomaz","twitter_card":"summary_large_image","twitter_misc":{"Escrito por":"Geovanna Thomaz","Est. tempo de leitura":"2 minutos"},"schema":{"@context":"https:\/\/schema.org","@graph":[{"@type":"NewsArticle","@id":"https:\/\/www.gaveanews.com\/index.php\/2024\/07\/26\/a-declaracao-de-julio-furch-antes-de-crb-x-santos\/#article","isPartOf":{"@id":"https:\/\/www.gaveanews.com\/index.php\/2024\/07\/26\/a-declaracao-de-julio-furch-antes-de-crb-x-santos\/"},"author":{"name":"Geovanna Thomaz","@id":"https:\/\/www.gaveanews.com\/#\/schema\/person\/f42654babcd2b2014a1a65af82b081f1"},"headline":"A declara\u00e7\u00e3o de J\u00falio Furch antes de CRB x Santos","datePublished":"2024-07-26T16:28:29+00:00","dateModified":"2024-07-26T16:28:32+00:00","mainEntityOfPage":{"@id":"https:\/\/www.gaveanews.com\/index.php\/2024\/07\/26\/a-declaracao-de-julio-furch-antes-de-crb-x-santos\/"},"wordCount":288,"commentCount":0,"image":{"@id":"https:\/\/www.gaveanews.com\/index.php\/2024\/07\/26\/a-declaracao-de-julio-furch-antes-de-crb-x-santos\/#primaryimage"},"thumbnailUrl":"https:\/\/www.gaveanews.com\/wp-content\/uploads\/Escudo-do-Santos-1.webp","articleSection":["Santos"],"inLanguage":"pt-BR","potentialAction":[{"@type":"CommentAction","name":"Comment","target":["https:\/\/www.gaveanews.com\/index.php\/2024\/07\/26\/a-declaracao-de-julio-furch-antes-de-crb-x-santos\/#respond"]}],"copyrightYear":"2024","copyrightHolder":{"@id":"https:\/\/www.gaveanews.com\/#organization"}},{"@type":"WebPage","@id":"https:\/\/www.gaveanews.com\/index.php\/2024\/07\/26\/a-declaracao-de-julio-furch-antes-de-crb-x-santos\/","url":"https:\/\/www.gaveanews.com\/index.php\/2024\/07\/26\/a-declaracao-de-julio-furch-antes-de-crb-x-santos\/","name":"A declara\u00e7\u00e3o de J\u00falio Furch antes de CRB x Santos","isPartOf":{"@id":"https:\/\/www.gaveanews.com\/#website"},"primaryImageOfPage":{"@id":"https:\/\/www.gaveanews.com\/index.php\/2024\/07\/26\/a-declaracao-de-julio-furch-antes-de-crb-x-santos\/#primaryimage"},"image":{"@id":"https:\/\/www.gaveanews.com\/index.php\/2024\/07\/26\/a-declaracao-de-julio-furch-antes-de-crb-x-santos\/#primaryimage"},"thumbnailUrl":"https:\/\/www.gaveanews.com\/wp-content\/uploads\/Escudo-do-Santos-1.webp","datePublished":"2024-07-26T16:28:29+00:00","dateModified":"2024-07-26T16:28:32+00:00","author":{"@id":"https:\/\/www.gaveanews.com\/#\/schema\/person\/f42654babcd2b2014a1a65af82b081f1"},"breadcrumb":{"@id":"https:\/\/www.gaveanews.com\/index.php\/2024\/07\/26\/a-declaracao-de-julio-furch-antes-de-crb-x-santos\/#breadcrumb"},"inLanguage":"pt-BR","potentialAction":[{"@type":"ReadAction","target":["https:\/\/www.gaveanews.com\/index.php\/2024\/07\/26\/a-declaracao-de-julio-furch-antes-de-crb-x-santos\/"]}]},{"@type":"ImageObject","inLanguage":"pt-BR","@id":"https:\/\/www.gaveanews.com\/index.php\/2024\/07\/26\/a-declaracao-de-julio-furch-antes-de-crb-x-santos\/#primaryimage","url":"https:\/\/www.gaveanews.com\/wp-content\/uploads\/Escudo-do-Santos-1.webp","contentUrl":"https:\/\/www.gaveanews.com\/wp-content\/uploads\/Escudo-do-Santos-1.webp","width":1300,"height":1056,"caption":"Escudo do Santos (Foto: Reprodu\u00e7\u00e3o\/Instagram)"},{"@type":"BreadcrumbList","@id":"https:\/\/www.gaveanews.com\/index.php\/2024\/07\/26\/a-declaracao-de-julio-furch-antes-de-crb-x-santos\/#breadcrumb","itemListElement":[{"@type":"ListItem","position":1,"name":"Home","item":"https:\/\/www.gaveanews.com\/"},{"@type":"ListItem","position":2,"name":"A declara\u00e7\u00e3o de J\u00falio Furch antes de CRB x Santos"}]},{"@type":"WebSite","@id":"https:\/\/www.gaveanews.com\/#website","url":"https:\/\/www.gaveanews.com\/","name":"G\u00e1vea News","description":"Veja todas as not\u00edcias sobre o Flamengo: Contrata\u00e7\u00f5es, categorias de base, resultados das partidas, tabela de classifica\u00e7\u00e3o, pr\u00f3ximos jogos!","potentialAction":[{"@type":"SearchAction","target":{"@type":"EntryPoint","urlTemplate":"https:\/\/www.gaveanews.com\/?s={search_term_string}"},"query-input":{"@type":"PropertyValueSpecification","valueRequired":true,"valueName":"search_term_string"}}],"inLanguage":"pt-BR"},{"@type":"Person","@id":"https:\/\/www.gaveanews.com\/#\/schema\/person\/f42654babcd2b2014a1a65af82b081f1","name":"Geovanna Thomaz","image":{"@type":"ImageObject","inLanguage":"pt-BR","@id":"https:\/\/www.gaveanews.com\/#\/schema\/person\/image\/","url":"https:\/\/secure.gravatar.com\/avatar\/4092073255489533afb558984b49b64268c47198af8623cc82a925ae9fb7118a?s=96&d=mm&r=g","contentUrl":"https:\/\/secure.gravatar.com\/avatar\/4092073255489533afb558984b49b64268c47198af8623cc82a925ae9fb7118a?s=96&d=mm&r=g","caption":"Geovanna Thomaz"}}]}},"_links":{"self":[{"href":"https:\/\/www.gaveanews.com\/index.php\/wp-json\/wp\/v2\/posts\/154704","targetHints":{"allow":["GET"]}}],"collection":[{"href":"https:\/\/www.gaveanews.com\/index.php\/wp-json\/wp\/v2\/posts"}],"about":[{"href":"https:\/\/www.gaveanews.com\/index.php\/wp-json\/wp\/v2\/types\/post"}],"author":[{"embeddable":true,"href":"https:\/\/www.gaveanews.com\/index.php\/wp-json\/wp\/v2\/users\/17"}],"replies":[{"embeddable":true,"href":"https:\/\/www.gaveanews.com\/index.php\/wp-json\/wp\/v2\/comments?post=154704"}],"version-history":[{"count":2,"href":"https:\/\/www.gaveanews.com\/index.php\/wp-json\/wp\/v2\/posts\/154704\/revisions"}],"predecessor-version":[{"id":154746,"href":"https:\/\/www.gaveanews.com\/index.php\/wp-json\/wp\/v2\/posts\/154704\/revisions\/154746"}],"wp:featuredmedia":[{"embeddable":true,"href":"https:\/\/www.gaveanews.com\/index.php\/wp-json\/wp\/v2\/media\/152156"}],"wp:attachment":[{"href":"https:\/\/www.gaveanews.com\/index.php\/wp-json\/wp\/v2\/media?parent=154704"}],"wp:term":[{"taxonomy":"category","embeddable":true,"href":"https:\/\/www.gaveanews.com\/index.php\/wp-json\/wp\/v2\/categories?post=154704"},{"taxonomy":"post_tag","embeddable":true,"href":"https:\/\/www.gaveanews.com\/index.php\/wp-json\/wp\/v2\/tags?post=154704"}],"curies":[{"name":"wp","href":"https:\/\/api.w.org\/{rel}","templated":true}]}}