{"id":154802,"date":"2024-07-26T18:39:18","date_gmt":"2024-07-26T21:39:18","guid":{"rendered":"https:\/\/www.gaveanews.com\/?p=154802"},"modified":"2024-07-26T18:39:20","modified_gmt":"2024-07-26T21:39:20","slug":"a-declaracao-de-milene-domingues-sobre-o-momento-do-palmeiras-video","status":"publish","type":"post","link":"https:\/\/www.gaveanews.com\/index.php\/2024\/07\/26\/a-declaracao-de-milene-domingues-sobre-o-momento-do-palmeiras-video\/","title":{"rendered":"A declara\u00e7\u00e3o de Milene Domingues sobre o momento do Palmeiras; v\u00eddeo"},"content":{"rendered":"\n<h2 class=\"wp-block-heading\" id=\"h-milene-falou-sobre-o-atual-momento-das-equipes-no-campeonato-brasileiro\">Milene falou sobre o atual momento das equipes no Campeonato Brasileiro<\/h2>\n\n\n\n<p>Na \u00faltima ter\u00e7a-feira (26), a G\u00e1vea News esteve presente no evento &#8220;The Teams Legends&#8221; para o lan\u00e7amento da plataforma que chega para revolucionar a experi\u00eancia entre \u00eddolos e f\u00e3s de futebol. <\/p>\n\n\n\n<p>A plataforma contar\u00e1 com The Fan Legends Experience que ser\u00e1 uma experi\u00eancia \u00fanica ao vivenciar um dia como um jogador profissional. Seja aconselhado pelo Legend e cumpra desafios \u00fanicos para se destacar no programa. Ap\u00f3s o desafio jogue ao lado do seu Legend e conquiste a fama. Tudo isso em um CT profissional<\/p>\n\n\n\n<p>The Teams Legends House, com a oportunidade de conhecer o seu \u00eddolo e converse com ele em um dia voltado a lendas do futebol. Em um evento f\u00edsico marcante, conhe\u00e7a todo o acervo dos seus Legends e converse com eles sobre as conquistas.<\/p>\n\n\n\n<p>Tudo isso em um ambiente voltado aos f\u00e3s do mundo do futebol e Digital Experience, nesse ambiente digital, a plataforma oferecer\u00e1 encontros virtuais. O usu\u00e1rio poder\u00e1 adquirir itens do acervo digital e trocar pelas experi\u00eancias dispon\u00edveis<\/p>\n\n\n\n<p>A ex-jogadora Milene Domingues concedeu a G\u00e1vea News uma entrevista exclusiva falando sobre o atual  momento do Campeonato Brasileiro, confira: <\/p>\n\n\n\n<h2 class=\"wp-block-heading\" id=\"h-qual-o-melhor-time-da-tabela-do-brasileirao\">Qual o melhor time da tabela do Brasileir\u00e3o?<\/h2>\n\n\n\n<p>&#8220;Corinthians. Porque eu sou corinthiana, n\u00e9 gente? N\u00e3o \u00e9 poss\u00edvel falar outra coisa. Assim, isso \u00e9 do cora\u00e7\u00e3o. Mas assim, se eu fosse falar como uma pessoa mais ligada ao futebol, somente sem o cora\u00e7\u00e3o, Flamengo est\u00e1 jogando um bom futebol&#8221;, disse Milene. <\/p>\n\n\n\n<h2 class=\"wp-block-heading\" id=\"h-acha-que-vai-ser-campeao\">Acha que vai ser campe\u00e3o?<\/h2>\n\n\n\n<p>&#8220;N\u00e3o! Eu n\u00e3o posso falar que \u00e9 o Corinthians porque a gente est\u00e1 tentando sair do rebaixamento. Mas tudo pode acontecer. O ano passado dava o Botafogo como campe\u00e3o. No final o \u2018pobi\u2019 nem foi para Libertadores diretamente. Ent\u00e3o o futebol d\u00e1 umas reviravoltas. A gente precisa de muitos resultados. Al\u00e9m de ganhar tudo, precisa. Mas ainda tem esperan\u00e7a&#8221;, afirmou. <\/p>\n\n\n\n<h2 class=\"wp-block-heading\" id=\"h-voce-crava-quem-como-campeao\">Voc\u00ea crava quem como campe\u00e3o?<\/h2>\n\n\n\n<p>&#8220;Olha, eu como uma corinthiana jamais falaria Palmeiras, n\u00e9? Mas, Palmeiras falaram que \u00e9 fase, gente. Eu estou esperando essa fase passar. Palmeirenses, quando \u00e9 que vai acabar essa fase? Por favor, t\u00e1? J\u00e1 tamo j\u00e1, deu, deu por hoje&#8221;, finalizou. <\/p>\n\n\n\n<h2 class=\"wp-block-heading\" id=\"h-confira-o-video\">Confira o v\u00eddeo: <\/h2>\n\n\n\n<blockquote class=\"twitter-tweet\"><p lang=\"pt\" dir=\"ltr\">Bate bola r\u00e1pido com a Milene Domingues \ud83e\udd70 <a href=\"https:\/\/t.co\/Z0ByiLtBml\">pic.twitter.com\/Z0ByiLtBml<\/a><\/p>&mdash; Geovanna Thomaz (@GeoThomaz) <a href=\"https:\/\/twitter.com\/GeoThomaz\/status\/1816946520610210121?ref_src=twsrc%5Etfw\">July 26, 2024<\/a><\/blockquote> <script async src=\"https:\/\/platform.twitter.com\/widgets.js\" charset=\"utf-8\"><\/script>\n","protected":false},"excerpt":{"rendered":"<p>Milene falou sobre o atual momento das equipes no Campeonato Brasileiro Na \u00faltima ter\u00e7a-feira (26), a G\u00e1vea News esteve presente no evento &#8220;The Teams Legends&#8221; para o lan\u00e7amento da plataforma que chega para revolucionar a experi\u00eancia entre \u00eddolos e f\u00e3s de futebol. A plataforma contar\u00e1 com The Fan Legends Experience que ser\u00e1 uma experi\u00eancia \u00fanica [&hellip;]<\/p>\n","protected":false},"author":17,"featured_media":154864,"comment_status":"open","ping_status":"closed","sticky":false,"template":"","format":"standard","meta":{"footnotes":""},"categories":[141,150],"tags":[],"class_list":["post-154802","post","type-post","status-publish","format-standard","has-post-thumbnail","hentry","category-corinthians","category-palmeiras"],"yoast_head":"<!-- This site is optimized with the Yoast SEO Premium plugin v24.2 (Yoast SEO v26.9) - https:\/\/yoast.com\/product\/yoast-seo-premium-wordpress\/ -->\n<title>A declara\u00e7\u00e3o de Milene Domingues sobre o momento do Palmeiras; v\u00eddeo<\/title>\n<meta name=\"robots\" content=\"index, follow, max-snippet:-1, max-image-preview:large, max-video-preview:-1\" \/>\n<link rel=\"canonical\" href=\"https:\/\/www.gaveanews.com\/index.php\/2024\/07\/26\/a-declaracao-de-milene-domingues-sobre-o-momento-do-palmeiras-video\/\" \/>\n<meta property=\"og:locale\" content=\"pt_BR\" \/>\n<meta property=\"og:type\" content=\"article\" \/>\n<meta property=\"og:title\" content=\"A declara\u00e7\u00e3o de Milene Domingues sobre o momento do Palmeiras; v\u00eddeo\" \/>\n<meta property=\"og:description\" content=\"Milene falou sobre o atual momento das equipes no Campeonato Brasileiro Na \u00faltima ter\u00e7a-feira (26), a G\u00e1vea News esteve presente no evento &#8220;The Teams Legends&#8221; para o lan\u00e7amento da plataforma que chega para revolucionar a experi\u00eancia entre \u00eddolos e f\u00e3s de futebol. A plataforma contar\u00e1 com The Fan Legends Experience que ser\u00e1 uma experi\u00eancia \u00fanica [&hellip;]\" \/>\n<meta property=\"og:url\" content=\"https:\/\/www.gaveanews.com\/index.php\/2024\/07\/26\/a-declaracao-de-milene-domingues-sobre-o-momento-do-palmeiras-video\/\" \/>\n<meta property=\"og:site_name\" content=\"G\u00e1vea News\" \/>\n<meta property=\"article:publisher\" content=\"https:\/\/facebook.com\/gaveaNews\/\" \/>\n<meta property=\"article:published_time\" content=\"2024-07-26T21:39:18+00:00\" \/>\n<meta property=\"article:modified_time\" content=\"2024-07-26T21:39:20+00:00\" \/>\n<meta property=\"og:image\" content=\"https:\/\/www.gaveanews.com\/wp-content\/uploads\/Milene-Domingues-ex-jogadora-de-futebol.webp\" \/>\n\t<meta property=\"og:image:width\" content=\"1416\" \/>\n\t<meta property=\"og:image:height\" content=\"944\" \/>\n\t<meta property=\"og:image:type\" content=\"image\/webp\" \/>\n<meta name=\"author\" content=\"Geovanna Thomaz\" \/>\n<meta name=\"twitter:card\" content=\"summary_large_image\" \/>\n<meta name=\"twitter:label1\" content=\"Escrito por\" \/>\n\t<meta name=\"twitter:data1\" content=\"Geovanna Thomaz\" \/>\n\t<meta name=\"twitter:label2\" content=\"Est. tempo de leitura\" \/>\n\t<meta name=\"twitter:data2\" content=\"3 minutos\" \/>\n<script type=\"application\/ld+json\" class=\"yoast-schema-graph\">{\"@context\":\"https:\/\/schema.org\",\"@graph\":[{\"@type\":\"NewsArticle\",\"@id\":\"https:\/\/www.gaveanews.com\/index.php\/2024\/07\/26\/a-declaracao-de-milene-domingues-sobre-o-momento-do-palmeiras-video\/#article\",\"isPartOf\":{\"@id\":\"https:\/\/www.gaveanews.com\/index.php\/2024\/07\/26\/a-declaracao-de-milene-domingues-sobre-o-momento-do-palmeiras-video\/\"},\"author\":{\"name\":\"Geovanna Thomaz\",\"@id\":\"https:\/\/www.gaveanews.com\/#\/schema\/person\/f42654babcd2b2014a1a65af82b081f1\"},\"headline\":\"A declara\u00e7\u00e3o de Milene Domingues sobre o momento do Palmeiras; v\u00eddeo\",\"datePublished\":\"2024-07-26T21:39:18+00:00\",\"dateModified\":\"2024-07-26T21:39:20+00:00\",\"mainEntityOfPage\":{\"@id\":\"https:\/\/www.gaveanews.com\/index.php\/2024\/07\/26\/a-declaracao-de-milene-domingues-sobre-o-momento-do-palmeiras-video\/\"},\"wordCount\":412,\"commentCount\":0,\"image\":{\"@id\":\"https:\/\/www.gaveanews.com\/index.php\/2024\/07\/26\/a-declaracao-de-milene-domingues-sobre-o-momento-do-palmeiras-video\/#primaryimage\"},\"thumbnailUrl\":\"https:\/\/www.gaveanews.com\/wp-content\/uploads\/Milene-Domingues-ex-jogadora-de-futebol.webp\",\"articleSection\":[\"Corinthians\",\"Palmeiras\"],\"inLanguage\":\"pt-BR\",\"potentialAction\":[{\"@type\":\"CommentAction\",\"name\":\"Comment\",\"target\":[\"https:\/\/www.gaveanews.com\/index.php\/2024\/07\/26\/a-declaracao-de-milene-domingues-sobre-o-momento-do-palmeiras-video\/#respond\"]}],\"copyrightYear\":\"2024\",\"copyrightHolder\":{\"@id\":\"https:\/\/www.gaveanews.com\/#organization\"}},{\"@type\":\"WebPage\",\"@id\":\"https:\/\/www.gaveanews.com\/index.php\/2024\/07\/26\/a-declaracao-de-milene-domingues-sobre-o-momento-do-palmeiras-video\/\",\"url\":\"https:\/\/www.gaveanews.com\/index.php\/2024\/07\/26\/a-declaracao-de-milene-domingues-sobre-o-momento-do-palmeiras-video\/\",\"name\":\"A declara\u00e7\u00e3o de Milene Domingues sobre o momento do Palmeiras; v\u00eddeo\",\"isPartOf\":{\"@id\":\"https:\/\/www.gaveanews.com\/#website\"},\"primaryImageOfPage\":{\"@id\":\"https:\/\/www.gaveanews.com\/index.php\/2024\/07\/26\/a-declaracao-de-milene-domingues-sobre-o-momento-do-palmeiras-video\/#primaryimage\"},\"image\":{\"@id\":\"https:\/\/www.gaveanews.com\/index.php\/2024\/07\/26\/a-declaracao-de-milene-domingues-sobre-o-momento-do-palmeiras-video\/#primaryimage\"},\"thumbnailUrl\":\"https:\/\/www.gaveanews.com\/wp-content\/uploads\/Milene-Domingues-ex-jogadora-de-futebol.webp\",\"datePublished\":\"2024-07-26T21:39:18+00:00\",\"dateModified\":\"2024-07-26T21:39:20+00:00\",\"author\":{\"@id\":\"https:\/\/www.gaveanews.com\/#\/schema\/person\/f42654babcd2b2014a1a65af82b081f1\"},\"breadcrumb\":{\"@id\":\"https:\/\/www.gaveanews.com\/index.php\/2024\/07\/26\/a-declaracao-de-milene-domingues-sobre-o-momento-do-palmeiras-video\/#breadcrumb\"},\"inLanguage\":\"pt-BR\",\"potentialAction\":[{\"@type\":\"ReadAction\",\"target\":[\"https:\/\/www.gaveanews.com\/index.php\/2024\/07\/26\/a-declaracao-de-milene-domingues-sobre-o-momento-do-palmeiras-video\/\"]}]},{\"@type\":\"ImageObject\",\"inLanguage\":\"pt-BR\",\"@id\":\"https:\/\/www.gaveanews.com\/index.php\/2024\/07\/26\/a-declaracao-de-milene-domingues-sobre-o-momento-do-palmeiras-video\/#primaryimage\",\"url\":\"https:\/\/www.gaveanews.com\/wp-content\/uploads\/Milene-Domingues-ex-jogadora-de-futebol.webp\",\"contentUrl\":\"https:\/\/www.gaveanews.com\/wp-content\/uploads\/Milene-Domingues-ex-jogadora-de-futebol.webp\",\"width\":1416,\"height\":944,\"caption\":\"Milene Domingues, ex-jogadora de futebol (Foto: Reprodu\u00e7\u00e3o\/Instagram)\"},{\"@type\":\"BreadcrumbList\",\"@id\":\"https:\/\/www.gaveanews.com\/index.php\/2024\/07\/26\/a-declaracao-de-milene-domingues-sobre-o-momento-do-palmeiras-video\/#breadcrumb\",\"itemListElement\":[{\"@type\":\"ListItem\",\"position\":1,\"name\":\"Home\",\"item\":\"https:\/\/www.gaveanews.com\/\"},{\"@type\":\"ListItem\",\"position\":2,\"name\":\"A declara\u00e7\u00e3o de Milene Domingues sobre o momento do Palmeiras; v\u00eddeo\"}]},{\"@type\":\"WebSite\",\"@id\":\"https:\/\/www.gaveanews.com\/#website\",\"url\":\"https:\/\/www.gaveanews.com\/\",\"name\":\"G\u00e1vea News\",\"description\":\"Veja todas as not\u00edcias sobre o Flamengo: Contrata\u00e7\u00f5es, categorias de base, resultados das partidas, tabela de classifica\u00e7\u00e3o, pr\u00f3ximos jogos!\",\"potentialAction\":[{\"@type\":\"SearchAction\",\"target\":{\"@type\":\"EntryPoint\",\"urlTemplate\":\"https:\/\/www.gaveanews.com\/?s={search_term_string}\"},\"query-input\":{\"@type\":\"PropertyValueSpecification\",\"valueRequired\":true,\"valueName\":\"search_term_string\"}}],\"inLanguage\":\"pt-BR\"},{\"@type\":\"Person\",\"@id\":\"https:\/\/www.gaveanews.com\/#\/schema\/person\/f42654babcd2b2014a1a65af82b081f1\",\"name\":\"Geovanna Thomaz\",\"image\":{\"@type\":\"ImageObject\",\"inLanguage\":\"pt-BR\",\"@id\":\"https:\/\/www.gaveanews.com\/#\/schema\/person\/image\/\",\"url\":\"https:\/\/secure.gravatar.com\/avatar\/4092073255489533afb558984b49b64268c47198af8623cc82a925ae9fb7118a?s=96&d=mm&r=g\",\"contentUrl\":\"https:\/\/secure.gravatar.com\/avatar\/4092073255489533afb558984b49b64268c47198af8623cc82a925ae9fb7118a?s=96&d=mm&r=g\",\"caption\":\"Geovanna Thomaz\"}}]}<\/script>\n<!-- \/ Yoast SEO Premium plugin. -->","yoast_head_json":{"title":"A declara\u00e7\u00e3o de Milene Domingues sobre o momento do Palmeiras; v\u00eddeo","robots":{"index":"index","follow":"follow","max-snippet":"max-snippet:-1","max-image-preview":"max-image-preview:large","max-video-preview":"max-video-preview:-1"},"canonical":"https:\/\/www.gaveanews.com\/index.php\/2024\/07\/26\/a-declaracao-de-milene-domingues-sobre-o-momento-do-palmeiras-video\/","og_locale":"pt_BR","og_type":"article","og_title":"A declara\u00e7\u00e3o de Milene Domingues sobre o momento do Palmeiras; v\u00eddeo","og_description":"Milene falou sobre o atual momento das equipes no Campeonato Brasileiro Na \u00faltima ter\u00e7a-feira (26), a G\u00e1vea News esteve presente no evento &#8220;The Teams Legends&#8221; para o lan\u00e7amento da plataforma que chega para revolucionar a experi\u00eancia entre \u00eddolos e f\u00e3s de futebol. A plataforma contar\u00e1 com The Fan Legends Experience que ser\u00e1 uma experi\u00eancia \u00fanica [&hellip;]","og_url":"https:\/\/www.gaveanews.com\/index.php\/2024\/07\/26\/a-declaracao-de-milene-domingues-sobre-o-momento-do-palmeiras-video\/","og_site_name":"G\u00e1vea News","article_publisher":"https:\/\/facebook.com\/gaveaNews\/","article_published_time":"2024-07-26T21:39:18+00:00","article_modified_time":"2024-07-26T21:39:20+00:00","og_image":[{"width":1416,"height":944,"url":"https:\/\/www.gaveanews.com\/wp-content\/uploads\/Milene-Domingues-ex-jogadora-de-futebol.webp","type":"image\/webp"}],"author":"Geovanna Thomaz","twitter_card":"summary_large_image","twitter_misc":{"Escrito por":"Geovanna Thomaz","Est. tempo de leitura":"3 minutos"},"schema":{"@context":"https:\/\/schema.org","@graph":[{"@type":"NewsArticle","@id":"https:\/\/www.gaveanews.com\/index.php\/2024\/07\/26\/a-declaracao-de-milene-domingues-sobre-o-momento-do-palmeiras-video\/#article","isPartOf":{"@id":"https:\/\/www.gaveanews.com\/index.php\/2024\/07\/26\/a-declaracao-de-milene-domingues-sobre-o-momento-do-palmeiras-video\/"},"author":{"name":"Geovanna Thomaz","@id":"https:\/\/www.gaveanews.com\/#\/schema\/person\/f42654babcd2b2014a1a65af82b081f1"},"headline":"A declara\u00e7\u00e3o de Milene Domingues sobre o momento do Palmeiras; v\u00eddeo","datePublished":"2024-07-26T21:39:18+00:00","dateModified":"2024-07-26T21:39:20+00:00","mainEntityOfPage":{"@id":"https:\/\/www.gaveanews.com\/index.php\/2024\/07\/26\/a-declaracao-de-milene-domingues-sobre-o-momento-do-palmeiras-video\/"},"wordCount":412,"commentCount":0,"image":{"@id":"https:\/\/www.gaveanews.com\/index.php\/2024\/07\/26\/a-declaracao-de-milene-domingues-sobre-o-momento-do-palmeiras-video\/#primaryimage"},"thumbnailUrl":"https:\/\/www.gaveanews.com\/wp-content\/uploads\/Milene-Domingues-ex-jogadora-de-futebol.webp","articleSection":["Corinthians","Palmeiras"],"inLanguage":"pt-BR","potentialAction":[{"@type":"CommentAction","name":"Comment","target":["https:\/\/www.gaveanews.com\/index.php\/2024\/07\/26\/a-declaracao-de-milene-domingues-sobre-o-momento-do-palmeiras-video\/#respond"]}],"copyrightYear":"2024","copyrightHolder":{"@id":"https:\/\/www.gaveanews.com\/#organization"}},{"@type":"WebPage","@id":"https:\/\/www.gaveanews.com\/index.php\/2024\/07\/26\/a-declaracao-de-milene-domingues-sobre-o-momento-do-palmeiras-video\/","url":"https:\/\/www.gaveanews.com\/index.php\/2024\/07\/26\/a-declaracao-de-milene-domingues-sobre-o-momento-do-palmeiras-video\/","name":"A declara\u00e7\u00e3o de Milene Domingues sobre o momento do Palmeiras; v\u00eddeo","isPartOf":{"@id":"https:\/\/www.gaveanews.com\/#website"},"primaryImageOfPage":{"@id":"https:\/\/www.gaveanews.com\/index.php\/2024\/07\/26\/a-declaracao-de-milene-domingues-sobre-o-momento-do-palmeiras-video\/#primaryimage"},"image":{"@id":"https:\/\/www.gaveanews.com\/index.php\/2024\/07\/26\/a-declaracao-de-milene-domingues-sobre-o-momento-do-palmeiras-video\/#primaryimage"},"thumbnailUrl":"https:\/\/www.gaveanews.com\/wp-content\/uploads\/Milene-Domingues-ex-jogadora-de-futebol.webp","datePublished":"2024-07-26T21:39:18+00:00","dateModified":"2024-07-26T21:39:20+00:00","author":{"@id":"https:\/\/www.gaveanews.com\/#\/schema\/person\/f42654babcd2b2014a1a65af82b081f1"},"breadcrumb":{"@id":"https:\/\/www.gaveanews.com\/index.php\/2024\/07\/26\/a-declaracao-de-milene-domingues-sobre-o-momento-do-palmeiras-video\/#breadcrumb"},"inLanguage":"pt-BR","potentialAction":[{"@type":"ReadAction","target":["https:\/\/www.gaveanews.com\/index.php\/2024\/07\/26\/a-declaracao-de-milene-domingues-sobre-o-momento-do-palmeiras-video\/"]}]},{"@type":"ImageObject","inLanguage":"pt-BR","@id":"https:\/\/www.gaveanews.com\/index.php\/2024\/07\/26\/a-declaracao-de-milene-domingues-sobre-o-momento-do-palmeiras-video\/#primaryimage","url":"https:\/\/www.gaveanews.com\/wp-content\/uploads\/Milene-Domingues-ex-jogadora-de-futebol.webp","contentUrl":"https:\/\/www.gaveanews.com\/wp-content\/uploads\/Milene-Domingues-ex-jogadora-de-futebol.webp","width":1416,"height":944,"caption":"Milene Domingues, ex-jogadora de futebol (Foto: Reprodu\u00e7\u00e3o\/Instagram)"},{"@type":"BreadcrumbList","@id":"https:\/\/www.gaveanews.com\/index.php\/2024\/07\/26\/a-declaracao-de-milene-domingues-sobre-o-momento-do-palmeiras-video\/#breadcrumb","itemListElement":[{"@type":"ListItem","position":1,"name":"Home","item":"https:\/\/www.gaveanews.com\/"},{"@type":"ListItem","position":2,"name":"A declara\u00e7\u00e3o de Milene Domingues sobre o momento do Palmeiras; v\u00eddeo"}]},{"@type":"WebSite","@id":"https:\/\/www.gaveanews.com\/#website","url":"https:\/\/www.gaveanews.com\/","name":"G\u00e1vea News","description":"Veja todas as not\u00edcias sobre o Flamengo: Contrata\u00e7\u00f5es, categorias de base, resultados das partidas, tabela de classifica\u00e7\u00e3o, pr\u00f3ximos jogos!","potentialAction":[{"@type":"SearchAction","target":{"@type":"EntryPoint","urlTemplate":"https:\/\/www.gaveanews.com\/?s={search_term_string}"},"query-input":{"@type":"PropertyValueSpecification","valueRequired":true,"valueName":"search_term_string"}}],"inLanguage":"pt-BR"},{"@type":"Person","@id":"https:\/\/www.gaveanews.com\/#\/schema\/person\/f42654babcd2b2014a1a65af82b081f1","name":"Geovanna Thomaz","image":{"@type":"ImageObject","inLanguage":"pt-BR","@id":"https:\/\/www.gaveanews.com\/#\/schema\/person\/image\/","url":"https:\/\/secure.gravatar.com\/avatar\/4092073255489533afb558984b49b64268c47198af8623cc82a925ae9fb7118a?s=96&d=mm&r=g","contentUrl":"https:\/\/secure.gravatar.com\/avatar\/4092073255489533afb558984b49b64268c47198af8623cc82a925ae9fb7118a?s=96&d=mm&r=g","caption":"Geovanna Thomaz"}}]}},"_links":{"self":[{"href":"https:\/\/www.gaveanews.com\/index.php\/wp-json\/wp\/v2\/posts\/154802","targetHints":{"allow":["GET"]}}],"collection":[{"href":"https:\/\/www.gaveanews.com\/index.php\/wp-json\/wp\/v2\/posts"}],"about":[{"href":"https:\/\/www.gaveanews.com\/index.php\/wp-json\/wp\/v2\/types\/post"}],"author":[{"embeddable":true,"href":"https:\/\/www.gaveanews.com\/index.php\/wp-json\/wp\/v2\/users\/17"}],"replies":[{"embeddable":true,"href":"https:\/\/www.gaveanews.com\/index.php\/wp-json\/wp\/v2\/comments?post=154802"}],"version-history":[{"count":3,"href":"https:\/\/www.gaveanews.com\/index.php\/wp-json\/wp\/v2\/posts\/154802\/revisions"}],"predecessor-version":[{"id":154865,"href":"https:\/\/www.gaveanews.com\/index.php\/wp-json\/wp\/v2\/posts\/154802\/revisions\/154865"}],"wp:featuredmedia":[{"embeddable":true,"href":"https:\/\/www.gaveanews.com\/index.php\/wp-json\/wp\/v2\/media\/154864"}],"wp:attachment":[{"href":"https:\/\/www.gaveanews.com\/index.php\/wp-json\/wp\/v2\/media?parent=154802"}],"wp:term":[{"taxonomy":"category","embeddable":true,"href":"https:\/\/www.gaveanews.com\/index.php\/wp-json\/wp\/v2\/categories?post=154802"},{"taxonomy":"post_tag","embeddable":true,"href":"https:\/\/www.gaveanews.com\/index.php\/wp-json\/wp\/v2\/tags?post=154802"}],"curies":[{"name":"wp","href":"https:\/\/api.w.org\/{rel}","templated":true}]}}