{"id":154966,"date":"2024-07-28T13:49:35","date_gmt":"2024-07-28T16:49:35","guid":{"rendered":"https:\/\/www.gaveanews.com\/?p=154966"},"modified":"2024-08-06T03:06:18","modified_gmt":"2024-08-06T06:06:18","slug":"a-declaracao-de-charles-leclerc-sobre-a-situacao-ferrari","status":"publish","type":"post","link":"https:\/\/www.gaveanews.com\/index.php\/2024\/07\/28\/a-declaracao-de-charles-leclerc-sobre-a-situacao-ferrari\/","title":{"rendered":"A declara\u00e7\u00e3o de Charles Leclerc sobre a situa\u00e7\u00e3o Ferrari"},"content":{"rendered":"\n<h2 class=\"wp-block-heading\" id=\"h-leclerc-critica-desempenho-da-ferrari-apesar-de-quarto-lugar-em-hungaroring\">Leclerc critica desempenho da Ferrari apesar de quarto Lugar em Hungaroring<\/h2>\n\n\n\n<p>O monegasco Charles Leclerc, piloto da Ferrari, conquistou seu melhor resultado desde a vit\u00f3ria no GP de M\u00f4naco ao terminar em quarto lugar no GP da Hungria, em Hungaroring. No entanto, o piloto expressou insatisfa\u00e7\u00e3o com o momento do time italiano, destacando que a equipe de Maranello ainda luta para encontrar o equil\u00edbrio ideal do carro.<\/p>\n\n\n\n<p>Quando questionado se considera a Ferrari favorita em alguma pista do calend\u00e1rio, Leclerc foi sincero.<\/p>\n\n\n\n<p>&#8220;Na verdade, n\u00e3o. Quero dizer, agora, se continuarmos assim com nosso carro, acho que n\u00e3o. M\u00f4naco \u00e9 uma pista muito, muito espec\u00edfica, na qual fomos muito fortes, mas isso n\u00e3o significa que seremos r\u00e1pidos em qualquer outro lugar durante a temporada. Portanto, n\u00e3o, n\u00e3o acho que, no papel, sejamos favoritos em qualquer lugar&#8221;, disse Lerclec.<\/p>\n\n\n\n<p>Apesar de ter largado apenas da sexta posi\u00e7\u00e3o, Leclerc conseguiu uma boa estrat\u00e9gia e um ritmo forte com o SF-24 para avan\u00e7ar at\u00e9 a quarta coloca\u00e7\u00e3o na Hungria. No entanto, ele destacou que, embora o comportamento do carro tenha melhorado durante a corrida, o resultado ainda n\u00e3o \u00e9 suficiente. O piloto reiterou a necessidade de a Ferrari ser mais forte, especialmente durante as sess\u00f5es de classifica\u00e7\u00e3o.<\/p>\n\n\n\n<p>&#8220;O entendimento com o assoalho existe, est\u00e1 indo na dire\u00e7\u00e3o certa, com certeza. O problema que estamos enfrentando \u00e9 que ele funciona muito bem ou muito mal, e \u00e9 muito dif\u00edcil ver a melhora. Talvez voc\u00ea tenha o problema por menos tempo, e o que estou falando \u00e9 principalmente dos saltos&#8221;, explicou Charles.<\/p>\n\n\n\n<p>&#8220;Estamos dando passos na dire\u00e7\u00e3o certa, mas ainda n\u00e3o tenho certeza se ser\u00e1 o suficiente para eliminar o problema. Espero que em Spa-Francorchamps ele possa voltar a n\u00e3o ser um problema&#8221;, concluiu o piloto.<\/p>\n\n\n\n<p>A F\u00f3rmula 1 volta neste final de semana, de 26 a 28 de julho, em Spa-Francorchamps, para a disputa do GP da B\u00e9lgica, o \u00faltimo antes das f\u00e9rias de ver\u00e3o na Europa.<\/p>\n","protected":false},"excerpt":{"rendered":"<p>Leclerc critica desempenho da Ferrari apesar de quarto Lugar em Hungaroring O monegasco Charles Leclerc, piloto da Ferrari, conquistou seu melhor resultado desde a vit\u00f3ria no GP de M\u00f4naco ao terminar em quarto lugar no GP da Hungria, em Hungaroring. No entanto, o piloto expressou insatisfa\u00e7\u00e3o com o momento do time italiano, destacando que a [&hellip;]<\/p>\n","protected":false},"author":17,"featured_media":154997,"comment_status":"open","ping_status":"closed","sticky":false,"template":"","format":"standard","meta":{"footnotes":""},"categories":[451],"tags":[],"class_list":["post-154966","post","type-post","status-publish","format-standard","has-post-thumbnail","hentry","category-f1"],"yoast_head":"<!-- This site is optimized with the Yoast SEO Premium plugin v24.2 (Yoast SEO v26.9) - https:\/\/yoast.com\/product\/yoast-seo-premium-wordpress\/ -->\n<title>A declara\u00e7\u00e3o de Charles Leclerc sobre a situa\u00e7\u00e3o Ferrari<\/title>\n<meta name=\"robots\" content=\"index, follow, max-snippet:-1, max-image-preview:large, max-video-preview:-1\" \/>\n<link rel=\"canonical\" href=\"https:\/\/www.gaveanews.com\/index.php\/2024\/07\/28\/a-declaracao-de-charles-leclerc-sobre-a-situacao-ferrari\/\" \/>\n<meta property=\"og:locale\" content=\"pt_BR\" \/>\n<meta property=\"og:type\" content=\"article\" \/>\n<meta property=\"og:title\" content=\"A declara\u00e7\u00e3o de Charles Leclerc sobre a situa\u00e7\u00e3o Ferrari\" \/>\n<meta property=\"og:description\" content=\"Leclerc critica desempenho da Ferrari apesar de quarto Lugar em Hungaroring O monegasco Charles Leclerc, piloto da Ferrari, conquistou seu melhor resultado desde a vit\u00f3ria no GP de M\u00f4naco ao terminar em quarto lugar no GP da Hungria, em Hungaroring. No entanto, o piloto expressou insatisfa\u00e7\u00e3o com o momento do time italiano, destacando que a [&hellip;]\" \/>\n<meta property=\"og:url\" content=\"https:\/\/www.gaveanews.com\/index.php\/2024\/07\/28\/a-declaracao-de-charles-leclerc-sobre-a-situacao-ferrari\/\" \/>\n<meta property=\"og:site_name\" content=\"G\u00e1vea News\" \/>\n<meta property=\"article:publisher\" content=\"https:\/\/facebook.com\/gaveaNews\/\" \/>\n<meta property=\"article:published_time\" content=\"2024-07-28T16:49:35+00:00\" \/>\n<meta property=\"article:modified_time\" content=\"2024-08-06T06:06:18+00:00\" \/>\n<meta property=\"og:image\" content=\"https:\/\/www.gaveanews.com\/wp-content\/uploads\/Charles-Leclerc-durante-a-Suzuka-International-Racing-Course.webp\" \/>\n\t<meta property=\"og:image:width\" content=\"1080\" \/>\n\t<meta property=\"og:image:height\" content=\"1346\" \/>\n\t<meta property=\"og:image:type\" content=\"image\/jpeg\" \/>\n<meta name=\"author\" content=\"Geovanna Thomaz\" \/>\n<meta name=\"twitter:card\" content=\"summary_large_image\" \/>\n<meta name=\"twitter:label1\" content=\"Escrito por\" \/>\n\t<meta name=\"twitter:data1\" content=\"Geovanna Thomaz\" \/>\n\t<meta name=\"twitter:label2\" content=\"Est. tempo de leitura\" \/>\n\t<meta name=\"twitter:data2\" content=\"2 minutos\" \/>\n<script type=\"application\/ld+json\" class=\"yoast-schema-graph\">{\"@context\":\"https:\/\/schema.org\",\"@graph\":[{\"@type\":\"NewsArticle\",\"@id\":\"https:\/\/www.gaveanews.com\/index.php\/2024\/07\/28\/a-declaracao-de-charles-leclerc-sobre-a-situacao-ferrari\/#article\",\"isPartOf\":{\"@id\":\"https:\/\/www.gaveanews.com\/index.php\/2024\/07\/28\/a-declaracao-de-charles-leclerc-sobre-a-situacao-ferrari\/\"},\"author\":{\"name\":\"Geovanna Thomaz\",\"@id\":\"https:\/\/www.gaveanews.com\/#\/schema\/person\/f42654babcd2b2014a1a65af82b081f1\"},\"headline\":\"A declara\u00e7\u00e3o de Charles Leclerc sobre a situa\u00e7\u00e3o Ferrari\",\"datePublished\":\"2024-07-28T16:49:35+00:00\",\"dateModified\":\"2024-08-06T06:06:18+00:00\",\"mainEntityOfPage\":{\"@id\":\"https:\/\/www.gaveanews.com\/index.php\/2024\/07\/28\/a-declaracao-de-charles-leclerc-sobre-a-situacao-ferrari\/\"},\"wordCount\":354,\"commentCount\":0,\"image\":{\"@id\":\"https:\/\/www.gaveanews.com\/index.php\/2024\/07\/28\/a-declaracao-de-charles-leclerc-sobre-a-situacao-ferrari\/#primaryimage\"},\"thumbnailUrl\":\"https:\/\/www.gaveanews.com\/wp-content\/uploads\/Charles-Leclerc-durante-a-Suzuka-International-Racing-Course.webp\",\"articleSection\":[\"F1\"],\"inLanguage\":\"pt-BR\",\"potentialAction\":[{\"@type\":\"CommentAction\",\"name\":\"Comment\",\"target\":[\"https:\/\/www.gaveanews.com\/index.php\/2024\/07\/28\/a-declaracao-de-charles-leclerc-sobre-a-situacao-ferrari\/#respond\"]}],\"copyrightYear\":\"2024\",\"copyrightHolder\":{\"@id\":\"https:\/\/www.gaveanews.com\/#organization\"}},{\"@type\":\"WebPage\",\"@id\":\"https:\/\/www.gaveanews.com\/index.php\/2024\/07\/28\/a-declaracao-de-charles-leclerc-sobre-a-situacao-ferrari\/\",\"url\":\"https:\/\/www.gaveanews.com\/index.php\/2024\/07\/28\/a-declaracao-de-charles-leclerc-sobre-a-situacao-ferrari\/\",\"name\":\"A declara\u00e7\u00e3o de Charles Leclerc sobre a situa\u00e7\u00e3o Ferrari\",\"isPartOf\":{\"@id\":\"https:\/\/www.gaveanews.com\/#website\"},\"primaryImageOfPage\":{\"@id\":\"https:\/\/www.gaveanews.com\/index.php\/2024\/07\/28\/a-declaracao-de-charles-leclerc-sobre-a-situacao-ferrari\/#primaryimage\"},\"image\":{\"@id\":\"https:\/\/www.gaveanews.com\/index.php\/2024\/07\/28\/a-declaracao-de-charles-leclerc-sobre-a-situacao-ferrari\/#primaryimage\"},\"thumbnailUrl\":\"https:\/\/www.gaveanews.com\/wp-content\/uploads\/Charles-Leclerc-durante-a-Suzuka-International-Racing-Course.webp\",\"datePublished\":\"2024-07-28T16:49:35+00:00\",\"dateModified\":\"2024-08-06T06:06:18+00:00\",\"author\":{\"@id\":\"https:\/\/www.gaveanews.com\/#\/schema\/person\/f42654babcd2b2014a1a65af82b081f1\"},\"breadcrumb\":{\"@id\":\"https:\/\/www.gaveanews.com\/index.php\/2024\/07\/28\/a-declaracao-de-charles-leclerc-sobre-a-situacao-ferrari\/#breadcrumb\"},\"inLanguage\":\"pt-BR\",\"potentialAction\":[{\"@type\":\"ReadAction\",\"target\":[\"https:\/\/www.gaveanews.com\/index.php\/2024\/07\/28\/a-declaracao-de-charles-leclerc-sobre-a-situacao-ferrari\/\"]}]},{\"@type\":\"ImageObject\",\"inLanguage\":\"pt-BR\",\"@id\":\"https:\/\/www.gaveanews.com\/index.php\/2024\/07\/28\/a-declaracao-de-charles-leclerc-sobre-a-situacao-ferrari\/#primaryimage\",\"url\":\"https:\/\/www.gaveanews.com\/wp-content\/uploads\/Charles-Leclerc-durante-a-Suzuka-International-Racing-Course.webp\",\"contentUrl\":\"https:\/\/www.gaveanews.com\/wp-content\/uploads\/Charles-Leclerc-durante-a-Suzuka-International-Racing-Course.webp\",\"width\":1080,\"height\":1346,\"caption\":\"Charles Leclerc durante a Suzuka International Racing Course (Foto: Reprodu\u00e7\u00e3o\/Instagram)\"},{\"@type\":\"BreadcrumbList\",\"@id\":\"https:\/\/www.gaveanews.com\/index.php\/2024\/07\/28\/a-declaracao-de-charles-leclerc-sobre-a-situacao-ferrari\/#breadcrumb\",\"itemListElement\":[{\"@type\":\"ListItem\",\"position\":1,\"name\":\"Home\",\"item\":\"https:\/\/www.gaveanews.com\/\"},{\"@type\":\"ListItem\",\"position\":2,\"name\":\"A declara\u00e7\u00e3o de Charles Leclerc sobre a situa\u00e7\u00e3o Ferrari\"}]},{\"@type\":\"WebSite\",\"@id\":\"https:\/\/www.gaveanews.com\/#website\",\"url\":\"https:\/\/www.gaveanews.com\/\",\"name\":\"G\u00e1vea News\",\"description\":\"Veja todas as not\u00edcias sobre o Flamengo: Contrata\u00e7\u00f5es, categorias de base, resultados das partidas, tabela de classifica\u00e7\u00e3o, pr\u00f3ximos jogos!\",\"potentialAction\":[{\"@type\":\"SearchAction\",\"target\":{\"@type\":\"EntryPoint\",\"urlTemplate\":\"https:\/\/www.gaveanews.com\/?s={search_term_string}\"},\"query-input\":{\"@type\":\"PropertyValueSpecification\",\"valueRequired\":true,\"valueName\":\"search_term_string\"}}],\"inLanguage\":\"pt-BR\"},{\"@type\":\"Person\",\"@id\":\"https:\/\/www.gaveanews.com\/#\/schema\/person\/f42654babcd2b2014a1a65af82b081f1\",\"name\":\"Geovanna Thomaz\",\"image\":{\"@type\":\"ImageObject\",\"inLanguage\":\"pt-BR\",\"@id\":\"https:\/\/www.gaveanews.com\/#\/schema\/person\/image\/\",\"url\":\"https:\/\/secure.gravatar.com\/avatar\/4092073255489533afb558984b49b64268c47198af8623cc82a925ae9fb7118a?s=96&d=mm&r=g\",\"contentUrl\":\"https:\/\/secure.gravatar.com\/avatar\/4092073255489533afb558984b49b64268c47198af8623cc82a925ae9fb7118a?s=96&d=mm&r=g\",\"caption\":\"Geovanna Thomaz\"}}]}<\/script>\n<!-- \/ Yoast SEO Premium plugin. -->","yoast_head_json":{"title":"A declara\u00e7\u00e3o de Charles Leclerc sobre a situa\u00e7\u00e3o Ferrari","robots":{"index":"index","follow":"follow","max-snippet":"max-snippet:-1","max-image-preview":"max-image-preview:large","max-video-preview":"max-video-preview:-1"},"canonical":"https:\/\/www.gaveanews.com\/index.php\/2024\/07\/28\/a-declaracao-de-charles-leclerc-sobre-a-situacao-ferrari\/","og_locale":"pt_BR","og_type":"article","og_title":"A declara\u00e7\u00e3o de Charles Leclerc sobre a situa\u00e7\u00e3o Ferrari","og_description":"Leclerc critica desempenho da Ferrari apesar de quarto Lugar em Hungaroring O monegasco Charles Leclerc, piloto da Ferrari, conquistou seu melhor resultado desde a vit\u00f3ria no GP de M\u00f4naco ao terminar em quarto lugar no GP da Hungria, em Hungaroring. No entanto, o piloto expressou insatisfa\u00e7\u00e3o com o momento do time italiano, destacando que a [&hellip;]","og_url":"https:\/\/www.gaveanews.com\/index.php\/2024\/07\/28\/a-declaracao-de-charles-leclerc-sobre-a-situacao-ferrari\/","og_site_name":"G\u00e1vea News","article_publisher":"https:\/\/facebook.com\/gaveaNews\/","article_published_time":"2024-07-28T16:49:35+00:00","article_modified_time":"2024-08-06T06:06:18+00:00","og_image":[{"width":1080,"height":1346,"url":"https:\/\/www.gaveanews.com\/wp-content\/uploads\/Charles-Leclerc-durante-a-Suzuka-International-Racing-Course.webp","type":"image\/jpeg"}],"author":"Geovanna Thomaz","twitter_card":"summary_large_image","twitter_misc":{"Escrito por":"Geovanna Thomaz","Est. tempo de leitura":"2 minutos"},"schema":{"@context":"https:\/\/schema.org","@graph":[{"@type":"NewsArticle","@id":"https:\/\/www.gaveanews.com\/index.php\/2024\/07\/28\/a-declaracao-de-charles-leclerc-sobre-a-situacao-ferrari\/#article","isPartOf":{"@id":"https:\/\/www.gaveanews.com\/index.php\/2024\/07\/28\/a-declaracao-de-charles-leclerc-sobre-a-situacao-ferrari\/"},"author":{"name":"Geovanna Thomaz","@id":"https:\/\/www.gaveanews.com\/#\/schema\/person\/f42654babcd2b2014a1a65af82b081f1"},"headline":"A declara\u00e7\u00e3o de Charles Leclerc sobre a situa\u00e7\u00e3o Ferrari","datePublished":"2024-07-28T16:49:35+00:00","dateModified":"2024-08-06T06:06:18+00:00","mainEntityOfPage":{"@id":"https:\/\/www.gaveanews.com\/index.php\/2024\/07\/28\/a-declaracao-de-charles-leclerc-sobre-a-situacao-ferrari\/"},"wordCount":354,"commentCount":0,"image":{"@id":"https:\/\/www.gaveanews.com\/index.php\/2024\/07\/28\/a-declaracao-de-charles-leclerc-sobre-a-situacao-ferrari\/#primaryimage"},"thumbnailUrl":"https:\/\/www.gaveanews.com\/wp-content\/uploads\/Charles-Leclerc-durante-a-Suzuka-International-Racing-Course.webp","articleSection":["F1"],"inLanguage":"pt-BR","potentialAction":[{"@type":"CommentAction","name":"Comment","target":["https:\/\/www.gaveanews.com\/index.php\/2024\/07\/28\/a-declaracao-de-charles-leclerc-sobre-a-situacao-ferrari\/#respond"]}],"copyrightYear":"2024","copyrightHolder":{"@id":"https:\/\/www.gaveanews.com\/#organization"}},{"@type":"WebPage","@id":"https:\/\/www.gaveanews.com\/index.php\/2024\/07\/28\/a-declaracao-de-charles-leclerc-sobre-a-situacao-ferrari\/","url":"https:\/\/www.gaveanews.com\/index.php\/2024\/07\/28\/a-declaracao-de-charles-leclerc-sobre-a-situacao-ferrari\/","name":"A declara\u00e7\u00e3o de Charles Leclerc sobre a situa\u00e7\u00e3o Ferrari","isPartOf":{"@id":"https:\/\/www.gaveanews.com\/#website"},"primaryImageOfPage":{"@id":"https:\/\/www.gaveanews.com\/index.php\/2024\/07\/28\/a-declaracao-de-charles-leclerc-sobre-a-situacao-ferrari\/#primaryimage"},"image":{"@id":"https:\/\/www.gaveanews.com\/index.php\/2024\/07\/28\/a-declaracao-de-charles-leclerc-sobre-a-situacao-ferrari\/#primaryimage"},"thumbnailUrl":"https:\/\/www.gaveanews.com\/wp-content\/uploads\/Charles-Leclerc-durante-a-Suzuka-International-Racing-Course.webp","datePublished":"2024-07-28T16:49:35+00:00","dateModified":"2024-08-06T06:06:18+00:00","author":{"@id":"https:\/\/www.gaveanews.com\/#\/schema\/person\/f42654babcd2b2014a1a65af82b081f1"},"breadcrumb":{"@id":"https:\/\/www.gaveanews.com\/index.php\/2024\/07\/28\/a-declaracao-de-charles-leclerc-sobre-a-situacao-ferrari\/#breadcrumb"},"inLanguage":"pt-BR","potentialAction":[{"@type":"ReadAction","target":["https:\/\/www.gaveanews.com\/index.php\/2024\/07\/28\/a-declaracao-de-charles-leclerc-sobre-a-situacao-ferrari\/"]}]},{"@type":"ImageObject","inLanguage":"pt-BR","@id":"https:\/\/www.gaveanews.com\/index.php\/2024\/07\/28\/a-declaracao-de-charles-leclerc-sobre-a-situacao-ferrari\/#primaryimage","url":"https:\/\/www.gaveanews.com\/wp-content\/uploads\/Charles-Leclerc-durante-a-Suzuka-International-Racing-Course.webp","contentUrl":"https:\/\/www.gaveanews.com\/wp-content\/uploads\/Charles-Leclerc-durante-a-Suzuka-International-Racing-Course.webp","width":1080,"height":1346,"caption":"Charles Leclerc durante a Suzuka International Racing Course (Foto: Reprodu\u00e7\u00e3o\/Instagram)"},{"@type":"BreadcrumbList","@id":"https:\/\/www.gaveanews.com\/index.php\/2024\/07\/28\/a-declaracao-de-charles-leclerc-sobre-a-situacao-ferrari\/#breadcrumb","itemListElement":[{"@type":"ListItem","position":1,"name":"Home","item":"https:\/\/www.gaveanews.com\/"},{"@type":"ListItem","position":2,"name":"A declara\u00e7\u00e3o de Charles Leclerc sobre a situa\u00e7\u00e3o Ferrari"}]},{"@type":"WebSite","@id":"https:\/\/www.gaveanews.com\/#website","url":"https:\/\/www.gaveanews.com\/","name":"G\u00e1vea News","description":"Veja todas as not\u00edcias sobre o Flamengo: Contrata\u00e7\u00f5es, categorias de base, resultados das partidas, tabela de classifica\u00e7\u00e3o, pr\u00f3ximos jogos!","potentialAction":[{"@type":"SearchAction","target":{"@type":"EntryPoint","urlTemplate":"https:\/\/www.gaveanews.com\/?s={search_term_string}"},"query-input":{"@type":"PropertyValueSpecification","valueRequired":true,"valueName":"search_term_string"}}],"inLanguage":"pt-BR"},{"@type":"Person","@id":"https:\/\/www.gaveanews.com\/#\/schema\/person\/f42654babcd2b2014a1a65af82b081f1","name":"Geovanna Thomaz","image":{"@type":"ImageObject","inLanguage":"pt-BR","@id":"https:\/\/www.gaveanews.com\/#\/schema\/person\/image\/","url":"https:\/\/secure.gravatar.com\/avatar\/4092073255489533afb558984b49b64268c47198af8623cc82a925ae9fb7118a?s=96&d=mm&r=g","contentUrl":"https:\/\/secure.gravatar.com\/avatar\/4092073255489533afb558984b49b64268c47198af8623cc82a925ae9fb7118a?s=96&d=mm&r=g","caption":"Geovanna Thomaz"}}]}},"_links":{"self":[{"href":"https:\/\/www.gaveanews.com\/index.php\/wp-json\/wp\/v2\/posts\/154966","targetHints":{"allow":["GET"]}}],"collection":[{"href":"https:\/\/www.gaveanews.com\/index.php\/wp-json\/wp\/v2\/posts"}],"about":[{"href":"https:\/\/www.gaveanews.com\/index.php\/wp-json\/wp\/v2\/types\/post"}],"author":[{"embeddable":true,"href":"https:\/\/www.gaveanews.com\/index.php\/wp-json\/wp\/v2\/users\/17"}],"replies":[{"embeddable":true,"href":"https:\/\/www.gaveanews.com\/index.php\/wp-json\/wp\/v2\/comments?post=154966"}],"version-history":[{"count":1,"href":"https:\/\/www.gaveanews.com\/index.php\/wp-json\/wp\/v2\/posts\/154966\/revisions"}],"predecessor-version":[{"id":154967,"href":"https:\/\/www.gaveanews.com\/index.php\/wp-json\/wp\/v2\/posts\/154966\/revisions\/154967"}],"wp:featuredmedia":[{"embeddable":true,"href":"https:\/\/www.gaveanews.com\/index.php\/wp-json\/wp\/v2\/media\/154997"}],"wp:attachment":[{"href":"https:\/\/www.gaveanews.com\/index.php\/wp-json\/wp\/v2\/media?parent=154966"}],"wp:term":[{"taxonomy":"category","embeddable":true,"href":"https:\/\/www.gaveanews.com\/index.php\/wp-json\/wp\/v2\/categories?post=154966"},{"taxonomy":"post_tag","embeddable":true,"href":"https:\/\/www.gaveanews.com\/index.php\/wp-json\/wp\/v2\/tags?post=154966"}],"curies":[{"name":"wp","href":"https:\/\/api.w.org\/{rel}","templated":true}]}}