{"id":154988,"date":"2024-07-28T12:20:18","date_gmt":"2024-07-28T15:20:18","guid":{"rendered":"https:\/\/www.gaveanews.com\/?p=154988"},"modified":"2024-07-28T15:39:33","modified_gmt":"2024-07-28T18:39:33","slug":"saiu-veja-a-escalacao-do-flamengo-para-o-jogo-contra-o-atletico-go-2","status":"publish","type":"post","link":"https:\/\/www.gaveanews.com\/index.php\/2024\/07\/28\/saiu-veja-a-escalacao-do-flamengo-para-o-jogo-contra-o-atletico-go-2\/","title":{"rendered":"Saiu! Veja a escala\u00e7\u00e3o do Flamengo para o jogo contra o Atl\u00e9tico-GO"},"content":{"rendered":"\n<p>Flamengo e Atl\u00e9tico-GO se enfrentam neste domingo (28 de julho), \u00e0s 16h (hor\u00e1rio de Bras\u00edlia), no Maracan\u00e3, pela 20\u00aa rodada do Campeonato Brasileiro. O Flamengo, que ocupa a segunda posi\u00e7\u00e3o na tabela, busca mais uma vit\u00f3ria para assumir a lideran\u00e7a. Enquanto isso, o Atl\u00e9tico-GO, lanterna do campeonato, tenta se recuperar e evitar o rebaixamento.<\/p>\n\n\n\n<h2 class=\"wp-block-heading\" id=\"h-superodd\">SuperOdd<\/h2>\n\n\n\n<p>O Flamengo \u00e9 o grande favorito do jogo de logo mais. E por conta disso, o portal G\u00e1vea News est\u00e1 disponibilizando duas super odd (<a href=\"https:\/\/playpix.com\/affiliates\/?btag=1834855_l311754\">clique aqui e fa\u00e7a o seu deposito<\/a>): <\/p>\n\n\n\n<ul class=\"wp-block-list\">\n<li>Se o Flamengo ganhar, e n\u00e3o levar nenhum gol, a PlayPix ir\u00e1 dobrar o seu dinheiro<\/li>\n\n\n\n<li>Se o Flamengo ganhar, e levar ao menos um gol, a PlayPix ir\u00e1 triplicar o seu dinheiro<\/li>\n<\/ul>\n\n\n\n<p>Al\u00e9m dessas SuperOdd n\u00f3s tamb\u00e9m iremos lhe dar um b\u00f4nus de at\u00e9 500 reais em seu primeiro dep\u00f3sito (<a href=\"https:\/\/playpix.com\/affiliates\/?btag=1834855_l311754\">clique aqui e fa\u00e7a o seu deposito<\/a>). <\/p>\n\n\n\n<figure class=\"wp-block-table is-style-stripes\"><table><thead><tr><th class=\"has-text-align-left\" data-align=\"left\">Aposta<\/th><th class=\"has-text-align-center\" data-align=\"center\">Dep\u00f3sito<\/th><th class=\"has-text-align-center\" data-align=\"center\">B\u00f4nus + Super Odd<\/th><\/tr><\/thead><tbody><tr><td class=\"has-text-align-left\" data-align=\"left\">Fla vence e leva gol(s)<\/td><td class=\"has-text-align-center\" data-align=\"center\">R$ 50<\/td><td class=\"has-text-align-center\" data-align=\"center\">R$ 300<\/td><\/tr><tr><td class=\"has-text-align-left\" data-align=\"left\">Fla vence e leva gol(s)<\/td><td class=\"has-text-align-center\" data-align=\"center\">R$ 100<\/td><td class=\"has-text-align-center\" data-align=\"center\">R$ 600<\/td><\/tr><tr><td class=\"has-text-align-left\" data-align=\"left\">Fla vence e n\u00e3o leva gol<\/td><td class=\"has-text-align-center\" data-align=\"center\">R$ 50<\/td><td class=\"has-text-align-center\" data-align=\"center\">R$ 200<\/td><\/tr><tr><td class=\"has-text-align-left\" data-align=\"left\">Fla vence e n\u00e3o leva gol<\/td><td class=\"has-text-align-center\" data-align=\"center\">R$ 100<\/td><td class=\"has-text-align-center\" data-align=\"center\">R$ 400<\/td><\/tr><\/tbody><\/table><figcaption class=\"wp-element-caption\"><a href=\"https:\/\/playpix.com\/affiliates\/?btag=1834855_l311754\">Clique aqui e fa\u00e7a o seu deposito<\/a><\/figcaption><\/figure>\n\n\n\n<h2 class=\"wp-block-heading\" id=\"h-transmissao-do-jogo\">Transmiss\u00e3o do jogo<\/h2>\n\n\n\n<p>A partida entre Flamengo e Atl\u00e9tico-GO ter\u00e1 transmiss\u00e3o ao vivo pelo Premiere.<\/p>\n\n\n\n<h2 class=\"wp-block-heading\" id=\"h-desfalques-do-flamengo\">Desfalques do Flamengo<\/h2>\n\n\n\n<p>O Flamengo ter\u00e1 alguns desfalques importantes para a partida. Bruno Henrique est\u00e1 fora devido a uma les\u00e3o no tornozelo direito. Al\u00e9m disso, alguns jogadores est\u00e3o pendurados com dois cart\u00f5es amarelos, incluindo David Luiz, Luiz Ara\u00fajo, Pedro e L\u00e9o Ortiz.<\/p>\n\n\n\n<h2 class=\"wp-block-heading\" id=\"h-escalacao-oficial\">Escala\u00e7\u00e3o oficial<\/h2>\n\n\n\n<p>Matheus Cunha, Varela, David Luiz, L\u00e9o Ortiz, Ayrton Lucas, Pulgar, Gerson, Luiz Ara\u00fajo, Arrascaeta, Cebolinha e Pedro.<\/p>\n\n\n\n<ul class=\"wp-block-list\">\n<li><a href=\"https:\/\/www.gaveanews.com\/index.php\/2024\/07\/27\/gabigol-se-envolve-em-polemica-novo-atacante-e-contratado-e-tite-manda-recado-para-a-torcida-veja-as-ultimas-noticias-do-flamengo\/\">Gabigol se envolve em pol\u00eamica, novo atacante \u00e9 contratado e Tite manda recado para a torcida: veja as \u00faltimas not\u00edcias do Flamengo<\/a><\/li>\n\n\n\n<li><a href=\"https:\/\/www.gaveanews.com\/index.php\/2024\/07\/27\/e-agora-tite-flamengo-pode-vender-3-jogadores-nos-proximos-dias\/\">E agora Tite? Flamengo pode vender 3 jogadores nos pr\u00f3ximos dias<\/a><\/li>\n<\/ul>\n\n\n\n<h2 class=\"wp-block-heading\" id=\"h-banco-de-reservas\">Banco de reservas<\/h2>\n\n\n\n<p>Rossi, Wesley, Fabr\u00edcio Bruno, L\u00e9o Pereira, Vi\u00f1a, Igor Jesus, Evertton Araujo, Allan, Victor Hugo, Matheus Gon\u00e7alves, Carlinhos e Gabi.<\/p>\n\n\n\n<h2 class=\"wp-block-heading\" id=\"h-arbitragem\">Arbitragem<\/h2>\n\n\n\n<p>A equipe de arbitragem ser\u00e1 composta por Gustavo Ervino Bauermann (SC) como \u00e1rbitro principal, assistido por Thiaggo Americano Labes (SC) e Alex dos Santos (SC). No VAR, estar\u00e1 Rodolpho Toski Marques (VAR-FIFA-PR).<\/p>\n\n\n\n<h2 class=\"wp-block-heading\" id=\"h-carro-luxuoso-de-vini-jr-chama-atencao\">Carro luxuoso de Vini Jr. chama aten\u00e7\u00e3o<\/h2>\n\n\n\n<p>Os jogadores do Real Madrid foram agraciados com \u201cbrindes de luxo\u201d da patrocinadora do clube, a BMW, e puderam escolher entre uma sele\u00e7\u00e3o de modelos el\u00e9tricos de alta classe. Vin\u00edcius J\u00fanior optou pelo BMW i4 M50, avaliado em cerca de R$ 430 mil. Antes da BMW, o Real Madrid era patrocinado pela Audi, que igualmente presenteava o elenco com carros de alto padr\u00e3o. Veja mais detalhes do carro luxuoso de&nbsp;<a href=\"https:\/\/www.gaveanews.com\/?s=Vin%C3%ADcius+Jr&amp;utm_source=SystemGaveaNews&amp;utm_medium=SystemGaveaNews&amp;utm_campaign=SystemGaveaNews\" target=\"_blank\" rel=\"noreferrer noopener\">Vini Jr<\/a>&nbsp;em nosso canal no&nbsp;<a href=\"https:\/\/youtube.com\/gaveanews?sub_confirmation=1\">YouTube<\/a>:<\/p>\n\n\n\n<figure class=\"wp-block-embed is-type-video is-provider-youtube wp-block-embed-youtube wp-embed-aspect-16-9 wp-has-aspect-ratio\"><div class=\"wp-block-embed__wrapper\">\n<iframe loading=\"lazy\" title=\"VIN\u00cdCIUS J\u00daNIOR GANHA CARRO DE LUXO! VEJA FOTOS DO VE\u00cdCULO!\" width=\"640\" height=\"360\" src=\"https:\/\/www.youtube.com\/embed\/HsWnGZHEwP8?feature=oembed\" frameborder=\"0\" allow=\"accelerometer; autoplay; clipboard-write; encrypted-media; gyroscope; picture-in-picture; web-share\" referrerpolicy=\"strict-origin-when-cross-origin\" allowfullscreen><\/iframe>\n<\/div><\/figure>\n","protected":false},"excerpt":{"rendered":"<p>Flamengo e Atl\u00e9tico-GO se enfrentam neste domingo (28 de julho), \u00e0s 16h (hor\u00e1rio de Bras\u00edlia), no Maracan\u00e3, pela 20\u00aa rodada do Campeonato Brasileiro. O Flamengo, que ocupa a segunda posi\u00e7\u00e3o na tabela, busca mais uma vit\u00f3ria para assumir a lideran\u00e7a. Enquanto isso, o Atl\u00e9tico-GO, lanterna do campeonato, tenta se recuperar e evitar o rebaixamento. SuperOdd [&hellip;]<\/p>\n","protected":false},"author":1,"featured_media":83199,"comment_status":"open","ping_status":"closed","sticky":false,"template":"","format":"standard","meta":{"footnotes":""},"categories":[1],"tags":[],"class_list":["post-154988","post","type-post","status-publish","format-standard","has-post-thumbnail","hentry","category-flamengo"],"yoast_head":"<!-- This site is optimized with the Yoast SEO Premium plugin v24.2 (Yoast SEO v26.9) - https:\/\/yoast.com\/product\/yoast-seo-premium-wordpress\/ -->\n<title>Saiu! Veja a escala\u00e7\u00e3o do Flamengo para o jogo contra o Atl\u00e9tico-GO<\/title>\n<meta name=\"robots\" content=\"index, follow, max-snippet:-1, max-image-preview:large, max-video-preview:-1\" \/>\n<link rel=\"canonical\" href=\"https:\/\/www.gaveanews.com\/index.php\/2024\/07\/28\/saiu-veja-a-escalacao-do-flamengo-para-o-jogo-contra-o-atletico-go-2\/\" \/>\n<meta property=\"og:locale\" content=\"pt_BR\" \/>\n<meta property=\"og:type\" content=\"article\" \/>\n<meta property=\"og:title\" content=\"Saiu! Veja a escala\u00e7\u00e3o do Flamengo para o jogo contra o Atl\u00e9tico-GO\" \/>\n<meta property=\"og:description\" content=\"Flamengo e Atl\u00e9tico-GO se enfrentam neste domingo (28 de julho), \u00e0s 16h (hor\u00e1rio de Bras\u00edlia), no Maracan\u00e3, pela 20\u00aa rodada do Campeonato Brasileiro. O Flamengo, que ocupa a segunda posi\u00e7\u00e3o na tabela, busca mais uma vit\u00f3ria para assumir a lideran\u00e7a. Enquanto isso, o Atl\u00e9tico-GO, lanterna do campeonato, tenta se recuperar e evitar o rebaixamento. SuperOdd [&hellip;]\" \/>\n<meta property=\"og:url\" content=\"https:\/\/www.gaveanews.com\/index.php\/2024\/07\/28\/saiu-veja-a-escalacao-do-flamengo-para-o-jogo-contra-o-atletico-go-2\/\" \/>\n<meta property=\"og:site_name\" content=\"G\u00e1vea News\" \/>\n<meta property=\"article:publisher\" content=\"https:\/\/facebook.com\/gaveaNews\/\" \/>\n<meta property=\"article:published_time\" content=\"2024-07-28T15:20:18+00:00\" \/>\n<meta property=\"article:modified_time\" content=\"2024-07-28T18:39:33+00:00\" \/>\n<meta property=\"og:image\" content=\"https:\/\/www.gaveanews.com\/wp-content\/uploads\/Escalacao-oficial-do-Flamengo.webp\" \/>\n\t<meta property=\"og:image:width\" content=\"2048\" \/>\n\t<meta property=\"og:image:height\" content=\"1363\" \/>\n\t<meta property=\"og:image:type\" content=\"image\/webp\" \/>\n<meta name=\"author\" content=\"Equipe G\u00e1vea News\" \/>\n<meta name=\"twitter:card\" content=\"summary_large_image\" \/>\n<meta name=\"twitter:label1\" content=\"Escrito por\" \/>\n\t<meta name=\"twitter:data1\" content=\"Equipe G\u00e1vea News\" \/>\n\t<meta name=\"twitter:label2\" content=\"Est. tempo de leitura\" \/>\n\t<meta name=\"twitter:data2\" content=\"3 minutos\" \/>\n<script type=\"application\/ld+json\" class=\"yoast-schema-graph\">{\"@context\":\"https:\/\/schema.org\",\"@graph\":[{\"@type\":\"NewsArticle\",\"@id\":\"https:\/\/www.gaveanews.com\/index.php\/2024\/07\/28\/saiu-veja-a-escalacao-do-flamengo-para-o-jogo-contra-o-atletico-go-2\/#article\",\"isPartOf\":{\"@id\":\"https:\/\/www.gaveanews.com\/index.php\/2024\/07\/28\/saiu-veja-a-escalacao-do-flamengo-para-o-jogo-contra-o-atletico-go-2\/\"},\"author\":{\"name\":\"Equipe G\u00e1vea News\",\"@id\":\"https:\/\/www.gaveanews.com\/#\/schema\/person\/2ec14f73fb96be2caf28f91afb14749d\"},\"headline\":\"Saiu! Veja a escala\u00e7\u00e3o do Flamengo para o jogo contra o Atl\u00e9tico-GO\",\"datePublished\":\"2024-07-28T15:20:18+00:00\",\"dateModified\":\"2024-07-28T18:39:33+00:00\",\"mainEntityOfPage\":{\"@id\":\"https:\/\/www.gaveanews.com\/index.php\/2024\/07\/28\/saiu-veja-a-escalacao-do-flamengo-para-o-jogo-contra-o-atletico-go-2\/\"},\"wordCount\":499,\"commentCount\":0,\"image\":{\"@id\":\"https:\/\/www.gaveanews.com\/index.php\/2024\/07\/28\/saiu-veja-a-escalacao-do-flamengo-para-o-jogo-contra-o-atletico-go-2\/#primaryimage\"},\"thumbnailUrl\":\"https:\/\/www.gaveanews.com\/wp-content\/uploads\/Escalacao-oficial-do-Flamengo.webp\",\"articleSection\":[\"Flamengo\"],\"inLanguage\":\"pt-BR\",\"potentialAction\":[{\"@type\":\"CommentAction\",\"name\":\"Comment\",\"target\":[\"https:\/\/www.gaveanews.com\/index.php\/2024\/07\/28\/saiu-veja-a-escalacao-do-flamengo-para-o-jogo-contra-o-atletico-go-2\/#respond\"]}],\"copyrightYear\":\"2024\",\"copyrightHolder\":{\"@id\":\"https:\/\/www.gaveanews.com\/#organization\"}},{\"@type\":\"WebPage\",\"@id\":\"https:\/\/www.gaveanews.com\/index.php\/2024\/07\/28\/saiu-veja-a-escalacao-do-flamengo-para-o-jogo-contra-o-atletico-go-2\/\",\"url\":\"https:\/\/www.gaveanews.com\/index.php\/2024\/07\/28\/saiu-veja-a-escalacao-do-flamengo-para-o-jogo-contra-o-atletico-go-2\/\",\"name\":\"Saiu! Veja a escala\u00e7\u00e3o do Flamengo para o jogo contra o Atl\u00e9tico-GO\",\"isPartOf\":{\"@id\":\"https:\/\/www.gaveanews.com\/#website\"},\"primaryImageOfPage\":{\"@id\":\"https:\/\/www.gaveanews.com\/index.php\/2024\/07\/28\/saiu-veja-a-escalacao-do-flamengo-para-o-jogo-contra-o-atletico-go-2\/#primaryimage\"},\"image\":{\"@id\":\"https:\/\/www.gaveanews.com\/index.php\/2024\/07\/28\/saiu-veja-a-escalacao-do-flamengo-para-o-jogo-contra-o-atletico-go-2\/#primaryimage\"},\"thumbnailUrl\":\"https:\/\/www.gaveanews.com\/wp-content\/uploads\/Escalacao-oficial-do-Flamengo.webp\",\"datePublished\":\"2024-07-28T15:20:18+00:00\",\"dateModified\":\"2024-07-28T18:39:33+00:00\",\"author\":{\"@id\":\"https:\/\/www.gaveanews.com\/#\/schema\/person\/2ec14f73fb96be2caf28f91afb14749d\"},\"breadcrumb\":{\"@id\":\"https:\/\/www.gaveanews.com\/index.php\/2024\/07\/28\/saiu-veja-a-escalacao-do-flamengo-para-o-jogo-contra-o-atletico-go-2\/#breadcrumb\"},\"inLanguage\":\"pt-BR\",\"potentialAction\":[{\"@type\":\"ReadAction\",\"target\":[\"https:\/\/www.gaveanews.com\/index.php\/2024\/07\/28\/saiu-veja-a-escalacao-do-flamengo-para-o-jogo-contra-o-atletico-go-2\/\"]}]},{\"@type\":\"ImageObject\",\"inLanguage\":\"pt-BR\",\"@id\":\"https:\/\/www.gaveanews.com\/index.php\/2024\/07\/28\/saiu-veja-a-escalacao-do-flamengo-para-o-jogo-contra-o-atletico-go-2\/#primaryimage\",\"url\":\"https:\/\/www.gaveanews.com\/wp-content\/uploads\/Escalacao-oficial-do-Flamengo.webp\",\"contentUrl\":\"https:\/\/www.gaveanews.com\/wp-content\/uploads\/Escalacao-oficial-do-Flamengo.webp\",\"width\":2048,\"height\":1363,\"caption\":\"Escala\u00e7\u00e3o oficial do Flamengo (Ilustra\u00e7\u00e3o: Editoria de Arte\/GaveaNews.com)\"},{\"@type\":\"BreadcrumbList\",\"@id\":\"https:\/\/www.gaveanews.com\/index.php\/2024\/07\/28\/saiu-veja-a-escalacao-do-flamengo-para-o-jogo-contra-o-atletico-go-2\/#breadcrumb\",\"itemListElement\":[{\"@type\":\"ListItem\",\"position\":1,\"name\":\"Home\",\"item\":\"https:\/\/www.gaveanews.com\/\"},{\"@type\":\"ListItem\",\"position\":2,\"name\":\"Saiu! Veja a escala\u00e7\u00e3o do Flamengo para o jogo contra o Atl\u00e9tico-GO\"}]},{\"@type\":\"WebSite\",\"@id\":\"https:\/\/www.gaveanews.com\/#website\",\"url\":\"https:\/\/www.gaveanews.com\/\",\"name\":\"G\u00e1vea News\",\"description\":\"Veja todas as not\u00edcias sobre o Flamengo: Contrata\u00e7\u00f5es, categorias de base, resultados das partidas, tabela de classifica\u00e7\u00e3o, pr\u00f3ximos jogos!\",\"potentialAction\":[{\"@type\":\"SearchAction\",\"target\":{\"@type\":\"EntryPoint\",\"urlTemplate\":\"https:\/\/www.gaveanews.com\/?s={search_term_string}\"},\"query-input\":{\"@type\":\"PropertyValueSpecification\",\"valueRequired\":true,\"valueName\":\"search_term_string\"}}],\"inLanguage\":\"pt-BR\"},{\"@type\":\"Person\",\"@id\":\"https:\/\/www.gaveanews.com\/#\/schema\/person\/2ec14f73fb96be2caf28f91afb14749d\",\"name\":\"Equipe G\u00e1vea News\",\"image\":{\"@type\":\"ImageObject\",\"inLanguage\":\"pt-BR\",\"@id\":\"https:\/\/www.gaveanews.com\/#\/schema\/person\/image\/\",\"url\":\"https:\/\/secure.gravatar.com\/avatar\/1e1956f1facbffd3f8fa53a326721950116b3b9dc9bd44939c01180fd4a745a9?s=96&d=mm&r=g\",\"contentUrl\":\"https:\/\/secure.gravatar.com\/avatar\/1e1956f1facbffd3f8fa53a326721950116b3b9dc9bd44939c01180fd4a745a9?s=96&d=mm&r=g\",\"caption\":\"Equipe G\u00e1vea News\"}}]}<\/script>\n<!-- \/ Yoast SEO Premium plugin. -->","yoast_head_json":{"title":"Saiu! Veja a escala\u00e7\u00e3o do Flamengo para o jogo contra o Atl\u00e9tico-GO","robots":{"index":"index","follow":"follow","max-snippet":"max-snippet:-1","max-image-preview":"max-image-preview:large","max-video-preview":"max-video-preview:-1"},"canonical":"https:\/\/www.gaveanews.com\/index.php\/2024\/07\/28\/saiu-veja-a-escalacao-do-flamengo-para-o-jogo-contra-o-atletico-go-2\/","og_locale":"pt_BR","og_type":"article","og_title":"Saiu! Veja a escala\u00e7\u00e3o do Flamengo para o jogo contra o Atl\u00e9tico-GO","og_description":"Flamengo e Atl\u00e9tico-GO se enfrentam neste domingo (28 de julho), \u00e0s 16h (hor\u00e1rio de Bras\u00edlia), no Maracan\u00e3, pela 20\u00aa rodada do Campeonato Brasileiro. O Flamengo, que ocupa a segunda posi\u00e7\u00e3o na tabela, busca mais uma vit\u00f3ria para assumir a lideran\u00e7a. Enquanto isso, o Atl\u00e9tico-GO, lanterna do campeonato, tenta se recuperar e evitar o rebaixamento. SuperOdd [&hellip;]","og_url":"https:\/\/www.gaveanews.com\/index.php\/2024\/07\/28\/saiu-veja-a-escalacao-do-flamengo-para-o-jogo-contra-o-atletico-go-2\/","og_site_name":"G\u00e1vea News","article_publisher":"https:\/\/facebook.com\/gaveaNews\/","article_published_time":"2024-07-28T15:20:18+00:00","article_modified_time":"2024-07-28T18:39:33+00:00","og_image":[{"width":2048,"height":1363,"url":"https:\/\/www.gaveanews.com\/wp-content\/uploads\/Escalacao-oficial-do-Flamengo.webp","type":"image\/webp"}],"author":"Equipe G\u00e1vea News","twitter_card":"summary_large_image","twitter_misc":{"Escrito por":"Equipe G\u00e1vea News","Est. tempo de leitura":"3 minutos"},"schema":{"@context":"https:\/\/schema.org","@graph":[{"@type":"NewsArticle","@id":"https:\/\/www.gaveanews.com\/index.php\/2024\/07\/28\/saiu-veja-a-escalacao-do-flamengo-para-o-jogo-contra-o-atletico-go-2\/#article","isPartOf":{"@id":"https:\/\/www.gaveanews.com\/index.php\/2024\/07\/28\/saiu-veja-a-escalacao-do-flamengo-para-o-jogo-contra-o-atletico-go-2\/"},"author":{"name":"Equipe G\u00e1vea News","@id":"https:\/\/www.gaveanews.com\/#\/schema\/person\/2ec14f73fb96be2caf28f91afb14749d"},"headline":"Saiu! Veja a escala\u00e7\u00e3o do Flamengo para o jogo contra o Atl\u00e9tico-GO","datePublished":"2024-07-28T15:20:18+00:00","dateModified":"2024-07-28T18:39:33+00:00","mainEntityOfPage":{"@id":"https:\/\/www.gaveanews.com\/index.php\/2024\/07\/28\/saiu-veja-a-escalacao-do-flamengo-para-o-jogo-contra-o-atletico-go-2\/"},"wordCount":499,"commentCount":0,"image":{"@id":"https:\/\/www.gaveanews.com\/index.php\/2024\/07\/28\/saiu-veja-a-escalacao-do-flamengo-para-o-jogo-contra-o-atletico-go-2\/#primaryimage"},"thumbnailUrl":"https:\/\/www.gaveanews.com\/wp-content\/uploads\/Escalacao-oficial-do-Flamengo.webp","articleSection":["Flamengo"],"inLanguage":"pt-BR","potentialAction":[{"@type":"CommentAction","name":"Comment","target":["https:\/\/www.gaveanews.com\/index.php\/2024\/07\/28\/saiu-veja-a-escalacao-do-flamengo-para-o-jogo-contra-o-atletico-go-2\/#respond"]}],"copyrightYear":"2024","copyrightHolder":{"@id":"https:\/\/www.gaveanews.com\/#organization"}},{"@type":"WebPage","@id":"https:\/\/www.gaveanews.com\/index.php\/2024\/07\/28\/saiu-veja-a-escalacao-do-flamengo-para-o-jogo-contra-o-atletico-go-2\/","url":"https:\/\/www.gaveanews.com\/index.php\/2024\/07\/28\/saiu-veja-a-escalacao-do-flamengo-para-o-jogo-contra-o-atletico-go-2\/","name":"Saiu! Veja a escala\u00e7\u00e3o do Flamengo para o jogo contra o Atl\u00e9tico-GO","isPartOf":{"@id":"https:\/\/www.gaveanews.com\/#website"},"primaryImageOfPage":{"@id":"https:\/\/www.gaveanews.com\/index.php\/2024\/07\/28\/saiu-veja-a-escalacao-do-flamengo-para-o-jogo-contra-o-atletico-go-2\/#primaryimage"},"image":{"@id":"https:\/\/www.gaveanews.com\/index.php\/2024\/07\/28\/saiu-veja-a-escalacao-do-flamengo-para-o-jogo-contra-o-atletico-go-2\/#primaryimage"},"thumbnailUrl":"https:\/\/www.gaveanews.com\/wp-content\/uploads\/Escalacao-oficial-do-Flamengo.webp","datePublished":"2024-07-28T15:20:18+00:00","dateModified":"2024-07-28T18:39:33+00:00","author":{"@id":"https:\/\/www.gaveanews.com\/#\/schema\/person\/2ec14f73fb96be2caf28f91afb14749d"},"breadcrumb":{"@id":"https:\/\/www.gaveanews.com\/index.php\/2024\/07\/28\/saiu-veja-a-escalacao-do-flamengo-para-o-jogo-contra-o-atletico-go-2\/#breadcrumb"},"inLanguage":"pt-BR","potentialAction":[{"@type":"ReadAction","target":["https:\/\/www.gaveanews.com\/index.php\/2024\/07\/28\/saiu-veja-a-escalacao-do-flamengo-para-o-jogo-contra-o-atletico-go-2\/"]}]},{"@type":"ImageObject","inLanguage":"pt-BR","@id":"https:\/\/www.gaveanews.com\/index.php\/2024\/07\/28\/saiu-veja-a-escalacao-do-flamengo-para-o-jogo-contra-o-atletico-go-2\/#primaryimage","url":"https:\/\/www.gaveanews.com\/wp-content\/uploads\/Escalacao-oficial-do-Flamengo.webp","contentUrl":"https:\/\/www.gaveanews.com\/wp-content\/uploads\/Escalacao-oficial-do-Flamengo.webp","width":2048,"height":1363,"caption":"Escala\u00e7\u00e3o oficial do Flamengo (Ilustra\u00e7\u00e3o: Editoria de Arte\/GaveaNews.com)"},{"@type":"BreadcrumbList","@id":"https:\/\/www.gaveanews.com\/index.php\/2024\/07\/28\/saiu-veja-a-escalacao-do-flamengo-para-o-jogo-contra-o-atletico-go-2\/#breadcrumb","itemListElement":[{"@type":"ListItem","position":1,"name":"Home","item":"https:\/\/www.gaveanews.com\/"},{"@type":"ListItem","position":2,"name":"Saiu! Veja a escala\u00e7\u00e3o do Flamengo para o jogo contra o Atl\u00e9tico-GO"}]},{"@type":"WebSite","@id":"https:\/\/www.gaveanews.com\/#website","url":"https:\/\/www.gaveanews.com\/","name":"G\u00e1vea News","description":"Veja todas as not\u00edcias sobre o Flamengo: Contrata\u00e7\u00f5es, categorias de base, resultados das partidas, tabela de classifica\u00e7\u00e3o, pr\u00f3ximos jogos!","potentialAction":[{"@type":"SearchAction","target":{"@type":"EntryPoint","urlTemplate":"https:\/\/www.gaveanews.com\/?s={search_term_string}"},"query-input":{"@type":"PropertyValueSpecification","valueRequired":true,"valueName":"search_term_string"}}],"inLanguage":"pt-BR"},{"@type":"Person","@id":"https:\/\/www.gaveanews.com\/#\/schema\/person\/2ec14f73fb96be2caf28f91afb14749d","name":"Equipe G\u00e1vea News","image":{"@type":"ImageObject","inLanguage":"pt-BR","@id":"https:\/\/www.gaveanews.com\/#\/schema\/person\/image\/","url":"https:\/\/secure.gravatar.com\/avatar\/1e1956f1facbffd3f8fa53a326721950116b3b9dc9bd44939c01180fd4a745a9?s=96&d=mm&r=g","contentUrl":"https:\/\/secure.gravatar.com\/avatar\/1e1956f1facbffd3f8fa53a326721950116b3b9dc9bd44939c01180fd4a745a9?s=96&d=mm&r=g","caption":"Equipe G\u00e1vea News"}}]}},"_links":{"self":[{"href":"https:\/\/www.gaveanews.com\/index.php\/wp-json\/wp\/v2\/posts\/154988","targetHints":{"allow":["GET"]}}],"collection":[{"href":"https:\/\/www.gaveanews.com\/index.php\/wp-json\/wp\/v2\/posts"}],"about":[{"href":"https:\/\/www.gaveanews.com\/index.php\/wp-json\/wp\/v2\/types\/post"}],"author":[{"embeddable":true,"href":"https:\/\/www.gaveanews.com\/index.php\/wp-json\/wp\/v2\/users\/1"}],"replies":[{"embeddable":true,"href":"https:\/\/www.gaveanews.com\/index.php\/wp-json\/wp\/v2\/comments?post=154988"}],"version-history":[{"count":6,"href":"https:\/\/www.gaveanews.com\/index.php\/wp-json\/wp\/v2\/posts\/154988\/revisions"}],"predecessor-version":[{"id":155004,"href":"https:\/\/www.gaveanews.com\/index.php\/wp-json\/wp\/v2\/posts\/154988\/revisions\/155004"}],"wp:featuredmedia":[{"embeddable":true,"href":"https:\/\/www.gaveanews.com\/index.php\/wp-json\/wp\/v2\/media\/83199"}],"wp:attachment":[{"href":"https:\/\/www.gaveanews.com\/index.php\/wp-json\/wp\/v2\/media?parent=154988"}],"wp:term":[{"taxonomy":"category","embeddable":true,"href":"https:\/\/www.gaveanews.com\/index.php\/wp-json\/wp\/v2\/categories?post=154988"},{"taxonomy":"post_tag","embeddable":true,"href":"https:\/\/www.gaveanews.com\/index.php\/wp-json\/wp\/v2\/tags?post=154988"}],"curies":[{"name":"wp","href":"https:\/\/api.w.org\/{rel}","templated":true}]}}