{"id":155020,"date":"2024-07-28T18:32:20","date_gmt":"2024-07-28T21:32:20","guid":{"rendered":"https:\/\/www.gaveanews.com\/?p=155020"},"modified":"2024-07-28T18:32:23","modified_gmt":"2024-07-28T21:32:23","slug":"a-declaracao-de-arrascaeta-apos-vitoria-do-flamengo","status":"publish","type":"post","link":"https:\/\/www.gaveanews.com\/index.php\/2024\/07\/28\/a-declaracao-de-arrascaeta-apos-vitoria-do-flamengo\/","title":{"rendered":"A declara\u00e7\u00e3o de Arrascaeta ap\u00f3s vit\u00f3ria do Flamengo"},"content":{"rendered":"\n<p>O Flamengo venceu o Atl\u00e9tico-GO por 2 a 0, neste domingo (28), em partida v\u00e1lida pela 20\u00aa rodada do Campeonato Brasileiro. Com o resultado, o Mengo retornou \u00e0 lideran\u00e7a do torneio nacional, e ao final do duelo, Arrascaeta analisou a partida.<\/p>\n\n\n\n<ul class=\"wp-block-list\">\n<li><a href=\"https:\/\/www.gaveanews.com\/index.php\/2024\/07\/24\/a-declaracao-de-arrascaeta-apos-o-gol-do-flamengo-contra-o-vitoria\/\">A declara\u00e7\u00e3o de Arrascaeta ap\u00f3s o gol do Flamengo contra o Vit\u00f3ria<\/a><\/li>\n\n\n\n<li><a href=\"https:\/\/www.gaveanews.com\/index.php\/2024\/07\/23\/a-declaracao-de-matheus-goncalves-sobre-o-meia-arrascaeta\/\">A declara\u00e7\u00e3o de Matheus Gon\u00e7alves sobre o meia Arrascaeta<\/a><\/li>\n<\/ul>\n\n\n\n<p>\u2014 <em>A gente sabe que cada jogo do Brasileiro \u00e9 uma final, a gente precisa muito pontuar, tr\u00eas na nossa casa. \u00daltimos jogos aqui foram dif\u00edceis, a gente n\u00e3o saiu vencendo a maioria deles, a gente tinha que voltar a vencer, a gente sai muito feliz com os tr\u00eas pontos e pela nossa torcida que hoje nos acompanha<\/em> -, disse, antes de prosseguir:<\/p>\n\n\n\n<p>\u2014 Com certeza (cada vez mais \u00e0 vontade no Brasil), como falo sempre com familiares e amigos, estou sempre \u00e0 vontade, muito agradecido a todo povo brasileiro, desde que cheguei, praticamente quase toda minha carreira foi aqui, sou muito grato a todo momento que tenho vivido aqui -, concluiu.<\/p>\n\n\n\n<p>Arrascaeta participou ativamente dos gols do Flamengo na partida. O primeiro tento foi marcado por Pedro, mas teve assist\u00eancia do uruguaio. O segundo gol foi marcado pelo camisa 14, com passe de Ayrton Lucas. <\/p>\n\n\n\n<p>Com o resultado, o Flamengo retornou \u00e0 lideran\u00e7a do Campeonato Brasileiro, com 40 pontos. Em 19 partidas, o Rubro-Negro conquistou 12 vit\u00f3rias, anotou quatro empates e tr\u00eas derrotas. Ao todo, foram 34 gols marcados e 19 gols sofridos, um saldo positivo de 15 tentos.<\/p>\n\n\n\n<p>O Flamengo ultrapassou o Botafogo, que era o ent\u00e3o l\u00edder do torneio. Agora, as equipes t\u00eam a mesma pontua\u00e7\u00e3o, mas o Alvinegro tem uma derrota a mais: quatro. No saldo de gols, o Fla tamb\u00e9m leva vantagem: 15 a 12. <\/p>\n\n\n\n<p>Agora, de volta ao topo da tabela do Brasileir\u00e3o, o Flamengo muda a chave e se concentra no pr\u00f3ximo compromisso: o jogo contra o Palmeiras, pela primeira partida das oitavas de final da Copa do Brasil. O duelo ser\u00e1 realizado na quarta-feira, dia 31 de julho, \u00e0s 20h (hor\u00e1rio de Bras\u00edlia), no Maracan\u00e3. <\/p>\n","protected":false},"excerpt":{"rendered":"<p>O Flamengo venceu o Atl\u00e9tico-GO por 2 a 0, neste domingo (28), em partida v\u00e1lida pela 20\u00aa rodada do Campeonato Brasileiro. Com o resultado, o Mengo retornou \u00e0 lideran\u00e7a do torneio nacional, e ao final do duelo, Arrascaeta analisou a partida. \u2014 A gente sabe que cada jogo do Brasileiro \u00e9 uma final, a gente [&hellip;]<\/p>\n","protected":false},"author":18,"featured_media":145520,"comment_status":"open","ping_status":"closed","sticky":false,"template":"","format":"standard","meta":{"footnotes":""},"categories":[1],"tags":[],"class_list":["post-155020","post","type-post","status-publish","format-standard","has-post-thumbnail","hentry","category-flamengo"],"yoast_head":"<!-- This site is optimized with the Yoast SEO Premium plugin v24.2 (Yoast SEO v26.9) - https:\/\/yoast.com\/product\/yoast-seo-premium-wordpress\/ -->\n<title>A declara\u00e7\u00e3o de Arrascaeta ap\u00f3s vit\u00f3ria do Flamengo<\/title>\n<meta name=\"robots\" content=\"index, follow, max-snippet:-1, max-image-preview:large, max-video-preview:-1\" \/>\n<link rel=\"canonical\" href=\"https:\/\/www.gaveanews.com\/index.php\/2024\/07\/28\/a-declaracao-de-arrascaeta-apos-vitoria-do-flamengo\/\" \/>\n<meta property=\"og:locale\" content=\"pt_BR\" \/>\n<meta property=\"og:type\" content=\"article\" \/>\n<meta property=\"og:title\" content=\"A declara\u00e7\u00e3o de Arrascaeta ap\u00f3s vit\u00f3ria do Flamengo\" \/>\n<meta property=\"og:description\" content=\"O Flamengo venceu o Atl\u00e9tico-GO por 2 a 0, neste domingo (28), em partida v\u00e1lida pela 20\u00aa rodada do Campeonato Brasileiro. Com o resultado, o Mengo retornou \u00e0 lideran\u00e7a do torneio nacional, e ao final do duelo, Arrascaeta analisou a partida. \u2014 A gente sabe que cada jogo do Brasileiro \u00e9 uma final, a gente [&hellip;]\" \/>\n<meta property=\"og:url\" content=\"https:\/\/www.gaveanews.com\/index.php\/2024\/07\/28\/a-declaracao-de-arrascaeta-apos-vitoria-do-flamengo\/\" \/>\n<meta property=\"og:site_name\" content=\"G\u00e1vea News\" \/>\n<meta property=\"article:publisher\" content=\"https:\/\/facebook.com\/gaveaNews\/\" \/>\n<meta property=\"article:published_time\" content=\"2024-07-28T21:32:20+00:00\" \/>\n<meta property=\"article:modified_time\" content=\"2024-07-28T21:32:23+00:00\" \/>\n<meta property=\"og:image\" content=\"https:\/\/www.gaveanews.com\/wp-content\/uploads\/arrascaeta-flamengo-2.webp\" \/>\n\t<meta property=\"og:image:width\" content=\"900\" \/>\n\t<meta property=\"og:image:height\" content=\"599\" \/>\n\t<meta property=\"og:image:type\" content=\"image\/jpeg\" \/>\n<meta name=\"author\" content=\"Paula Silva\" \/>\n<meta name=\"twitter:card\" content=\"summary_large_image\" \/>\n<meta name=\"twitter:label1\" content=\"Escrito por\" \/>\n\t<meta name=\"twitter:data1\" content=\"Paula Silva\" \/>\n\t<meta name=\"twitter:label2\" content=\"Est. tempo de leitura\" \/>\n\t<meta name=\"twitter:data2\" content=\"3 minutos\" \/>\n<script type=\"application\/ld+json\" class=\"yoast-schema-graph\">{\"@context\":\"https:\/\/schema.org\",\"@graph\":[{\"@type\":\"NewsArticle\",\"@id\":\"https:\/\/www.gaveanews.com\/index.php\/2024\/07\/28\/a-declaracao-de-arrascaeta-apos-vitoria-do-flamengo\/#article\",\"isPartOf\":{\"@id\":\"https:\/\/www.gaveanews.com\/index.php\/2024\/07\/28\/a-declaracao-de-arrascaeta-apos-vitoria-do-flamengo\/\"},\"author\":{\"name\":\"Paula Silva\",\"@id\":\"https:\/\/www.gaveanews.com\/#\/schema\/person\/daf63eec72e1164eb13dc35096c2b8da\"},\"headline\":\"A declara\u00e7\u00e3o de Arrascaeta ap\u00f3s vit\u00f3ria do Flamengo\",\"datePublished\":\"2024-07-28T21:32:20+00:00\",\"dateModified\":\"2024-07-28T21:32:23+00:00\",\"mainEntityOfPage\":{\"@id\":\"https:\/\/www.gaveanews.com\/index.php\/2024\/07\/28\/a-declaracao-de-arrascaeta-apos-vitoria-do-flamengo\/\"},\"wordCount\":360,\"commentCount\":0,\"image\":{\"@id\":\"https:\/\/www.gaveanews.com\/index.php\/2024\/07\/28\/a-declaracao-de-arrascaeta-apos-vitoria-do-flamengo\/#primaryimage\"},\"thumbnailUrl\":\"https:\/\/www.gaveanews.com\/wp-content\/uploads\/arrascaeta-flamengo-2.webp\",\"articleSection\":[\"Flamengo\"],\"inLanguage\":\"pt-BR\",\"potentialAction\":[{\"@type\":\"CommentAction\",\"name\":\"Comment\",\"target\":[\"https:\/\/www.gaveanews.com\/index.php\/2024\/07\/28\/a-declaracao-de-arrascaeta-apos-vitoria-do-flamengo\/#respond\"]}],\"copyrightYear\":\"2024\",\"copyrightHolder\":{\"@id\":\"https:\/\/www.gaveanews.com\/#organization\"}},{\"@type\":\"WebPage\",\"@id\":\"https:\/\/www.gaveanews.com\/index.php\/2024\/07\/28\/a-declaracao-de-arrascaeta-apos-vitoria-do-flamengo\/\",\"url\":\"https:\/\/www.gaveanews.com\/index.php\/2024\/07\/28\/a-declaracao-de-arrascaeta-apos-vitoria-do-flamengo\/\",\"name\":\"A declara\u00e7\u00e3o de Arrascaeta ap\u00f3s vit\u00f3ria do Flamengo\",\"isPartOf\":{\"@id\":\"https:\/\/www.gaveanews.com\/#website\"},\"primaryImageOfPage\":{\"@id\":\"https:\/\/www.gaveanews.com\/index.php\/2024\/07\/28\/a-declaracao-de-arrascaeta-apos-vitoria-do-flamengo\/#primaryimage\"},\"image\":{\"@id\":\"https:\/\/www.gaveanews.com\/index.php\/2024\/07\/28\/a-declaracao-de-arrascaeta-apos-vitoria-do-flamengo\/#primaryimage\"},\"thumbnailUrl\":\"https:\/\/www.gaveanews.com\/wp-content\/uploads\/arrascaeta-flamengo-2.webp\",\"datePublished\":\"2024-07-28T21:32:20+00:00\",\"dateModified\":\"2024-07-28T21:32:23+00:00\",\"author\":{\"@id\":\"https:\/\/www.gaveanews.com\/#\/schema\/person\/daf63eec72e1164eb13dc35096c2b8da\"},\"breadcrumb\":{\"@id\":\"https:\/\/www.gaveanews.com\/index.php\/2024\/07\/28\/a-declaracao-de-arrascaeta-apos-vitoria-do-flamengo\/#breadcrumb\"},\"inLanguage\":\"pt-BR\",\"potentialAction\":[{\"@type\":\"ReadAction\",\"target\":[\"https:\/\/www.gaveanews.com\/index.php\/2024\/07\/28\/a-declaracao-de-arrascaeta-apos-vitoria-do-flamengo\/\"]}]},{\"@type\":\"ImageObject\",\"inLanguage\":\"pt-BR\",\"@id\":\"https:\/\/www.gaveanews.com\/index.php\/2024\/07\/28\/a-declaracao-de-arrascaeta-apos-vitoria-do-flamengo\/#primaryimage\",\"url\":\"https:\/\/www.gaveanews.com\/wp-content\/uploads\/arrascaeta-flamengo-2.webp\",\"contentUrl\":\"https:\/\/www.gaveanews.com\/wp-content\/uploads\/arrascaeta-flamengo-2.webp\",\"width\":900,\"height\":599,\"caption\":\"Arrascaeta em a\u00e7\u00e3o pelo Flamengo (Foto: Marcelo Cortes\/Flamengo)\"},{\"@type\":\"BreadcrumbList\",\"@id\":\"https:\/\/www.gaveanews.com\/index.php\/2024\/07\/28\/a-declaracao-de-arrascaeta-apos-vitoria-do-flamengo\/#breadcrumb\",\"itemListElement\":[{\"@type\":\"ListItem\",\"position\":1,\"name\":\"Home\",\"item\":\"https:\/\/www.gaveanews.com\/\"},{\"@type\":\"ListItem\",\"position\":2,\"name\":\"A declara\u00e7\u00e3o de Arrascaeta ap\u00f3s vit\u00f3ria do Flamengo\"}]},{\"@type\":\"WebSite\",\"@id\":\"https:\/\/www.gaveanews.com\/#website\",\"url\":\"https:\/\/www.gaveanews.com\/\",\"name\":\"G\u00e1vea News\",\"description\":\"Veja todas as not\u00edcias sobre o Flamengo: Contrata\u00e7\u00f5es, categorias de base, resultados das partidas, tabela de classifica\u00e7\u00e3o, pr\u00f3ximos jogos!\",\"potentialAction\":[{\"@type\":\"SearchAction\",\"target\":{\"@type\":\"EntryPoint\",\"urlTemplate\":\"https:\/\/www.gaveanews.com\/?s={search_term_string}\"},\"query-input\":{\"@type\":\"PropertyValueSpecification\",\"valueRequired\":true,\"valueName\":\"search_term_string\"}}],\"inLanguage\":\"pt-BR\"},{\"@type\":\"Person\",\"@id\":\"https:\/\/www.gaveanews.com\/#\/schema\/person\/daf63eec72e1164eb13dc35096c2b8da\",\"name\":\"Paula Silva\",\"image\":{\"@type\":\"ImageObject\",\"inLanguage\":\"pt-BR\",\"@id\":\"https:\/\/www.gaveanews.com\/#\/schema\/person\/image\/\",\"url\":\"https:\/\/secure.gravatar.com\/avatar\/eda381c845527cc5d64c13b901833cda29d97500ba040d3e6461f76f51d163bb?s=96&d=mm&r=g\",\"contentUrl\":\"https:\/\/secure.gravatar.com\/avatar\/eda381c845527cc5d64c13b901833cda29d97500ba040d3e6461f76f51d163bb?s=96&d=mm&r=g\",\"caption\":\"Paula Silva\"}}]}<\/script>\n<!-- \/ Yoast SEO Premium plugin. -->","yoast_head_json":{"title":"A declara\u00e7\u00e3o de Arrascaeta ap\u00f3s vit\u00f3ria do Flamengo","robots":{"index":"index","follow":"follow","max-snippet":"max-snippet:-1","max-image-preview":"max-image-preview:large","max-video-preview":"max-video-preview:-1"},"canonical":"https:\/\/www.gaveanews.com\/index.php\/2024\/07\/28\/a-declaracao-de-arrascaeta-apos-vitoria-do-flamengo\/","og_locale":"pt_BR","og_type":"article","og_title":"A declara\u00e7\u00e3o de Arrascaeta ap\u00f3s vit\u00f3ria do Flamengo","og_description":"O Flamengo venceu o Atl\u00e9tico-GO por 2 a 0, neste domingo (28), em partida v\u00e1lida pela 20\u00aa rodada do Campeonato Brasileiro. Com o resultado, o Mengo retornou \u00e0 lideran\u00e7a do torneio nacional, e ao final do duelo, Arrascaeta analisou a partida. \u2014 A gente sabe que cada jogo do Brasileiro \u00e9 uma final, a gente [&hellip;]","og_url":"https:\/\/www.gaveanews.com\/index.php\/2024\/07\/28\/a-declaracao-de-arrascaeta-apos-vitoria-do-flamengo\/","og_site_name":"G\u00e1vea News","article_publisher":"https:\/\/facebook.com\/gaveaNews\/","article_published_time":"2024-07-28T21:32:20+00:00","article_modified_time":"2024-07-28T21:32:23+00:00","og_image":[{"width":900,"height":599,"url":"https:\/\/www.gaveanews.com\/wp-content\/uploads\/arrascaeta-flamengo-2.webp","type":"image\/jpeg"}],"author":"Paula Silva","twitter_card":"summary_large_image","twitter_misc":{"Escrito por":"Paula Silva","Est. tempo de leitura":"3 minutos"},"schema":{"@context":"https:\/\/schema.org","@graph":[{"@type":"NewsArticle","@id":"https:\/\/www.gaveanews.com\/index.php\/2024\/07\/28\/a-declaracao-de-arrascaeta-apos-vitoria-do-flamengo\/#article","isPartOf":{"@id":"https:\/\/www.gaveanews.com\/index.php\/2024\/07\/28\/a-declaracao-de-arrascaeta-apos-vitoria-do-flamengo\/"},"author":{"name":"Paula Silva","@id":"https:\/\/www.gaveanews.com\/#\/schema\/person\/daf63eec72e1164eb13dc35096c2b8da"},"headline":"A declara\u00e7\u00e3o de Arrascaeta ap\u00f3s vit\u00f3ria do Flamengo","datePublished":"2024-07-28T21:32:20+00:00","dateModified":"2024-07-28T21:32:23+00:00","mainEntityOfPage":{"@id":"https:\/\/www.gaveanews.com\/index.php\/2024\/07\/28\/a-declaracao-de-arrascaeta-apos-vitoria-do-flamengo\/"},"wordCount":360,"commentCount":0,"image":{"@id":"https:\/\/www.gaveanews.com\/index.php\/2024\/07\/28\/a-declaracao-de-arrascaeta-apos-vitoria-do-flamengo\/#primaryimage"},"thumbnailUrl":"https:\/\/www.gaveanews.com\/wp-content\/uploads\/arrascaeta-flamengo-2.webp","articleSection":["Flamengo"],"inLanguage":"pt-BR","potentialAction":[{"@type":"CommentAction","name":"Comment","target":["https:\/\/www.gaveanews.com\/index.php\/2024\/07\/28\/a-declaracao-de-arrascaeta-apos-vitoria-do-flamengo\/#respond"]}],"copyrightYear":"2024","copyrightHolder":{"@id":"https:\/\/www.gaveanews.com\/#organization"}},{"@type":"WebPage","@id":"https:\/\/www.gaveanews.com\/index.php\/2024\/07\/28\/a-declaracao-de-arrascaeta-apos-vitoria-do-flamengo\/","url":"https:\/\/www.gaveanews.com\/index.php\/2024\/07\/28\/a-declaracao-de-arrascaeta-apos-vitoria-do-flamengo\/","name":"A declara\u00e7\u00e3o de Arrascaeta ap\u00f3s vit\u00f3ria do Flamengo","isPartOf":{"@id":"https:\/\/www.gaveanews.com\/#website"},"primaryImageOfPage":{"@id":"https:\/\/www.gaveanews.com\/index.php\/2024\/07\/28\/a-declaracao-de-arrascaeta-apos-vitoria-do-flamengo\/#primaryimage"},"image":{"@id":"https:\/\/www.gaveanews.com\/index.php\/2024\/07\/28\/a-declaracao-de-arrascaeta-apos-vitoria-do-flamengo\/#primaryimage"},"thumbnailUrl":"https:\/\/www.gaveanews.com\/wp-content\/uploads\/arrascaeta-flamengo-2.webp","datePublished":"2024-07-28T21:32:20+00:00","dateModified":"2024-07-28T21:32:23+00:00","author":{"@id":"https:\/\/www.gaveanews.com\/#\/schema\/person\/daf63eec72e1164eb13dc35096c2b8da"},"breadcrumb":{"@id":"https:\/\/www.gaveanews.com\/index.php\/2024\/07\/28\/a-declaracao-de-arrascaeta-apos-vitoria-do-flamengo\/#breadcrumb"},"inLanguage":"pt-BR","potentialAction":[{"@type":"ReadAction","target":["https:\/\/www.gaveanews.com\/index.php\/2024\/07\/28\/a-declaracao-de-arrascaeta-apos-vitoria-do-flamengo\/"]}]},{"@type":"ImageObject","inLanguage":"pt-BR","@id":"https:\/\/www.gaveanews.com\/index.php\/2024\/07\/28\/a-declaracao-de-arrascaeta-apos-vitoria-do-flamengo\/#primaryimage","url":"https:\/\/www.gaveanews.com\/wp-content\/uploads\/arrascaeta-flamengo-2.webp","contentUrl":"https:\/\/www.gaveanews.com\/wp-content\/uploads\/arrascaeta-flamengo-2.webp","width":900,"height":599,"caption":"Arrascaeta em a\u00e7\u00e3o pelo Flamengo (Foto: Marcelo Cortes\/Flamengo)"},{"@type":"BreadcrumbList","@id":"https:\/\/www.gaveanews.com\/index.php\/2024\/07\/28\/a-declaracao-de-arrascaeta-apos-vitoria-do-flamengo\/#breadcrumb","itemListElement":[{"@type":"ListItem","position":1,"name":"Home","item":"https:\/\/www.gaveanews.com\/"},{"@type":"ListItem","position":2,"name":"A declara\u00e7\u00e3o de Arrascaeta ap\u00f3s vit\u00f3ria do Flamengo"}]},{"@type":"WebSite","@id":"https:\/\/www.gaveanews.com\/#website","url":"https:\/\/www.gaveanews.com\/","name":"G\u00e1vea News","description":"Veja todas as not\u00edcias sobre o Flamengo: Contrata\u00e7\u00f5es, categorias de base, resultados das partidas, tabela de classifica\u00e7\u00e3o, pr\u00f3ximos jogos!","potentialAction":[{"@type":"SearchAction","target":{"@type":"EntryPoint","urlTemplate":"https:\/\/www.gaveanews.com\/?s={search_term_string}"},"query-input":{"@type":"PropertyValueSpecification","valueRequired":true,"valueName":"search_term_string"}}],"inLanguage":"pt-BR"},{"@type":"Person","@id":"https:\/\/www.gaveanews.com\/#\/schema\/person\/daf63eec72e1164eb13dc35096c2b8da","name":"Paula Silva","image":{"@type":"ImageObject","inLanguage":"pt-BR","@id":"https:\/\/www.gaveanews.com\/#\/schema\/person\/image\/","url":"https:\/\/secure.gravatar.com\/avatar\/eda381c845527cc5d64c13b901833cda29d97500ba040d3e6461f76f51d163bb?s=96&d=mm&r=g","contentUrl":"https:\/\/secure.gravatar.com\/avatar\/eda381c845527cc5d64c13b901833cda29d97500ba040d3e6461f76f51d163bb?s=96&d=mm&r=g","caption":"Paula Silva"}}]}},"_links":{"self":[{"href":"https:\/\/www.gaveanews.com\/index.php\/wp-json\/wp\/v2\/posts\/155020","targetHints":{"allow":["GET"]}}],"collection":[{"href":"https:\/\/www.gaveanews.com\/index.php\/wp-json\/wp\/v2\/posts"}],"about":[{"href":"https:\/\/www.gaveanews.com\/index.php\/wp-json\/wp\/v2\/types\/post"}],"author":[{"embeddable":true,"href":"https:\/\/www.gaveanews.com\/index.php\/wp-json\/wp\/v2\/users\/18"}],"replies":[{"embeddable":true,"href":"https:\/\/www.gaveanews.com\/index.php\/wp-json\/wp\/v2\/comments?post=155020"}],"version-history":[{"count":1,"href":"https:\/\/www.gaveanews.com\/index.php\/wp-json\/wp\/v2\/posts\/155020\/revisions"}],"predecessor-version":[{"id":155021,"href":"https:\/\/www.gaveanews.com\/index.php\/wp-json\/wp\/v2\/posts\/155020\/revisions\/155021"}],"wp:featuredmedia":[{"embeddable":true,"href":"https:\/\/www.gaveanews.com\/index.php\/wp-json\/wp\/v2\/media\/145520"}],"wp:attachment":[{"href":"https:\/\/www.gaveanews.com\/index.php\/wp-json\/wp\/v2\/media?parent=155020"}],"wp:term":[{"taxonomy":"category","embeddable":true,"href":"https:\/\/www.gaveanews.com\/index.php\/wp-json\/wp\/v2\/categories?post=155020"},{"taxonomy":"post_tag","embeddable":true,"href":"https:\/\/www.gaveanews.com\/index.php\/wp-json\/wp\/v2\/tags?post=155020"}],"curies":[{"name":"wp","href":"https:\/\/api.w.org\/{rel}","templated":true}]}}