{"id":155111,"date":"2024-07-29T14:30:00","date_gmt":"2024-07-29T17:30:00","guid":{"rendered":"https:\/\/www.gaveanews.com\/?p=155111"},"modified":"2024-07-29T14:19:55","modified_gmt":"2024-07-29T17:19:55","slug":"leo-ortiz-abre-o-jogo-sobre-recusar-jogar-de-volante-na-equipe-de-tite","status":"publish","type":"post","link":"https:\/\/www.gaveanews.com\/index.php\/2024\/07\/29\/leo-ortiz-abre-o-jogo-sobre-recusar-jogar-de-volante-na-equipe-de-tite\/","title":{"rendered":"L\u00e9o Ortiz abre o jogo sobre &#8216;recusar&#8217; jogar de volante na equipe de Tite"},"content":{"rendered":"\n<h2 class=\"wp-block-heading\" id=\"h-leo-ortiz-fala-sobre-sua-preferencia\">L\u00e9o Ortiz fala sobre sua prefer\u00eancia<\/h2>\n\n\n\n<p>L\u00e9o Ortiz desempenhou o papel de zagueiro, sua posi\u00e7\u00e3o de origem, na vit\u00f3ria do Flamengo por 2 a 0 sobre o Atl\u00e9tico Goianiense no Maracan\u00e3, neste domingo (28), em confronto v\u00e1lido pela 20\u00aa rodada do Campeonato Brasileiro.<\/p>\n\n\n\n<ul class=\"wp-block-list\">\n<li><a href=\"https:\/\/www.gaveanews.com\/index.php\/2024\/07\/29\/leo-ortiz-revela-em-qual-posicao-mais-gosta-de-jogar\/\">L\u00e9o Ortiz fala sobre sua prefer\u00eancia<\/a><\/li>\n\n\n\n<li><a href=\"https:\/\/www.gaveanews.com\/index.php\/2024\/07\/28\/a-declaracao-de-leo-ortiz-sobre-jogar-com-david-luiz-no-flamengo\/\">A declara\u00e7\u00e3o de L\u00e9o Ortiz sobre jogar com David Luiz, no Flamengo<br><\/a><\/li>\n<\/ul>\n\n\n\n<p>Depois de sofrer gols em sete jogos consecutivos, o Flamengo manteve a sua defesa impec\u00e1vel nessa partida, com performances s\u00f3lidas dos jogadores. Ap\u00f3s o jogo, o zagueiro revelou sua prefer\u00eancia em atuar na zaga, apesar de j\u00e1 ter jogado como volante pelo time do Rio de Janeiro.<\/p>\n\n\n\n<p>L\u00e9o Ortiz ressaltou que, mesmo antes de se juntar ao clube, ele sabia que teria que batalhar por sua posi\u00e7\u00e3o. Ele tamb\u00e9m enfatizou que n\u00e3o se sente descontente quando \u00e9 escalado como volante, mas assegura que sempre estar\u00e1 se esfor\u00e7ando para corresponder \u00e0s expectativas quando tiver a chance de atuar como zagueiro.<\/p>\n\n\n\n<figure class=\"wp-block-image size-full\"><img loading=\"lazy\" decoding=\"async\" width=\"900\" height=\"599\" src=\"https:\/\/www.gaveanews.com\/wp-content\/uploads\/leo-ortiz-flamengo.webp\" alt=\"\" class=\"wp-image-145524\" srcset=\"https:\/\/www.gaveanews.com\/wp-content\/uploads\/leo-ortiz-flamengo.webp 900w, https:\/\/www.gaveanews.com\/wp-content\/uploads\/leo-ortiz-flamengo-300x200.webp 300w, https:\/\/www.gaveanews.com\/wp-content\/uploads\/leo-ortiz-flamengo-768x511.webp 768w, https:\/\/www.gaveanews.com\/wp-content\/uploads\/leo-ortiz-flamengo-631x420.webp 631w, https:\/\/www.gaveanews.com\/wp-content\/uploads\/leo-ortiz-flamengo-640x426.webp 640w, https:\/\/www.gaveanews.com\/wp-content\/uploads\/leo-ortiz-flamengo-681x453.webp 681w, https:\/\/www.gaveanews.com\/wp-content\/uploads\/leo-ortiz-flamengo-100x67.webp 100w\" sizes=\"auto, (max-width: 900px) 100vw, 900px\" \/><figcaption class=\"wp-element-caption\">L\u00e9o Ortiz em a\u00e7\u00e3o pelo Flamengo (Foto: Marcelo Cortes\/Flamengo)<\/figcaption><\/figure>\n\n\n\n<p><em>-Foi uma falta de interpreta\u00e7\u00e3o de todos. Respondi para transparecer tudo. Nunca me neguei a jogar de volante, sempre me coloquei \u00e0 disposi\u00e7\u00e3o. Todo jogador quer estar em campo, nunca eu diria n\u00e3o, disse o zagueiro.<\/em><\/p>\n\n\n\n<p><em>-Desde que cheguei falei que estaria \u00e0 disposi\u00e7\u00e3o em qualquer posi\u00e7\u00e3o. Fui bem, os jogadores voltaram. \u00d3bvio que tenho a prefer\u00eancia de jogar na zaga, \u00e9 a minha posi\u00e7\u00e3o. Realmente falei que n\u00e3o queria mudar de forma definitiva, mas nunca diria que me negaria a jogar de volante, completou.<\/em><\/p>\n\n\n\n<p>Al\u00e9m disso, o zagueiro acrescentou que:<\/p>\n\n\n\n<p><em>-Se eu n\u00e3o quisesse isso, n\u00e3o teria vindo. Era capit\u00e3o, titular no Red Bull Bragantino. Se fosse pensando nisso, estaria numa zona de conforto maior.<\/em><\/p>\n\n\n\n<p>Com a vit\u00f3ria de hoje, a equipe carioca recuperou a lideran\u00e7a do torneio, mesmo com um jogo a menos. Agora o Flamengo joga contra o Palmeiras nesta semana no in\u00edcio das oitavas de final da Copa do Brasil, na quarta-feira (31), no Maracan\u00e3, \u00e0s 20h.<\/p>\n","protected":false},"excerpt":{"rendered":"<p>L\u00e9o Ortiz abre o jogo sobre &#8216;recusar&#8217; jogar de volante na equipe de Tite<\/p>\n","protected":false},"author":16,"featured_media":144250,"comment_status":"open","ping_status":"closed","sticky":false,"template":"","format":"standard","meta":{"footnotes":""},"categories":[1],"tags":[],"class_list":["post-155111","post","type-post","status-publish","format-standard","has-post-thumbnail","hentry","category-flamengo"],"yoast_head":"<!-- This site is optimized with the Yoast SEO Premium plugin v24.2 (Yoast SEO v26.9) - https:\/\/yoast.com\/product\/yoast-seo-premium-wordpress\/ -->\n<title>L\u00e9o Ortiz abre o jogo sobre &#039;recusar&#039; jogar de volante na equipe de Tite<\/title>\n<meta name=\"robots\" content=\"index, follow, max-snippet:-1, max-image-preview:large, max-video-preview:-1\" \/>\n<link rel=\"canonical\" href=\"https:\/\/www.gaveanews.com\/index.php\/2024\/07\/29\/leo-ortiz-abre-o-jogo-sobre-recusar-jogar-de-volante-na-equipe-de-tite\/\" \/>\n<meta property=\"og:locale\" content=\"pt_BR\" \/>\n<meta property=\"og:type\" content=\"article\" \/>\n<meta property=\"og:title\" content=\"L\u00e9o Ortiz abre o jogo sobre &#039;recusar&#039; jogar de volante na equipe de Tite\" \/>\n<meta property=\"og:description\" content=\"L\u00e9o Ortiz abre o jogo sobre &#039;recusar&#039; jogar de volante na equipe de Tite\" \/>\n<meta property=\"og:url\" content=\"https:\/\/www.gaveanews.com\/index.php\/2024\/07\/29\/leo-ortiz-abre-o-jogo-sobre-recusar-jogar-de-volante-na-equipe-de-tite\/\" \/>\n<meta property=\"og:site_name\" content=\"G\u00e1vea News\" \/>\n<meta property=\"article:publisher\" content=\"https:\/\/facebook.com\/gaveaNews\/\" \/>\n<meta property=\"article:published_time\" content=\"2024-07-29T17:30:00+00:00\" \/>\n<meta property=\"og:image\" content=\"https:\/\/www.gaveanews.com\/wp-content\/uploads\/Leo-Ortiz-jogador-do-Flamengo.webp\" \/>\n\t<meta property=\"og:image:width\" content=\"1440\" \/>\n\t<meta property=\"og:image:height\" content=\"960\" \/>\n\t<meta property=\"og:image:type\" content=\"image\/jpeg\" \/>\n<meta name=\"author\" content=\"D\u00e9bora Figueiredo\" \/>\n<meta name=\"twitter:card\" content=\"summary_large_image\" \/>\n<meta name=\"twitter:label1\" content=\"Escrito por\" \/>\n\t<meta name=\"twitter:data1\" content=\"D\u00e9bora Figueiredo\" \/>\n\t<meta name=\"twitter:label2\" content=\"Est. tempo de leitura\" \/>\n\t<meta name=\"twitter:data2\" content=\"3 minutos\" \/>\n<script type=\"application\/ld+json\" class=\"yoast-schema-graph\">{\"@context\":\"https:\/\/schema.org\",\"@graph\":[{\"@type\":\"NewsArticle\",\"@id\":\"https:\/\/www.gaveanews.com\/index.php\/2024\/07\/29\/leo-ortiz-abre-o-jogo-sobre-recusar-jogar-de-volante-na-equipe-de-tite\/#article\",\"isPartOf\":{\"@id\":\"https:\/\/www.gaveanews.com\/index.php\/2024\/07\/29\/leo-ortiz-abre-o-jogo-sobre-recusar-jogar-de-volante-na-equipe-de-tite\/\"},\"author\":{\"name\":\"D\u00e9bora Figueiredo\",\"@id\":\"https:\/\/www.gaveanews.com\/#\/schema\/person\/37122681a8575a5c8db05a56f099a5e4\"},\"headline\":\"L\u00e9o Ortiz abre o jogo sobre &#8216;recusar&#8217; jogar de volante na equipe de Tite\",\"datePublished\":\"2024-07-29T17:30:00+00:00\",\"mainEntityOfPage\":{\"@id\":\"https:\/\/www.gaveanews.com\/index.php\/2024\/07\/29\/leo-ortiz-abre-o-jogo-sobre-recusar-jogar-de-volante-na-equipe-de-tite\/\"},\"wordCount\":374,\"commentCount\":0,\"image\":{\"@id\":\"https:\/\/www.gaveanews.com\/index.php\/2024\/07\/29\/leo-ortiz-abre-o-jogo-sobre-recusar-jogar-de-volante-na-equipe-de-tite\/#primaryimage\"},\"thumbnailUrl\":\"https:\/\/www.gaveanews.com\/wp-content\/uploads\/Leo-Ortiz-jogador-do-Flamengo.webp\",\"articleSection\":[\"Flamengo\"],\"inLanguage\":\"pt-BR\",\"potentialAction\":[{\"@type\":\"CommentAction\",\"name\":\"Comment\",\"target\":[\"https:\/\/www.gaveanews.com\/index.php\/2024\/07\/29\/leo-ortiz-abre-o-jogo-sobre-recusar-jogar-de-volante-na-equipe-de-tite\/#respond\"]}],\"copyrightYear\":\"2024\",\"copyrightHolder\":{\"@id\":\"https:\/\/www.gaveanews.com\/#organization\"}},{\"@type\":\"WebPage\",\"@id\":\"https:\/\/www.gaveanews.com\/index.php\/2024\/07\/29\/leo-ortiz-abre-o-jogo-sobre-recusar-jogar-de-volante-na-equipe-de-tite\/\",\"url\":\"https:\/\/www.gaveanews.com\/index.php\/2024\/07\/29\/leo-ortiz-abre-o-jogo-sobre-recusar-jogar-de-volante-na-equipe-de-tite\/\",\"name\":\"L\u00e9o Ortiz abre o jogo sobre 'recusar' jogar de volante na equipe de Tite\",\"isPartOf\":{\"@id\":\"https:\/\/www.gaveanews.com\/#website\"},\"primaryImageOfPage\":{\"@id\":\"https:\/\/www.gaveanews.com\/index.php\/2024\/07\/29\/leo-ortiz-abre-o-jogo-sobre-recusar-jogar-de-volante-na-equipe-de-tite\/#primaryimage\"},\"image\":{\"@id\":\"https:\/\/www.gaveanews.com\/index.php\/2024\/07\/29\/leo-ortiz-abre-o-jogo-sobre-recusar-jogar-de-volante-na-equipe-de-tite\/#primaryimage\"},\"thumbnailUrl\":\"https:\/\/www.gaveanews.com\/wp-content\/uploads\/Leo-Ortiz-jogador-do-Flamengo.webp\",\"datePublished\":\"2024-07-29T17:30:00+00:00\",\"author\":{\"@id\":\"https:\/\/www.gaveanews.com\/#\/schema\/person\/37122681a8575a5c8db05a56f099a5e4\"},\"breadcrumb\":{\"@id\":\"https:\/\/www.gaveanews.com\/index.php\/2024\/07\/29\/leo-ortiz-abre-o-jogo-sobre-recusar-jogar-de-volante-na-equipe-de-tite\/#breadcrumb\"},\"inLanguage\":\"pt-BR\",\"potentialAction\":[{\"@type\":\"ReadAction\",\"target\":[\"https:\/\/www.gaveanews.com\/index.php\/2024\/07\/29\/leo-ortiz-abre-o-jogo-sobre-recusar-jogar-de-volante-na-equipe-de-tite\/\"]}]},{\"@type\":\"ImageObject\",\"inLanguage\":\"pt-BR\",\"@id\":\"https:\/\/www.gaveanews.com\/index.php\/2024\/07\/29\/leo-ortiz-abre-o-jogo-sobre-recusar-jogar-de-volante-na-equipe-de-tite\/#primaryimage\",\"url\":\"https:\/\/www.gaveanews.com\/wp-content\/uploads\/Leo-Ortiz-jogador-do-Flamengo.webp\",\"contentUrl\":\"https:\/\/www.gaveanews.com\/wp-content\/uploads\/Leo-Ortiz-jogador-do-Flamengo.webp\",\"width\":1440,\"height\":960,\"caption\":\"L\u00e9o Ortiz, jogador do Flamengo (Foto Reprodu\u00e7\u00e3o\/Instagram)\"},{\"@type\":\"BreadcrumbList\",\"@id\":\"https:\/\/www.gaveanews.com\/index.php\/2024\/07\/29\/leo-ortiz-abre-o-jogo-sobre-recusar-jogar-de-volante-na-equipe-de-tite\/#breadcrumb\",\"itemListElement\":[{\"@type\":\"ListItem\",\"position\":1,\"name\":\"Home\",\"item\":\"https:\/\/www.gaveanews.com\/\"},{\"@type\":\"ListItem\",\"position\":2,\"name\":\"L\u00e9o Ortiz abre o jogo sobre &#8216;recusar&#8217; jogar de volante na equipe de Tite\"}]},{\"@type\":\"WebSite\",\"@id\":\"https:\/\/www.gaveanews.com\/#website\",\"url\":\"https:\/\/www.gaveanews.com\/\",\"name\":\"G\u00e1vea News\",\"description\":\"Veja todas as not\u00edcias sobre o Flamengo: Contrata\u00e7\u00f5es, categorias de base, resultados das partidas, tabela de classifica\u00e7\u00e3o, pr\u00f3ximos jogos!\",\"potentialAction\":[{\"@type\":\"SearchAction\",\"target\":{\"@type\":\"EntryPoint\",\"urlTemplate\":\"https:\/\/www.gaveanews.com\/?s={search_term_string}\"},\"query-input\":{\"@type\":\"PropertyValueSpecification\",\"valueRequired\":true,\"valueName\":\"search_term_string\"}}],\"inLanguage\":\"pt-BR\"},{\"@type\":\"Person\",\"@id\":\"https:\/\/www.gaveanews.com\/#\/schema\/person\/37122681a8575a5c8db05a56f099a5e4\",\"name\":\"D\u00e9bora Figueiredo\",\"image\":{\"@type\":\"ImageObject\",\"inLanguage\":\"pt-BR\",\"@id\":\"https:\/\/www.gaveanews.com\/#\/schema\/person\/image\/\",\"url\":\"https:\/\/secure.gravatar.com\/avatar\/1f44802859351588499d26f52aed1d15796ce17e67602895b72837c08018868d?s=96&d=mm&r=g\",\"contentUrl\":\"https:\/\/secure.gravatar.com\/avatar\/1f44802859351588499d26f52aed1d15796ce17e67602895b72837c08018868d?s=96&d=mm&r=g\",\"caption\":\"D\u00e9bora Figueiredo\"}}]}<\/script>\n<!-- \/ Yoast SEO Premium plugin. -->","yoast_head_json":{"title":"L\u00e9o Ortiz abre o jogo sobre 'recusar' jogar de volante na equipe de Tite","robots":{"index":"index","follow":"follow","max-snippet":"max-snippet:-1","max-image-preview":"max-image-preview:large","max-video-preview":"max-video-preview:-1"},"canonical":"https:\/\/www.gaveanews.com\/index.php\/2024\/07\/29\/leo-ortiz-abre-o-jogo-sobre-recusar-jogar-de-volante-na-equipe-de-tite\/","og_locale":"pt_BR","og_type":"article","og_title":"L\u00e9o Ortiz abre o jogo sobre 'recusar' jogar de volante na equipe de Tite","og_description":"L\u00e9o Ortiz abre o jogo sobre 'recusar' jogar de volante na equipe de Tite","og_url":"https:\/\/www.gaveanews.com\/index.php\/2024\/07\/29\/leo-ortiz-abre-o-jogo-sobre-recusar-jogar-de-volante-na-equipe-de-tite\/","og_site_name":"G\u00e1vea News","article_publisher":"https:\/\/facebook.com\/gaveaNews\/","article_published_time":"2024-07-29T17:30:00+00:00","og_image":[{"width":1440,"height":960,"url":"https:\/\/www.gaveanews.com\/wp-content\/uploads\/Leo-Ortiz-jogador-do-Flamengo.webp","type":"image\/jpeg"}],"author":"D\u00e9bora Figueiredo","twitter_card":"summary_large_image","twitter_misc":{"Escrito por":"D\u00e9bora Figueiredo","Est. tempo de leitura":"3 minutos"},"schema":{"@context":"https:\/\/schema.org","@graph":[{"@type":"NewsArticle","@id":"https:\/\/www.gaveanews.com\/index.php\/2024\/07\/29\/leo-ortiz-abre-o-jogo-sobre-recusar-jogar-de-volante-na-equipe-de-tite\/#article","isPartOf":{"@id":"https:\/\/www.gaveanews.com\/index.php\/2024\/07\/29\/leo-ortiz-abre-o-jogo-sobre-recusar-jogar-de-volante-na-equipe-de-tite\/"},"author":{"name":"D\u00e9bora Figueiredo","@id":"https:\/\/www.gaveanews.com\/#\/schema\/person\/37122681a8575a5c8db05a56f099a5e4"},"headline":"L\u00e9o Ortiz abre o jogo sobre &#8216;recusar&#8217; jogar de volante na equipe de Tite","datePublished":"2024-07-29T17:30:00+00:00","mainEntityOfPage":{"@id":"https:\/\/www.gaveanews.com\/index.php\/2024\/07\/29\/leo-ortiz-abre-o-jogo-sobre-recusar-jogar-de-volante-na-equipe-de-tite\/"},"wordCount":374,"commentCount":0,"image":{"@id":"https:\/\/www.gaveanews.com\/index.php\/2024\/07\/29\/leo-ortiz-abre-o-jogo-sobre-recusar-jogar-de-volante-na-equipe-de-tite\/#primaryimage"},"thumbnailUrl":"https:\/\/www.gaveanews.com\/wp-content\/uploads\/Leo-Ortiz-jogador-do-Flamengo.webp","articleSection":["Flamengo"],"inLanguage":"pt-BR","potentialAction":[{"@type":"CommentAction","name":"Comment","target":["https:\/\/www.gaveanews.com\/index.php\/2024\/07\/29\/leo-ortiz-abre-o-jogo-sobre-recusar-jogar-de-volante-na-equipe-de-tite\/#respond"]}],"copyrightYear":"2024","copyrightHolder":{"@id":"https:\/\/www.gaveanews.com\/#organization"}},{"@type":"WebPage","@id":"https:\/\/www.gaveanews.com\/index.php\/2024\/07\/29\/leo-ortiz-abre-o-jogo-sobre-recusar-jogar-de-volante-na-equipe-de-tite\/","url":"https:\/\/www.gaveanews.com\/index.php\/2024\/07\/29\/leo-ortiz-abre-o-jogo-sobre-recusar-jogar-de-volante-na-equipe-de-tite\/","name":"L\u00e9o Ortiz abre o jogo sobre 'recusar' jogar de volante na equipe de Tite","isPartOf":{"@id":"https:\/\/www.gaveanews.com\/#website"},"primaryImageOfPage":{"@id":"https:\/\/www.gaveanews.com\/index.php\/2024\/07\/29\/leo-ortiz-abre-o-jogo-sobre-recusar-jogar-de-volante-na-equipe-de-tite\/#primaryimage"},"image":{"@id":"https:\/\/www.gaveanews.com\/index.php\/2024\/07\/29\/leo-ortiz-abre-o-jogo-sobre-recusar-jogar-de-volante-na-equipe-de-tite\/#primaryimage"},"thumbnailUrl":"https:\/\/www.gaveanews.com\/wp-content\/uploads\/Leo-Ortiz-jogador-do-Flamengo.webp","datePublished":"2024-07-29T17:30:00+00:00","author":{"@id":"https:\/\/www.gaveanews.com\/#\/schema\/person\/37122681a8575a5c8db05a56f099a5e4"},"breadcrumb":{"@id":"https:\/\/www.gaveanews.com\/index.php\/2024\/07\/29\/leo-ortiz-abre-o-jogo-sobre-recusar-jogar-de-volante-na-equipe-de-tite\/#breadcrumb"},"inLanguage":"pt-BR","potentialAction":[{"@type":"ReadAction","target":["https:\/\/www.gaveanews.com\/index.php\/2024\/07\/29\/leo-ortiz-abre-o-jogo-sobre-recusar-jogar-de-volante-na-equipe-de-tite\/"]}]},{"@type":"ImageObject","inLanguage":"pt-BR","@id":"https:\/\/www.gaveanews.com\/index.php\/2024\/07\/29\/leo-ortiz-abre-o-jogo-sobre-recusar-jogar-de-volante-na-equipe-de-tite\/#primaryimage","url":"https:\/\/www.gaveanews.com\/wp-content\/uploads\/Leo-Ortiz-jogador-do-Flamengo.webp","contentUrl":"https:\/\/www.gaveanews.com\/wp-content\/uploads\/Leo-Ortiz-jogador-do-Flamengo.webp","width":1440,"height":960,"caption":"L\u00e9o Ortiz, jogador do Flamengo (Foto Reprodu\u00e7\u00e3o\/Instagram)"},{"@type":"BreadcrumbList","@id":"https:\/\/www.gaveanews.com\/index.php\/2024\/07\/29\/leo-ortiz-abre-o-jogo-sobre-recusar-jogar-de-volante-na-equipe-de-tite\/#breadcrumb","itemListElement":[{"@type":"ListItem","position":1,"name":"Home","item":"https:\/\/www.gaveanews.com\/"},{"@type":"ListItem","position":2,"name":"L\u00e9o Ortiz abre o jogo sobre &#8216;recusar&#8217; jogar de volante na equipe de Tite"}]},{"@type":"WebSite","@id":"https:\/\/www.gaveanews.com\/#website","url":"https:\/\/www.gaveanews.com\/","name":"G\u00e1vea News","description":"Veja todas as not\u00edcias sobre o Flamengo: Contrata\u00e7\u00f5es, categorias de base, resultados das partidas, tabela de classifica\u00e7\u00e3o, pr\u00f3ximos jogos!","potentialAction":[{"@type":"SearchAction","target":{"@type":"EntryPoint","urlTemplate":"https:\/\/www.gaveanews.com\/?s={search_term_string}"},"query-input":{"@type":"PropertyValueSpecification","valueRequired":true,"valueName":"search_term_string"}}],"inLanguage":"pt-BR"},{"@type":"Person","@id":"https:\/\/www.gaveanews.com\/#\/schema\/person\/37122681a8575a5c8db05a56f099a5e4","name":"D\u00e9bora Figueiredo","image":{"@type":"ImageObject","inLanguage":"pt-BR","@id":"https:\/\/www.gaveanews.com\/#\/schema\/person\/image\/","url":"https:\/\/secure.gravatar.com\/avatar\/1f44802859351588499d26f52aed1d15796ce17e67602895b72837c08018868d?s=96&d=mm&r=g","contentUrl":"https:\/\/secure.gravatar.com\/avatar\/1f44802859351588499d26f52aed1d15796ce17e67602895b72837c08018868d?s=96&d=mm&r=g","caption":"D\u00e9bora Figueiredo"}}]}},"_links":{"self":[{"href":"https:\/\/www.gaveanews.com\/index.php\/wp-json\/wp\/v2\/posts\/155111","targetHints":{"allow":["GET"]}}],"collection":[{"href":"https:\/\/www.gaveanews.com\/index.php\/wp-json\/wp\/v2\/posts"}],"about":[{"href":"https:\/\/www.gaveanews.com\/index.php\/wp-json\/wp\/v2\/types\/post"}],"author":[{"embeddable":true,"href":"https:\/\/www.gaveanews.com\/index.php\/wp-json\/wp\/v2\/users\/16"}],"replies":[{"embeddable":true,"href":"https:\/\/www.gaveanews.com\/index.php\/wp-json\/wp\/v2\/comments?post=155111"}],"version-history":[{"count":1,"href":"https:\/\/www.gaveanews.com\/index.php\/wp-json\/wp\/v2\/posts\/155111\/revisions"}],"predecessor-version":[{"id":155121,"href":"https:\/\/www.gaveanews.com\/index.php\/wp-json\/wp\/v2\/posts\/155111\/revisions\/155121"}],"wp:featuredmedia":[{"embeddable":true,"href":"https:\/\/www.gaveanews.com\/index.php\/wp-json\/wp\/v2\/media\/144250"}],"wp:attachment":[{"href":"https:\/\/www.gaveanews.com\/index.php\/wp-json\/wp\/v2\/media?parent=155111"}],"wp:term":[{"taxonomy":"category","embeddable":true,"href":"https:\/\/www.gaveanews.com\/index.php\/wp-json\/wp\/v2\/categories?post=155111"},{"taxonomy":"post_tag","embeddable":true,"href":"https:\/\/www.gaveanews.com\/index.php\/wp-json\/wp\/v2\/tags?post=155111"}],"curies":[{"name":"wp","href":"https:\/\/api.w.org\/{rel}","templated":true}]}}