{"id":155221,"date":"2024-07-29T18:54:44","date_gmt":"2024-07-29T21:54:44","guid":{"rendered":"https:\/\/www.gaveanews.com\/?p=155221"},"modified":"2024-07-29T18:54:46","modified_gmt":"2024-07-29T21:54:46","slug":"gabigol-detona-apresentador-apos-publicacao-polemica","status":"publish","type":"post","link":"https:\/\/www.gaveanews.com\/index.php\/2024\/07\/29\/gabigol-detona-apresentador-apos-publicacao-polemica\/","title":{"rendered":"Gabigol detona apresentador ap\u00f3s publica\u00e7\u00e3o pol\u00eamica"},"content":{"rendered":"\n<p>A noite desta segunda-feira (29) foi marcada por uma treta envolvendo Gabigol e Benjamin Back. Tudo come\u00e7ou depois que o apresentador cravou o acerto de Gabriel Barbosa com o Palmeiras, no programa &#8216;Domingol com Benja&#8217;.<\/p>\n\n\n\n<ul class=\"wp-block-list\">\n<li><a href=\"https:\/\/www.gaveanews.com\/index.php\/2024\/07\/25\/que-treta-gabigol-faz-publicacao-direcionada-a-mauro-cezar-pereira\/\">Que treta! Gabigol faz publica\u00e7\u00e3o direcionada a Mauro Cezar Pereira<\/a><\/li>\n\n\n\n<li><a href=\"https:\/\/www.gaveanews.com\/index.php\/2024\/07\/26\/gabigol-e-tite-tem-atitude-surpreendente-diretoria-fecha-contratacao-e-jogador-do-fla-provoca-o-botafogo-veja-as-ultimas-noticias-do-flamengo\/\">Gabigol e Tite t\u00eam atitude surpreendente, diretoria fecha contrata\u00e7\u00e3o e jogador do Fla provoca o Botafogo: veja as \u00faltimas not\u00edcias do Flamengo<\/a><\/li>\n<\/ul>\n\n\n\n<p>\u2014<em> Informa\u00e7\u00e3o que eu tenho \u00e9 que o Abel Ferreira morre de amores pelo Gabigol, pediu o Gabigol e o Gabigol acertou com o Palmeiras. Ele est\u00e1 chateado com a diretoria do Flamengo porque acha que poderiam ter interferido em rela\u00e7\u00e3o ao Tite para o escalar mais, e a dire\u00e7\u00e3o n\u00e3o faz isso. Quem tem autonomia para escalar \u00e9 o Tite. O Gabigol est\u00e1 chateado, sim, e nesse exato momento tem m\u00e1goa<\/em> -, disse.<\/p>\n\n\n\n<p>A fala de Benjamin Back foi durante o programa esportivo &#8216;Domingol com Benja&#8217;, exibido pela CNN Esportes, e repercutiu nesta segunda-feira (29), principalmente no &#8216;X&#8217;, o antigo Twitter. A repercuss\u00e3o da informa\u00e7\u00e3o do apresentador rapidamente se espalhou pelas redes sociais, e Gabriel Barbosa retrucou a fala do comunicador.<\/p>\n\n\n\n<h2 class=\"wp-block-heading\" id=\"h-veja-publicacao-de-gabigol\">Veja publica\u00e7\u00e3o de Gabigol<\/h2>\n\n\n\n<p>Atrav\u00e9s do Twitter, Gabigol mencionou o perfil do apresentador e mandou um recado &#8216;direto&#8217;, dizendo: &#8220;MENTIROSO! Quer aparecer? Te dou essa moral tamb\u00e9m!&#8221;.<\/p>\n\n\n\n<blockquote class=\"twitter-tweet\"><p lang=\"pt\" dir=\"ltr\"><a href=\"https:\/\/twitter.com\/benjaminback?ref_src=twsrc%5Etfw\">@benjaminback<\/a> MENTIROSO! Quer aparecer? Te dou essa moral tamb\u00e9m!<\/p>&mdash; Gabriel Barbosa (@gabigol) <a href=\"https:\/\/twitter.com\/gabigol\/status\/1818019524958151111?ref_src=twsrc%5Etfw\">July 29, 2024<\/a><\/blockquote> <script async src=\"https:\/\/platform.twitter.com\/widgets.js\" charset=\"utf-8\"><\/script>\n\n\n\n<p>Assim que Gabi fez a publica\u00e7\u00e3o, o apresentador compartilhou a publica\u00e7\u00e3o do jogador e rebateu a fala. &#8220;ARROGANTE! Eu que quero aparecer n\u00e9? Kkkkkk! Eu que subi no trio el\u00e9trico e cantei m\u00fasica mandando o Tite se f&#8230;! Eu que postei foto querendo diminuir o Zico! Eu que estava com camisa do rival e &#8220;vazou&#8221; sem querer! Estou andando pra voc\u00ea!&#8221;. <\/p>\n\n\n\n<blockquote class=\"twitter-tweet\"><p lang=\"pt\" dir=\"ltr\">ARROGANTE! <br><br>Eu que quero aparecer n\u00e9?<br><br>Kkkkkk!<br><br>Eu que subi no trio el\u00e9trico e cantei m\u00fasica mandando o Tite se f&#8230;!<br><br>Eu que postei foto querendo diminuir o Zico!<br><br>Eu que estava com camisa do rival e &quot;vazou&quot; sem querer!<br><br>Estou andando pra voc\u00ea! <a href=\"https:\/\/t.co\/I0S9nc8PBC\">https:\/\/t.co\/I0S9nc8PBC<\/a><\/p>&mdash; Benjamin Back (@benjaminback) <a href=\"https:\/\/twitter.com\/benjaminback\/status\/1818023461605814617?ref_src=twsrc%5Etfw\">July 29, 2024<\/a><\/blockquote> <script async src=\"https:\/\/platform.twitter.com\/widgets.js\" charset=\"utf-8\"><\/script>\n\n\n\n<p>Vale ressaltar que, recentemente, Gabigol tamb\u00e9m usou as redes sociais para rebater o jornalista Mauro Cezar Pereira, e houve uma acalorada discuss\u00e3o entre as partes.<\/p>\n\n\n\n<h2 class=\"wp-block-heading\" id=\"h-situacao-de-gabigol-com-o-flamengo\">Situa\u00e7\u00e3o de Gabigol com o Flamengo<\/h2>\n\n\n\n<p>Gabi tem contrato com o Flamengo at\u00e9 dezembro deste ano, mas tem futuro indefinido e uma situa\u00e7\u00e3o muito complicada sobre a renova\u00e7\u00e3o. Na temporada passada, o clube, o atacante e seu staff alinharam uma extens\u00e3o de v\u00ednculo por mais cinco anos, mas o acordo n\u00e3o foi para a frente.<\/p>\n\n\n\n<p>Desde ent\u00e3o, o jogador se envolveu em algumas pol\u00eamicas, e o Flamengo mudou o que havia sido alinhado inicialmente, oferecendo um ano de contrato e aumento salarial de 50%. O atleta rejeitou<\/p>\n\n\n\n<p><\/p>\n","protected":false},"excerpt":{"rendered":"<p>A noite desta segunda-feira (29) foi marcada por uma treta envolvendo Gabigol e Benjamin Back. Tudo come\u00e7ou depois que o apresentador cravou o acerto de Gabriel Barbosa com o Palmeiras, no programa &#8216;Domingol com Benja&#8217;. \u2014 Informa\u00e7\u00e3o que eu tenho \u00e9 que o Abel Ferreira morre de amores pelo Gabigol, pediu o Gabigol e o [&hellip;]<\/p>\n","protected":false},"author":18,"featured_media":101520,"comment_status":"open","ping_status":"closed","sticky":false,"template":"","format":"standard","meta":{"footnotes":""},"categories":[1],"tags":[],"class_list":["post-155221","post","type-post","status-publish","format-standard","has-post-thumbnail","hentry","category-flamengo"],"yoast_head":"<!-- This site is optimized with the Yoast SEO Premium plugin v24.2 (Yoast SEO v26.9) - https:\/\/yoast.com\/product\/yoast-seo-premium-wordpress\/ -->\n<title>Gabigol detona apresentador ap\u00f3s publica\u00e7\u00e3o pol\u00eamica<\/title>\n<meta name=\"robots\" content=\"index, follow, max-snippet:-1, max-image-preview:large, max-video-preview:-1\" \/>\n<link rel=\"canonical\" href=\"https:\/\/www.gaveanews.com\/index.php\/2024\/07\/29\/gabigol-detona-apresentador-apos-publicacao-polemica\/\" \/>\n<meta property=\"og:locale\" content=\"pt_BR\" \/>\n<meta property=\"og:type\" content=\"article\" \/>\n<meta property=\"og:title\" content=\"Gabigol detona apresentador ap\u00f3s publica\u00e7\u00e3o pol\u00eamica\" \/>\n<meta property=\"og:description\" content=\"A noite desta segunda-feira (29) foi marcada por uma treta envolvendo Gabigol e Benjamin Back. Tudo come\u00e7ou depois que o apresentador cravou o acerto de Gabriel Barbosa com o Palmeiras, no programa &#8216;Domingol com Benja&#8217;. \u2014 Informa\u00e7\u00e3o que eu tenho \u00e9 que o Abel Ferreira morre de amores pelo Gabigol, pediu o Gabigol e o [&hellip;]\" \/>\n<meta property=\"og:url\" content=\"https:\/\/www.gaveanews.com\/index.php\/2024\/07\/29\/gabigol-detona-apresentador-apos-publicacao-polemica\/\" \/>\n<meta property=\"og:site_name\" content=\"G\u00e1vea News\" \/>\n<meta property=\"article:publisher\" content=\"https:\/\/facebook.com\/gaveaNews\/\" \/>\n<meta property=\"article:published_time\" content=\"2024-07-29T21:54:44+00:00\" \/>\n<meta property=\"article:modified_time\" content=\"2024-07-29T21:54:46+00:00\" \/>\n<meta property=\"og:image\" content=\"https:\/\/www.gaveanews.com\/wp-content\/uploads\/gabigol-flamengo-aucas.webp\" \/>\n\t<meta property=\"og:image:width\" content=\"900\" \/>\n\t<meta property=\"og:image:height\" content=\"597\" \/>\n\t<meta property=\"og:image:type\" content=\"image\/jpeg\" \/>\n<meta name=\"author\" content=\"Paula Silva\" \/>\n<meta name=\"twitter:card\" content=\"summary_large_image\" \/>\n<meta name=\"twitter:label1\" content=\"Escrito por\" \/>\n\t<meta name=\"twitter:data1\" content=\"Paula Silva\" \/>\n\t<meta name=\"twitter:label2\" content=\"Est. tempo de leitura\" \/>\n\t<meta name=\"twitter:data2\" content=\"3 minutos\" \/>\n<script type=\"application\/ld+json\" class=\"yoast-schema-graph\">{\"@context\":\"https:\/\/schema.org\",\"@graph\":[{\"@type\":\"NewsArticle\",\"@id\":\"https:\/\/www.gaveanews.com\/index.php\/2024\/07\/29\/gabigol-detona-apresentador-apos-publicacao-polemica\/#article\",\"isPartOf\":{\"@id\":\"https:\/\/www.gaveanews.com\/index.php\/2024\/07\/29\/gabigol-detona-apresentador-apos-publicacao-polemica\/\"},\"author\":{\"name\":\"Paula Silva\",\"@id\":\"https:\/\/www.gaveanews.com\/#\/schema\/person\/daf63eec72e1164eb13dc35096c2b8da\"},\"headline\":\"Gabigol detona apresentador ap\u00f3s publica\u00e7\u00e3o pol\u00eamica\",\"datePublished\":\"2024-07-29T21:54:44+00:00\",\"dateModified\":\"2024-07-29T21:54:46+00:00\",\"mainEntityOfPage\":{\"@id\":\"https:\/\/www.gaveanews.com\/index.php\/2024\/07\/29\/gabigol-detona-apresentador-apos-publicacao-polemica\/\"},\"wordCount\":496,\"commentCount\":0,\"image\":{\"@id\":\"https:\/\/www.gaveanews.com\/index.php\/2024\/07\/29\/gabigol-detona-apresentador-apos-publicacao-polemica\/#primaryimage\"},\"thumbnailUrl\":\"https:\/\/www.gaveanews.com\/wp-content\/uploads\/gabigol-flamengo-aucas.webp\",\"articleSection\":[\"Flamengo\"],\"inLanguage\":\"pt-BR\",\"potentialAction\":[{\"@type\":\"CommentAction\",\"name\":\"Comment\",\"target\":[\"https:\/\/www.gaveanews.com\/index.php\/2024\/07\/29\/gabigol-detona-apresentador-apos-publicacao-polemica\/#respond\"]}],\"copyrightYear\":\"2024\",\"copyrightHolder\":{\"@id\":\"https:\/\/www.gaveanews.com\/#organization\"}},{\"@type\":\"WebPage\",\"@id\":\"https:\/\/www.gaveanews.com\/index.php\/2024\/07\/29\/gabigol-detona-apresentador-apos-publicacao-polemica\/\",\"url\":\"https:\/\/www.gaveanews.com\/index.php\/2024\/07\/29\/gabigol-detona-apresentador-apos-publicacao-polemica\/\",\"name\":\"Gabigol detona apresentador ap\u00f3s publica\u00e7\u00e3o pol\u00eamica\",\"isPartOf\":{\"@id\":\"https:\/\/www.gaveanews.com\/#website\"},\"primaryImageOfPage\":{\"@id\":\"https:\/\/www.gaveanews.com\/index.php\/2024\/07\/29\/gabigol-detona-apresentador-apos-publicacao-polemica\/#primaryimage\"},\"image\":{\"@id\":\"https:\/\/www.gaveanews.com\/index.php\/2024\/07\/29\/gabigol-detona-apresentador-apos-publicacao-polemica\/#primaryimage\"},\"thumbnailUrl\":\"https:\/\/www.gaveanews.com\/wp-content\/uploads\/gabigol-flamengo-aucas.webp\",\"datePublished\":\"2024-07-29T21:54:44+00:00\",\"dateModified\":\"2024-07-29T21:54:46+00:00\",\"author\":{\"@id\":\"https:\/\/www.gaveanews.com\/#\/schema\/person\/daf63eec72e1164eb13dc35096c2b8da\"},\"breadcrumb\":{\"@id\":\"https:\/\/www.gaveanews.com\/index.php\/2024\/07\/29\/gabigol-detona-apresentador-apos-publicacao-polemica\/#breadcrumb\"},\"inLanguage\":\"pt-BR\",\"potentialAction\":[{\"@type\":\"ReadAction\",\"target\":[\"https:\/\/www.gaveanews.com\/index.php\/2024\/07\/29\/gabigol-detona-apresentador-apos-publicacao-polemica\/\"]}]},{\"@type\":\"ImageObject\",\"inLanguage\":\"pt-BR\",\"@id\":\"https:\/\/www.gaveanews.com\/index.php\/2024\/07\/29\/gabigol-detona-apresentador-apos-publicacao-polemica\/#primaryimage\",\"url\":\"https:\/\/www.gaveanews.com\/wp-content\/uploads\/gabigol-flamengo-aucas.webp\",\"contentUrl\":\"https:\/\/www.gaveanews.com\/wp-content\/uploads\/gabigol-flamengo-aucas.webp\",\"width\":900,\"height\":597,\"caption\":\"Gabigol em a\u00e7\u00e3o pelo Flamengo contra o Aucas (Foto: Divulga\u00e7\u00e3o\/Flamengo)\"},{\"@type\":\"BreadcrumbList\",\"@id\":\"https:\/\/www.gaveanews.com\/index.php\/2024\/07\/29\/gabigol-detona-apresentador-apos-publicacao-polemica\/#breadcrumb\",\"itemListElement\":[{\"@type\":\"ListItem\",\"position\":1,\"name\":\"Home\",\"item\":\"https:\/\/www.gaveanews.com\/\"},{\"@type\":\"ListItem\",\"position\":2,\"name\":\"Gabigol detona apresentador ap\u00f3s publica\u00e7\u00e3o pol\u00eamica\"}]},{\"@type\":\"WebSite\",\"@id\":\"https:\/\/www.gaveanews.com\/#website\",\"url\":\"https:\/\/www.gaveanews.com\/\",\"name\":\"G\u00e1vea News\",\"description\":\"Veja todas as not\u00edcias sobre o Flamengo: Contrata\u00e7\u00f5es, categorias de base, resultados das partidas, tabela de classifica\u00e7\u00e3o, pr\u00f3ximos jogos!\",\"potentialAction\":[{\"@type\":\"SearchAction\",\"target\":{\"@type\":\"EntryPoint\",\"urlTemplate\":\"https:\/\/www.gaveanews.com\/?s={search_term_string}\"},\"query-input\":{\"@type\":\"PropertyValueSpecification\",\"valueRequired\":true,\"valueName\":\"search_term_string\"}}],\"inLanguage\":\"pt-BR\"},{\"@type\":\"Person\",\"@id\":\"https:\/\/www.gaveanews.com\/#\/schema\/person\/daf63eec72e1164eb13dc35096c2b8da\",\"name\":\"Paula Silva\",\"image\":{\"@type\":\"ImageObject\",\"inLanguage\":\"pt-BR\",\"@id\":\"https:\/\/www.gaveanews.com\/#\/schema\/person\/image\/\",\"url\":\"https:\/\/secure.gravatar.com\/avatar\/eda381c845527cc5d64c13b901833cda29d97500ba040d3e6461f76f51d163bb?s=96&d=mm&r=g\",\"contentUrl\":\"https:\/\/secure.gravatar.com\/avatar\/eda381c845527cc5d64c13b901833cda29d97500ba040d3e6461f76f51d163bb?s=96&d=mm&r=g\",\"caption\":\"Paula Silva\"}}]}<\/script>\n<!-- \/ Yoast SEO Premium plugin. -->","yoast_head_json":{"title":"Gabigol detona apresentador ap\u00f3s publica\u00e7\u00e3o pol\u00eamica","robots":{"index":"index","follow":"follow","max-snippet":"max-snippet:-1","max-image-preview":"max-image-preview:large","max-video-preview":"max-video-preview:-1"},"canonical":"https:\/\/www.gaveanews.com\/index.php\/2024\/07\/29\/gabigol-detona-apresentador-apos-publicacao-polemica\/","og_locale":"pt_BR","og_type":"article","og_title":"Gabigol detona apresentador ap\u00f3s publica\u00e7\u00e3o pol\u00eamica","og_description":"A noite desta segunda-feira (29) foi marcada por uma treta envolvendo Gabigol e Benjamin Back. Tudo come\u00e7ou depois que o apresentador cravou o acerto de Gabriel Barbosa com o Palmeiras, no programa &#8216;Domingol com Benja&#8217;. \u2014 Informa\u00e7\u00e3o que eu tenho \u00e9 que o Abel Ferreira morre de amores pelo Gabigol, pediu o Gabigol e o [&hellip;]","og_url":"https:\/\/www.gaveanews.com\/index.php\/2024\/07\/29\/gabigol-detona-apresentador-apos-publicacao-polemica\/","og_site_name":"G\u00e1vea News","article_publisher":"https:\/\/facebook.com\/gaveaNews\/","article_published_time":"2024-07-29T21:54:44+00:00","article_modified_time":"2024-07-29T21:54:46+00:00","og_image":[{"width":900,"height":597,"url":"https:\/\/www.gaveanews.com\/wp-content\/uploads\/gabigol-flamengo-aucas.webp","type":"image\/jpeg"}],"author":"Paula Silva","twitter_card":"summary_large_image","twitter_misc":{"Escrito por":"Paula Silva","Est. tempo de leitura":"3 minutos"},"schema":{"@context":"https:\/\/schema.org","@graph":[{"@type":"NewsArticle","@id":"https:\/\/www.gaveanews.com\/index.php\/2024\/07\/29\/gabigol-detona-apresentador-apos-publicacao-polemica\/#article","isPartOf":{"@id":"https:\/\/www.gaveanews.com\/index.php\/2024\/07\/29\/gabigol-detona-apresentador-apos-publicacao-polemica\/"},"author":{"name":"Paula Silva","@id":"https:\/\/www.gaveanews.com\/#\/schema\/person\/daf63eec72e1164eb13dc35096c2b8da"},"headline":"Gabigol detona apresentador ap\u00f3s publica\u00e7\u00e3o pol\u00eamica","datePublished":"2024-07-29T21:54:44+00:00","dateModified":"2024-07-29T21:54:46+00:00","mainEntityOfPage":{"@id":"https:\/\/www.gaveanews.com\/index.php\/2024\/07\/29\/gabigol-detona-apresentador-apos-publicacao-polemica\/"},"wordCount":496,"commentCount":0,"image":{"@id":"https:\/\/www.gaveanews.com\/index.php\/2024\/07\/29\/gabigol-detona-apresentador-apos-publicacao-polemica\/#primaryimage"},"thumbnailUrl":"https:\/\/www.gaveanews.com\/wp-content\/uploads\/gabigol-flamengo-aucas.webp","articleSection":["Flamengo"],"inLanguage":"pt-BR","potentialAction":[{"@type":"CommentAction","name":"Comment","target":["https:\/\/www.gaveanews.com\/index.php\/2024\/07\/29\/gabigol-detona-apresentador-apos-publicacao-polemica\/#respond"]}],"copyrightYear":"2024","copyrightHolder":{"@id":"https:\/\/www.gaveanews.com\/#organization"}},{"@type":"WebPage","@id":"https:\/\/www.gaveanews.com\/index.php\/2024\/07\/29\/gabigol-detona-apresentador-apos-publicacao-polemica\/","url":"https:\/\/www.gaveanews.com\/index.php\/2024\/07\/29\/gabigol-detona-apresentador-apos-publicacao-polemica\/","name":"Gabigol detona apresentador ap\u00f3s publica\u00e7\u00e3o pol\u00eamica","isPartOf":{"@id":"https:\/\/www.gaveanews.com\/#website"},"primaryImageOfPage":{"@id":"https:\/\/www.gaveanews.com\/index.php\/2024\/07\/29\/gabigol-detona-apresentador-apos-publicacao-polemica\/#primaryimage"},"image":{"@id":"https:\/\/www.gaveanews.com\/index.php\/2024\/07\/29\/gabigol-detona-apresentador-apos-publicacao-polemica\/#primaryimage"},"thumbnailUrl":"https:\/\/www.gaveanews.com\/wp-content\/uploads\/gabigol-flamengo-aucas.webp","datePublished":"2024-07-29T21:54:44+00:00","dateModified":"2024-07-29T21:54:46+00:00","author":{"@id":"https:\/\/www.gaveanews.com\/#\/schema\/person\/daf63eec72e1164eb13dc35096c2b8da"},"breadcrumb":{"@id":"https:\/\/www.gaveanews.com\/index.php\/2024\/07\/29\/gabigol-detona-apresentador-apos-publicacao-polemica\/#breadcrumb"},"inLanguage":"pt-BR","potentialAction":[{"@type":"ReadAction","target":["https:\/\/www.gaveanews.com\/index.php\/2024\/07\/29\/gabigol-detona-apresentador-apos-publicacao-polemica\/"]}]},{"@type":"ImageObject","inLanguage":"pt-BR","@id":"https:\/\/www.gaveanews.com\/index.php\/2024\/07\/29\/gabigol-detona-apresentador-apos-publicacao-polemica\/#primaryimage","url":"https:\/\/www.gaveanews.com\/wp-content\/uploads\/gabigol-flamengo-aucas.webp","contentUrl":"https:\/\/www.gaveanews.com\/wp-content\/uploads\/gabigol-flamengo-aucas.webp","width":900,"height":597,"caption":"Gabigol em a\u00e7\u00e3o pelo Flamengo contra o Aucas (Foto: Divulga\u00e7\u00e3o\/Flamengo)"},{"@type":"BreadcrumbList","@id":"https:\/\/www.gaveanews.com\/index.php\/2024\/07\/29\/gabigol-detona-apresentador-apos-publicacao-polemica\/#breadcrumb","itemListElement":[{"@type":"ListItem","position":1,"name":"Home","item":"https:\/\/www.gaveanews.com\/"},{"@type":"ListItem","position":2,"name":"Gabigol detona apresentador ap\u00f3s publica\u00e7\u00e3o pol\u00eamica"}]},{"@type":"WebSite","@id":"https:\/\/www.gaveanews.com\/#website","url":"https:\/\/www.gaveanews.com\/","name":"G\u00e1vea News","description":"Veja todas as not\u00edcias sobre o Flamengo: Contrata\u00e7\u00f5es, categorias de base, resultados das partidas, tabela de classifica\u00e7\u00e3o, pr\u00f3ximos jogos!","potentialAction":[{"@type":"SearchAction","target":{"@type":"EntryPoint","urlTemplate":"https:\/\/www.gaveanews.com\/?s={search_term_string}"},"query-input":{"@type":"PropertyValueSpecification","valueRequired":true,"valueName":"search_term_string"}}],"inLanguage":"pt-BR"},{"@type":"Person","@id":"https:\/\/www.gaveanews.com\/#\/schema\/person\/daf63eec72e1164eb13dc35096c2b8da","name":"Paula Silva","image":{"@type":"ImageObject","inLanguage":"pt-BR","@id":"https:\/\/www.gaveanews.com\/#\/schema\/person\/image\/","url":"https:\/\/secure.gravatar.com\/avatar\/eda381c845527cc5d64c13b901833cda29d97500ba040d3e6461f76f51d163bb?s=96&d=mm&r=g","contentUrl":"https:\/\/secure.gravatar.com\/avatar\/eda381c845527cc5d64c13b901833cda29d97500ba040d3e6461f76f51d163bb?s=96&d=mm&r=g","caption":"Paula Silva"}}]}},"_links":{"self":[{"href":"https:\/\/www.gaveanews.com\/index.php\/wp-json\/wp\/v2\/posts\/155221","targetHints":{"allow":["GET"]}}],"collection":[{"href":"https:\/\/www.gaveanews.com\/index.php\/wp-json\/wp\/v2\/posts"}],"about":[{"href":"https:\/\/www.gaveanews.com\/index.php\/wp-json\/wp\/v2\/types\/post"}],"author":[{"embeddable":true,"href":"https:\/\/www.gaveanews.com\/index.php\/wp-json\/wp\/v2\/users\/18"}],"replies":[{"embeddable":true,"href":"https:\/\/www.gaveanews.com\/index.php\/wp-json\/wp\/v2\/comments?post=155221"}],"version-history":[{"count":2,"href":"https:\/\/www.gaveanews.com\/index.php\/wp-json\/wp\/v2\/posts\/155221\/revisions"}],"predecessor-version":[{"id":155233,"href":"https:\/\/www.gaveanews.com\/index.php\/wp-json\/wp\/v2\/posts\/155221\/revisions\/155233"}],"wp:featuredmedia":[{"embeddable":true,"href":"https:\/\/www.gaveanews.com\/index.php\/wp-json\/wp\/v2\/media\/101520"}],"wp:attachment":[{"href":"https:\/\/www.gaveanews.com\/index.php\/wp-json\/wp\/v2\/media?parent=155221"}],"wp:term":[{"taxonomy":"category","embeddable":true,"href":"https:\/\/www.gaveanews.com\/index.php\/wp-json\/wp\/v2\/categories?post=155221"},{"taxonomy":"post_tag","embeddable":true,"href":"https:\/\/www.gaveanews.com\/index.php\/wp-json\/wp\/v2\/tags?post=155221"}],"curies":[{"name":"wp","href":"https:\/\/api.w.org\/{rel}","templated":true}]}}