{"id":155304,"date":"2024-07-30T18:15:00","date_gmt":"2024-07-30T21:15:00","guid":{"rendered":"https:\/\/www.gaveanews.com\/?p=155304"},"modified":"2024-07-30T17:52:38","modified_gmt":"2024-07-30T20:52:38","slug":"quem-e-a-joia-que-foi-disputada-por-corinthians-e-palmeiras","status":"publish","type":"post","link":"https:\/\/www.gaveanews.com\/index.php\/2024\/07\/30\/quem-e-a-joia-que-foi-disputada-por-corinthians-e-palmeiras\/","title":{"rendered":"Quem \u00e9 a joia que foi disputada por Corinthians e Palmeiras?"},"content":{"rendered":"\n<h2 class=\"wp-block-heading\" id=\"h-sucesso-nas-redes-sociais-menino-de-dez-anos-ja-tem-ate-patrocinio\">Sucesso nas redes sociais, menino de dez anos j\u00e1 tem at\u00e9 patroc\u00ednio <\/h2>\n\n\n\n<p>O Corinthians comemorou e ficou aliviado ap\u00f3s garantir a perman\u00eancia de Lucas Flora, garoto que tem apenas dez anos de idade. Apesar de ser t\u00e3o novo, Lucas faz grande sucesso nas redes sociais e patroc\u00ednios. <\/p>\n\n\n\n<ul class=\"wp-block-list\">\n<li><a href=\"https:\/\/www.gaveanews.com\/index.php\/2024\/07\/29\/45-milhoes-corinthians-faz-proposta-para-contratar-reforco\/\">45 milh\u00f5es: Corinthians faz proposta para contratar refor\u00e7o<\/a><\/li>\n\n\n\n<li><a href=\"https:\/\/www.gaveanews.com\/index.php\/2024\/07\/29\/veja-a-probabilidade-do-corinthians-permanecer-na-serie-a\/\">Veja a probabilidade do Corinthians permanecer na s\u00e9rie A<\/a><\/li>\n<\/ul>\n\n\n\n<p>O garoto vinha sendo sondado por diversos outros clubes, incluindo o rival Palmeiras. Mas a diretoria acertou sua perman\u00eancia, que teve at\u00e9 foto na sala do presidente, Augusto Melo, para comemorar. A celebra\u00e7\u00e3o foi t\u00e3o grande por parte do Corinthians, que bombou nas redes sociais. <\/p>\n\n\n\n<blockquote class=\"instagram-media\" data-instgrm-captioned data-instgrm-permalink=\"https:\/\/www.instagram.com\/p\/C9lFNNcxkpW\/?utm_source=ig_embed&amp;utm_campaign=loading\" data-instgrm-version=\"14\" style=\" background:#FFF; border:0; border-radius:3px; box-shadow:0 0 1px 0 rgba(0,0,0,0.5),0 1px 10px 0 rgba(0,0,0,0.15); margin: 1px; max-width:540px; min-width:326px; padding:0; width:99.375%; width:-webkit-calc(100% - 2px); width:calc(100% - 2px);\"><div style=\"padding:16px;\"> <a href=\"https:\/\/www.instagram.com\/p\/C9lFNNcxkpW\/?utm_source=ig_embed&amp;utm_campaign=loading\" style=\" background:#FFFFFF; line-height:0; padding:0 0; text-align:center; text-decoration:none; width:100%;\" target=\"_blank\" rel=\"noopener\"> <div style=\" display: flex; flex-direction: row; align-items: center;\"> <div style=\"background-color: #F4F4F4; border-radius: 50%; flex-grow: 0; height: 40px; margin-right: 14px; width: 40px;\"><\/div> <div style=\"display: flex; flex-direction: column; flex-grow: 1; justify-content: center;\"> <div style=\" background-color: #F4F4F4; border-radius: 4px; flex-grow: 0; height: 14px; margin-bottom: 6px; width: 100px;\"><\/div> <div style=\" background-color: #F4F4F4; border-radius: 4px; flex-grow: 0; height: 14px; width: 60px;\"><\/div><\/div><\/div><div style=\"padding: 19% 0;\"><\/div> <div style=\"display:block; height:50px; margin:0 auto 12px; width:50px;\"><svg width=\"50px\" height=\"50px\" viewBox=\"0 0 60 60\" version=\"1.1\" xmlns=\"https:\/\/www.w3.org\/2000\/svg\" xmlns:xlink=\"https:\/\/www.w3.org\/1999\/xlink\"><g stroke=\"none\" stroke-width=\"1\" fill=\"none\" fill-rule=\"evenodd\"><g transform=\"translate(-511.000000, -20.000000)\" fill=\"#000000\"><g><path d=\"M556.869,30.41 C554.814,30.41 553.148,32.076 553.148,34.131 C553.148,36.186 554.814,37.852 556.869,37.852 C558.924,37.852 560.59,36.186 560.59,34.131 C560.59,32.076 558.924,30.41 556.869,30.41 M541,60.657 C535.114,60.657 530.342,55.887 530.342,50 C530.342,44.114 535.114,39.342 541,39.342 C546.887,39.342 551.658,44.114 551.658,50 C551.658,55.887 546.887,60.657 541,60.657 M541,33.886 C532.1,33.886 524.886,41.1 524.886,50 C524.886,58.899 532.1,66.113 541,66.113 C549.9,66.113 557.115,58.899 557.115,50 C557.115,41.1 549.9,33.886 541,33.886 M565.378,62.101 C565.244,65.022 564.756,66.606 564.346,67.663 C563.803,69.06 563.154,70.057 562.106,71.106 C561.058,72.155 560.06,72.803 558.662,73.347 C557.607,73.757 556.021,74.244 553.102,74.378 C549.944,74.521 548.997,74.552 541,74.552 C533.003,74.552 532.056,74.521 528.898,74.378 C525.979,74.244 524.393,73.757 523.338,73.347 C521.94,72.803 520.942,72.155 519.894,71.106 C518.846,70.057 518.197,69.06 517.654,67.663 C517.244,66.606 516.755,65.022 516.623,62.101 C516.479,58.943 516.448,57.996 516.448,50 C516.448,42.003 516.479,41.056 516.623,37.899 C516.755,34.978 517.244,33.391 517.654,32.338 C518.197,30.938 518.846,29.942 519.894,28.894 C520.942,27.846 521.94,27.196 523.338,26.654 C524.393,26.244 525.979,25.756 528.898,25.623 C532.057,25.479 533.004,25.448 541,25.448 C548.997,25.448 549.943,25.479 553.102,25.623 C556.021,25.756 557.607,26.244 558.662,26.654 C560.06,27.196 561.058,27.846 562.106,28.894 C563.154,29.942 563.803,30.938 564.346,32.338 C564.756,33.391 565.244,34.978 565.378,37.899 C565.522,41.056 565.552,42.003 565.552,50 C565.552,57.996 565.522,58.943 565.378,62.101 M570.82,37.631 C570.674,34.438 570.167,32.258 569.425,30.349 C568.659,28.377 567.633,26.702 565.965,25.035 C564.297,23.368 562.623,22.342 560.652,21.575 C558.743,20.834 556.562,20.326 553.369,20.18 C550.169,20.033 549.148,20 541,20 C532.853,20 531.831,20.033 528.631,20.18 C525.438,20.326 523.257,20.834 521.349,21.575 C519.376,22.342 517.703,23.368 516.035,25.035 C514.368,26.702 513.342,28.377 512.574,30.349 C511.834,32.258 511.326,34.438 511.181,37.631 C511.035,40.831 511,41.851 511,50 C511,58.147 511.035,59.17 511.181,62.369 C511.326,65.562 511.834,67.743 512.574,69.651 C513.342,71.625 514.368,73.296 516.035,74.965 C517.703,76.634 519.376,77.658 521.349,78.425 C523.257,79.167 525.438,79.673 528.631,79.82 C531.831,79.965 532.853,80.001 541,80.001 C549.148,80.001 550.169,79.965 553.369,79.82 C556.562,79.673 558.743,79.167 560.652,78.425 C562.623,77.658 564.297,76.634 565.965,74.965 C567.633,73.296 568.659,71.625 569.425,69.651 C570.167,67.743 570.674,65.562 570.82,62.369 C570.966,59.17 571,58.147 571,50 C571,41.851 570.966,40.831 570.82,37.631\"><\/path><\/g><\/g><\/g><\/svg><\/div><div style=\"padding-top: 8px;\"> <div style=\" color:#3897f0; font-family:Arial,sans-serif; font-size:14px; font-style:normal; font-weight:550; line-height:18px;\">Ver essa foto no Instagram<\/div><\/div><div style=\"padding: 12.5% 0;\"><\/div> <div style=\"display: flex; flex-direction: row; margin-bottom: 14px; align-items: center;\"><div> <div style=\"background-color: #F4F4F4; border-radius: 50%; height: 12.5px; width: 12.5px; transform: translateX(0px) translateY(7px);\"><\/div> <div style=\"background-color: #F4F4F4; height: 12.5px; transform: rotate(-45deg) translateX(3px) translateY(1px); width: 12.5px; flex-grow: 0; margin-right: 14px; margin-left: 2px;\"><\/div> <div style=\"background-color: #F4F4F4; border-radius: 50%; height: 12.5px; width: 12.5px; transform: translateX(9px) translateY(-18px);\"><\/div><\/div><div style=\"margin-left: 8px;\"> <div style=\" background-color: #F4F4F4; border-radius: 50%; flex-grow: 0; height: 20px; width: 20px;\"><\/div> <div style=\" width: 0; height: 0; border-top: 2px solid transparent; border-left: 6px solid #f4f4f4; border-bottom: 2px solid transparent; transform: translateX(16px) translateY(-4px) rotate(30deg)\"><\/div><\/div><div style=\"margin-left: auto;\"> <div style=\" width: 0px; border-top: 8px solid #F4F4F4; border-right: 8px solid transparent; transform: translateY(16px);\"><\/div> <div style=\" background-color: #F4F4F4; flex-grow: 0; height: 12px; width: 16px; transform: translateY(-4px);\"><\/div> <div style=\" width: 0; height: 0; border-top: 8px solid #F4F4F4; border-left: 8px solid transparent; transform: translateY(-4px) translateX(8px);\"><\/div><\/div><\/div> <div style=\"display: flex; flex-direction: column; flex-grow: 1; justify-content: center; margin-bottom: 24px;\"> <div style=\" background-color: #F4F4F4; border-radius: 4px; flex-grow: 0; height: 14px; margin-bottom: 6px; width: 224px;\"><\/div> <div style=\" background-color: #F4F4F4; border-radius: 4px; flex-grow: 0; height: 14px; width: 144px;\"><\/div><\/div><\/a><p style=\" color:#c9c8cd; font-family:Arial,sans-serif; font-size:14px; line-height:17px; margin-bottom:0; margin-top:8px; overflow:hidden; padding:8px 0 7px; text-align:center; text-overflow:ellipsis; white-space:nowrap;\"><a href=\"https:\/\/www.instagram.com\/p\/C9lFNNcxkpW\/?utm_source=ig_embed&amp;utm_campaign=loading\" style=\" color:#c9c8cd; font-family:Arial,sans-serif; font-size:14px; font-style:normal; font-weight:normal; line-height:17px; text-decoration:none;\" target=\"_blank\" rel=\"noopener\">Uma publica\u00e7\u00e3o compartilhada por Corinthians Base (@corinthiansnabase)<\/a><\/p><\/div><\/blockquote>\n<script async src=\"\/\/www.instagram.com\/embed.js\"><\/script>\n\n\n\n<p>A negocia\u00e7\u00e3o para que Flora continuasse no Parque S\u00e3o Jorge levou alguns meses, e chegou at\u00e9 a ter alguns momentos de tens\u00e3o. Os pais do garoto chegaram a emitir uma nota dizendo que a diretoria Corintiana era despreparada. Claudinei Alves, diretor da base do clube, chegou a dizer aos pais de Lucas, que eles receberiam cerca de R$ 200 mil para trocar o Corinthians pelo Palmeiras. No entanto, a informa\u00e7\u00e3o foi negada pelos Palmeirenses. Mas no final, tudo se resolveu e o garoto continuar\u00e1 no Tim\u00e3o.<\/p>\n\n\n\n<p>Apesar de toda fama que o garoto j\u00e1 tem e estar no Tim\u00e3o h\u00e1 tr\u00eas anos, Flora nunca havia disputado uma partida de futebol de campo pelo time, at\u00e9 fazer sua estreia na segunda-feira (22), na Ibercup. O garoto vestiu a camisa 10 do time sub-11 do Corinthians e foi titular no duelo contra a Associa\u00e7\u00e3o Esportiva Sporting, de Goi\u00e1s. A partida marcava sua transi\u00e7\u00e3o do futsal para o futebol de campo. O Tim\u00e3o planeja que Flora tenha cada vez mais participa\u00e7\u00f5es no campo, mas continuar\u00e1 nas quadras onde \u00e9 destaque pela sua qualidade e evolu\u00e7\u00e3o nos dribles e em gols. <\/p>\n\n\n\n<p>Uma das qualidade de Flora, \u00e9 que ele \u00e9 ambidestro. Fez diversos lan\u00e7amentos, finalizou, fez corta-luz e at\u00e9 tentou uma bicicleta. Apesar de n\u00e3o ter feito nenhum gol na vit\u00f3ria Corintiana por 6 a 0, o garoto foi o centro as aten\u00e7\u00f5es da partida. O diretor executivo da Ibercup, M\u00e1rcio Lima, comentou sobre a popularidade que Lucas Flora tem, mesmo que novo. <\/p>\n\n\n\n<p><em>\u2013 Foi curioso, vi meninos mais novos e mais velhos do que o Flora j\u00e1 o reconhecendo, pedindo para tirar fotos. A gente v\u00ea que, em virtude do talento que ele tem, j\u00e1 desperta a curiosidade dos demais garotos, j\u00e1 vira uma refer\u00eancia para eles<\/em>,\u00a0disse M\u00e1rcio.<\/p>\n\n\n\n<p>Ao t\u00e9rmino do jogo, f\u00e3s mirins esperavam por Flora para tirarem uma foto. E como gente grande, Lucas Flora atendeu a todos. O garoto tem esse sucesso todo em suas redes sociais por conta de v\u00eddeos postados jogando nas quadras, com belas jogadas e anotando gols. Atualmente, o garoto tem cerca de 187 mil seguidores no Instagram. <\/p>\n\n\n\n<p>No come\u00e7o, os v\u00eddeos eram editados e postados pelos pais do garoto, mas com a grande repercuss\u00e3o e a fama surgindo em Flora, a 4ComM fechou um acordo juntamente com os pais dele para fazer a gest\u00e3o da carreira de Flora. A empresa gerencia a carreira de diversos atletas famosos, como Lucas Moura, Antony e Gabigol. A ag\u00eancia tamb\u00e9m ir\u00e1 produzir conte\u00fados e participar de acordos comerciais com Flora.<\/p>\n\n\n\n<p>Outros empres\u00e1rios procuraram a fam\u00edlia do garoto, mas n\u00e3o tiveram sucesso. Flora poder\u00e1 assinar seu primeiro contrato apenas quando completar 14 anos, como v\u00ednculo de forma\u00e7\u00e3o. A partir dos 16, o garoto poder\u00e1 assinar seu primeiro contrato profissional. <\/p>\n\n\n\n<p>Em mar\u00e7o de 2024, o garoto ainda n\u00e3o tinha empres\u00e1rio, mas j\u00e1 havia fechado patroc\u00ednio com uma marca gigante no mercado. Flora assinou com a Nike, que coincidentemente \u00e9 o fornecedor de material esportivo do Tim\u00e3o. <\/p>\n\n\n\n<p>Lucas Flora disse que sonha em se profissionalizar e conquistar t\u00edtulos pelo Corinthians, mas que tamb\u00e9m sonha em vestir a camisa da sele\u00e7\u00e3o brasileira e do Real Madrid. <\/p>\n","protected":false},"excerpt":{"rendered":"<p>Sucesso nas redes sociais, menino de dez anos j\u00e1 tem at\u00e9 patroc\u00ednio O Corinthians comemorou e ficou aliviado ap\u00f3s garantir a perman\u00eancia de Lucas Flora, garoto que tem apenas dez anos de idade. Apesar de ser t\u00e3o novo, Lucas faz grande sucesso nas redes sociais e patroc\u00ednios. O garoto vinha sendo sondado por diversos outros [&hellip;]<\/p>\n","protected":false},"author":21,"featured_media":155414,"comment_status":"open","ping_status":"closed","sticky":false,"template":"","format":"standard","meta":{"footnotes":""},"categories":[141,150],"tags":[],"class_list":["post-155304","post","type-post","status-publish","format-standard","has-post-thumbnail","hentry","category-corinthians","category-palmeiras"],"yoast_head":"<!-- This site is optimized with the Yoast SEO Premium plugin v24.2 (Yoast SEO v26.9) - https:\/\/yoast.com\/product\/yoast-seo-premium-wordpress\/ -->\n<title>Quem \u00e9 a joia que foi disputada por Corinthians e Palmeiras?<\/title>\n<meta name=\"robots\" content=\"index, follow, max-snippet:-1, max-image-preview:large, max-video-preview:-1\" \/>\n<link rel=\"canonical\" href=\"https:\/\/www.gaveanews.com\/index.php\/2024\/07\/30\/quem-e-a-joia-que-foi-disputada-por-corinthians-e-palmeiras\/\" \/>\n<meta property=\"og:locale\" content=\"pt_BR\" \/>\n<meta property=\"og:type\" content=\"article\" \/>\n<meta property=\"og:title\" content=\"Quem \u00e9 a joia que foi disputada por Corinthians e Palmeiras?\" \/>\n<meta property=\"og:description\" content=\"Sucesso nas redes sociais, menino de dez anos j\u00e1 tem at\u00e9 patroc\u00ednio O Corinthians comemorou e ficou aliviado ap\u00f3s garantir a perman\u00eancia de Lucas Flora, garoto que tem apenas dez anos de idade. Apesar de ser t\u00e3o novo, Lucas faz grande sucesso nas redes sociais e patroc\u00ednios. O garoto vinha sendo sondado por diversos outros [&hellip;]\" \/>\n<meta property=\"og:url\" content=\"https:\/\/www.gaveanews.com\/index.php\/2024\/07\/30\/quem-e-a-joia-que-foi-disputada-por-corinthians-e-palmeiras\/\" \/>\n<meta property=\"og:site_name\" content=\"G\u00e1vea News\" \/>\n<meta property=\"article:publisher\" content=\"https:\/\/facebook.com\/gaveaNews\/\" \/>\n<meta property=\"article:published_time\" content=\"2024-07-30T21:15:00+00:00\" \/>\n<meta property=\"og:image\" content=\"https:\/\/www.gaveanews.com\/wp-content\/uploads\/Escudos-de-Palmeiras-e-Corinthians.webp\" \/>\n\t<meta property=\"og:image:width\" content=\"900\" \/>\n\t<meta property=\"og:image:height\" content=\"600\" \/>\n\t<meta property=\"og:image:type\" content=\"image\/jpeg\" \/>\n<meta name=\"author\" content=\"Andr\u00e9 Serra\" \/>\n<meta name=\"twitter:card\" content=\"summary_large_image\" \/>\n<meta name=\"twitter:label1\" content=\"Escrito por\" \/>\n\t<meta name=\"twitter:data1\" content=\"Andr\u00e9 Serra\" \/>\n\t<meta name=\"twitter:label2\" content=\"Est. tempo de leitura\" \/>\n\t<meta name=\"twitter:data2\" content=\"4 minutos\" \/>\n<script type=\"application\/ld+json\" class=\"yoast-schema-graph\">{\"@context\":\"https:\/\/schema.org\",\"@graph\":[{\"@type\":\"NewsArticle\",\"@id\":\"https:\/\/www.gaveanews.com\/index.php\/2024\/07\/30\/quem-e-a-joia-que-foi-disputada-por-corinthians-e-palmeiras\/#article\",\"isPartOf\":{\"@id\":\"https:\/\/www.gaveanews.com\/index.php\/2024\/07\/30\/quem-e-a-joia-que-foi-disputada-por-corinthians-e-palmeiras\/\"},\"author\":{\"name\":\"Andr\u00e9 Serra\",\"@id\":\"https:\/\/www.gaveanews.com\/#\/schema\/person\/0277a79a1289c451c281ec0411d84f0c\"},\"headline\":\"Quem \u00e9 a joia que foi disputada por Corinthians e Palmeiras?\",\"datePublished\":\"2024-07-30T21:15:00+00:00\",\"mainEntityOfPage\":{\"@id\":\"https:\/\/www.gaveanews.com\/index.php\/2024\/07\/30\/quem-e-a-joia-que-foi-disputada-por-corinthians-e-palmeiras\/\"},\"wordCount\":695,\"commentCount\":0,\"image\":{\"@id\":\"https:\/\/www.gaveanews.com\/index.php\/2024\/07\/30\/quem-e-a-joia-que-foi-disputada-por-corinthians-e-palmeiras\/#primaryimage\"},\"thumbnailUrl\":\"https:\/\/www.gaveanews.com\/wp-content\/uploads\/Escudos-de-Palmeiras-e-Corinthians.webp\",\"articleSection\":[\"Corinthians\",\"Palmeiras\"],\"inLanguage\":\"pt-BR\",\"potentialAction\":[{\"@type\":\"CommentAction\",\"name\":\"Comment\",\"target\":[\"https:\/\/www.gaveanews.com\/index.php\/2024\/07\/30\/quem-e-a-joia-que-foi-disputada-por-corinthians-e-palmeiras\/#respond\"]}],\"copyrightYear\":\"2024\",\"copyrightHolder\":{\"@id\":\"https:\/\/www.gaveanews.com\/#organization\"}},{\"@type\":\"WebPage\",\"@id\":\"https:\/\/www.gaveanews.com\/index.php\/2024\/07\/30\/quem-e-a-joia-que-foi-disputada-por-corinthians-e-palmeiras\/\",\"url\":\"https:\/\/www.gaveanews.com\/index.php\/2024\/07\/30\/quem-e-a-joia-que-foi-disputada-por-corinthians-e-palmeiras\/\",\"name\":\"Quem \u00e9 a joia que foi disputada por Corinthians e Palmeiras?\",\"isPartOf\":{\"@id\":\"https:\/\/www.gaveanews.com\/#website\"},\"primaryImageOfPage\":{\"@id\":\"https:\/\/www.gaveanews.com\/index.php\/2024\/07\/30\/quem-e-a-joia-que-foi-disputada-por-corinthians-e-palmeiras\/#primaryimage\"},\"image\":{\"@id\":\"https:\/\/www.gaveanews.com\/index.php\/2024\/07\/30\/quem-e-a-joia-que-foi-disputada-por-corinthians-e-palmeiras\/#primaryimage\"},\"thumbnailUrl\":\"https:\/\/www.gaveanews.com\/wp-content\/uploads\/Escudos-de-Palmeiras-e-Corinthians.webp\",\"datePublished\":\"2024-07-30T21:15:00+00:00\",\"author\":{\"@id\":\"https:\/\/www.gaveanews.com\/#\/schema\/person\/0277a79a1289c451c281ec0411d84f0c\"},\"breadcrumb\":{\"@id\":\"https:\/\/www.gaveanews.com\/index.php\/2024\/07\/30\/quem-e-a-joia-que-foi-disputada-por-corinthians-e-palmeiras\/#breadcrumb\"},\"inLanguage\":\"pt-BR\",\"potentialAction\":[{\"@type\":\"ReadAction\",\"target\":[\"https:\/\/www.gaveanews.com\/index.php\/2024\/07\/30\/quem-e-a-joia-que-foi-disputada-por-corinthians-e-palmeiras\/\"]}]},{\"@type\":\"ImageObject\",\"inLanguage\":\"pt-BR\",\"@id\":\"https:\/\/www.gaveanews.com\/index.php\/2024\/07\/30\/quem-e-a-joia-que-foi-disputada-por-corinthians-e-palmeiras\/#primaryimage\",\"url\":\"https:\/\/www.gaveanews.com\/wp-content\/uploads\/Escudos-de-Palmeiras-e-Corinthians.webp\",\"contentUrl\":\"https:\/\/www.gaveanews.com\/wp-content\/uploads\/Escudos-de-Palmeiras-e-Corinthians.webp\",\"width\":900,\"height\":600,\"caption\":\"Escudos de Palmeiras e Corinthians (Imagem: Editoria de arte\/G\u00e1vea News\/Henrique Machado)\"},{\"@type\":\"BreadcrumbList\",\"@id\":\"https:\/\/www.gaveanews.com\/index.php\/2024\/07\/30\/quem-e-a-joia-que-foi-disputada-por-corinthians-e-palmeiras\/#breadcrumb\",\"itemListElement\":[{\"@type\":\"ListItem\",\"position\":1,\"name\":\"Home\",\"item\":\"https:\/\/www.gaveanews.com\/\"},{\"@type\":\"ListItem\",\"position\":2,\"name\":\"Quem \u00e9 a joia que foi disputada por Corinthians e Palmeiras?\"}]},{\"@type\":\"WebSite\",\"@id\":\"https:\/\/www.gaveanews.com\/#website\",\"url\":\"https:\/\/www.gaveanews.com\/\",\"name\":\"G\u00e1vea News\",\"description\":\"Veja todas as not\u00edcias sobre o Flamengo: Contrata\u00e7\u00f5es, categorias de base, resultados das partidas, tabela de classifica\u00e7\u00e3o, pr\u00f3ximos jogos!\",\"potentialAction\":[{\"@type\":\"SearchAction\",\"target\":{\"@type\":\"EntryPoint\",\"urlTemplate\":\"https:\/\/www.gaveanews.com\/?s={search_term_string}\"},\"query-input\":{\"@type\":\"PropertyValueSpecification\",\"valueRequired\":true,\"valueName\":\"search_term_string\"}}],\"inLanguage\":\"pt-BR\"},{\"@type\":\"Person\",\"@id\":\"https:\/\/www.gaveanews.com\/#\/schema\/person\/0277a79a1289c451c281ec0411d84f0c\",\"name\":\"Andr\u00e9 Serra\",\"image\":{\"@type\":\"ImageObject\",\"inLanguage\":\"pt-BR\",\"@id\":\"https:\/\/www.gaveanews.com\/#\/schema\/person\/image\/\",\"url\":\"https:\/\/secure.gravatar.com\/avatar\/d7231369fe48db93292b3e88eb2162dbd9a34a47a8437d9ef3bcaca2a86a83d7?s=96&d=mm&r=g\",\"contentUrl\":\"https:\/\/secure.gravatar.com\/avatar\/d7231369fe48db93292b3e88eb2162dbd9a34a47a8437d9ef3bcaca2a86a83d7?s=96&d=mm&r=g\",\"caption\":\"Andr\u00e9 Serra\"}}]}<\/script>\n<!-- \/ Yoast SEO Premium plugin. -->","yoast_head_json":{"title":"Quem \u00e9 a joia que foi disputada por Corinthians e Palmeiras?","robots":{"index":"index","follow":"follow","max-snippet":"max-snippet:-1","max-image-preview":"max-image-preview:large","max-video-preview":"max-video-preview:-1"},"canonical":"https:\/\/www.gaveanews.com\/index.php\/2024\/07\/30\/quem-e-a-joia-que-foi-disputada-por-corinthians-e-palmeiras\/","og_locale":"pt_BR","og_type":"article","og_title":"Quem \u00e9 a joia que foi disputada por Corinthians e Palmeiras?","og_description":"Sucesso nas redes sociais, menino de dez anos j\u00e1 tem at\u00e9 patroc\u00ednio O Corinthians comemorou e ficou aliviado ap\u00f3s garantir a perman\u00eancia de Lucas Flora, garoto que tem apenas dez anos de idade. Apesar de ser t\u00e3o novo, Lucas faz grande sucesso nas redes sociais e patroc\u00ednios. O garoto vinha sendo sondado por diversos outros [&hellip;]","og_url":"https:\/\/www.gaveanews.com\/index.php\/2024\/07\/30\/quem-e-a-joia-que-foi-disputada-por-corinthians-e-palmeiras\/","og_site_name":"G\u00e1vea News","article_publisher":"https:\/\/facebook.com\/gaveaNews\/","article_published_time":"2024-07-30T21:15:00+00:00","og_image":[{"width":900,"height":600,"url":"https:\/\/www.gaveanews.com\/wp-content\/uploads\/Escudos-de-Palmeiras-e-Corinthians.webp","type":"image\/jpeg"}],"author":"Andr\u00e9 Serra","twitter_card":"summary_large_image","twitter_misc":{"Escrito por":"Andr\u00e9 Serra","Est. tempo de leitura":"4 minutos"},"schema":{"@context":"https:\/\/schema.org","@graph":[{"@type":"NewsArticle","@id":"https:\/\/www.gaveanews.com\/index.php\/2024\/07\/30\/quem-e-a-joia-que-foi-disputada-por-corinthians-e-palmeiras\/#article","isPartOf":{"@id":"https:\/\/www.gaveanews.com\/index.php\/2024\/07\/30\/quem-e-a-joia-que-foi-disputada-por-corinthians-e-palmeiras\/"},"author":{"name":"Andr\u00e9 Serra","@id":"https:\/\/www.gaveanews.com\/#\/schema\/person\/0277a79a1289c451c281ec0411d84f0c"},"headline":"Quem \u00e9 a joia que foi disputada por Corinthians e Palmeiras?","datePublished":"2024-07-30T21:15:00+00:00","mainEntityOfPage":{"@id":"https:\/\/www.gaveanews.com\/index.php\/2024\/07\/30\/quem-e-a-joia-que-foi-disputada-por-corinthians-e-palmeiras\/"},"wordCount":695,"commentCount":0,"image":{"@id":"https:\/\/www.gaveanews.com\/index.php\/2024\/07\/30\/quem-e-a-joia-que-foi-disputada-por-corinthians-e-palmeiras\/#primaryimage"},"thumbnailUrl":"https:\/\/www.gaveanews.com\/wp-content\/uploads\/Escudos-de-Palmeiras-e-Corinthians.webp","articleSection":["Corinthians","Palmeiras"],"inLanguage":"pt-BR","potentialAction":[{"@type":"CommentAction","name":"Comment","target":["https:\/\/www.gaveanews.com\/index.php\/2024\/07\/30\/quem-e-a-joia-que-foi-disputada-por-corinthians-e-palmeiras\/#respond"]}],"copyrightYear":"2024","copyrightHolder":{"@id":"https:\/\/www.gaveanews.com\/#organization"}},{"@type":"WebPage","@id":"https:\/\/www.gaveanews.com\/index.php\/2024\/07\/30\/quem-e-a-joia-que-foi-disputada-por-corinthians-e-palmeiras\/","url":"https:\/\/www.gaveanews.com\/index.php\/2024\/07\/30\/quem-e-a-joia-que-foi-disputada-por-corinthians-e-palmeiras\/","name":"Quem \u00e9 a joia que foi disputada por Corinthians e Palmeiras?","isPartOf":{"@id":"https:\/\/www.gaveanews.com\/#website"},"primaryImageOfPage":{"@id":"https:\/\/www.gaveanews.com\/index.php\/2024\/07\/30\/quem-e-a-joia-que-foi-disputada-por-corinthians-e-palmeiras\/#primaryimage"},"image":{"@id":"https:\/\/www.gaveanews.com\/index.php\/2024\/07\/30\/quem-e-a-joia-que-foi-disputada-por-corinthians-e-palmeiras\/#primaryimage"},"thumbnailUrl":"https:\/\/www.gaveanews.com\/wp-content\/uploads\/Escudos-de-Palmeiras-e-Corinthians.webp","datePublished":"2024-07-30T21:15:00+00:00","author":{"@id":"https:\/\/www.gaveanews.com\/#\/schema\/person\/0277a79a1289c451c281ec0411d84f0c"},"breadcrumb":{"@id":"https:\/\/www.gaveanews.com\/index.php\/2024\/07\/30\/quem-e-a-joia-que-foi-disputada-por-corinthians-e-palmeiras\/#breadcrumb"},"inLanguage":"pt-BR","potentialAction":[{"@type":"ReadAction","target":["https:\/\/www.gaveanews.com\/index.php\/2024\/07\/30\/quem-e-a-joia-que-foi-disputada-por-corinthians-e-palmeiras\/"]}]},{"@type":"ImageObject","inLanguage":"pt-BR","@id":"https:\/\/www.gaveanews.com\/index.php\/2024\/07\/30\/quem-e-a-joia-que-foi-disputada-por-corinthians-e-palmeiras\/#primaryimage","url":"https:\/\/www.gaveanews.com\/wp-content\/uploads\/Escudos-de-Palmeiras-e-Corinthians.webp","contentUrl":"https:\/\/www.gaveanews.com\/wp-content\/uploads\/Escudos-de-Palmeiras-e-Corinthians.webp","width":900,"height":600,"caption":"Escudos de Palmeiras e Corinthians (Imagem: Editoria de arte\/G\u00e1vea News\/Henrique Machado)"},{"@type":"BreadcrumbList","@id":"https:\/\/www.gaveanews.com\/index.php\/2024\/07\/30\/quem-e-a-joia-que-foi-disputada-por-corinthians-e-palmeiras\/#breadcrumb","itemListElement":[{"@type":"ListItem","position":1,"name":"Home","item":"https:\/\/www.gaveanews.com\/"},{"@type":"ListItem","position":2,"name":"Quem \u00e9 a joia que foi disputada por Corinthians e Palmeiras?"}]},{"@type":"WebSite","@id":"https:\/\/www.gaveanews.com\/#website","url":"https:\/\/www.gaveanews.com\/","name":"G\u00e1vea News","description":"Veja todas as not\u00edcias sobre o Flamengo: Contrata\u00e7\u00f5es, categorias de base, resultados das partidas, tabela de classifica\u00e7\u00e3o, pr\u00f3ximos jogos!","potentialAction":[{"@type":"SearchAction","target":{"@type":"EntryPoint","urlTemplate":"https:\/\/www.gaveanews.com\/?s={search_term_string}"},"query-input":{"@type":"PropertyValueSpecification","valueRequired":true,"valueName":"search_term_string"}}],"inLanguage":"pt-BR"},{"@type":"Person","@id":"https:\/\/www.gaveanews.com\/#\/schema\/person\/0277a79a1289c451c281ec0411d84f0c","name":"Andr\u00e9 Serra","image":{"@type":"ImageObject","inLanguage":"pt-BR","@id":"https:\/\/www.gaveanews.com\/#\/schema\/person\/image\/","url":"https:\/\/secure.gravatar.com\/avatar\/d7231369fe48db93292b3e88eb2162dbd9a34a47a8437d9ef3bcaca2a86a83d7?s=96&d=mm&r=g","contentUrl":"https:\/\/secure.gravatar.com\/avatar\/d7231369fe48db93292b3e88eb2162dbd9a34a47a8437d9ef3bcaca2a86a83d7?s=96&d=mm&r=g","caption":"Andr\u00e9 Serra"}}]}},"_links":{"self":[{"href":"https:\/\/www.gaveanews.com\/index.php\/wp-json\/wp\/v2\/posts\/155304","targetHints":{"allow":["GET"]}}],"collection":[{"href":"https:\/\/www.gaveanews.com\/index.php\/wp-json\/wp\/v2\/posts"}],"about":[{"href":"https:\/\/www.gaveanews.com\/index.php\/wp-json\/wp\/v2\/types\/post"}],"author":[{"embeddable":true,"href":"https:\/\/www.gaveanews.com\/index.php\/wp-json\/wp\/v2\/users\/21"}],"replies":[{"embeddable":true,"href":"https:\/\/www.gaveanews.com\/index.php\/wp-json\/wp\/v2\/comments?post=155304"}],"version-history":[{"count":6,"href":"https:\/\/www.gaveanews.com\/index.php\/wp-json\/wp\/v2\/posts\/155304\/revisions"}],"predecessor-version":[{"id":155418,"href":"https:\/\/www.gaveanews.com\/index.php\/wp-json\/wp\/v2\/posts\/155304\/revisions\/155418"}],"wp:featuredmedia":[{"embeddable":true,"href":"https:\/\/www.gaveanews.com\/index.php\/wp-json\/wp\/v2\/media\/155414"}],"wp:attachment":[{"href":"https:\/\/www.gaveanews.com\/index.php\/wp-json\/wp\/v2\/media?parent=155304"}],"wp:term":[{"taxonomy":"category","embeddable":true,"href":"https:\/\/www.gaveanews.com\/index.php\/wp-json\/wp\/v2\/categories?post=155304"},{"taxonomy":"post_tag","embeddable":true,"href":"https:\/\/www.gaveanews.com\/index.php\/wp-json\/wp\/v2\/tags?post=155304"}],"curies":[{"name":"wp","href":"https:\/\/api.w.org\/{rel}","templated":true}]}}