{"id":155316,"date":"2024-07-30T14:22:44","date_gmt":"2024-07-30T17:22:44","guid":{"rendered":"https:\/\/www.gaveanews.com\/?p=155316"},"modified":"2024-07-30T14:22:46","modified_gmt":"2024-07-30T17:22:46","slug":"sem-propostas-para-venda-sao-paulo-toma-decisao-sobre-james-rodriguez","status":"publish","type":"post","link":"https:\/\/www.gaveanews.com\/index.php\/2024\/07\/30\/sem-propostas-para-venda-sao-paulo-toma-decisao-sobre-james-rodriguez\/","title":{"rendered":"Sem propostas para venda, S\u00e3o Paulo toma decis\u00e3o sobre James Rodr\u00edguez"},"content":{"rendered":"\n<p>James Rodr\u00edguez retornou ao S\u00e3o Paulo ap\u00f3s o vice campeonato da Copa Am\u00e9rica sendo o melhor jogador da Col\u00f4mbia e da competi\u00e7\u00e3o. O problema \u00e9 que ele n\u00e3o entra em campo pelo tricolor paulista desde fevereiro.<\/p>\n\n\n\n<p>Desde aquela \u00e9poca, James Rodr\u00edguez j\u00e1 demonstrava interesse em dar adeus ao S\u00e3o Paulo, o problema \u00e9 que o tricolor paulista n\u00e3o conseguiu encontrar comprador. Ap\u00f3s a Copa Am\u00e9rica, a expectativa era de que o tricolor paulista conseguisse valorizar o atleta mas isso n\u00e3o aconteceu.<\/p>\n\n\n\n<ul class=\"wp-block-list\">\n<li><a href=\"https:\/\/www.gaveanews.com\/index.php\/2024\/07\/29\/sao-paulo-desiste-de-contratar-reforco\/\">S\u00e3o Paulo desiste de contratar refor\u00e7o<\/a><\/li>\n\n\n\n<li><a href=\"https:\/\/www.gaveanews.com\/index.php\/2024\/07\/29\/sao-paulo-x-goias-tera-transmissao-limitada\/\">S\u00e3o Paulo x Goi\u00e1s ter\u00e1 transmiss\u00e3o limitada<\/a><\/li>\n<\/ul>\n\n\n\n<p>Segundo o GE, ap\u00f3s uma semana de iniciar as negocia\u00e7\u00f5es pela rescis\u00e3o do contrato do colombiano, o tricolor paulista ainda n\u00e3o conseguiu chegar a um acordo com o meia para o fim do v\u00ednculo com o clube que vai at\u00e9 2025. Julio Casares tem pressionado James Rodriguez para que ele flexibilize o contrato para conseguirem a rescis\u00e3o contratual.<\/p>\n\n\n\n<p>O S\u00e3o Paulo fez um acerto de R$ 10 milh\u00f5es para quitar luvas combinadas no meio de 2023. A ideia \u00e9 que ele abre m\u00e3o ou facilite o pagamento. James n\u00e3o d\u00e1 abertura para negocia\u00e7\u00f5es, mas, j\u00e1 que n\u00e3o tem oportunidades em outras equipes, exige o pagamento integral.<\/p>\n\n\n\n<p>Amigos pr\u00f3ximos a James afirmam que ele recebeu contratos de clubes europeus mas que seriam algo em torno do segundo escal\u00e3o europeu, mas isso n\u00e3o foi confirmado pelo S\u00e3o Paulo. Os torcedores criticaram o jogador que publicou uma foto ao lado de filha, em Miami, no \u00faltimo final de semana, j\u00e1 que ele foi liberado dos treinos enquanto negocia a rescis\u00e3o. Quem pediu para n\u00e3o voltar ao clube ap\u00f3s a Copa Am\u00e9rica foi o pr\u00f3prio jogador.<\/p>\n\n\n\n<h2 class=\"wp-block-heading\" id=\"h-qual-a-proxima-partida-do-sao-paulo\">Qual a pr\u00f3xima partida do S\u00e3o Paulo?<\/h2>\n\n\n\n<p>S\u00e3o Paulo recebe o Goi\u00e1s na noite desta ter\u00e7a-feira (30), \u00e0s 20h, no MorumBIS, pelas oitavas de final da Copa do Brasil. A partida ter\u00e1 transmiss\u00e3o do streaming Amazon Prime.<\/p>\n","protected":false},"excerpt":{"rendered":"<p>James Rodr\u00edguez retornou ao S\u00e3o Paulo ap\u00f3s o vice campeonato da Copa Am\u00e9rica sendo o melhor jogador da Col\u00f4mbia e da competi\u00e7\u00e3o. O problema \u00e9 que ele n\u00e3o entra em campo pelo tricolor paulista desde fevereiro. Desde aquela \u00e9poca, James Rodr\u00edguez j\u00e1 demonstrava interesse em dar adeus ao S\u00e3o Paulo, o problema \u00e9 que o [&hellip;]<\/p>\n","protected":false},"author":19,"featured_media":27969,"comment_status":"open","ping_status":"closed","sticky":false,"template":"","format":"standard","meta":{"footnotes":""},"categories":[151],"tags":[],"class_list":["post-155316","post","type-post","status-publish","format-standard","has-post-thumbnail","hentry","category-sao-paulo"],"yoast_head":"<!-- This site is optimized with the Yoast SEO Premium plugin v24.2 (Yoast SEO v26.9) - https:\/\/yoast.com\/product\/yoast-seo-premium-wordpress\/ -->\n<title>Sem propostas para venda, S\u00e3o Paulo toma decis\u00e3o sobre James Rodr\u00edguez<\/title>\n<meta name=\"robots\" content=\"index, follow, max-snippet:-1, max-image-preview:large, max-video-preview:-1\" \/>\n<link rel=\"canonical\" href=\"https:\/\/www.gaveanews.com\/index.php\/2024\/07\/30\/sem-propostas-para-venda-sao-paulo-toma-decisao-sobre-james-rodriguez\/\" \/>\n<meta property=\"og:locale\" content=\"pt_BR\" \/>\n<meta property=\"og:type\" content=\"article\" \/>\n<meta property=\"og:title\" content=\"Sem propostas para venda, S\u00e3o Paulo toma decis\u00e3o sobre James Rodr\u00edguez\" \/>\n<meta property=\"og:description\" content=\"James Rodr\u00edguez retornou ao S\u00e3o Paulo ap\u00f3s o vice campeonato da Copa Am\u00e9rica sendo o melhor jogador da Col\u00f4mbia e da competi\u00e7\u00e3o. O problema \u00e9 que ele n\u00e3o entra em campo pelo tricolor paulista desde fevereiro. Desde aquela \u00e9poca, James Rodr\u00edguez j\u00e1 demonstrava interesse em dar adeus ao S\u00e3o Paulo, o problema \u00e9 que o [&hellip;]\" \/>\n<meta property=\"og:url\" content=\"https:\/\/www.gaveanews.com\/index.php\/2024\/07\/30\/sem-propostas-para-venda-sao-paulo-toma-decisao-sobre-james-rodriguez\/\" \/>\n<meta property=\"og:site_name\" content=\"G\u00e1vea News\" \/>\n<meta property=\"article:publisher\" content=\"https:\/\/facebook.com\/gaveaNews\/\" \/>\n<meta property=\"article:published_time\" content=\"2024-07-30T17:22:44+00:00\" \/>\n<meta property=\"article:modified_time\" content=\"2024-07-30T17:22:46+00:00\" \/>\n<meta property=\"og:image\" content=\"https:\/\/www.gaveanews.com\/wp-content\/uploads\/James-Rodriguez-em-acao-pela-Colombia.webp\" \/>\n\t<meta property=\"og:image:width\" content=\"1\" \/>\n\t<meta property=\"og:image:height\" content=\"1\" \/>\n\t<meta property=\"og:image:type\" content=\"image\/jpeg\" \/>\n<meta name=\"author\" content=\"Bruno Zanchetta\" \/>\n<meta name=\"twitter:card\" content=\"summary_large_image\" \/>\n<meta name=\"twitter:label1\" content=\"Escrito por\" \/>\n\t<meta name=\"twitter:data1\" content=\"Bruno Zanchetta\" \/>\n\t<meta name=\"twitter:label2\" content=\"Est. tempo de leitura\" \/>\n\t<meta name=\"twitter:data2\" content=\"2 minutos\" \/>\n<script type=\"application\/ld+json\" class=\"yoast-schema-graph\">{\"@context\":\"https:\/\/schema.org\",\"@graph\":[{\"@type\":\"NewsArticle\",\"@id\":\"https:\/\/www.gaveanews.com\/index.php\/2024\/07\/30\/sem-propostas-para-venda-sao-paulo-toma-decisao-sobre-james-rodriguez\/#article\",\"isPartOf\":{\"@id\":\"https:\/\/www.gaveanews.com\/index.php\/2024\/07\/30\/sem-propostas-para-venda-sao-paulo-toma-decisao-sobre-james-rodriguez\/\"},\"author\":{\"name\":\"Bruno Zanchetta\",\"@id\":\"https:\/\/www.gaveanews.com\/#\/schema\/person\/32fddefab25b466689f181be346cd98c\"},\"headline\":\"Sem propostas para venda, S\u00e3o Paulo toma decis\u00e3o sobre James Rodr\u00edguez\",\"datePublished\":\"2024-07-30T17:22:44+00:00\",\"dateModified\":\"2024-07-30T17:22:46+00:00\",\"mainEntityOfPage\":{\"@id\":\"https:\/\/www.gaveanews.com\/index.php\/2024\/07\/30\/sem-propostas-para-venda-sao-paulo-toma-decisao-sobre-james-rodriguez\/\"},\"wordCount\":365,\"commentCount\":0,\"image\":{\"@id\":\"https:\/\/www.gaveanews.com\/index.php\/2024\/07\/30\/sem-propostas-para-venda-sao-paulo-toma-decisao-sobre-james-rodriguez\/#primaryimage\"},\"thumbnailUrl\":\"https:\/\/www.gaveanews.com\/wp-content\/uploads\/James-Rodriguez-em-acao-pela-Colombia.webp\",\"articleSection\":[\"S\u00e3o Paulo\"],\"inLanguage\":\"pt-BR\",\"potentialAction\":[{\"@type\":\"CommentAction\",\"name\":\"Comment\",\"target\":[\"https:\/\/www.gaveanews.com\/index.php\/2024\/07\/30\/sem-propostas-para-venda-sao-paulo-toma-decisao-sobre-james-rodriguez\/#respond\"]}],\"copyrightYear\":\"2024\",\"copyrightHolder\":{\"@id\":\"https:\/\/www.gaveanews.com\/#organization\"}},{\"@type\":\"WebPage\",\"@id\":\"https:\/\/www.gaveanews.com\/index.php\/2024\/07\/30\/sem-propostas-para-venda-sao-paulo-toma-decisao-sobre-james-rodriguez\/\",\"url\":\"https:\/\/www.gaveanews.com\/index.php\/2024\/07\/30\/sem-propostas-para-venda-sao-paulo-toma-decisao-sobre-james-rodriguez\/\",\"name\":\"Sem propostas para venda, S\u00e3o Paulo toma decis\u00e3o sobre James Rodr\u00edguez\",\"isPartOf\":{\"@id\":\"https:\/\/www.gaveanews.com\/#website\"},\"primaryImageOfPage\":{\"@id\":\"https:\/\/www.gaveanews.com\/index.php\/2024\/07\/30\/sem-propostas-para-venda-sao-paulo-toma-decisao-sobre-james-rodriguez\/#primaryimage\"},\"image\":{\"@id\":\"https:\/\/www.gaveanews.com\/index.php\/2024\/07\/30\/sem-propostas-para-venda-sao-paulo-toma-decisao-sobre-james-rodriguez\/#primaryimage\"},\"thumbnailUrl\":\"https:\/\/www.gaveanews.com\/wp-content\/uploads\/James-Rodriguez-em-acao-pela-Colombia.webp\",\"datePublished\":\"2024-07-30T17:22:44+00:00\",\"dateModified\":\"2024-07-30T17:22:46+00:00\",\"author\":{\"@id\":\"https:\/\/www.gaveanews.com\/#\/schema\/person\/32fddefab25b466689f181be346cd98c\"},\"breadcrumb\":{\"@id\":\"https:\/\/www.gaveanews.com\/index.php\/2024\/07\/30\/sem-propostas-para-venda-sao-paulo-toma-decisao-sobre-james-rodriguez\/#breadcrumb\"},\"inLanguage\":\"pt-BR\",\"potentialAction\":[{\"@type\":\"ReadAction\",\"target\":[\"https:\/\/www.gaveanews.com\/index.php\/2024\/07\/30\/sem-propostas-para-venda-sao-paulo-toma-decisao-sobre-james-rodriguez\/\"]}]},{\"@type\":\"ImageObject\",\"inLanguage\":\"pt-BR\",\"@id\":\"https:\/\/www.gaveanews.com\/index.php\/2024\/07\/30\/sem-propostas-para-venda-sao-paulo-toma-decisao-sobre-james-rodriguez\/#primaryimage\",\"url\":\"https:\/\/www.gaveanews.com\/wp-content\/uploads\/James-Rodriguez-em-acao-pela-Colombia.webp\",\"contentUrl\":\"https:\/\/www.gaveanews.com\/wp-content\/uploads\/James-Rodriguez-em-acao-pela-Colombia.webp\",\"caption\":\"James Rodriguez em a\u00e7\u00e3o pela Col\u00f4mbia (Foto: Divulga\u00e7\u00e3o\/FCF)\"},{\"@type\":\"BreadcrumbList\",\"@id\":\"https:\/\/www.gaveanews.com\/index.php\/2024\/07\/30\/sem-propostas-para-venda-sao-paulo-toma-decisao-sobre-james-rodriguez\/#breadcrumb\",\"itemListElement\":[{\"@type\":\"ListItem\",\"position\":1,\"name\":\"Home\",\"item\":\"https:\/\/www.gaveanews.com\/\"},{\"@type\":\"ListItem\",\"position\":2,\"name\":\"Sem propostas para venda, S\u00e3o Paulo toma decis\u00e3o sobre James Rodr\u00edguez\"}]},{\"@type\":\"WebSite\",\"@id\":\"https:\/\/www.gaveanews.com\/#website\",\"url\":\"https:\/\/www.gaveanews.com\/\",\"name\":\"G\u00e1vea News\",\"description\":\"Veja todas as not\u00edcias sobre o Flamengo: Contrata\u00e7\u00f5es, categorias de base, resultados das partidas, tabela de classifica\u00e7\u00e3o, pr\u00f3ximos jogos!\",\"potentialAction\":[{\"@type\":\"SearchAction\",\"target\":{\"@type\":\"EntryPoint\",\"urlTemplate\":\"https:\/\/www.gaveanews.com\/?s={search_term_string}\"},\"query-input\":{\"@type\":\"PropertyValueSpecification\",\"valueRequired\":true,\"valueName\":\"search_term_string\"}}],\"inLanguage\":\"pt-BR\"},{\"@type\":\"Person\",\"@id\":\"https:\/\/www.gaveanews.com\/#\/schema\/person\/32fddefab25b466689f181be346cd98c\",\"name\":\"Bruno Zanchetta\",\"image\":{\"@type\":\"ImageObject\",\"inLanguage\":\"pt-BR\",\"@id\":\"https:\/\/www.gaveanews.com\/#\/schema\/person\/image\/\",\"url\":\"https:\/\/secure.gravatar.com\/avatar\/3ba2d39f8a912ad65276975a996d6ad8d9e3dd13448684be8dc4d7c17099d2ee?s=96&d=mm&r=g\",\"contentUrl\":\"https:\/\/secure.gravatar.com\/avatar\/3ba2d39f8a912ad65276975a996d6ad8d9e3dd13448684be8dc4d7c17099d2ee?s=96&d=mm&r=g\",\"caption\":\"Bruno Zanchetta\"}}]}<\/script>\n<!-- \/ Yoast SEO Premium plugin. -->","yoast_head_json":{"title":"Sem propostas para venda, S\u00e3o Paulo toma decis\u00e3o sobre James Rodr\u00edguez","robots":{"index":"index","follow":"follow","max-snippet":"max-snippet:-1","max-image-preview":"max-image-preview:large","max-video-preview":"max-video-preview:-1"},"canonical":"https:\/\/www.gaveanews.com\/index.php\/2024\/07\/30\/sem-propostas-para-venda-sao-paulo-toma-decisao-sobre-james-rodriguez\/","og_locale":"pt_BR","og_type":"article","og_title":"Sem propostas para venda, S\u00e3o Paulo toma decis\u00e3o sobre James Rodr\u00edguez","og_description":"James Rodr\u00edguez retornou ao S\u00e3o Paulo ap\u00f3s o vice campeonato da Copa Am\u00e9rica sendo o melhor jogador da Col\u00f4mbia e da competi\u00e7\u00e3o. O problema \u00e9 que ele n\u00e3o entra em campo pelo tricolor paulista desde fevereiro. Desde aquela \u00e9poca, James Rodr\u00edguez j\u00e1 demonstrava interesse em dar adeus ao S\u00e3o Paulo, o problema \u00e9 que o [&hellip;]","og_url":"https:\/\/www.gaveanews.com\/index.php\/2024\/07\/30\/sem-propostas-para-venda-sao-paulo-toma-decisao-sobre-james-rodriguez\/","og_site_name":"G\u00e1vea News","article_publisher":"https:\/\/facebook.com\/gaveaNews\/","article_published_time":"2024-07-30T17:22:44+00:00","article_modified_time":"2024-07-30T17:22:46+00:00","og_image":[{"url":"https:\/\/www.gaveanews.com\/wp-content\/uploads\/James-Rodriguez-em-acao-pela-Colombia.webp","width":1,"height":1,"type":"image\/jpeg"}],"author":"Bruno Zanchetta","twitter_card":"summary_large_image","twitter_misc":{"Escrito por":"Bruno Zanchetta","Est. tempo de leitura":"2 minutos"},"schema":{"@context":"https:\/\/schema.org","@graph":[{"@type":"NewsArticle","@id":"https:\/\/www.gaveanews.com\/index.php\/2024\/07\/30\/sem-propostas-para-venda-sao-paulo-toma-decisao-sobre-james-rodriguez\/#article","isPartOf":{"@id":"https:\/\/www.gaveanews.com\/index.php\/2024\/07\/30\/sem-propostas-para-venda-sao-paulo-toma-decisao-sobre-james-rodriguez\/"},"author":{"name":"Bruno Zanchetta","@id":"https:\/\/www.gaveanews.com\/#\/schema\/person\/32fddefab25b466689f181be346cd98c"},"headline":"Sem propostas para venda, S\u00e3o Paulo toma decis\u00e3o sobre James Rodr\u00edguez","datePublished":"2024-07-30T17:22:44+00:00","dateModified":"2024-07-30T17:22:46+00:00","mainEntityOfPage":{"@id":"https:\/\/www.gaveanews.com\/index.php\/2024\/07\/30\/sem-propostas-para-venda-sao-paulo-toma-decisao-sobre-james-rodriguez\/"},"wordCount":365,"commentCount":0,"image":{"@id":"https:\/\/www.gaveanews.com\/index.php\/2024\/07\/30\/sem-propostas-para-venda-sao-paulo-toma-decisao-sobre-james-rodriguez\/#primaryimage"},"thumbnailUrl":"https:\/\/www.gaveanews.com\/wp-content\/uploads\/James-Rodriguez-em-acao-pela-Colombia.webp","articleSection":["S\u00e3o Paulo"],"inLanguage":"pt-BR","potentialAction":[{"@type":"CommentAction","name":"Comment","target":["https:\/\/www.gaveanews.com\/index.php\/2024\/07\/30\/sem-propostas-para-venda-sao-paulo-toma-decisao-sobre-james-rodriguez\/#respond"]}],"copyrightYear":"2024","copyrightHolder":{"@id":"https:\/\/www.gaveanews.com\/#organization"}},{"@type":"WebPage","@id":"https:\/\/www.gaveanews.com\/index.php\/2024\/07\/30\/sem-propostas-para-venda-sao-paulo-toma-decisao-sobre-james-rodriguez\/","url":"https:\/\/www.gaveanews.com\/index.php\/2024\/07\/30\/sem-propostas-para-venda-sao-paulo-toma-decisao-sobre-james-rodriguez\/","name":"Sem propostas para venda, S\u00e3o Paulo toma decis\u00e3o sobre James Rodr\u00edguez","isPartOf":{"@id":"https:\/\/www.gaveanews.com\/#website"},"primaryImageOfPage":{"@id":"https:\/\/www.gaveanews.com\/index.php\/2024\/07\/30\/sem-propostas-para-venda-sao-paulo-toma-decisao-sobre-james-rodriguez\/#primaryimage"},"image":{"@id":"https:\/\/www.gaveanews.com\/index.php\/2024\/07\/30\/sem-propostas-para-venda-sao-paulo-toma-decisao-sobre-james-rodriguez\/#primaryimage"},"thumbnailUrl":"https:\/\/www.gaveanews.com\/wp-content\/uploads\/James-Rodriguez-em-acao-pela-Colombia.webp","datePublished":"2024-07-30T17:22:44+00:00","dateModified":"2024-07-30T17:22:46+00:00","author":{"@id":"https:\/\/www.gaveanews.com\/#\/schema\/person\/32fddefab25b466689f181be346cd98c"},"breadcrumb":{"@id":"https:\/\/www.gaveanews.com\/index.php\/2024\/07\/30\/sem-propostas-para-venda-sao-paulo-toma-decisao-sobre-james-rodriguez\/#breadcrumb"},"inLanguage":"pt-BR","potentialAction":[{"@type":"ReadAction","target":["https:\/\/www.gaveanews.com\/index.php\/2024\/07\/30\/sem-propostas-para-venda-sao-paulo-toma-decisao-sobre-james-rodriguez\/"]}]},{"@type":"ImageObject","inLanguage":"pt-BR","@id":"https:\/\/www.gaveanews.com\/index.php\/2024\/07\/30\/sem-propostas-para-venda-sao-paulo-toma-decisao-sobre-james-rodriguez\/#primaryimage","url":"https:\/\/www.gaveanews.com\/wp-content\/uploads\/James-Rodriguez-em-acao-pela-Colombia.webp","contentUrl":"https:\/\/www.gaveanews.com\/wp-content\/uploads\/James-Rodriguez-em-acao-pela-Colombia.webp","caption":"James Rodriguez em a\u00e7\u00e3o pela Col\u00f4mbia (Foto: Divulga\u00e7\u00e3o\/FCF)"},{"@type":"BreadcrumbList","@id":"https:\/\/www.gaveanews.com\/index.php\/2024\/07\/30\/sem-propostas-para-venda-sao-paulo-toma-decisao-sobre-james-rodriguez\/#breadcrumb","itemListElement":[{"@type":"ListItem","position":1,"name":"Home","item":"https:\/\/www.gaveanews.com\/"},{"@type":"ListItem","position":2,"name":"Sem propostas para venda, S\u00e3o Paulo toma decis\u00e3o sobre James Rodr\u00edguez"}]},{"@type":"WebSite","@id":"https:\/\/www.gaveanews.com\/#website","url":"https:\/\/www.gaveanews.com\/","name":"G\u00e1vea News","description":"Veja todas as not\u00edcias sobre o Flamengo: Contrata\u00e7\u00f5es, categorias de base, resultados das partidas, tabela de classifica\u00e7\u00e3o, pr\u00f3ximos jogos!","potentialAction":[{"@type":"SearchAction","target":{"@type":"EntryPoint","urlTemplate":"https:\/\/www.gaveanews.com\/?s={search_term_string}"},"query-input":{"@type":"PropertyValueSpecification","valueRequired":true,"valueName":"search_term_string"}}],"inLanguage":"pt-BR"},{"@type":"Person","@id":"https:\/\/www.gaveanews.com\/#\/schema\/person\/32fddefab25b466689f181be346cd98c","name":"Bruno Zanchetta","image":{"@type":"ImageObject","inLanguage":"pt-BR","@id":"https:\/\/www.gaveanews.com\/#\/schema\/person\/image\/","url":"https:\/\/secure.gravatar.com\/avatar\/3ba2d39f8a912ad65276975a996d6ad8d9e3dd13448684be8dc4d7c17099d2ee?s=96&d=mm&r=g","contentUrl":"https:\/\/secure.gravatar.com\/avatar\/3ba2d39f8a912ad65276975a996d6ad8d9e3dd13448684be8dc4d7c17099d2ee?s=96&d=mm&r=g","caption":"Bruno Zanchetta"}}]}},"_links":{"self":[{"href":"https:\/\/www.gaveanews.com\/index.php\/wp-json\/wp\/v2\/posts\/155316","targetHints":{"allow":["GET"]}}],"collection":[{"href":"https:\/\/www.gaveanews.com\/index.php\/wp-json\/wp\/v2\/posts"}],"about":[{"href":"https:\/\/www.gaveanews.com\/index.php\/wp-json\/wp\/v2\/types\/post"}],"author":[{"embeddable":true,"href":"https:\/\/www.gaveanews.com\/index.php\/wp-json\/wp\/v2\/users\/19"}],"replies":[{"embeddable":true,"href":"https:\/\/www.gaveanews.com\/index.php\/wp-json\/wp\/v2\/comments?post=155316"}],"version-history":[{"count":1,"href":"https:\/\/www.gaveanews.com\/index.php\/wp-json\/wp\/v2\/posts\/155316\/revisions"}],"predecessor-version":[{"id":155319,"href":"https:\/\/www.gaveanews.com\/index.php\/wp-json\/wp\/v2\/posts\/155316\/revisions\/155319"}],"wp:featuredmedia":[{"embeddable":true,"href":"https:\/\/www.gaveanews.com\/index.php\/wp-json\/wp\/v2\/media\/27969"}],"wp:attachment":[{"href":"https:\/\/www.gaveanews.com\/index.php\/wp-json\/wp\/v2\/media?parent=155316"}],"wp:term":[{"taxonomy":"category","embeddable":true,"href":"https:\/\/www.gaveanews.com\/index.php\/wp-json\/wp\/v2\/categories?post=155316"},{"taxonomy":"post_tag","embeddable":true,"href":"https:\/\/www.gaveanews.com\/index.php\/wp-json\/wp\/v2\/tags?post=155316"}],"curies":[{"name":"wp","href":"https:\/\/api.w.org\/{rel}","templated":true}]}}