{"id":155335,"date":"2024-07-30T18:45:53","date_gmt":"2024-07-30T21:45:53","guid":{"rendered":"https:\/\/www.gaveanews.com\/?p=155335"},"modified":"2024-07-30T18:02:00","modified_gmt":"2024-07-30T21:02:00","slug":"a-declaracao-do-cassio-sobre-trocar-corinthians-pelo-cruzeiro","status":"publish","type":"post","link":"https:\/\/www.gaveanews.com\/index.php\/2024\/07\/30\/a-declaracao-do-cassio-sobre-trocar-corinthians-pelo-cruzeiro\/","title":{"rendered":"A declara\u00e7\u00e3o do C\u00e1ssio sobre trocar Corinthians pelo Cruzeiro"},"content":{"rendered":"\n<h2 class=\"wp-block-heading\" id=\"h-cassio-inicia-novo-ciclo-no-cruzeiro-apos-12-anos-no-corinthians\">C\u00e1ssio inicia novo ciclo no Cruzeiro ap\u00f3s 12 anos no Corinthians<\/h2>\n\n\n\n<p>O goleiro C\u00e1ssio tem expressado sua satisfa\u00e7\u00e3o em sua nova fase no Cruzeiro. Ap\u00f3s 12 anos defendendo o Corinthians, o jogador v\u00ea sua transfer\u00eancia para o clube mineiro como um recome\u00e7o e frequentemente elogia a estrutura da nova equipe. No \u00faltimo s\u00e1bado (27), ap\u00f3s a vit\u00f3ria por 3 a 0 contra o Botafogo, ele destacou as diferen\u00e7as que tem sentido desde que deixou o Alvinegro paulista para vestir a camisa da Raposa.<\/p>\n\n\n\n<ul class=\"wp-block-list\">\n<li><a href=\"https:\/\/www.gaveanews.com\/index.php\/2024\/07\/29\/isso-e-o-que-o-luxemburgo-disse-sobre-o-cruzeiro\/\">Isso \u00e9 o que o Luxemburgo disse sobre o Cruzeiro<\/a><\/li>\n\n\n\n<li><a href=\"https:\/\/www.gaveanews.com\/index.php\/2024\/07\/29\/mauro-cezar-pereira-faz-publicacao-direcionada-a-alvaro-barreal-do-cruzeiro\/\">Mauro Cezar Pereira faz publica\u00e7\u00e3o direcionada a \u00c1lvaro Barreal, do Cruzeiro<\/a><\/li>\n<\/ul>\n\n\n\n<p>\u2014 Acredito que, ao chegar neste novo ciclo da minha vida, ap\u00f3s tanto tempo no Corinthians, onde cada ano a responsabilidade s\u00f3 aumentava, \u00e9 importante chegar aqui e ser apenas o goleiro. Isso faz toda a diferen\u00e7a, afirmou C\u00e1ssio.<\/p>\n\n\n\n<p>\u2014 \u00c9 um novo ciclo, mas todo o carinho que recebi\u2026 O m\u00ednimo que posso fazer \u00e9 me dedicar e me empenhar diariamente para ajudar o Cruzeiro, completou, destacando a organiza\u00e7\u00e3o do clube.<\/p>\n\n\n\n<p>\u2014 Quando trabalhamos com um objetivo claro, as coisas acontecem. Tenho muito a agradecer \u00e0s pessoas aqui no Cruzeiro. Desde a minha chegada, o carinho e o respeito recebidos s\u00f3 fortalecem meu crescimento como atleta e como pessoa. Estou muito feliz, disse o goleiro.<\/p>\n\n\n\n<p>C\u00e1ssio tamb\u00e9m aproveitou a oportunidade para fazer um desabafo sobre os momentos dif\u00edceis que viveu no Corinthians, mencionando que buscou apoio fora de campo.<\/p>\n\n\n\n<p>\u2014 Em certos momentos, por mais que as coisas n\u00e3o estejam bem, voc\u00ea precisa confiar em suas capacidades e em at\u00e9 onde pode chegar. Nunca duvidei disso. \u00c9 claro que enfrentei momentos dif\u00edceis no Corinthians, onde precisei de ajuda extracampo, revelou.<\/p>\n\n\n\n<p>\u2014 Faz parte. N\u00e3o tenho vergonha de admitir isso, porque, embora o futebol seja lindo, ele tamb\u00e9m tem um lado n\u00e3o t\u00e3o agrad\u00e1vel, com cobran\u00e7as excessivas e situa\u00e7\u00f5es que afetam nossas fam\u00edlias. Mas precisamos enfrentar esses momentos com a cabe\u00e7a erguida e respeito. Tive um ciclo muito aben\u00e7oado no Corinthians, com mais de 12 anos no clube. Saio muito feliz, mas agora come\u00e7ou uma nova hist\u00f3ria no Cruzeiro, e tenho certeza de que ser\u00e1 uma trajet\u00f3ria vitoriosa, concluiu C\u00e1ssio.<\/p>\n","protected":false},"excerpt":{"rendered":"<p>C\u00e1ssio inicia novo ciclo no Cruzeiro ap\u00f3s 12 anos no Corinthians O goleiro C\u00e1ssio tem expressado sua satisfa\u00e7\u00e3o em sua nova fase no Cruzeiro. Ap\u00f3s 12 anos defendendo o Corinthians, o jogador v\u00ea sua transfer\u00eancia para o clube mineiro como um recome\u00e7o e frequentemente elogia a estrutura da nova equipe. No \u00faltimo s\u00e1bado (27), ap\u00f3s [&hellip;]<\/p>\n","protected":false},"author":20,"featured_media":145858,"comment_status":"open","ping_status":"closed","sticky":false,"template":"","format":"standard","meta":{"footnotes":""},"categories":[141,143],"tags":[],"class_list":["post-155335","post","type-post","status-publish","format-standard","has-post-thumbnail","hentry","category-corinthians","category-cruzeiro"],"yoast_head":"<!-- This site is optimized with the Yoast SEO Premium plugin v24.2 (Yoast SEO v26.9) - https:\/\/yoast.com\/product\/yoast-seo-premium-wordpress\/ -->\n<title>A declara\u00e7\u00e3o do C\u00e1ssio sobre trocar Corinthians pelo Cruzeiro<\/title>\n<meta name=\"robots\" content=\"index, follow, max-snippet:-1, max-image-preview:large, max-video-preview:-1\" \/>\n<link rel=\"canonical\" href=\"https:\/\/www.gaveanews.com\/index.php\/2024\/07\/30\/a-declaracao-do-cassio-sobre-trocar-corinthians-pelo-cruzeiro\/\" \/>\n<meta property=\"og:locale\" content=\"pt_BR\" \/>\n<meta property=\"og:type\" content=\"article\" \/>\n<meta property=\"og:title\" content=\"A declara\u00e7\u00e3o do C\u00e1ssio sobre trocar Corinthians pelo Cruzeiro\" \/>\n<meta property=\"og:description\" content=\"C\u00e1ssio inicia novo ciclo no Cruzeiro ap\u00f3s 12 anos no Corinthians O goleiro C\u00e1ssio tem expressado sua satisfa\u00e7\u00e3o em sua nova fase no Cruzeiro. Ap\u00f3s 12 anos defendendo o Corinthians, o jogador v\u00ea sua transfer\u00eancia para o clube mineiro como um recome\u00e7o e frequentemente elogia a estrutura da nova equipe. No \u00faltimo s\u00e1bado (27), ap\u00f3s [&hellip;]\" \/>\n<meta property=\"og:url\" content=\"https:\/\/www.gaveanews.com\/index.php\/2024\/07\/30\/a-declaracao-do-cassio-sobre-trocar-corinthians-pelo-cruzeiro\/\" \/>\n<meta property=\"og:site_name\" content=\"G\u00e1vea News\" \/>\n<meta property=\"article:publisher\" content=\"https:\/\/facebook.com\/gaveaNews\/\" \/>\n<meta property=\"article:published_time\" content=\"2024-07-30T21:45:53+00:00\" \/>\n<meta property=\"og:image\" content=\"https:\/\/www.gaveanews.com\/wp-content\/uploads\/image-1.webp\" \/>\n\t<meta property=\"og:image:width\" content=\"1200\" \/>\n\t<meta property=\"og:image:height\" content=\"600\" \/>\n\t<meta property=\"og:image:type\" content=\"image\/jpeg\" \/>\n<meta name=\"author\" content=\"Lucas Barros\" \/>\n<meta name=\"twitter:card\" content=\"summary_large_image\" \/>\n<meta name=\"twitter:label1\" content=\"Escrito por\" \/>\n\t<meta name=\"twitter:data1\" content=\"Lucas Barros\" \/>\n\t<meta name=\"twitter:label2\" content=\"Est. tempo de leitura\" \/>\n\t<meta name=\"twitter:data2\" content=\"3 minutos\" \/>\n<script type=\"application\/ld+json\" class=\"yoast-schema-graph\">{\"@context\":\"https:\/\/schema.org\",\"@graph\":[{\"@type\":\"NewsArticle\",\"@id\":\"https:\/\/www.gaveanews.com\/index.php\/2024\/07\/30\/a-declaracao-do-cassio-sobre-trocar-corinthians-pelo-cruzeiro\/#article\",\"isPartOf\":{\"@id\":\"https:\/\/www.gaveanews.com\/index.php\/2024\/07\/30\/a-declaracao-do-cassio-sobre-trocar-corinthians-pelo-cruzeiro\/\"},\"author\":{\"name\":\"Lucas Barros\",\"@id\":\"https:\/\/www.gaveanews.com\/#\/schema\/person\/2abf0cfa878f5f899daa5f781e82264c\"},\"headline\":\"A declara\u00e7\u00e3o do C\u00e1ssio sobre trocar Corinthians pelo Cruzeiro\",\"datePublished\":\"2024-07-30T21:45:53+00:00\",\"mainEntityOfPage\":{\"@id\":\"https:\/\/www.gaveanews.com\/index.php\/2024\/07\/30\/a-declaracao-do-cassio-sobre-trocar-corinthians-pelo-cruzeiro\/\"},\"wordCount\":395,\"commentCount\":0,\"image\":{\"@id\":\"https:\/\/www.gaveanews.com\/index.php\/2024\/07\/30\/a-declaracao-do-cassio-sobre-trocar-corinthians-pelo-cruzeiro\/#primaryimage\"},\"thumbnailUrl\":\"https:\/\/www.gaveanews.com\/wp-content\/uploads\/image-1.webp\",\"articleSection\":[\"Corinthians\",\"Cruzeiro\"],\"inLanguage\":\"pt-BR\",\"potentialAction\":[{\"@type\":\"CommentAction\",\"name\":\"Comment\",\"target\":[\"https:\/\/www.gaveanews.com\/index.php\/2024\/07\/30\/a-declaracao-do-cassio-sobre-trocar-corinthians-pelo-cruzeiro\/#respond\"]}],\"copyrightYear\":\"2024\",\"copyrightHolder\":{\"@id\":\"https:\/\/www.gaveanews.com\/#organization\"}},{\"@type\":\"WebPage\",\"@id\":\"https:\/\/www.gaveanews.com\/index.php\/2024\/07\/30\/a-declaracao-do-cassio-sobre-trocar-corinthians-pelo-cruzeiro\/\",\"url\":\"https:\/\/www.gaveanews.com\/index.php\/2024\/07\/30\/a-declaracao-do-cassio-sobre-trocar-corinthians-pelo-cruzeiro\/\",\"name\":\"A declara\u00e7\u00e3o do C\u00e1ssio sobre trocar Corinthians pelo Cruzeiro\",\"isPartOf\":{\"@id\":\"https:\/\/www.gaveanews.com\/#website\"},\"primaryImageOfPage\":{\"@id\":\"https:\/\/www.gaveanews.com\/index.php\/2024\/07\/30\/a-declaracao-do-cassio-sobre-trocar-corinthians-pelo-cruzeiro\/#primaryimage\"},\"image\":{\"@id\":\"https:\/\/www.gaveanews.com\/index.php\/2024\/07\/30\/a-declaracao-do-cassio-sobre-trocar-corinthians-pelo-cruzeiro\/#primaryimage\"},\"thumbnailUrl\":\"https:\/\/www.gaveanews.com\/wp-content\/uploads\/image-1.webp\",\"datePublished\":\"2024-07-30T21:45:53+00:00\",\"author\":{\"@id\":\"https:\/\/www.gaveanews.com\/#\/schema\/person\/2abf0cfa878f5f899daa5f781e82264c\"},\"breadcrumb\":{\"@id\":\"https:\/\/www.gaveanews.com\/index.php\/2024\/07\/30\/a-declaracao-do-cassio-sobre-trocar-corinthians-pelo-cruzeiro\/#breadcrumb\"},\"inLanguage\":\"pt-BR\",\"potentialAction\":[{\"@type\":\"ReadAction\",\"target\":[\"https:\/\/www.gaveanews.com\/index.php\/2024\/07\/30\/a-declaracao-do-cassio-sobre-trocar-corinthians-pelo-cruzeiro\/\"]}]},{\"@type\":\"ImageObject\",\"inLanguage\":\"pt-BR\",\"@id\":\"https:\/\/www.gaveanews.com\/index.php\/2024\/07\/30\/a-declaracao-do-cassio-sobre-trocar-corinthians-pelo-cruzeiro\/#primaryimage\",\"url\":\"https:\/\/www.gaveanews.com\/wp-content\/uploads\/image-1.webp\",\"contentUrl\":\"https:\/\/www.gaveanews.com\/wp-content\/uploads\/image-1.webp\",\"width\":1200,\"height\":600,\"caption\":\"C\u00e1ssio vestir\u00e1 a camisa n\u00famero 1 no Cruzeiro (Gustavo Aleixo \/Cruzeiro)\"},{\"@type\":\"BreadcrumbList\",\"@id\":\"https:\/\/www.gaveanews.com\/index.php\/2024\/07\/30\/a-declaracao-do-cassio-sobre-trocar-corinthians-pelo-cruzeiro\/#breadcrumb\",\"itemListElement\":[{\"@type\":\"ListItem\",\"position\":1,\"name\":\"Home\",\"item\":\"https:\/\/www.gaveanews.com\/\"},{\"@type\":\"ListItem\",\"position\":2,\"name\":\"A declara\u00e7\u00e3o do C\u00e1ssio sobre trocar Corinthians pelo Cruzeiro\"}]},{\"@type\":\"WebSite\",\"@id\":\"https:\/\/www.gaveanews.com\/#website\",\"url\":\"https:\/\/www.gaveanews.com\/\",\"name\":\"G\u00e1vea News\",\"description\":\"Veja todas as not\u00edcias sobre o Flamengo: Contrata\u00e7\u00f5es, categorias de base, resultados das partidas, tabela de classifica\u00e7\u00e3o, pr\u00f3ximos jogos!\",\"potentialAction\":[{\"@type\":\"SearchAction\",\"target\":{\"@type\":\"EntryPoint\",\"urlTemplate\":\"https:\/\/www.gaveanews.com\/?s={search_term_string}\"},\"query-input\":{\"@type\":\"PropertyValueSpecification\",\"valueRequired\":true,\"valueName\":\"search_term_string\"}}],\"inLanguage\":\"pt-BR\"},{\"@type\":\"Person\",\"@id\":\"https:\/\/www.gaveanews.com\/#\/schema\/person\/2abf0cfa878f5f899daa5f781e82264c\",\"name\":\"Lucas Barros\",\"image\":{\"@type\":\"ImageObject\",\"inLanguage\":\"pt-BR\",\"@id\":\"https:\/\/www.gaveanews.com\/#\/schema\/person\/image\/\",\"url\":\"https:\/\/secure.gravatar.com\/avatar\/67a6069eba66bf6fd7c80b70e1331baa3dbc3d6df5012d5c22eff29c7d59e0b0?s=96&d=mm&r=g\",\"contentUrl\":\"https:\/\/secure.gravatar.com\/avatar\/67a6069eba66bf6fd7c80b70e1331baa3dbc3d6df5012d5c22eff29c7d59e0b0?s=96&d=mm&r=g\",\"caption\":\"Lucas Barros\"}}]}<\/script>\n<!-- \/ Yoast SEO Premium plugin. -->","yoast_head_json":{"title":"A declara\u00e7\u00e3o do C\u00e1ssio sobre trocar Corinthians pelo Cruzeiro","robots":{"index":"index","follow":"follow","max-snippet":"max-snippet:-1","max-image-preview":"max-image-preview:large","max-video-preview":"max-video-preview:-1"},"canonical":"https:\/\/www.gaveanews.com\/index.php\/2024\/07\/30\/a-declaracao-do-cassio-sobre-trocar-corinthians-pelo-cruzeiro\/","og_locale":"pt_BR","og_type":"article","og_title":"A declara\u00e7\u00e3o do C\u00e1ssio sobre trocar Corinthians pelo Cruzeiro","og_description":"C\u00e1ssio inicia novo ciclo no Cruzeiro ap\u00f3s 12 anos no Corinthians O goleiro C\u00e1ssio tem expressado sua satisfa\u00e7\u00e3o em sua nova fase no Cruzeiro. Ap\u00f3s 12 anos defendendo o Corinthians, o jogador v\u00ea sua transfer\u00eancia para o clube mineiro como um recome\u00e7o e frequentemente elogia a estrutura da nova equipe. No \u00faltimo s\u00e1bado (27), ap\u00f3s [&hellip;]","og_url":"https:\/\/www.gaveanews.com\/index.php\/2024\/07\/30\/a-declaracao-do-cassio-sobre-trocar-corinthians-pelo-cruzeiro\/","og_site_name":"G\u00e1vea News","article_publisher":"https:\/\/facebook.com\/gaveaNews\/","article_published_time":"2024-07-30T21:45:53+00:00","og_image":[{"width":1200,"height":600,"url":"https:\/\/www.gaveanews.com\/wp-content\/uploads\/image-1.webp","type":"image\/jpeg"}],"author":"Lucas Barros","twitter_card":"summary_large_image","twitter_misc":{"Escrito por":"Lucas Barros","Est. tempo de leitura":"3 minutos"},"schema":{"@context":"https:\/\/schema.org","@graph":[{"@type":"NewsArticle","@id":"https:\/\/www.gaveanews.com\/index.php\/2024\/07\/30\/a-declaracao-do-cassio-sobre-trocar-corinthians-pelo-cruzeiro\/#article","isPartOf":{"@id":"https:\/\/www.gaveanews.com\/index.php\/2024\/07\/30\/a-declaracao-do-cassio-sobre-trocar-corinthians-pelo-cruzeiro\/"},"author":{"name":"Lucas Barros","@id":"https:\/\/www.gaveanews.com\/#\/schema\/person\/2abf0cfa878f5f899daa5f781e82264c"},"headline":"A declara\u00e7\u00e3o do C\u00e1ssio sobre trocar Corinthians pelo Cruzeiro","datePublished":"2024-07-30T21:45:53+00:00","mainEntityOfPage":{"@id":"https:\/\/www.gaveanews.com\/index.php\/2024\/07\/30\/a-declaracao-do-cassio-sobre-trocar-corinthians-pelo-cruzeiro\/"},"wordCount":395,"commentCount":0,"image":{"@id":"https:\/\/www.gaveanews.com\/index.php\/2024\/07\/30\/a-declaracao-do-cassio-sobre-trocar-corinthians-pelo-cruzeiro\/#primaryimage"},"thumbnailUrl":"https:\/\/www.gaveanews.com\/wp-content\/uploads\/image-1.webp","articleSection":["Corinthians","Cruzeiro"],"inLanguage":"pt-BR","potentialAction":[{"@type":"CommentAction","name":"Comment","target":["https:\/\/www.gaveanews.com\/index.php\/2024\/07\/30\/a-declaracao-do-cassio-sobre-trocar-corinthians-pelo-cruzeiro\/#respond"]}],"copyrightYear":"2024","copyrightHolder":{"@id":"https:\/\/www.gaveanews.com\/#organization"}},{"@type":"WebPage","@id":"https:\/\/www.gaveanews.com\/index.php\/2024\/07\/30\/a-declaracao-do-cassio-sobre-trocar-corinthians-pelo-cruzeiro\/","url":"https:\/\/www.gaveanews.com\/index.php\/2024\/07\/30\/a-declaracao-do-cassio-sobre-trocar-corinthians-pelo-cruzeiro\/","name":"A declara\u00e7\u00e3o do C\u00e1ssio sobre trocar Corinthians pelo Cruzeiro","isPartOf":{"@id":"https:\/\/www.gaveanews.com\/#website"},"primaryImageOfPage":{"@id":"https:\/\/www.gaveanews.com\/index.php\/2024\/07\/30\/a-declaracao-do-cassio-sobre-trocar-corinthians-pelo-cruzeiro\/#primaryimage"},"image":{"@id":"https:\/\/www.gaveanews.com\/index.php\/2024\/07\/30\/a-declaracao-do-cassio-sobre-trocar-corinthians-pelo-cruzeiro\/#primaryimage"},"thumbnailUrl":"https:\/\/www.gaveanews.com\/wp-content\/uploads\/image-1.webp","datePublished":"2024-07-30T21:45:53+00:00","author":{"@id":"https:\/\/www.gaveanews.com\/#\/schema\/person\/2abf0cfa878f5f899daa5f781e82264c"},"breadcrumb":{"@id":"https:\/\/www.gaveanews.com\/index.php\/2024\/07\/30\/a-declaracao-do-cassio-sobre-trocar-corinthians-pelo-cruzeiro\/#breadcrumb"},"inLanguage":"pt-BR","potentialAction":[{"@type":"ReadAction","target":["https:\/\/www.gaveanews.com\/index.php\/2024\/07\/30\/a-declaracao-do-cassio-sobre-trocar-corinthians-pelo-cruzeiro\/"]}]},{"@type":"ImageObject","inLanguage":"pt-BR","@id":"https:\/\/www.gaveanews.com\/index.php\/2024\/07\/30\/a-declaracao-do-cassio-sobre-trocar-corinthians-pelo-cruzeiro\/#primaryimage","url":"https:\/\/www.gaveanews.com\/wp-content\/uploads\/image-1.webp","contentUrl":"https:\/\/www.gaveanews.com\/wp-content\/uploads\/image-1.webp","width":1200,"height":600,"caption":"C\u00e1ssio vestir\u00e1 a camisa n\u00famero 1 no Cruzeiro (Gustavo Aleixo \/Cruzeiro)"},{"@type":"BreadcrumbList","@id":"https:\/\/www.gaveanews.com\/index.php\/2024\/07\/30\/a-declaracao-do-cassio-sobre-trocar-corinthians-pelo-cruzeiro\/#breadcrumb","itemListElement":[{"@type":"ListItem","position":1,"name":"Home","item":"https:\/\/www.gaveanews.com\/"},{"@type":"ListItem","position":2,"name":"A declara\u00e7\u00e3o do C\u00e1ssio sobre trocar Corinthians pelo Cruzeiro"}]},{"@type":"WebSite","@id":"https:\/\/www.gaveanews.com\/#website","url":"https:\/\/www.gaveanews.com\/","name":"G\u00e1vea News","description":"Veja todas as not\u00edcias sobre o Flamengo: Contrata\u00e7\u00f5es, categorias de base, resultados das partidas, tabela de classifica\u00e7\u00e3o, pr\u00f3ximos jogos!","potentialAction":[{"@type":"SearchAction","target":{"@type":"EntryPoint","urlTemplate":"https:\/\/www.gaveanews.com\/?s={search_term_string}"},"query-input":{"@type":"PropertyValueSpecification","valueRequired":true,"valueName":"search_term_string"}}],"inLanguage":"pt-BR"},{"@type":"Person","@id":"https:\/\/www.gaveanews.com\/#\/schema\/person\/2abf0cfa878f5f899daa5f781e82264c","name":"Lucas Barros","image":{"@type":"ImageObject","inLanguage":"pt-BR","@id":"https:\/\/www.gaveanews.com\/#\/schema\/person\/image\/","url":"https:\/\/secure.gravatar.com\/avatar\/67a6069eba66bf6fd7c80b70e1331baa3dbc3d6df5012d5c22eff29c7d59e0b0?s=96&d=mm&r=g","contentUrl":"https:\/\/secure.gravatar.com\/avatar\/67a6069eba66bf6fd7c80b70e1331baa3dbc3d6df5012d5c22eff29c7d59e0b0?s=96&d=mm&r=g","caption":"Lucas Barros"}}]}},"_links":{"self":[{"href":"https:\/\/www.gaveanews.com\/index.php\/wp-json\/wp\/v2\/posts\/155335","targetHints":{"allow":["GET"]}}],"collection":[{"href":"https:\/\/www.gaveanews.com\/index.php\/wp-json\/wp\/v2\/posts"}],"about":[{"href":"https:\/\/www.gaveanews.com\/index.php\/wp-json\/wp\/v2\/types\/post"}],"author":[{"embeddable":true,"href":"https:\/\/www.gaveanews.com\/index.php\/wp-json\/wp\/v2\/users\/20"}],"replies":[{"embeddable":true,"href":"https:\/\/www.gaveanews.com\/index.php\/wp-json\/wp\/v2\/comments?post=155335"}],"version-history":[{"count":1,"href":"https:\/\/www.gaveanews.com\/index.php\/wp-json\/wp\/v2\/posts\/155335\/revisions"}],"predecessor-version":[{"id":155336,"href":"https:\/\/www.gaveanews.com\/index.php\/wp-json\/wp\/v2\/posts\/155335\/revisions\/155336"}],"wp:featuredmedia":[{"embeddable":true,"href":"https:\/\/www.gaveanews.com\/index.php\/wp-json\/wp\/v2\/media\/145858"}],"wp:attachment":[{"href":"https:\/\/www.gaveanews.com\/index.php\/wp-json\/wp\/v2\/media?parent=155335"}],"wp:term":[{"taxonomy":"category","embeddable":true,"href":"https:\/\/www.gaveanews.com\/index.php\/wp-json\/wp\/v2\/categories?post=155335"},{"taxonomy":"post_tag","embeddable":true,"href":"https:\/\/www.gaveanews.com\/index.php\/wp-json\/wp\/v2\/tags?post=155335"}],"curies":[{"name":"wp","href":"https:\/\/api.w.org\/{rel}","templated":true}]}}