{"id":155340,"date":"2024-07-30T14:29:01","date_gmt":"2024-07-30T17:29:01","guid":{"rendered":"https:\/\/www.gaveanews.com\/?p=155340"},"modified":"2024-07-30T14:29:03","modified_gmt":"2024-07-30T17:29:03","slug":"guardiola-responde-as-reclamacoes-de-julian-alvarez-do-manchester-city","status":"publish","type":"post","link":"https:\/\/www.gaveanews.com\/index.php\/2024\/07\/30\/guardiola-responde-as-reclamacoes-de-julian-alvarez-do-manchester-city\/","title":{"rendered":"Guardiola responde \u00e0s reclama\u00e7\u00f5es de Juli\u00e1n \u00c1lvarez, do Manchester City"},"content":{"rendered":"\n<p>Juli\u00e1n \u00c1lvarez parece n\u00e3o estar muito satisfeito em ser reserva de Haaland no Manchester City de Guardiola. Uma das revela\u00e7\u00f5es da Copa do Mundo de 2022 e vencedor de todos os campeonatos do futebol, ele n\u00e3o aceita ser coadjuvante do Noruegu\u00eas.<\/p>\n\n\n\n<p>Segundo informa\u00e7\u00f5es do GE, o atacante argentino admitiu que tem refletido sobre sua posi\u00e7\u00e3o de import\u00e2ncia dentro do Manchester City. Disputando as olimp\u00edadas, o craque que \u00e9 pretendido por Atl\u00e9tico de Madrid e Juventus, ele deu uma entrevista ao canal DSports e disse que n\u00e3o gosta das aus\u00eancias em jogos decisivos do Manchester City.<\/p>\n\n\n\n<ul class=\"wp-block-list\">\n<li><a href=\"https:\/\/www.gaveanews.com\/index.php\/2024\/07\/26\/ciumes-pode-tirar-titular-do-manchester-city\/\">Ci\u00fames pode tirar titular do Manchester City<\/a><\/li>\n\n\n\n<li><a href=\"https:\/\/www.gaveanews.com\/index.php\/2024\/07\/24\/athletico-pr-quer-contratar-atacante-do-manchester-city\/\">Athletico-PR quer contratar atacante do Manchester City<\/a><\/li>\n<\/ul>\n\n\n\n<p><em>&#8211; Na temporada passada, fui um dos jogadores com mais minutos da equipe na Premier, mas \u00e9 verdade que, em alguns jogos importantes, ningu\u00e9m gosta de ficar fora,<\/em> declarou. <\/p>\n\n\n\n<p>Apesar de ter sido um dos atletas mais utilizados por Guardiola na Premier League, ele ficou de fora contra Real Madrid na Champions, no jogo do t\u00edtulo contra o West Ham e n\u00e3o entrou na final da Copa da Inglaterra contra o Manchester United. <\/p>\n\n\n\n<p>PSG e Atl\u00e9tico de Madrid brigam por ele, o City pede cerca de 65 milh\u00f5es de Euros, que \u00e9 algo em torno de R$395 milh\u00f5es.<\/p>\n\n\n\n<p>\u2013 <em>Eu tenho tempo para ver minha decis\u00e3o. N\u00e3o quis pensar nisso agora. Quando terminar os Jogos Ol\u00edmpicos, eu quero pensar tranquilamente o que eu quero para mim. Veremos como seguir<\/em>, disse o jogador. <\/p>\n\n\n\n<p>Pep Guardiola, em pr\u00e9 temporada com o Manchester City, comentou sobre as declara\u00e7\u00f5es de Juli\u00e1n \u00c1lvarez:<\/p>\n\n\n\n<p><em>&#8211; Sim, ele jogou muito. Ele quer mais? Ok, est\u00e1 tudo bem. \u00c9 por isso&#8230; pensar nisso. E quando ele pensar sobre isso, ele nos informa<\/em>. <em>N\u00e3o estamos pensando em substitu\u00ed-lo. Eu sei que ele disse que vai pensar nisso, o agente dele vai ligar para o Txiki (diretor do City), vamos ver o que acontece. Eu sei que ele quer jogar em jogos importantes, mas outros tamb\u00e9m. Temos 18, 19 jogadores<\/em>, respondeu Guardiola.<\/p>\n\n\n\n<blockquote class=\"wp-block-quote is-layout-flow wp-block-quote-is-layout-flow\">\n<p><em>&#8211; Eu li que ele vai pensar (sobre o futuro). Ok, pense. E depois nos informe o que quer fazer,<\/em> reiterou.<\/p>\n<\/blockquote>\n\n\n\n<h2 class=\"wp-block-heading\" id=\"h-qual-a-proxima-partida-do-manchester-city\">Qual a pr\u00f3xima partida do Manchester City?<\/h2>\n\n\n\n<p>O Manchester City enfrenta o Barcelona hoje a noite \u00e0s 20 horas pela pr\u00e9 temporada do clube na Espanha.<\/p>\n","protected":false},"excerpt":{"rendered":"<p>Juli\u00e1n \u00c1lvarez parece n\u00e3o estar muito satisfeito em ser reserva de Haaland no Manchester City de Guardiola. Uma das revela\u00e7\u00f5es da Copa do Mundo de 2022 e vencedor de todos os campeonatos do futebol, ele n\u00e3o aceita ser coadjuvante do Noruegu\u00eas. Segundo informa\u00e7\u00f5es do GE, o atacante argentino admitiu que tem refletido sobre sua posi\u00e7\u00e3o [&hellip;]<\/p>\n","protected":false},"author":19,"featured_media":110322,"comment_status":"open","ping_status":"closed","sticky":false,"template":"","format":"standard","meta":{"footnotes":""},"categories":[84],"tags":[],"class_list":["post-155340","post","type-post","status-publish","format-standard","has-post-thumbnail","hentry","category-manchester-city"],"yoast_head":"<!-- This site is optimized with the Yoast SEO Premium plugin v24.2 (Yoast SEO v26.9) - https:\/\/yoast.com\/product\/yoast-seo-premium-wordpress\/ -->\n<title>Guardiola responde \u00e0s reclama\u00e7\u00f5es de Juli\u00e1n \u00c1lvarez, do Manchester City<\/title>\n<meta name=\"robots\" content=\"index, follow, max-snippet:-1, max-image-preview:large, max-video-preview:-1\" \/>\n<link rel=\"canonical\" href=\"https:\/\/www.gaveanews.com\/index.php\/2024\/07\/30\/guardiola-responde-as-reclamacoes-de-julian-alvarez-do-manchester-city\/\" \/>\n<meta property=\"og:locale\" content=\"pt_BR\" \/>\n<meta property=\"og:type\" content=\"article\" \/>\n<meta property=\"og:title\" content=\"Guardiola responde \u00e0s reclama\u00e7\u00f5es de Juli\u00e1n \u00c1lvarez, do Manchester City\" \/>\n<meta property=\"og:description\" content=\"Juli\u00e1n \u00c1lvarez parece n\u00e3o estar muito satisfeito em ser reserva de Haaland no Manchester City de Guardiola. Uma das revela\u00e7\u00f5es da Copa do Mundo de 2022 e vencedor de todos os campeonatos do futebol, ele n\u00e3o aceita ser coadjuvante do Noruegu\u00eas. Segundo informa\u00e7\u00f5es do GE, o atacante argentino admitiu que tem refletido sobre sua posi\u00e7\u00e3o [&hellip;]\" \/>\n<meta property=\"og:url\" content=\"https:\/\/www.gaveanews.com\/index.php\/2024\/07\/30\/guardiola-responde-as-reclamacoes-de-julian-alvarez-do-manchester-city\/\" \/>\n<meta property=\"og:site_name\" content=\"G\u00e1vea News\" \/>\n<meta property=\"article:publisher\" content=\"https:\/\/facebook.com\/gaveaNews\/\" \/>\n<meta property=\"article:published_time\" content=\"2024-07-30T17:29:01+00:00\" \/>\n<meta property=\"article:modified_time\" content=\"2024-07-30T17:29:03+00:00\" \/>\n<meta property=\"og:image\" content=\"https:\/\/www.gaveanews.com\/wp-content\/uploads\/Pep-Guardiola-durante-o-jogo-entre-Manchester-City-x-West-Ham-pela-Premier-League-2023-24.webp\" \/>\n\t<meta property=\"og:image:width\" content=\"1080\" \/>\n\t<meta property=\"og:image:height\" content=\"719\" \/>\n\t<meta property=\"og:image:type\" content=\"image\/jpeg\" \/>\n<meta name=\"author\" content=\"Bruno Zanchetta\" \/>\n<meta name=\"twitter:card\" content=\"summary_large_image\" \/>\n<meta name=\"twitter:label1\" content=\"Escrito por\" \/>\n\t<meta name=\"twitter:data1\" content=\"Bruno Zanchetta\" \/>\n\t<meta name=\"twitter:label2\" content=\"Est. tempo de leitura\" \/>\n\t<meta name=\"twitter:data2\" content=\"3 minutos\" \/>\n<script type=\"application\/ld+json\" class=\"yoast-schema-graph\">{\"@context\":\"https:\/\/schema.org\",\"@graph\":[{\"@type\":\"NewsArticle\",\"@id\":\"https:\/\/www.gaveanews.com\/index.php\/2024\/07\/30\/guardiola-responde-as-reclamacoes-de-julian-alvarez-do-manchester-city\/#article\",\"isPartOf\":{\"@id\":\"https:\/\/www.gaveanews.com\/index.php\/2024\/07\/30\/guardiola-responde-as-reclamacoes-de-julian-alvarez-do-manchester-city\/\"},\"author\":{\"name\":\"Bruno Zanchetta\",\"@id\":\"https:\/\/www.gaveanews.com\/#\/schema\/person\/32fddefab25b466689f181be346cd98c\"},\"headline\":\"Guardiola responde \u00e0s reclama\u00e7\u00f5es de Juli\u00e1n \u00c1lvarez, do Manchester City\",\"datePublished\":\"2024-07-30T17:29:01+00:00\",\"dateModified\":\"2024-07-30T17:29:03+00:00\",\"mainEntityOfPage\":{\"@id\":\"https:\/\/www.gaveanews.com\/index.php\/2024\/07\/30\/guardiola-responde-as-reclamacoes-de-julian-alvarez-do-manchester-city\/\"},\"wordCount\":408,\"commentCount\":0,\"image\":{\"@id\":\"https:\/\/www.gaveanews.com\/index.php\/2024\/07\/30\/guardiola-responde-as-reclamacoes-de-julian-alvarez-do-manchester-city\/#primaryimage\"},\"thumbnailUrl\":\"https:\/\/www.gaveanews.com\/wp-content\/uploads\/Pep-Guardiola-durante-o-jogo-entre-Manchester-City-x-West-Ham-pela-Premier-League-2023-24.webp\",\"articleSection\":[\"Manchester City\"],\"inLanguage\":\"pt-BR\",\"potentialAction\":[{\"@type\":\"CommentAction\",\"name\":\"Comment\",\"target\":[\"https:\/\/www.gaveanews.com\/index.php\/2024\/07\/30\/guardiola-responde-as-reclamacoes-de-julian-alvarez-do-manchester-city\/#respond\"]}],\"copyrightYear\":\"2024\",\"copyrightHolder\":{\"@id\":\"https:\/\/www.gaveanews.com\/#organization\"}},{\"@type\":\"WebPage\",\"@id\":\"https:\/\/www.gaveanews.com\/index.php\/2024\/07\/30\/guardiola-responde-as-reclamacoes-de-julian-alvarez-do-manchester-city\/\",\"url\":\"https:\/\/www.gaveanews.com\/index.php\/2024\/07\/30\/guardiola-responde-as-reclamacoes-de-julian-alvarez-do-manchester-city\/\",\"name\":\"Guardiola responde \u00e0s reclama\u00e7\u00f5es de Juli\u00e1n \u00c1lvarez, do Manchester City\",\"isPartOf\":{\"@id\":\"https:\/\/www.gaveanews.com\/#website\"},\"primaryImageOfPage\":{\"@id\":\"https:\/\/www.gaveanews.com\/index.php\/2024\/07\/30\/guardiola-responde-as-reclamacoes-de-julian-alvarez-do-manchester-city\/#primaryimage\"},\"image\":{\"@id\":\"https:\/\/www.gaveanews.com\/index.php\/2024\/07\/30\/guardiola-responde-as-reclamacoes-de-julian-alvarez-do-manchester-city\/#primaryimage\"},\"thumbnailUrl\":\"https:\/\/www.gaveanews.com\/wp-content\/uploads\/Pep-Guardiola-durante-o-jogo-entre-Manchester-City-x-West-Ham-pela-Premier-League-2023-24.webp\",\"datePublished\":\"2024-07-30T17:29:01+00:00\",\"dateModified\":\"2024-07-30T17:29:03+00:00\",\"author\":{\"@id\":\"https:\/\/www.gaveanews.com\/#\/schema\/person\/32fddefab25b466689f181be346cd98c\"},\"breadcrumb\":{\"@id\":\"https:\/\/www.gaveanews.com\/index.php\/2024\/07\/30\/guardiola-responde-as-reclamacoes-de-julian-alvarez-do-manchester-city\/#breadcrumb\"},\"inLanguage\":\"pt-BR\",\"potentialAction\":[{\"@type\":\"ReadAction\",\"target\":[\"https:\/\/www.gaveanews.com\/index.php\/2024\/07\/30\/guardiola-responde-as-reclamacoes-de-julian-alvarez-do-manchester-city\/\"]}]},{\"@type\":\"ImageObject\",\"inLanguage\":\"pt-BR\",\"@id\":\"https:\/\/www.gaveanews.com\/index.php\/2024\/07\/30\/guardiola-responde-as-reclamacoes-de-julian-alvarez-do-manchester-city\/#primaryimage\",\"url\":\"https:\/\/www.gaveanews.com\/wp-content\/uploads\/Pep-Guardiola-durante-o-jogo-entre-Manchester-City-x-West-Ham-pela-Premier-League-2023-24.webp\",\"contentUrl\":\"https:\/\/www.gaveanews.com\/wp-content\/uploads\/Pep-Guardiola-durante-o-jogo-entre-Manchester-City-x-West-Ham-pela-Premier-League-2023-24.webp\",\"width\":1080,\"height\":719,\"caption\":\"Pep Guardiola durante o jogo entre Manchester City x West Ham pela Premier League 2023-24 (Foto: Reprodu\u00e7\u00e3o\/Instagram)\"},{\"@type\":\"BreadcrumbList\",\"@id\":\"https:\/\/www.gaveanews.com\/index.php\/2024\/07\/30\/guardiola-responde-as-reclamacoes-de-julian-alvarez-do-manchester-city\/#breadcrumb\",\"itemListElement\":[{\"@type\":\"ListItem\",\"position\":1,\"name\":\"Home\",\"item\":\"https:\/\/www.gaveanews.com\/\"},{\"@type\":\"ListItem\",\"position\":2,\"name\":\"Guardiola responde \u00e0s reclama\u00e7\u00f5es de Juli\u00e1n \u00c1lvarez, do Manchester City\"}]},{\"@type\":\"WebSite\",\"@id\":\"https:\/\/www.gaveanews.com\/#website\",\"url\":\"https:\/\/www.gaveanews.com\/\",\"name\":\"G\u00e1vea News\",\"description\":\"Veja todas as not\u00edcias sobre o Flamengo: Contrata\u00e7\u00f5es, categorias de base, resultados das partidas, tabela de classifica\u00e7\u00e3o, pr\u00f3ximos jogos!\",\"potentialAction\":[{\"@type\":\"SearchAction\",\"target\":{\"@type\":\"EntryPoint\",\"urlTemplate\":\"https:\/\/www.gaveanews.com\/?s={search_term_string}\"},\"query-input\":{\"@type\":\"PropertyValueSpecification\",\"valueRequired\":true,\"valueName\":\"search_term_string\"}}],\"inLanguage\":\"pt-BR\"},{\"@type\":\"Person\",\"@id\":\"https:\/\/www.gaveanews.com\/#\/schema\/person\/32fddefab25b466689f181be346cd98c\",\"name\":\"Bruno Zanchetta\",\"image\":{\"@type\":\"ImageObject\",\"inLanguage\":\"pt-BR\",\"@id\":\"https:\/\/www.gaveanews.com\/#\/schema\/person\/image\/\",\"url\":\"https:\/\/secure.gravatar.com\/avatar\/3ba2d39f8a912ad65276975a996d6ad8d9e3dd13448684be8dc4d7c17099d2ee?s=96&d=mm&r=g\",\"contentUrl\":\"https:\/\/secure.gravatar.com\/avatar\/3ba2d39f8a912ad65276975a996d6ad8d9e3dd13448684be8dc4d7c17099d2ee?s=96&d=mm&r=g\",\"caption\":\"Bruno Zanchetta\"}}]}<\/script>\n<!-- \/ Yoast SEO Premium plugin. -->","yoast_head_json":{"title":"Guardiola responde \u00e0s reclama\u00e7\u00f5es de Juli\u00e1n \u00c1lvarez, do Manchester City","robots":{"index":"index","follow":"follow","max-snippet":"max-snippet:-1","max-image-preview":"max-image-preview:large","max-video-preview":"max-video-preview:-1"},"canonical":"https:\/\/www.gaveanews.com\/index.php\/2024\/07\/30\/guardiola-responde-as-reclamacoes-de-julian-alvarez-do-manchester-city\/","og_locale":"pt_BR","og_type":"article","og_title":"Guardiola responde \u00e0s reclama\u00e7\u00f5es de Juli\u00e1n \u00c1lvarez, do Manchester City","og_description":"Juli\u00e1n \u00c1lvarez parece n\u00e3o estar muito satisfeito em ser reserva de Haaland no Manchester City de Guardiola. Uma das revela\u00e7\u00f5es da Copa do Mundo de 2022 e vencedor de todos os campeonatos do futebol, ele n\u00e3o aceita ser coadjuvante do Noruegu\u00eas. Segundo informa\u00e7\u00f5es do GE, o atacante argentino admitiu que tem refletido sobre sua posi\u00e7\u00e3o [&hellip;]","og_url":"https:\/\/www.gaveanews.com\/index.php\/2024\/07\/30\/guardiola-responde-as-reclamacoes-de-julian-alvarez-do-manchester-city\/","og_site_name":"G\u00e1vea News","article_publisher":"https:\/\/facebook.com\/gaveaNews\/","article_published_time":"2024-07-30T17:29:01+00:00","article_modified_time":"2024-07-30T17:29:03+00:00","og_image":[{"width":1080,"height":719,"url":"https:\/\/www.gaveanews.com\/wp-content\/uploads\/Pep-Guardiola-durante-o-jogo-entre-Manchester-City-x-West-Ham-pela-Premier-League-2023-24.webp","type":"image\/jpeg"}],"author":"Bruno Zanchetta","twitter_card":"summary_large_image","twitter_misc":{"Escrito por":"Bruno Zanchetta","Est. tempo de leitura":"3 minutos"},"schema":{"@context":"https:\/\/schema.org","@graph":[{"@type":"NewsArticle","@id":"https:\/\/www.gaveanews.com\/index.php\/2024\/07\/30\/guardiola-responde-as-reclamacoes-de-julian-alvarez-do-manchester-city\/#article","isPartOf":{"@id":"https:\/\/www.gaveanews.com\/index.php\/2024\/07\/30\/guardiola-responde-as-reclamacoes-de-julian-alvarez-do-manchester-city\/"},"author":{"name":"Bruno Zanchetta","@id":"https:\/\/www.gaveanews.com\/#\/schema\/person\/32fddefab25b466689f181be346cd98c"},"headline":"Guardiola responde \u00e0s reclama\u00e7\u00f5es de Juli\u00e1n \u00c1lvarez, do Manchester City","datePublished":"2024-07-30T17:29:01+00:00","dateModified":"2024-07-30T17:29:03+00:00","mainEntityOfPage":{"@id":"https:\/\/www.gaveanews.com\/index.php\/2024\/07\/30\/guardiola-responde-as-reclamacoes-de-julian-alvarez-do-manchester-city\/"},"wordCount":408,"commentCount":0,"image":{"@id":"https:\/\/www.gaveanews.com\/index.php\/2024\/07\/30\/guardiola-responde-as-reclamacoes-de-julian-alvarez-do-manchester-city\/#primaryimage"},"thumbnailUrl":"https:\/\/www.gaveanews.com\/wp-content\/uploads\/Pep-Guardiola-durante-o-jogo-entre-Manchester-City-x-West-Ham-pela-Premier-League-2023-24.webp","articleSection":["Manchester City"],"inLanguage":"pt-BR","potentialAction":[{"@type":"CommentAction","name":"Comment","target":["https:\/\/www.gaveanews.com\/index.php\/2024\/07\/30\/guardiola-responde-as-reclamacoes-de-julian-alvarez-do-manchester-city\/#respond"]}],"copyrightYear":"2024","copyrightHolder":{"@id":"https:\/\/www.gaveanews.com\/#organization"}},{"@type":"WebPage","@id":"https:\/\/www.gaveanews.com\/index.php\/2024\/07\/30\/guardiola-responde-as-reclamacoes-de-julian-alvarez-do-manchester-city\/","url":"https:\/\/www.gaveanews.com\/index.php\/2024\/07\/30\/guardiola-responde-as-reclamacoes-de-julian-alvarez-do-manchester-city\/","name":"Guardiola responde \u00e0s reclama\u00e7\u00f5es de Juli\u00e1n \u00c1lvarez, do Manchester City","isPartOf":{"@id":"https:\/\/www.gaveanews.com\/#website"},"primaryImageOfPage":{"@id":"https:\/\/www.gaveanews.com\/index.php\/2024\/07\/30\/guardiola-responde-as-reclamacoes-de-julian-alvarez-do-manchester-city\/#primaryimage"},"image":{"@id":"https:\/\/www.gaveanews.com\/index.php\/2024\/07\/30\/guardiola-responde-as-reclamacoes-de-julian-alvarez-do-manchester-city\/#primaryimage"},"thumbnailUrl":"https:\/\/www.gaveanews.com\/wp-content\/uploads\/Pep-Guardiola-durante-o-jogo-entre-Manchester-City-x-West-Ham-pela-Premier-League-2023-24.webp","datePublished":"2024-07-30T17:29:01+00:00","dateModified":"2024-07-30T17:29:03+00:00","author":{"@id":"https:\/\/www.gaveanews.com\/#\/schema\/person\/32fddefab25b466689f181be346cd98c"},"breadcrumb":{"@id":"https:\/\/www.gaveanews.com\/index.php\/2024\/07\/30\/guardiola-responde-as-reclamacoes-de-julian-alvarez-do-manchester-city\/#breadcrumb"},"inLanguage":"pt-BR","potentialAction":[{"@type":"ReadAction","target":["https:\/\/www.gaveanews.com\/index.php\/2024\/07\/30\/guardiola-responde-as-reclamacoes-de-julian-alvarez-do-manchester-city\/"]}]},{"@type":"ImageObject","inLanguage":"pt-BR","@id":"https:\/\/www.gaveanews.com\/index.php\/2024\/07\/30\/guardiola-responde-as-reclamacoes-de-julian-alvarez-do-manchester-city\/#primaryimage","url":"https:\/\/www.gaveanews.com\/wp-content\/uploads\/Pep-Guardiola-durante-o-jogo-entre-Manchester-City-x-West-Ham-pela-Premier-League-2023-24.webp","contentUrl":"https:\/\/www.gaveanews.com\/wp-content\/uploads\/Pep-Guardiola-durante-o-jogo-entre-Manchester-City-x-West-Ham-pela-Premier-League-2023-24.webp","width":1080,"height":719,"caption":"Pep Guardiola durante o jogo entre Manchester City x West Ham pela Premier League 2023-24 (Foto: Reprodu\u00e7\u00e3o\/Instagram)"},{"@type":"BreadcrumbList","@id":"https:\/\/www.gaveanews.com\/index.php\/2024\/07\/30\/guardiola-responde-as-reclamacoes-de-julian-alvarez-do-manchester-city\/#breadcrumb","itemListElement":[{"@type":"ListItem","position":1,"name":"Home","item":"https:\/\/www.gaveanews.com\/"},{"@type":"ListItem","position":2,"name":"Guardiola responde \u00e0s reclama\u00e7\u00f5es de Juli\u00e1n \u00c1lvarez, do Manchester City"}]},{"@type":"WebSite","@id":"https:\/\/www.gaveanews.com\/#website","url":"https:\/\/www.gaveanews.com\/","name":"G\u00e1vea News","description":"Veja todas as not\u00edcias sobre o Flamengo: Contrata\u00e7\u00f5es, categorias de base, resultados das partidas, tabela de classifica\u00e7\u00e3o, pr\u00f3ximos jogos!","potentialAction":[{"@type":"SearchAction","target":{"@type":"EntryPoint","urlTemplate":"https:\/\/www.gaveanews.com\/?s={search_term_string}"},"query-input":{"@type":"PropertyValueSpecification","valueRequired":true,"valueName":"search_term_string"}}],"inLanguage":"pt-BR"},{"@type":"Person","@id":"https:\/\/www.gaveanews.com\/#\/schema\/person\/32fddefab25b466689f181be346cd98c","name":"Bruno Zanchetta","image":{"@type":"ImageObject","inLanguage":"pt-BR","@id":"https:\/\/www.gaveanews.com\/#\/schema\/person\/image\/","url":"https:\/\/secure.gravatar.com\/avatar\/3ba2d39f8a912ad65276975a996d6ad8d9e3dd13448684be8dc4d7c17099d2ee?s=96&d=mm&r=g","contentUrl":"https:\/\/secure.gravatar.com\/avatar\/3ba2d39f8a912ad65276975a996d6ad8d9e3dd13448684be8dc4d7c17099d2ee?s=96&d=mm&r=g","caption":"Bruno Zanchetta"}}]}},"_links":{"self":[{"href":"https:\/\/www.gaveanews.com\/index.php\/wp-json\/wp\/v2\/posts\/155340","targetHints":{"allow":["GET"]}}],"collection":[{"href":"https:\/\/www.gaveanews.com\/index.php\/wp-json\/wp\/v2\/posts"}],"about":[{"href":"https:\/\/www.gaveanews.com\/index.php\/wp-json\/wp\/v2\/types\/post"}],"author":[{"embeddable":true,"href":"https:\/\/www.gaveanews.com\/index.php\/wp-json\/wp\/v2\/users\/19"}],"replies":[{"embeddable":true,"href":"https:\/\/www.gaveanews.com\/index.php\/wp-json\/wp\/v2\/comments?post=155340"}],"version-history":[{"count":1,"href":"https:\/\/www.gaveanews.com\/index.php\/wp-json\/wp\/v2\/posts\/155340\/revisions"}],"predecessor-version":[{"id":155343,"href":"https:\/\/www.gaveanews.com\/index.php\/wp-json\/wp\/v2\/posts\/155340\/revisions\/155343"}],"wp:featuredmedia":[{"embeddable":true,"href":"https:\/\/www.gaveanews.com\/index.php\/wp-json\/wp\/v2\/media\/110322"}],"wp:attachment":[{"href":"https:\/\/www.gaveanews.com\/index.php\/wp-json\/wp\/v2\/media?parent=155340"}],"wp:term":[{"taxonomy":"category","embeddable":true,"href":"https:\/\/www.gaveanews.com\/index.php\/wp-json\/wp\/v2\/categories?post=155340"},{"taxonomy":"post_tag","embeddable":true,"href":"https:\/\/www.gaveanews.com\/index.php\/wp-json\/wp\/v2\/tags?post=155340"}],"curies":[{"name":"wp","href":"https:\/\/api.w.org\/{rel}","templated":true}]}}