{"id":155491,"date":"2024-07-31T00:00:59","date_gmt":"2024-07-31T03:00:59","guid":{"rendered":"https:\/\/www.gaveanews.com\/?p=155491"},"modified":"2024-07-31T00:01:01","modified_gmt":"2024-07-31T03:01:01","slug":"time-da-europa-recusa-se-a-fechar-negocio-com-o-santos","status":"publish","type":"post","link":"https:\/\/www.gaveanews.com\/index.php\/2024\/07\/31\/time-da-europa-recusa-se-a-fechar-negocio-com-o-santos\/","title":{"rendered":"Time da Europa recusa-se a fechar neg\u00f3cio com o Santos"},"content":{"rendered":"\n<h2 class=\"wp-block-heading\" id=\"h-time-portugues-recusa-proposta-de-emprestimo-do-peixe-por-wendel-silva\">Time portugu\u00eas recusa proposta de empr\u00e9stimo do Peixe por Wendel Silva<\/h2>\n\n\n\n<p>O Porto recusou a proposta do Santos para obter o atacante Wendel Silva por empr\u00e9stimo. O clube brasileiro havia oferecido um v\u00ednculo at\u00e9 o final de 2025, com uma op\u00e7\u00e3o de compra ao t\u00e9rmino do per\u00edodo, mas o clube portugu\u00eas preferiu uma transfer\u00eancia em definitivo.<\/p>\n\n\n\n<ul class=\"wp-block-list\">\n<li><a href=\"https:\/\/www.gaveanews.com\/index.php\/2024\/07\/30\/multa-e-suspencao-impede-meia-de-enfrentar-o-santos-na-serie-b\/\">Multa e suspen\u00e7\u00e3o impede meia de enfrentar o Santos na S\u00e9rie B<\/a><\/li>\n\n\n\n<li><a href=\"https:\/\/www.gaveanews.com\/index.php\/2024\/07\/30\/santos-confirma-venda-de-zagueiro-ao-futebol-mexicano\/\">Santos confirma venda de zagueiro ao futebol mexicano<\/a><\/li>\n<\/ul>\n\n\n\n<p>A oferta do Santos inclu\u00eda uma cl\u00e1usula de compra por 500 mil euros (aproximadamente R$ 3 milh\u00f5es), valor que poderia aumentar conforme o desempenho de Wendel durante o empr\u00e9stimo. No entanto, o pagamento seria feito apenas no final de 2025, o que n\u00e3o agradou ao Porto. Dada a situa\u00e7\u00e3o financeira atual do Santos, que impossibilita um pagamento imediato para adquirir o jogador em definitivo, o Alvinegro deve abandonar a negocia\u00e7\u00e3o.<\/p>\n\n\n\n<p>Wendel Silva, formado nas categorias de base do Flamengo, atualmente joga pelo Porto B. Sem espa\u00e7o no time principal, ele n\u00e3o est\u00e1 nos planos do t\u00e9cnico V\u00edtor Bueno, e o Porto est\u00e1 \u00e0 procura de uma sa\u00edda para o jogador.<\/p>\n\n\n\n<p>Desde 2020 em Portugal, Wendel transferiu-se para o Leix\u00f5es ap\u00f3s sua breve passagem pelo Flamengo, onde fez apenas tr\u00eas jogos no time principal em 2020. Durante sua estadia em Portugal, ele passou por v\u00e1rios empr\u00e9stimos sem conseguir se estabelecer. <\/p>\n\n\n\n<p>No Leix\u00f5es, Wendel jogou 38 partidas, marcou seis gols e deu duas assist\u00eancias em duas passagens pelo clube. Na temporada 2020\/2021, ele tamb\u00e9m atuou pelo Covilh\u00e3, participando de nove jogos e marcando um gol.<\/p>\n\n\n\n<p>Em 2022, Wendel mudou-se para o Porto, onde teve oportunidades limitadas no time principal, jogando apenas duas vezes sem marcar gols. No entanto, ele se destacou na equipe B, que compete nas divis\u00f5es de acesso em Portugal, acumulando 62 jogos, 26 gols e 13 assist\u00eancias.<\/p>\n","protected":false},"excerpt":{"rendered":"<p>Time portugu\u00eas recusa proposta de empr\u00e9stimo do Peixe por Wendel Silva O Porto recusou a proposta do Santos para obter o atacante Wendel Silva por empr\u00e9stimo. O clube brasileiro havia oferecido um v\u00ednculo at\u00e9 o final de 2025, com uma op\u00e7\u00e3o de compra ao t\u00e9rmino do per\u00edodo, mas o clube portugu\u00eas preferiu uma transfer\u00eancia em [&hellip;]<\/p>\n","protected":false},"author":20,"featured_media":152156,"comment_status":"open","ping_status":"closed","sticky":false,"template":"","format":"standard","meta":{"footnotes":""},"categories":[139],"tags":[],"class_list":["post-155491","post","type-post","status-publish","format-standard","has-post-thumbnail","hentry","category-santos"],"yoast_head":"<!-- This site is optimized with the Yoast SEO Premium plugin v24.2 (Yoast SEO v26.9) - https:\/\/yoast.com\/product\/yoast-seo-premium-wordpress\/ -->\n<title>Time da Europa recusa-se a fechar neg\u00f3cio com o Santos<\/title>\n<meta name=\"robots\" content=\"index, follow, max-snippet:-1, max-image-preview:large, max-video-preview:-1\" \/>\n<link rel=\"canonical\" href=\"https:\/\/www.gaveanews.com\/index.php\/2024\/07\/31\/time-da-europa-recusa-se-a-fechar-negocio-com-o-santos\/\" \/>\n<meta property=\"og:locale\" content=\"pt_BR\" \/>\n<meta property=\"og:type\" content=\"article\" \/>\n<meta property=\"og:title\" content=\"Time da Europa recusa-se a fechar neg\u00f3cio com o Santos\" \/>\n<meta property=\"og:description\" content=\"Time portugu\u00eas recusa proposta de empr\u00e9stimo do Peixe por Wendel Silva O Porto recusou a proposta do Santos para obter o atacante Wendel Silva por empr\u00e9stimo. O clube brasileiro havia oferecido um v\u00ednculo at\u00e9 o final de 2025, com uma op\u00e7\u00e3o de compra ao t\u00e9rmino do per\u00edodo, mas o clube portugu\u00eas preferiu uma transfer\u00eancia em [&hellip;]\" \/>\n<meta property=\"og:url\" content=\"https:\/\/www.gaveanews.com\/index.php\/2024\/07\/31\/time-da-europa-recusa-se-a-fechar-negocio-com-o-santos\/\" \/>\n<meta property=\"og:site_name\" content=\"G\u00e1vea News\" \/>\n<meta property=\"article:publisher\" content=\"https:\/\/facebook.com\/gaveaNews\/\" \/>\n<meta property=\"article:published_time\" content=\"2024-07-31T03:00:59+00:00\" \/>\n<meta property=\"article:modified_time\" content=\"2024-07-31T03:01:01+00:00\" \/>\n<meta property=\"og:image\" content=\"https:\/\/www.gaveanews.com\/wp-content\/uploads\/Escudo-do-Santos-1.webp\" \/>\n\t<meta property=\"og:image:width\" content=\"1300\" \/>\n\t<meta property=\"og:image:height\" content=\"1056\" \/>\n\t<meta property=\"og:image:type\" content=\"image\/webp\" \/>\n<meta name=\"author\" content=\"Lucas Barros\" \/>\n<meta name=\"twitter:card\" content=\"summary_large_image\" \/>\n<meta name=\"twitter:label1\" content=\"Escrito por\" \/>\n\t<meta name=\"twitter:data1\" content=\"Lucas Barros\" \/>\n\t<meta name=\"twitter:label2\" content=\"Est. tempo de leitura\" \/>\n\t<meta name=\"twitter:data2\" content=\"2 minutos\" \/>\n<script type=\"application\/ld+json\" class=\"yoast-schema-graph\">{\"@context\":\"https:\/\/schema.org\",\"@graph\":[{\"@type\":\"NewsArticle\",\"@id\":\"https:\/\/www.gaveanews.com\/index.php\/2024\/07\/31\/time-da-europa-recusa-se-a-fechar-negocio-com-o-santos\/#article\",\"isPartOf\":{\"@id\":\"https:\/\/www.gaveanews.com\/index.php\/2024\/07\/31\/time-da-europa-recusa-se-a-fechar-negocio-com-o-santos\/\"},\"author\":{\"name\":\"Lucas Barros\",\"@id\":\"https:\/\/www.gaveanews.com\/#\/schema\/person\/2abf0cfa878f5f899daa5f781e82264c\"},\"headline\":\"Time da Europa recusa-se a fechar neg\u00f3cio com o Santos\",\"datePublished\":\"2024-07-31T03:00:59+00:00\",\"dateModified\":\"2024-07-31T03:01:01+00:00\",\"mainEntityOfPage\":{\"@id\":\"https:\/\/www.gaveanews.com\/index.php\/2024\/07\/31\/time-da-europa-recusa-se-a-fechar-negocio-com-o-santos\/\"},\"wordCount\":335,\"commentCount\":0,\"image\":{\"@id\":\"https:\/\/www.gaveanews.com\/index.php\/2024\/07\/31\/time-da-europa-recusa-se-a-fechar-negocio-com-o-santos\/#primaryimage\"},\"thumbnailUrl\":\"https:\/\/www.gaveanews.com\/wp-content\/uploads\/Escudo-do-Santos-1.webp\",\"articleSection\":[\"Santos\"],\"inLanguage\":\"pt-BR\",\"potentialAction\":[{\"@type\":\"CommentAction\",\"name\":\"Comment\",\"target\":[\"https:\/\/www.gaveanews.com\/index.php\/2024\/07\/31\/time-da-europa-recusa-se-a-fechar-negocio-com-o-santos\/#respond\"]}],\"copyrightYear\":\"2024\",\"copyrightHolder\":{\"@id\":\"https:\/\/www.gaveanews.com\/#organization\"}},{\"@type\":\"WebPage\",\"@id\":\"https:\/\/www.gaveanews.com\/index.php\/2024\/07\/31\/time-da-europa-recusa-se-a-fechar-negocio-com-o-santos\/\",\"url\":\"https:\/\/www.gaveanews.com\/index.php\/2024\/07\/31\/time-da-europa-recusa-se-a-fechar-negocio-com-o-santos\/\",\"name\":\"Time da Europa recusa-se a fechar neg\u00f3cio com o Santos\",\"isPartOf\":{\"@id\":\"https:\/\/www.gaveanews.com\/#website\"},\"primaryImageOfPage\":{\"@id\":\"https:\/\/www.gaveanews.com\/index.php\/2024\/07\/31\/time-da-europa-recusa-se-a-fechar-negocio-com-o-santos\/#primaryimage\"},\"image\":{\"@id\":\"https:\/\/www.gaveanews.com\/index.php\/2024\/07\/31\/time-da-europa-recusa-se-a-fechar-negocio-com-o-santos\/#primaryimage\"},\"thumbnailUrl\":\"https:\/\/www.gaveanews.com\/wp-content\/uploads\/Escudo-do-Santos-1.webp\",\"datePublished\":\"2024-07-31T03:00:59+00:00\",\"dateModified\":\"2024-07-31T03:01:01+00:00\",\"author\":{\"@id\":\"https:\/\/www.gaveanews.com\/#\/schema\/person\/2abf0cfa878f5f899daa5f781e82264c\"},\"breadcrumb\":{\"@id\":\"https:\/\/www.gaveanews.com\/index.php\/2024\/07\/31\/time-da-europa-recusa-se-a-fechar-negocio-com-o-santos\/#breadcrumb\"},\"inLanguage\":\"pt-BR\",\"potentialAction\":[{\"@type\":\"ReadAction\",\"target\":[\"https:\/\/www.gaveanews.com\/index.php\/2024\/07\/31\/time-da-europa-recusa-se-a-fechar-negocio-com-o-santos\/\"]}]},{\"@type\":\"ImageObject\",\"inLanguage\":\"pt-BR\",\"@id\":\"https:\/\/www.gaveanews.com\/index.php\/2024\/07\/31\/time-da-europa-recusa-se-a-fechar-negocio-com-o-santos\/#primaryimage\",\"url\":\"https:\/\/www.gaveanews.com\/wp-content\/uploads\/Escudo-do-Santos-1.webp\",\"contentUrl\":\"https:\/\/www.gaveanews.com\/wp-content\/uploads\/Escudo-do-Santos-1.webp\",\"width\":1300,\"height\":1056,\"caption\":\"Escudo do Santos (Foto: Reprodu\u00e7\u00e3o\/Instagram)\"},{\"@type\":\"BreadcrumbList\",\"@id\":\"https:\/\/www.gaveanews.com\/index.php\/2024\/07\/31\/time-da-europa-recusa-se-a-fechar-negocio-com-o-santos\/#breadcrumb\",\"itemListElement\":[{\"@type\":\"ListItem\",\"position\":1,\"name\":\"Home\",\"item\":\"https:\/\/www.gaveanews.com\/\"},{\"@type\":\"ListItem\",\"position\":2,\"name\":\"Time da Europa recusa-se a fechar neg\u00f3cio com o Santos\"}]},{\"@type\":\"WebSite\",\"@id\":\"https:\/\/www.gaveanews.com\/#website\",\"url\":\"https:\/\/www.gaveanews.com\/\",\"name\":\"G\u00e1vea News\",\"description\":\"Veja todas as not\u00edcias sobre o Flamengo: Contrata\u00e7\u00f5es, categorias de base, resultados das partidas, tabela de classifica\u00e7\u00e3o, pr\u00f3ximos jogos!\",\"potentialAction\":[{\"@type\":\"SearchAction\",\"target\":{\"@type\":\"EntryPoint\",\"urlTemplate\":\"https:\/\/www.gaveanews.com\/?s={search_term_string}\"},\"query-input\":{\"@type\":\"PropertyValueSpecification\",\"valueRequired\":true,\"valueName\":\"search_term_string\"}}],\"inLanguage\":\"pt-BR\"},{\"@type\":\"Person\",\"@id\":\"https:\/\/www.gaveanews.com\/#\/schema\/person\/2abf0cfa878f5f899daa5f781e82264c\",\"name\":\"Lucas Barros\",\"image\":{\"@type\":\"ImageObject\",\"inLanguage\":\"pt-BR\",\"@id\":\"https:\/\/www.gaveanews.com\/#\/schema\/person\/image\/\",\"url\":\"https:\/\/secure.gravatar.com\/avatar\/67a6069eba66bf6fd7c80b70e1331baa3dbc3d6df5012d5c22eff29c7d59e0b0?s=96&d=mm&r=g\",\"contentUrl\":\"https:\/\/secure.gravatar.com\/avatar\/67a6069eba66bf6fd7c80b70e1331baa3dbc3d6df5012d5c22eff29c7d59e0b0?s=96&d=mm&r=g\",\"caption\":\"Lucas Barros\"}}]}<\/script>\n<!-- \/ Yoast SEO Premium plugin. -->","yoast_head_json":{"title":"Time da Europa recusa-se a fechar neg\u00f3cio com o Santos","robots":{"index":"index","follow":"follow","max-snippet":"max-snippet:-1","max-image-preview":"max-image-preview:large","max-video-preview":"max-video-preview:-1"},"canonical":"https:\/\/www.gaveanews.com\/index.php\/2024\/07\/31\/time-da-europa-recusa-se-a-fechar-negocio-com-o-santos\/","og_locale":"pt_BR","og_type":"article","og_title":"Time da Europa recusa-se a fechar neg\u00f3cio com o Santos","og_description":"Time portugu\u00eas recusa proposta de empr\u00e9stimo do Peixe por Wendel Silva O Porto recusou a proposta do Santos para obter o atacante Wendel Silva por empr\u00e9stimo. O clube brasileiro havia oferecido um v\u00ednculo at\u00e9 o final de 2025, com uma op\u00e7\u00e3o de compra ao t\u00e9rmino do per\u00edodo, mas o clube portugu\u00eas preferiu uma transfer\u00eancia em [&hellip;]","og_url":"https:\/\/www.gaveanews.com\/index.php\/2024\/07\/31\/time-da-europa-recusa-se-a-fechar-negocio-com-o-santos\/","og_site_name":"G\u00e1vea News","article_publisher":"https:\/\/facebook.com\/gaveaNews\/","article_published_time":"2024-07-31T03:00:59+00:00","article_modified_time":"2024-07-31T03:01:01+00:00","og_image":[{"width":1300,"height":1056,"url":"https:\/\/www.gaveanews.com\/wp-content\/uploads\/Escudo-do-Santos-1.webp","type":"image\/webp"}],"author":"Lucas Barros","twitter_card":"summary_large_image","twitter_misc":{"Escrito por":"Lucas Barros","Est. tempo de leitura":"2 minutos"},"schema":{"@context":"https:\/\/schema.org","@graph":[{"@type":"NewsArticle","@id":"https:\/\/www.gaveanews.com\/index.php\/2024\/07\/31\/time-da-europa-recusa-se-a-fechar-negocio-com-o-santos\/#article","isPartOf":{"@id":"https:\/\/www.gaveanews.com\/index.php\/2024\/07\/31\/time-da-europa-recusa-se-a-fechar-negocio-com-o-santos\/"},"author":{"name":"Lucas Barros","@id":"https:\/\/www.gaveanews.com\/#\/schema\/person\/2abf0cfa878f5f899daa5f781e82264c"},"headline":"Time da Europa recusa-se a fechar neg\u00f3cio com o Santos","datePublished":"2024-07-31T03:00:59+00:00","dateModified":"2024-07-31T03:01:01+00:00","mainEntityOfPage":{"@id":"https:\/\/www.gaveanews.com\/index.php\/2024\/07\/31\/time-da-europa-recusa-se-a-fechar-negocio-com-o-santos\/"},"wordCount":335,"commentCount":0,"image":{"@id":"https:\/\/www.gaveanews.com\/index.php\/2024\/07\/31\/time-da-europa-recusa-se-a-fechar-negocio-com-o-santos\/#primaryimage"},"thumbnailUrl":"https:\/\/www.gaveanews.com\/wp-content\/uploads\/Escudo-do-Santos-1.webp","articleSection":["Santos"],"inLanguage":"pt-BR","potentialAction":[{"@type":"CommentAction","name":"Comment","target":["https:\/\/www.gaveanews.com\/index.php\/2024\/07\/31\/time-da-europa-recusa-se-a-fechar-negocio-com-o-santos\/#respond"]}],"copyrightYear":"2024","copyrightHolder":{"@id":"https:\/\/www.gaveanews.com\/#organization"}},{"@type":"WebPage","@id":"https:\/\/www.gaveanews.com\/index.php\/2024\/07\/31\/time-da-europa-recusa-se-a-fechar-negocio-com-o-santos\/","url":"https:\/\/www.gaveanews.com\/index.php\/2024\/07\/31\/time-da-europa-recusa-se-a-fechar-negocio-com-o-santos\/","name":"Time da Europa recusa-se a fechar neg\u00f3cio com o Santos","isPartOf":{"@id":"https:\/\/www.gaveanews.com\/#website"},"primaryImageOfPage":{"@id":"https:\/\/www.gaveanews.com\/index.php\/2024\/07\/31\/time-da-europa-recusa-se-a-fechar-negocio-com-o-santos\/#primaryimage"},"image":{"@id":"https:\/\/www.gaveanews.com\/index.php\/2024\/07\/31\/time-da-europa-recusa-se-a-fechar-negocio-com-o-santos\/#primaryimage"},"thumbnailUrl":"https:\/\/www.gaveanews.com\/wp-content\/uploads\/Escudo-do-Santos-1.webp","datePublished":"2024-07-31T03:00:59+00:00","dateModified":"2024-07-31T03:01:01+00:00","author":{"@id":"https:\/\/www.gaveanews.com\/#\/schema\/person\/2abf0cfa878f5f899daa5f781e82264c"},"breadcrumb":{"@id":"https:\/\/www.gaveanews.com\/index.php\/2024\/07\/31\/time-da-europa-recusa-se-a-fechar-negocio-com-o-santos\/#breadcrumb"},"inLanguage":"pt-BR","potentialAction":[{"@type":"ReadAction","target":["https:\/\/www.gaveanews.com\/index.php\/2024\/07\/31\/time-da-europa-recusa-se-a-fechar-negocio-com-o-santos\/"]}]},{"@type":"ImageObject","inLanguage":"pt-BR","@id":"https:\/\/www.gaveanews.com\/index.php\/2024\/07\/31\/time-da-europa-recusa-se-a-fechar-negocio-com-o-santos\/#primaryimage","url":"https:\/\/www.gaveanews.com\/wp-content\/uploads\/Escudo-do-Santos-1.webp","contentUrl":"https:\/\/www.gaveanews.com\/wp-content\/uploads\/Escudo-do-Santos-1.webp","width":1300,"height":1056,"caption":"Escudo do Santos (Foto: Reprodu\u00e7\u00e3o\/Instagram)"},{"@type":"BreadcrumbList","@id":"https:\/\/www.gaveanews.com\/index.php\/2024\/07\/31\/time-da-europa-recusa-se-a-fechar-negocio-com-o-santos\/#breadcrumb","itemListElement":[{"@type":"ListItem","position":1,"name":"Home","item":"https:\/\/www.gaveanews.com\/"},{"@type":"ListItem","position":2,"name":"Time da Europa recusa-se a fechar neg\u00f3cio com o Santos"}]},{"@type":"WebSite","@id":"https:\/\/www.gaveanews.com\/#website","url":"https:\/\/www.gaveanews.com\/","name":"G\u00e1vea News","description":"Veja todas as not\u00edcias sobre o Flamengo: Contrata\u00e7\u00f5es, categorias de base, resultados das partidas, tabela de classifica\u00e7\u00e3o, pr\u00f3ximos jogos!","potentialAction":[{"@type":"SearchAction","target":{"@type":"EntryPoint","urlTemplate":"https:\/\/www.gaveanews.com\/?s={search_term_string}"},"query-input":{"@type":"PropertyValueSpecification","valueRequired":true,"valueName":"search_term_string"}}],"inLanguage":"pt-BR"},{"@type":"Person","@id":"https:\/\/www.gaveanews.com\/#\/schema\/person\/2abf0cfa878f5f899daa5f781e82264c","name":"Lucas Barros","image":{"@type":"ImageObject","inLanguage":"pt-BR","@id":"https:\/\/www.gaveanews.com\/#\/schema\/person\/image\/","url":"https:\/\/secure.gravatar.com\/avatar\/67a6069eba66bf6fd7c80b70e1331baa3dbc3d6df5012d5c22eff29c7d59e0b0?s=96&d=mm&r=g","contentUrl":"https:\/\/secure.gravatar.com\/avatar\/67a6069eba66bf6fd7c80b70e1331baa3dbc3d6df5012d5c22eff29c7d59e0b0?s=96&d=mm&r=g","caption":"Lucas Barros"}}]}},"_links":{"self":[{"href":"https:\/\/www.gaveanews.com\/index.php\/wp-json\/wp\/v2\/posts\/155491","targetHints":{"allow":["GET"]}}],"collection":[{"href":"https:\/\/www.gaveanews.com\/index.php\/wp-json\/wp\/v2\/posts"}],"about":[{"href":"https:\/\/www.gaveanews.com\/index.php\/wp-json\/wp\/v2\/types\/post"}],"author":[{"embeddable":true,"href":"https:\/\/www.gaveanews.com\/index.php\/wp-json\/wp\/v2\/users\/20"}],"replies":[{"embeddable":true,"href":"https:\/\/www.gaveanews.com\/index.php\/wp-json\/wp\/v2\/comments?post=155491"}],"version-history":[{"count":2,"href":"https:\/\/www.gaveanews.com\/index.php\/wp-json\/wp\/v2\/posts\/155491\/revisions"}],"predecessor-version":[{"id":155496,"href":"https:\/\/www.gaveanews.com\/index.php\/wp-json\/wp\/v2\/posts\/155491\/revisions\/155496"}],"wp:featuredmedia":[{"embeddable":true,"href":"https:\/\/www.gaveanews.com\/index.php\/wp-json\/wp\/v2\/media\/152156"}],"wp:attachment":[{"href":"https:\/\/www.gaveanews.com\/index.php\/wp-json\/wp\/v2\/media?parent=155491"}],"wp:term":[{"taxonomy":"category","embeddable":true,"href":"https:\/\/www.gaveanews.com\/index.php\/wp-json\/wp\/v2\/categories?post=155491"},{"taxonomy":"post_tag","embeddable":true,"href":"https:\/\/www.gaveanews.com\/index.php\/wp-json\/wp\/v2\/tags?post=155491"}],"curies":[{"name":"wp","href":"https:\/\/api.w.org\/{rel}","templated":true}]}}