{"id":155493,"date":"2024-07-30T21:22:17","date_gmt":"2024-07-31T00:22:17","guid":{"rendered":"https:\/\/www.gaveanews.com\/?p=155493"},"modified":"2024-07-30T21:22:19","modified_gmt":"2024-07-31T00:22:19","slug":"a-declaracao-de-luciano-apos-o-primeiro-tempo-de-sao-paulo-x-goias","status":"publish","type":"post","link":"https:\/\/www.gaveanews.com\/index.php\/2024\/07\/30\/a-declaracao-de-luciano-apos-o-primeiro-tempo-de-sao-paulo-x-goias\/","title":{"rendered":"A declara\u00e7\u00e3o de Luciano ap\u00f3s o primeiro tempo de S\u00e3o Paulo x Goi\u00e1s"},"content":{"rendered":"\n<h2 class=\"wp-block-heading\" id=\"h-o-jogador-falou-sobre-a-dificuldade-de-jogar-contra-equipes-muito-fechadas\">O jogador falou sobre a dificuldade de jogar contra equipes muito fechadas <\/h2>\n\n\n\n<p><br>S\u00e3o Paulo e Goi\u00e1s empatam no primeiro tempo no Morumbis, na noite desta ter\u00e7a-feira (30), em partida v\u00e1lida pelas oitavas de final da Copa do Brasil.&nbsp;<\/p>\n\n\n\n<p>A partida come\u00e7ou quente para ambos os lados, com muitas discuss\u00f5es e faltas. O jogo seguia sem muita oportunidade, at\u00e9 Marc\u00e3o em uma falta, levantar muito a perna e acertar Luciano, o jogador esmeraldino foi expulso.&nbsp;<\/p>\n\n\n\n<p>Em entrevista ap\u00f3s o primeiro tempo, Luciano falou sobre o primeiro tempo, como a torcida do Goi\u00e1s joga mais fechada e marca bastante.<\/p>\n\n\n\n<p>\u201cAcho que eles vieram uma proposta de fechar para tentar levar o resultado para casa deles. \u00c9 dif\u00edcil jogar contra uma defesa com a linha de cinco e dois que marca bastante, complicado. A gente tem uma oportunidade de sobrejogar de lado com o outro. \u00c9 claro que a gente fica chateado porque a gente tem que acertar o \u00faltimo passo para poder fazer o gol. Mas \u00e9 o seguinte, agora, conversar com o treinador e acertar para seguir todos\u201d, disse Luciano.&nbsp;<\/p>\n\n\n\n<h2 class=\"wp-block-heading\" id=\"h-luciano-da-rocha-neves\">Luciano da Rocha Neves<\/h2>\n\n\n\n<p>Luciano da Rocha Neves, conhecido simplesmente como Luciano, iniciou sua carreira profissional no Atl\u00e9tico-GO, onde chamou a aten\u00e7\u00e3o pelo seu talento e capacidade de finaliza\u00e7\u00e3o. Seu desempenho levou \u00e0 transfer\u00eancia para o Ava\u00ed, onde continuou a se destacar. Contudo, foi no Corinthians que Luciano ganhou maior notoriedade, sendo pe\u00e7a importante na conquista do Campeonato Brasileiro de 2015.<\/p>\n\n\n\n<p>Posteriormente, Luciano teve uma passagem pelo futebol espanhol, jogando pelo Legan\u00e9s, mas sua experi\u00eancia europeia foi breve. Retornou ao Brasil para defender o Fluminense, onde manteve o bom desempenho e mostrou sua versatilidade em campo. Seu bom futebol chamou a aten\u00e7\u00e3o do Gr\u00eamio, que o contratou em 2019. No clube ga\u00facho, Luciano participou da campanha vitoriosa do Campeonato Ga\u00facho de 2020.<\/p>\n\n\n\n<p>Em 2020, Luciano se transferiu para o S\u00e3o Paulo, onde rapidamente se tornou um dos destaques do time. Seu poder de decis\u00e3o e habilidade para marcar gols decisivos foram fundamentais para o Tricolor Paulista, contribuindo diretamente para a conquista do Campeonato Paulista de 2021, encerrando um jejum de t\u00edtulos do clube.<\/p>\n\n\n\n<p>Na sele\u00e7\u00e3o brasileira, Luciano teve poucas oportunidades, mas foi convocado para defender a equipe Sub-20 em competi\u00e7\u00f5es sul-americanas. Embora n\u00e3o tenha tido muitas chances na sele\u00e7\u00e3o principal, sua carreira nos clubes mostra um jogador de grande qualidade e import\u00e2ncia por onde passou, sempre se destacando com sua habilidade t\u00e9cnica e faro de gol.<\/p>\n","protected":false},"excerpt":{"rendered":"<p>O jogador falou sobre a dificuldade de jogar contra equipes muito fechadas S\u00e3o Paulo e Goi\u00e1s empatam no primeiro tempo no Morumbis, na noite desta ter\u00e7a-feira (30), em partida v\u00e1lida pelas oitavas de final da Copa do Brasil.&nbsp; A partida come\u00e7ou quente para ambos os lados, com muitas discuss\u00f5es e faltas. O jogo seguia sem [&hellip;]<\/p>\n","protected":false},"author":17,"featured_media":145758,"comment_status":"open","ping_status":"closed","sticky":false,"template":"","format":"standard","meta":{"footnotes":""},"categories":[151],"tags":[],"class_list":["post-155493","post","type-post","status-publish","format-standard","has-post-thumbnail","hentry","category-sao-paulo"],"yoast_head":"<!-- This site is optimized with the Yoast SEO Premium plugin v24.2 (Yoast SEO v26.9) - https:\/\/yoast.com\/product\/yoast-seo-premium-wordpress\/ -->\n<title>A declara\u00e7\u00e3o de Luciano ap\u00f3s o primeiro tempo de S\u00e3o Paulo x Goi\u00e1s<\/title>\n<meta name=\"robots\" content=\"index, follow, max-snippet:-1, max-image-preview:large, max-video-preview:-1\" \/>\n<link rel=\"canonical\" href=\"https:\/\/www.gaveanews.com\/index.php\/2024\/07\/30\/a-declaracao-de-luciano-apos-o-primeiro-tempo-de-sao-paulo-x-goias\/\" \/>\n<meta property=\"og:locale\" content=\"pt_BR\" \/>\n<meta property=\"og:type\" content=\"article\" \/>\n<meta property=\"og:title\" content=\"A declara\u00e7\u00e3o de Luciano ap\u00f3s o primeiro tempo de S\u00e3o Paulo x Goi\u00e1s\" \/>\n<meta property=\"og:description\" content=\"O jogador falou sobre a dificuldade de jogar contra equipes muito fechadas S\u00e3o Paulo e Goi\u00e1s empatam no primeiro tempo no Morumbis, na noite desta ter\u00e7a-feira (30), em partida v\u00e1lida pelas oitavas de final da Copa do Brasil.&nbsp; A partida come\u00e7ou quente para ambos os lados, com muitas discuss\u00f5es e faltas. O jogo seguia sem [&hellip;]\" \/>\n<meta property=\"og:url\" content=\"https:\/\/www.gaveanews.com\/index.php\/2024\/07\/30\/a-declaracao-de-luciano-apos-o-primeiro-tempo-de-sao-paulo-x-goias\/\" \/>\n<meta property=\"og:site_name\" content=\"G\u00e1vea News\" \/>\n<meta property=\"article:publisher\" content=\"https:\/\/facebook.com\/gaveaNews\/\" \/>\n<meta property=\"article:published_time\" content=\"2024-07-31T00:22:17+00:00\" \/>\n<meta property=\"article:modified_time\" content=\"2024-07-31T00:22:19+00:00\" \/>\n<meta property=\"og:image\" content=\"https:\/\/www.gaveanews.com\/wp-content\/uploads\/image-2024-05-30T165905.535.webp\" \/>\n\t<meta property=\"og:image:width\" content=\"740\" \/>\n\t<meta property=\"og:image:height\" content=\"416\" \/>\n\t<meta property=\"og:image:type\" content=\"image\/webp\" \/>\n<meta name=\"author\" content=\"Geovanna Thomaz\" \/>\n<meta name=\"twitter:card\" content=\"summary_large_image\" \/>\n<meta name=\"twitter:label1\" content=\"Escrito por\" \/>\n\t<meta name=\"twitter:data1\" content=\"Geovanna Thomaz\" \/>\n\t<meta name=\"twitter:label2\" content=\"Est. tempo de leitura\" \/>\n\t<meta name=\"twitter:data2\" content=\"3 minutos\" \/>\n<script type=\"application\/ld+json\" class=\"yoast-schema-graph\">{\"@context\":\"https:\/\/schema.org\",\"@graph\":[{\"@type\":\"NewsArticle\",\"@id\":\"https:\/\/www.gaveanews.com\/index.php\/2024\/07\/30\/a-declaracao-de-luciano-apos-o-primeiro-tempo-de-sao-paulo-x-goias\/#article\",\"isPartOf\":{\"@id\":\"https:\/\/www.gaveanews.com\/index.php\/2024\/07\/30\/a-declaracao-de-luciano-apos-o-primeiro-tempo-de-sao-paulo-x-goias\/\"},\"author\":{\"name\":\"Geovanna Thomaz\",\"@id\":\"https:\/\/www.gaveanews.com\/#\/schema\/person\/f42654babcd2b2014a1a65af82b081f1\"},\"headline\":\"A declara\u00e7\u00e3o de Luciano ap\u00f3s o primeiro tempo de S\u00e3o Paulo x Goi\u00e1s\",\"datePublished\":\"2024-07-31T00:22:17+00:00\",\"dateModified\":\"2024-07-31T00:22:19+00:00\",\"mainEntityOfPage\":{\"@id\":\"https:\/\/www.gaveanews.com\/index.php\/2024\/07\/30\/a-declaracao-de-luciano-apos-o-primeiro-tempo-de-sao-paulo-x-goias\/\"},\"wordCount\":445,\"commentCount\":0,\"image\":{\"@id\":\"https:\/\/www.gaveanews.com\/index.php\/2024\/07\/30\/a-declaracao-de-luciano-apos-o-primeiro-tempo-de-sao-paulo-x-goias\/#primaryimage\"},\"thumbnailUrl\":\"https:\/\/www.gaveanews.com\/wp-content\/uploads\/image-2024-05-30T165905.535.webp\",\"articleSection\":[\"S\u00e3o Paulo\"],\"inLanguage\":\"pt-BR\",\"potentialAction\":[{\"@type\":\"CommentAction\",\"name\":\"Comment\",\"target\":[\"https:\/\/www.gaveanews.com\/index.php\/2024\/07\/30\/a-declaracao-de-luciano-apos-o-primeiro-tempo-de-sao-paulo-x-goias\/#respond\"]}],\"copyrightYear\":\"2024\",\"copyrightHolder\":{\"@id\":\"https:\/\/www.gaveanews.com\/#organization\"}},{\"@type\":\"WebPage\",\"@id\":\"https:\/\/www.gaveanews.com\/index.php\/2024\/07\/30\/a-declaracao-de-luciano-apos-o-primeiro-tempo-de-sao-paulo-x-goias\/\",\"url\":\"https:\/\/www.gaveanews.com\/index.php\/2024\/07\/30\/a-declaracao-de-luciano-apos-o-primeiro-tempo-de-sao-paulo-x-goias\/\",\"name\":\"A declara\u00e7\u00e3o de Luciano ap\u00f3s o primeiro tempo de S\u00e3o Paulo x Goi\u00e1s\",\"isPartOf\":{\"@id\":\"https:\/\/www.gaveanews.com\/#website\"},\"primaryImageOfPage\":{\"@id\":\"https:\/\/www.gaveanews.com\/index.php\/2024\/07\/30\/a-declaracao-de-luciano-apos-o-primeiro-tempo-de-sao-paulo-x-goias\/#primaryimage\"},\"image\":{\"@id\":\"https:\/\/www.gaveanews.com\/index.php\/2024\/07\/30\/a-declaracao-de-luciano-apos-o-primeiro-tempo-de-sao-paulo-x-goias\/#primaryimage\"},\"thumbnailUrl\":\"https:\/\/www.gaveanews.com\/wp-content\/uploads\/image-2024-05-30T165905.535.webp\",\"datePublished\":\"2024-07-31T00:22:17+00:00\",\"dateModified\":\"2024-07-31T00:22:19+00:00\",\"author\":{\"@id\":\"https:\/\/www.gaveanews.com\/#\/schema\/person\/f42654babcd2b2014a1a65af82b081f1\"},\"breadcrumb\":{\"@id\":\"https:\/\/www.gaveanews.com\/index.php\/2024\/07\/30\/a-declaracao-de-luciano-apos-o-primeiro-tempo-de-sao-paulo-x-goias\/#breadcrumb\"},\"inLanguage\":\"pt-BR\",\"potentialAction\":[{\"@type\":\"ReadAction\",\"target\":[\"https:\/\/www.gaveanews.com\/index.php\/2024\/07\/30\/a-declaracao-de-luciano-apos-o-primeiro-tempo-de-sao-paulo-x-goias\/\"]}]},{\"@type\":\"ImageObject\",\"inLanguage\":\"pt-BR\",\"@id\":\"https:\/\/www.gaveanews.com\/index.php\/2024\/07\/30\/a-declaracao-de-luciano-apos-o-primeiro-tempo-de-sao-paulo-x-goias\/#primaryimage\",\"url\":\"https:\/\/www.gaveanews.com\/wp-content\/uploads\/image-2024-05-30T165905.535.webp\",\"contentUrl\":\"https:\/\/www.gaveanews.com\/wp-content\/uploads\/image-2024-05-30T165905.535.webp\",\"width\":740,\"height\":416,\"caption\":\"Foto: Rubens Chiri\/S\u00e3o Paulo\"},{\"@type\":\"BreadcrumbList\",\"@id\":\"https:\/\/www.gaveanews.com\/index.php\/2024\/07\/30\/a-declaracao-de-luciano-apos-o-primeiro-tempo-de-sao-paulo-x-goias\/#breadcrumb\",\"itemListElement\":[{\"@type\":\"ListItem\",\"position\":1,\"name\":\"Home\",\"item\":\"https:\/\/www.gaveanews.com\/\"},{\"@type\":\"ListItem\",\"position\":2,\"name\":\"A declara\u00e7\u00e3o de Luciano ap\u00f3s o primeiro tempo de S\u00e3o Paulo x Goi\u00e1s\"}]},{\"@type\":\"WebSite\",\"@id\":\"https:\/\/www.gaveanews.com\/#website\",\"url\":\"https:\/\/www.gaveanews.com\/\",\"name\":\"G\u00e1vea News\",\"description\":\"Veja todas as not\u00edcias sobre o Flamengo: Contrata\u00e7\u00f5es, categorias de base, resultados das partidas, tabela de classifica\u00e7\u00e3o, pr\u00f3ximos jogos!\",\"potentialAction\":[{\"@type\":\"SearchAction\",\"target\":{\"@type\":\"EntryPoint\",\"urlTemplate\":\"https:\/\/www.gaveanews.com\/?s={search_term_string}\"},\"query-input\":{\"@type\":\"PropertyValueSpecification\",\"valueRequired\":true,\"valueName\":\"search_term_string\"}}],\"inLanguage\":\"pt-BR\"},{\"@type\":\"Person\",\"@id\":\"https:\/\/www.gaveanews.com\/#\/schema\/person\/f42654babcd2b2014a1a65af82b081f1\",\"name\":\"Geovanna Thomaz\",\"image\":{\"@type\":\"ImageObject\",\"inLanguage\":\"pt-BR\",\"@id\":\"https:\/\/www.gaveanews.com\/#\/schema\/person\/image\/\",\"url\":\"https:\/\/secure.gravatar.com\/avatar\/4092073255489533afb558984b49b64268c47198af8623cc82a925ae9fb7118a?s=96&d=mm&r=g\",\"contentUrl\":\"https:\/\/secure.gravatar.com\/avatar\/4092073255489533afb558984b49b64268c47198af8623cc82a925ae9fb7118a?s=96&d=mm&r=g\",\"caption\":\"Geovanna Thomaz\"}}]}<\/script>\n<!-- \/ Yoast SEO Premium plugin. -->","yoast_head_json":{"title":"A declara\u00e7\u00e3o de Luciano ap\u00f3s o primeiro tempo de S\u00e3o Paulo x Goi\u00e1s","robots":{"index":"index","follow":"follow","max-snippet":"max-snippet:-1","max-image-preview":"max-image-preview:large","max-video-preview":"max-video-preview:-1"},"canonical":"https:\/\/www.gaveanews.com\/index.php\/2024\/07\/30\/a-declaracao-de-luciano-apos-o-primeiro-tempo-de-sao-paulo-x-goias\/","og_locale":"pt_BR","og_type":"article","og_title":"A declara\u00e7\u00e3o de Luciano ap\u00f3s o primeiro tempo de S\u00e3o Paulo x Goi\u00e1s","og_description":"O jogador falou sobre a dificuldade de jogar contra equipes muito fechadas S\u00e3o Paulo e Goi\u00e1s empatam no primeiro tempo no Morumbis, na noite desta ter\u00e7a-feira (30), em partida v\u00e1lida pelas oitavas de final da Copa do Brasil.&nbsp; A partida come\u00e7ou quente para ambos os lados, com muitas discuss\u00f5es e faltas. O jogo seguia sem [&hellip;]","og_url":"https:\/\/www.gaveanews.com\/index.php\/2024\/07\/30\/a-declaracao-de-luciano-apos-o-primeiro-tempo-de-sao-paulo-x-goias\/","og_site_name":"G\u00e1vea News","article_publisher":"https:\/\/facebook.com\/gaveaNews\/","article_published_time":"2024-07-31T00:22:17+00:00","article_modified_time":"2024-07-31T00:22:19+00:00","og_image":[{"width":740,"height":416,"url":"https:\/\/www.gaveanews.com\/wp-content\/uploads\/image-2024-05-30T165905.535.webp","type":"image\/webp"}],"author":"Geovanna Thomaz","twitter_card":"summary_large_image","twitter_misc":{"Escrito por":"Geovanna Thomaz","Est. tempo de leitura":"3 minutos"},"schema":{"@context":"https:\/\/schema.org","@graph":[{"@type":"NewsArticle","@id":"https:\/\/www.gaveanews.com\/index.php\/2024\/07\/30\/a-declaracao-de-luciano-apos-o-primeiro-tempo-de-sao-paulo-x-goias\/#article","isPartOf":{"@id":"https:\/\/www.gaveanews.com\/index.php\/2024\/07\/30\/a-declaracao-de-luciano-apos-o-primeiro-tempo-de-sao-paulo-x-goias\/"},"author":{"name":"Geovanna Thomaz","@id":"https:\/\/www.gaveanews.com\/#\/schema\/person\/f42654babcd2b2014a1a65af82b081f1"},"headline":"A declara\u00e7\u00e3o de Luciano ap\u00f3s o primeiro tempo de S\u00e3o Paulo x Goi\u00e1s","datePublished":"2024-07-31T00:22:17+00:00","dateModified":"2024-07-31T00:22:19+00:00","mainEntityOfPage":{"@id":"https:\/\/www.gaveanews.com\/index.php\/2024\/07\/30\/a-declaracao-de-luciano-apos-o-primeiro-tempo-de-sao-paulo-x-goias\/"},"wordCount":445,"commentCount":0,"image":{"@id":"https:\/\/www.gaveanews.com\/index.php\/2024\/07\/30\/a-declaracao-de-luciano-apos-o-primeiro-tempo-de-sao-paulo-x-goias\/#primaryimage"},"thumbnailUrl":"https:\/\/www.gaveanews.com\/wp-content\/uploads\/image-2024-05-30T165905.535.webp","articleSection":["S\u00e3o Paulo"],"inLanguage":"pt-BR","potentialAction":[{"@type":"CommentAction","name":"Comment","target":["https:\/\/www.gaveanews.com\/index.php\/2024\/07\/30\/a-declaracao-de-luciano-apos-o-primeiro-tempo-de-sao-paulo-x-goias\/#respond"]}],"copyrightYear":"2024","copyrightHolder":{"@id":"https:\/\/www.gaveanews.com\/#organization"}},{"@type":"WebPage","@id":"https:\/\/www.gaveanews.com\/index.php\/2024\/07\/30\/a-declaracao-de-luciano-apos-o-primeiro-tempo-de-sao-paulo-x-goias\/","url":"https:\/\/www.gaveanews.com\/index.php\/2024\/07\/30\/a-declaracao-de-luciano-apos-o-primeiro-tempo-de-sao-paulo-x-goias\/","name":"A declara\u00e7\u00e3o de Luciano ap\u00f3s o primeiro tempo de S\u00e3o Paulo x Goi\u00e1s","isPartOf":{"@id":"https:\/\/www.gaveanews.com\/#website"},"primaryImageOfPage":{"@id":"https:\/\/www.gaveanews.com\/index.php\/2024\/07\/30\/a-declaracao-de-luciano-apos-o-primeiro-tempo-de-sao-paulo-x-goias\/#primaryimage"},"image":{"@id":"https:\/\/www.gaveanews.com\/index.php\/2024\/07\/30\/a-declaracao-de-luciano-apos-o-primeiro-tempo-de-sao-paulo-x-goias\/#primaryimage"},"thumbnailUrl":"https:\/\/www.gaveanews.com\/wp-content\/uploads\/image-2024-05-30T165905.535.webp","datePublished":"2024-07-31T00:22:17+00:00","dateModified":"2024-07-31T00:22:19+00:00","author":{"@id":"https:\/\/www.gaveanews.com\/#\/schema\/person\/f42654babcd2b2014a1a65af82b081f1"},"breadcrumb":{"@id":"https:\/\/www.gaveanews.com\/index.php\/2024\/07\/30\/a-declaracao-de-luciano-apos-o-primeiro-tempo-de-sao-paulo-x-goias\/#breadcrumb"},"inLanguage":"pt-BR","potentialAction":[{"@type":"ReadAction","target":["https:\/\/www.gaveanews.com\/index.php\/2024\/07\/30\/a-declaracao-de-luciano-apos-o-primeiro-tempo-de-sao-paulo-x-goias\/"]}]},{"@type":"ImageObject","inLanguage":"pt-BR","@id":"https:\/\/www.gaveanews.com\/index.php\/2024\/07\/30\/a-declaracao-de-luciano-apos-o-primeiro-tempo-de-sao-paulo-x-goias\/#primaryimage","url":"https:\/\/www.gaveanews.com\/wp-content\/uploads\/image-2024-05-30T165905.535.webp","contentUrl":"https:\/\/www.gaveanews.com\/wp-content\/uploads\/image-2024-05-30T165905.535.webp","width":740,"height":416,"caption":"Foto: Rubens Chiri\/S\u00e3o Paulo"},{"@type":"BreadcrumbList","@id":"https:\/\/www.gaveanews.com\/index.php\/2024\/07\/30\/a-declaracao-de-luciano-apos-o-primeiro-tempo-de-sao-paulo-x-goias\/#breadcrumb","itemListElement":[{"@type":"ListItem","position":1,"name":"Home","item":"https:\/\/www.gaveanews.com\/"},{"@type":"ListItem","position":2,"name":"A declara\u00e7\u00e3o de Luciano ap\u00f3s o primeiro tempo de S\u00e3o Paulo x Goi\u00e1s"}]},{"@type":"WebSite","@id":"https:\/\/www.gaveanews.com\/#website","url":"https:\/\/www.gaveanews.com\/","name":"G\u00e1vea News","description":"Veja todas as not\u00edcias sobre o Flamengo: Contrata\u00e7\u00f5es, categorias de base, resultados das partidas, tabela de classifica\u00e7\u00e3o, pr\u00f3ximos jogos!","potentialAction":[{"@type":"SearchAction","target":{"@type":"EntryPoint","urlTemplate":"https:\/\/www.gaveanews.com\/?s={search_term_string}"},"query-input":{"@type":"PropertyValueSpecification","valueRequired":true,"valueName":"search_term_string"}}],"inLanguage":"pt-BR"},{"@type":"Person","@id":"https:\/\/www.gaveanews.com\/#\/schema\/person\/f42654babcd2b2014a1a65af82b081f1","name":"Geovanna Thomaz","image":{"@type":"ImageObject","inLanguage":"pt-BR","@id":"https:\/\/www.gaveanews.com\/#\/schema\/person\/image\/","url":"https:\/\/secure.gravatar.com\/avatar\/4092073255489533afb558984b49b64268c47198af8623cc82a925ae9fb7118a?s=96&d=mm&r=g","contentUrl":"https:\/\/secure.gravatar.com\/avatar\/4092073255489533afb558984b49b64268c47198af8623cc82a925ae9fb7118a?s=96&d=mm&r=g","caption":"Geovanna Thomaz"}}]}},"_links":{"self":[{"href":"https:\/\/www.gaveanews.com\/index.php\/wp-json\/wp\/v2\/posts\/155493","targetHints":{"allow":["GET"]}}],"collection":[{"href":"https:\/\/www.gaveanews.com\/index.php\/wp-json\/wp\/v2\/posts"}],"about":[{"href":"https:\/\/www.gaveanews.com\/index.php\/wp-json\/wp\/v2\/types\/post"}],"author":[{"embeddable":true,"href":"https:\/\/www.gaveanews.com\/index.php\/wp-json\/wp\/v2\/users\/17"}],"replies":[{"embeddable":true,"href":"https:\/\/www.gaveanews.com\/index.php\/wp-json\/wp\/v2\/comments?post=155493"}],"version-history":[{"count":2,"href":"https:\/\/www.gaveanews.com\/index.php\/wp-json\/wp\/v2\/posts\/155493\/revisions"}],"predecessor-version":[{"id":155501,"href":"https:\/\/www.gaveanews.com\/index.php\/wp-json\/wp\/v2\/posts\/155493\/revisions\/155501"}],"wp:featuredmedia":[{"embeddable":true,"href":"https:\/\/www.gaveanews.com\/index.php\/wp-json\/wp\/v2\/media\/145758"}],"wp:attachment":[{"href":"https:\/\/www.gaveanews.com\/index.php\/wp-json\/wp\/v2\/media?parent=155493"}],"wp:term":[{"taxonomy":"category","embeddable":true,"href":"https:\/\/www.gaveanews.com\/index.php\/wp-json\/wp\/v2\/categories?post=155493"},{"taxonomy":"post_tag","embeddable":true,"href":"https:\/\/www.gaveanews.com\/index.php\/wp-json\/wp\/v2\/tags?post=155493"}],"curies":[{"name":"wp","href":"https:\/\/api.w.org\/{rel}","templated":true}]}}