{"id":155512,"date":"2024-07-30T22:28:17","date_gmt":"2024-07-31T01:28:17","guid":{"rendered":"https:\/\/www.gaveanews.com\/?p=155512"},"modified":"2024-07-30T22:28:19","modified_gmt":"2024-07-31T01:28:19","slug":"mauro-cezar-cita-o-flamengo-em-publicacao-direcionada-as-olimpiadas-de-paris-2024","status":"publish","type":"post","link":"https:\/\/www.gaveanews.com\/index.php\/2024\/07\/30\/mauro-cezar-cita-o-flamengo-em-publicacao-direcionada-as-olimpiadas-de-paris-2024\/","title":{"rendered":"Mauro Cezar cita o Flamengo em publica\u00e7\u00e3o direcionada \u00e0s Olimp\u00edadas de Paris 2024"},"content":{"rendered":"\n<p>Nesta ter\u00e7a-feira (30), a gin\u00e1stica art\u00edstica brasileira conquistou um feito in\u00e9dito. Pela primeira vez na hist\u00f3ria o time feminino do Brasil chega ao p\u00f3dio e recebe uma medalha na disputa por equipes dos Jogos Ol\u00edmpicos. O feito foi bastante celebrado, e Mauro Cezar deu um destaque especial para o Flamengo nas redes sociais. <\/p>\n\n\n\n<ul class=\"wp-block-list\">\n<li><a href=\"https:\/\/www.gaveanews.com\/index.php\/2024\/07\/30\/video-reacao-de-simone-biles-apos-apresentacao-de-rebeca-andrade-do-flamengo-nas-olimpiadas\/\">V\u00eddeo: rea\u00e7\u00e3o de Simone Biles ap\u00f3s apresenta\u00e7\u00e3o de Rebeca Andrade, do Flamengo, nas Olimp\u00edadas<\/a><\/li>\n\n\n\n<li><a href=\"https:\/\/www.gaveanews.com\/index.php\/2024\/07\/26\/rebeca-andrade-inscreveu-salto-inedito-e-pode-ter-nome-batizado-nas-olimpiadas\/\">Rebeca Andrade inscreveu salto in\u00e9dito e pode ter nome batizado nas Olimp\u00edadas<\/a><\/li>\n<\/ul>\n\n\n\n<p>Atrav\u00e9s do &#8216;X&#8217;, antigo Twitter, o jornalista compartilhou o v\u00eddeo das ginastas que treinam no Meng\u00e3o, e legendou: &#8220;O que seria da gin\u00e1stica ol\u00edmpica brasileira se faltasse o Flamengo no mundo?&#8221;, seguido por emojis de uma medalha de bronze e acrobacias. <\/p>\n\n\n\n<p>No v\u00eddeo, Rebeca Andrade diz: &#8220;Beijo, Na\u00e7\u00e3o&#8221;. Flavinha manda beijos com gestos, Lorrane acena para os torcedores, e Jade Barbosa completa o recado: &#8220;Obrigada, Na\u00e7\u00e3o, por estar todos os dias com a gente. Hoje foi o in\u00edcio, mas ainda vai ter bastante coisa a mais&#8221;. <\/p>\n\n\n\n<h2 class=\"wp-block-heading\" id=\"h-veja-a-publicacao-de-mauro-cezar\">Veja a publica\u00e7\u00e3o de Mauro Cezar<\/h2>\n\n\n\n<blockquote class=\"twitter-tweet\"><p lang=\"pt\" dir=\"ltr\">O que seria da gin\u00e1stica ol\u00edmpica brasileira se faltasse o Flamengo no mundo? \ud83e\udd38\ud83e\udd49<br> <a href=\"https:\/\/t.co\/W1U9BM1z5w\">pic.twitter.com\/W1U9BM1z5w<\/a><\/p>&mdash; Mauro Cezar (@maurocezar) <a href=\"https:\/\/twitter.com\/maurocezar\/status\/1818376533032984871?ref_src=twsrc%5Etfw\">July 30, 2024<\/a><\/blockquote> <script async src=\"https:\/\/platform.twitter.com\/widgets.js\" charset=\"utf-8\"><\/script>\n\n\n\n<h2 class=\"wp-block-heading\" id=\"h-o-desempenho-do-brasil-na-final-por-equipes\">O desempenho do Brasil na final por equipes <\/h2>\n\n\n\n<p>A equipe brasileira disputou a final na seguinte ordem: barras assim\u00e9tricas, trave, solo e salto. Nos dois primeiros aparelhos, os desempenhos tiveram falhas fora do esperado, como a queda de J\u00falia Soares da trave, e erros importantes de Lorrane Oliveira na barra. <\/p>\n\n\n\n<p>No solo, as atletas brasileiras fizeram bonito, mas ainda estavam distantes de um poss\u00edvel p\u00f3dio. A trajet\u00f3ria, no entanto, mudou no salto. Jade Barbosa falhou, mas Fl\u00e1via Saraiva fez um bela apresenta\u00e7\u00e3o, e Rebeca Andrade voou para recolocar o Brasil na disputa, com uma incr\u00edvel nota de 15.100.<\/p>\n\n\n\n<p>O salto de Rebeca colocou o Brasil na disputa e, momentaneamente, em terceiro lugar. Para confirmar a medalha de bronze, a equipe dependia de uma \u00faltima apresenta\u00e7\u00e3o da Gr\u00e3 Bretanha na trave de equil\u00edbrio. As brit\u00e2nicas n\u00e3o conseguiram superar a nota necess\u00e1ria, e o Brasil garantiu a premia\u00e7\u00e3o in\u00e9dita. <\/p>\n\n\n\n<p>Maior clube poliesportivo do Brasil, o Flamengo ainda ver\u00e1 suas ginastas brigarem por medalhas individuais. Rebeca e Fl\u00e1via Saraiva v\u00e3o disputar as finais do individual geral, e Rebeca ainda briga por medalha no solo, salto e trave. J\u00falia Soares, que n\u00e3o \u00e9 atleta do Flamengo, disputa na trave de equil\u00edbrio. <\/p>\n","protected":false},"excerpt":{"rendered":"<p>Nesta ter\u00e7a-feira (30), a gin\u00e1stica art\u00edstica brasileira conquistou um feito in\u00e9dito. Pela primeira vez na hist\u00f3ria o time feminino do Brasil chega ao p\u00f3dio e recebe uma medalha na disputa por equipes dos Jogos Ol\u00edmpicos. O feito foi bastante celebrado, e Mauro Cezar deu um destaque especial para o Flamengo nas redes sociais. Atrav\u00e9s do [&hellip;]<\/p>\n","protected":false},"author":18,"featured_media":155387,"comment_status":"open","ping_status":"closed","sticky":false,"template":"","format":"standard","meta":{"footnotes":""},"categories":[1],"tags":[],"class_list":["post-155512","post","type-post","status-publish","format-standard","has-post-thumbnail","hentry","category-flamengo"],"yoast_head":"<!-- This site is optimized with the Yoast SEO Premium plugin v24.2 (Yoast SEO v26.9) - https:\/\/yoast.com\/product\/yoast-seo-premium-wordpress\/ -->\n<title>Mauro Cezar cita o Flamengo em publica\u00e7\u00e3o direcionada \u00e0s Olimp\u00edadas de Paris 2024<\/title>\n<meta name=\"robots\" content=\"index, follow, max-snippet:-1, max-image-preview:large, max-video-preview:-1\" \/>\n<link rel=\"canonical\" href=\"https:\/\/www.gaveanews.com\/index.php\/2024\/07\/30\/mauro-cezar-cita-o-flamengo-em-publicacao-direcionada-as-olimpiadas-de-paris-2024\/\" \/>\n<meta property=\"og:locale\" content=\"pt_BR\" \/>\n<meta property=\"og:type\" content=\"article\" \/>\n<meta property=\"og:title\" content=\"Mauro Cezar cita o Flamengo em publica\u00e7\u00e3o direcionada \u00e0s Olimp\u00edadas de Paris 2024\" \/>\n<meta property=\"og:description\" content=\"Nesta ter\u00e7a-feira (30), a gin\u00e1stica art\u00edstica brasileira conquistou um feito in\u00e9dito. Pela primeira vez na hist\u00f3ria o time feminino do Brasil chega ao p\u00f3dio e recebe uma medalha na disputa por equipes dos Jogos Ol\u00edmpicos. O feito foi bastante celebrado, e Mauro Cezar deu um destaque especial para o Flamengo nas redes sociais. Atrav\u00e9s do [&hellip;]\" \/>\n<meta property=\"og:url\" content=\"https:\/\/www.gaveanews.com\/index.php\/2024\/07\/30\/mauro-cezar-cita-o-flamengo-em-publicacao-direcionada-as-olimpiadas-de-paris-2024\/\" \/>\n<meta property=\"og:site_name\" content=\"G\u00e1vea News\" \/>\n<meta property=\"article:publisher\" content=\"https:\/\/facebook.com\/gaveaNews\/\" \/>\n<meta property=\"article:published_time\" content=\"2024-07-31T01:28:17+00:00\" \/>\n<meta property=\"article:modified_time\" content=\"2024-07-31T01:28:19+00:00\" \/>\n<meta property=\"og:image\" content=\"https:\/\/www.gaveanews.com\/wp-content\/uploads\/Rebeca-Andrade-ginastas-Flamengo-Olimpiadas-Paris-1024x768-1.webp\" \/>\n\t<meta property=\"og:image:width\" content=\"1024\" \/>\n\t<meta property=\"og:image:height\" content=\"768\" \/>\n\t<meta property=\"og:image:type\" content=\"image\/webp\" \/>\n<meta name=\"author\" content=\"Paula Silva\" \/>\n<meta name=\"twitter:card\" content=\"summary_large_image\" \/>\n<meta name=\"twitter:label1\" content=\"Escrito por\" \/>\n\t<meta name=\"twitter:data1\" content=\"Paula Silva\" \/>\n\t<meta name=\"twitter:label2\" content=\"Est. tempo de leitura\" \/>\n\t<meta name=\"twitter:data2\" content=\"3 minutos\" \/>\n<script type=\"application\/ld+json\" class=\"yoast-schema-graph\">{\"@context\":\"https:\/\/schema.org\",\"@graph\":[{\"@type\":\"NewsArticle\",\"@id\":\"https:\/\/www.gaveanews.com\/index.php\/2024\/07\/30\/mauro-cezar-cita-o-flamengo-em-publicacao-direcionada-as-olimpiadas-de-paris-2024\/#article\",\"isPartOf\":{\"@id\":\"https:\/\/www.gaveanews.com\/index.php\/2024\/07\/30\/mauro-cezar-cita-o-flamengo-em-publicacao-direcionada-as-olimpiadas-de-paris-2024\/\"},\"author\":{\"name\":\"Paula Silva\",\"@id\":\"https:\/\/www.gaveanews.com\/#\/schema\/person\/daf63eec72e1164eb13dc35096c2b8da\"},\"headline\":\"Mauro Cezar cita o Flamengo em publica\u00e7\u00e3o direcionada \u00e0s Olimp\u00edadas de Paris 2024\",\"datePublished\":\"2024-07-31T01:28:17+00:00\",\"dateModified\":\"2024-07-31T01:28:19+00:00\",\"mainEntityOfPage\":{\"@id\":\"https:\/\/www.gaveanews.com\/index.php\/2024\/07\/30\/mauro-cezar-cita-o-flamengo-em-publicacao-direcionada-as-olimpiadas-de-paris-2024\/\"},\"wordCount\":451,\"commentCount\":0,\"image\":{\"@id\":\"https:\/\/www.gaveanews.com\/index.php\/2024\/07\/30\/mauro-cezar-cita-o-flamengo-em-publicacao-direcionada-as-olimpiadas-de-paris-2024\/#primaryimage\"},\"thumbnailUrl\":\"https:\/\/www.gaveanews.com\/wp-content\/uploads\/Rebeca-Andrade-ginastas-Flamengo-Olimpiadas-Paris-1024x768-1.webp\",\"articleSection\":[\"Flamengo\"],\"inLanguage\":\"pt-BR\",\"potentialAction\":[{\"@type\":\"CommentAction\",\"name\":\"Comment\",\"target\":[\"https:\/\/www.gaveanews.com\/index.php\/2024\/07\/30\/mauro-cezar-cita-o-flamengo-em-publicacao-direcionada-as-olimpiadas-de-paris-2024\/#respond\"]}],\"copyrightYear\":\"2024\",\"copyrightHolder\":{\"@id\":\"https:\/\/www.gaveanews.com\/#organization\"}},{\"@type\":\"WebPage\",\"@id\":\"https:\/\/www.gaveanews.com\/index.php\/2024\/07\/30\/mauro-cezar-cita-o-flamengo-em-publicacao-direcionada-as-olimpiadas-de-paris-2024\/\",\"url\":\"https:\/\/www.gaveanews.com\/index.php\/2024\/07\/30\/mauro-cezar-cita-o-flamengo-em-publicacao-direcionada-as-olimpiadas-de-paris-2024\/\",\"name\":\"Mauro Cezar cita o Flamengo em publica\u00e7\u00e3o direcionada \u00e0s Olimp\u00edadas de Paris 2024\",\"isPartOf\":{\"@id\":\"https:\/\/www.gaveanews.com\/#website\"},\"primaryImageOfPage\":{\"@id\":\"https:\/\/www.gaveanews.com\/index.php\/2024\/07\/30\/mauro-cezar-cita-o-flamengo-em-publicacao-direcionada-as-olimpiadas-de-paris-2024\/#primaryimage\"},\"image\":{\"@id\":\"https:\/\/www.gaveanews.com\/index.php\/2024\/07\/30\/mauro-cezar-cita-o-flamengo-em-publicacao-direcionada-as-olimpiadas-de-paris-2024\/#primaryimage\"},\"thumbnailUrl\":\"https:\/\/www.gaveanews.com\/wp-content\/uploads\/Rebeca-Andrade-ginastas-Flamengo-Olimpiadas-Paris-1024x768-1.webp\",\"datePublished\":\"2024-07-31T01:28:17+00:00\",\"dateModified\":\"2024-07-31T01:28:19+00:00\",\"author\":{\"@id\":\"https:\/\/www.gaveanews.com\/#\/schema\/person\/daf63eec72e1164eb13dc35096c2b8da\"},\"breadcrumb\":{\"@id\":\"https:\/\/www.gaveanews.com\/index.php\/2024\/07\/30\/mauro-cezar-cita-o-flamengo-em-publicacao-direcionada-as-olimpiadas-de-paris-2024\/#breadcrumb\"},\"inLanguage\":\"pt-BR\",\"potentialAction\":[{\"@type\":\"ReadAction\",\"target\":[\"https:\/\/www.gaveanews.com\/index.php\/2024\/07\/30\/mauro-cezar-cita-o-flamengo-em-publicacao-direcionada-as-olimpiadas-de-paris-2024\/\"]}]},{\"@type\":\"ImageObject\",\"inLanguage\":\"pt-BR\",\"@id\":\"https:\/\/www.gaveanews.com\/index.php\/2024\/07\/30\/mauro-cezar-cita-o-flamengo-em-publicacao-direcionada-as-olimpiadas-de-paris-2024\/#primaryimage\",\"url\":\"https:\/\/www.gaveanews.com\/wp-content\/uploads\/Rebeca-Andrade-ginastas-Flamengo-Olimpiadas-Paris-1024x768-1.webp\",\"contentUrl\":\"https:\/\/www.gaveanews.com\/wp-content\/uploads\/Rebeca-Andrade-ginastas-Flamengo-Olimpiadas-Paris-1024x768-1.webp\",\"width\":1024,\"height\":768,\"caption\":\"Foto: Ricardo Bufolin\/ CBG\"},{\"@type\":\"BreadcrumbList\",\"@id\":\"https:\/\/www.gaveanews.com\/index.php\/2024\/07\/30\/mauro-cezar-cita-o-flamengo-em-publicacao-direcionada-as-olimpiadas-de-paris-2024\/#breadcrumb\",\"itemListElement\":[{\"@type\":\"ListItem\",\"position\":1,\"name\":\"Home\",\"item\":\"https:\/\/www.gaveanews.com\/\"},{\"@type\":\"ListItem\",\"position\":2,\"name\":\"Mauro Cezar cita o Flamengo em publica\u00e7\u00e3o direcionada \u00e0s Olimp\u00edadas de Paris 2024\"}]},{\"@type\":\"WebSite\",\"@id\":\"https:\/\/www.gaveanews.com\/#website\",\"url\":\"https:\/\/www.gaveanews.com\/\",\"name\":\"G\u00e1vea News\",\"description\":\"Veja todas as not\u00edcias sobre o Flamengo: Contrata\u00e7\u00f5es, categorias de base, resultados das partidas, tabela de classifica\u00e7\u00e3o, pr\u00f3ximos jogos!\",\"potentialAction\":[{\"@type\":\"SearchAction\",\"target\":{\"@type\":\"EntryPoint\",\"urlTemplate\":\"https:\/\/www.gaveanews.com\/?s={search_term_string}\"},\"query-input\":{\"@type\":\"PropertyValueSpecification\",\"valueRequired\":true,\"valueName\":\"search_term_string\"}}],\"inLanguage\":\"pt-BR\"},{\"@type\":\"Person\",\"@id\":\"https:\/\/www.gaveanews.com\/#\/schema\/person\/daf63eec72e1164eb13dc35096c2b8da\",\"name\":\"Paula Silva\",\"image\":{\"@type\":\"ImageObject\",\"inLanguage\":\"pt-BR\",\"@id\":\"https:\/\/www.gaveanews.com\/#\/schema\/person\/image\/\",\"url\":\"https:\/\/secure.gravatar.com\/avatar\/eda381c845527cc5d64c13b901833cda29d97500ba040d3e6461f76f51d163bb?s=96&d=mm&r=g\",\"contentUrl\":\"https:\/\/secure.gravatar.com\/avatar\/eda381c845527cc5d64c13b901833cda29d97500ba040d3e6461f76f51d163bb?s=96&d=mm&r=g\",\"caption\":\"Paula Silva\"}}]}<\/script>\n<!-- \/ Yoast SEO Premium plugin. -->","yoast_head_json":{"title":"Mauro Cezar cita o Flamengo em publica\u00e7\u00e3o direcionada \u00e0s Olimp\u00edadas de Paris 2024","robots":{"index":"index","follow":"follow","max-snippet":"max-snippet:-1","max-image-preview":"max-image-preview:large","max-video-preview":"max-video-preview:-1"},"canonical":"https:\/\/www.gaveanews.com\/index.php\/2024\/07\/30\/mauro-cezar-cita-o-flamengo-em-publicacao-direcionada-as-olimpiadas-de-paris-2024\/","og_locale":"pt_BR","og_type":"article","og_title":"Mauro Cezar cita o Flamengo em publica\u00e7\u00e3o direcionada \u00e0s Olimp\u00edadas de Paris 2024","og_description":"Nesta ter\u00e7a-feira (30), a gin\u00e1stica art\u00edstica brasileira conquistou um feito in\u00e9dito. Pela primeira vez na hist\u00f3ria o time feminino do Brasil chega ao p\u00f3dio e recebe uma medalha na disputa por equipes dos Jogos Ol\u00edmpicos. O feito foi bastante celebrado, e Mauro Cezar deu um destaque especial para o Flamengo nas redes sociais. Atrav\u00e9s do [&hellip;]","og_url":"https:\/\/www.gaveanews.com\/index.php\/2024\/07\/30\/mauro-cezar-cita-o-flamengo-em-publicacao-direcionada-as-olimpiadas-de-paris-2024\/","og_site_name":"G\u00e1vea News","article_publisher":"https:\/\/facebook.com\/gaveaNews\/","article_published_time":"2024-07-31T01:28:17+00:00","article_modified_time":"2024-07-31T01:28:19+00:00","og_image":[{"width":1024,"height":768,"url":"https:\/\/www.gaveanews.com\/wp-content\/uploads\/Rebeca-Andrade-ginastas-Flamengo-Olimpiadas-Paris-1024x768-1.webp","type":"image\/webp"}],"author":"Paula Silva","twitter_card":"summary_large_image","twitter_misc":{"Escrito por":"Paula Silva","Est. tempo de leitura":"3 minutos"},"schema":{"@context":"https:\/\/schema.org","@graph":[{"@type":"NewsArticle","@id":"https:\/\/www.gaveanews.com\/index.php\/2024\/07\/30\/mauro-cezar-cita-o-flamengo-em-publicacao-direcionada-as-olimpiadas-de-paris-2024\/#article","isPartOf":{"@id":"https:\/\/www.gaveanews.com\/index.php\/2024\/07\/30\/mauro-cezar-cita-o-flamengo-em-publicacao-direcionada-as-olimpiadas-de-paris-2024\/"},"author":{"name":"Paula Silva","@id":"https:\/\/www.gaveanews.com\/#\/schema\/person\/daf63eec72e1164eb13dc35096c2b8da"},"headline":"Mauro Cezar cita o Flamengo em publica\u00e7\u00e3o direcionada \u00e0s Olimp\u00edadas de Paris 2024","datePublished":"2024-07-31T01:28:17+00:00","dateModified":"2024-07-31T01:28:19+00:00","mainEntityOfPage":{"@id":"https:\/\/www.gaveanews.com\/index.php\/2024\/07\/30\/mauro-cezar-cita-o-flamengo-em-publicacao-direcionada-as-olimpiadas-de-paris-2024\/"},"wordCount":451,"commentCount":0,"image":{"@id":"https:\/\/www.gaveanews.com\/index.php\/2024\/07\/30\/mauro-cezar-cita-o-flamengo-em-publicacao-direcionada-as-olimpiadas-de-paris-2024\/#primaryimage"},"thumbnailUrl":"https:\/\/www.gaveanews.com\/wp-content\/uploads\/Rebeca-Andrade-ginastas-Flamengo-Olimpiadas-Paris-1024x768-1.webp","articleSection":["Flamengo"],"inLanguage":"pt-BR","potentialAction":[{"@type":"CommentAction","name":"Comment","target":["https:\/\/www.gaveanews.com\/index.php\/2024\/07\/30\/mauro-cezar-cita-o-flamengo-em-publicacao-direcionada-as-olimpiadas-de-paris-2024\/#respond"]}],"copyrightYear":"2024","copyrightHolder":{"@id":"https:\/\/www.gaveanews.com\/#organization"}},{"@type":"WebPage","@id":"https:\/\/www.gaveanews.com\/index.php\/2024\/07\/30\/mauro-cezar-cita-o-flamengo-em-publicacao-direcionada-as-olimpiadas-de-paris-2024\/","url":"https:\/\/www.gaveanews.com\/index.php\/2024\/07\/30\/mauro-cezar-cita-o-flamengo-em-publicacao-direcionada-as-olimpiadas-de-paris-2024\/","name":"Mauro Cezar cita o Flamengo em publica\u00e7\u00e3o direcionada \u00e0s Olimp\u00edadas de Paris 2024","isPartOf":{"@id":"https:\/\/www.gaveanews.com\/#website"},"primaryImageOfPage":{"@id":"https:\/\/www.gaveanews.com\/index.php\/2024\/07\/30\/mauro-cezar-cita-o-flamengo-em-publicacao-direcionada-as-olimpiadas-de-paris-2024\/#primaryimage"},"image":{"@id":"https:\/\/www.gaveanews.com\/index.php\/2024\/07\/30\/mauro-cezar-cita-o-flamengo-em-publicacao-direcionada-as-olimpiadas-de-paris-2024\/#primaryimage"},"thumbnailUrl":"https:\/\/www.gaveanews.com\/wp-content\/uploads\/Rebeca-Andrade-ginastas-Flamengo-Olimpiadas-Paris-1024x768-1.webp","datePublished":"2024-07-31T01:28:17+00:00","dateModified":"2024-07-31T01:28:19+00:00","author":{"@id":"https:\/\/www.gaveanews.com\/#\/schema\/person\/daf63eec72e1164eb13dc35096c2b8da"},"breadcrumb":{"@id":"https:\/\/www.gaveanews.com\/index.php\/2024\/07\/30\/mauro-cezar-cita-o-flamengo-em-publicacao-direcionada-as-olimpiadas-de-paris-2024\/#breadcrumb"},"inLanguage":"pt-BR","potentialAction":[{"@type":"ReadAction","target":["https:\/\/www.gaveanews.com\/index.php\/2024\/07\/30\/mauro-cezar-cita-o-flamengo-em-publicacao-direcionada-as-olimpiadas-de-paris-2024\/"]}]},{"@type":"ImageObject","inLanguage":"pt-BR","@id":"https:\/\/www.gaveanews.com\/index.php\/2024\/07\/30\/mauro-cezar-cita-o-flamengo-em-publicacao-direcionada-as-olimpiadas-de-paris-2024\/#primaryimage","url":"https:\/\/www.gaveanews.com\/wp-content\/uploads\/Rebeca-Andrade-ginastas-Flamengo-Olimpiadas-Paris-1024x768-1.webp","contentUrl":"https:\/\/www.gaveanews.com\/wp-content\/uploads\/Rebeca-Andrade-ginastas-Flamengo-Olimpiadas-Paris-1024x768-1.webp","width":1024,"height":768,"caption":"Foto: Ricardo Bufolin\/ CBG"},{"@type":"BreadcrumbList","@id":"https:\/\/www.gaveanews.com\/index.php\/2024\/07\/30\/mauro-cezar-cita-o-flamengo-em-publicacao-direcionada-as-olimpiadas-de-paris-2024\/#breadcrumb","itemListElement":[{"@type":"ListItem","position":1,"name":"Home","item":"https:\/\/www.gaveanews.com\/"},{"@type":"ListItem","position":2,"name":"Mauro Cezar cita o Flamengo em publica\u00e7\u00e3o direcionada \u00e0s Olimp\u00edadas de Paris 2024"}]},{"@type":"WebSite","@id":"https:\/\/www.gaveanews.com\/#website","url":"https:\/\/www.gaveanews.com\/","name":"G\u00e1vea News","description":"Veja todas as not\u00edcias sobre o Flamengo: Contrata\u00e7\u00f5es, categorias de base, resultados das partidas, tabela de classifica\u00e7\u00e3o, pr\u00f3ximos jogos!","potentialAction":[{"@type":"SearchAction","target":{"@type":"EntryPoint","urlTemplate":"https:\/\/www.gaveanews.com\/?s={search_term_string}"},"query-input":{"@type":"PropertyValueSpecification","valueRequired":true,"valueName":"search_term_string"}}],"inLanguage":"pt-BR"},{"@type":"Person","@id":"https:\/\/www.gaveanews.com\/#\/schema\/person\/daf63eec72e1164eb13dc35096c2b8da","name":"Paula Silva","image":{"@type":"ImageObject","inLanguage":"pt-BR","@id":"https:\/\/www.gaveanews.com\/#\/schema\/person\/image\/","url":"https:\/\/secure.gravatar.com\/avatar\/eda381c845527cc5d64c13b901833cda29d97500ba040d3e6461f76f51d163bb?s=96&d=mm&r=g","contentUrl":"https:\/\/secure.gravatar.com\/avatar\/eda381c845527cc5d64c13b901833cda29d97500ba040d3e6461f76f51d163bb?s=96&d=mm&r=g","caption":"Paula Silva"}}]}},"_links":{"self":[{"href":"https:\/\/www.gaveanews.com\/index.php\/wp-json\/wp\/v2\/posts\/155512","targetHints":{"allow":["GET"]}}],"collection":[{"href":"https:\/\/www.gaveanews.com\/index.php\/wp-json\/wp\/v2\/posts"}],"about":[{"href":"https:\/\/www.gaveanews.com\/index.php\/wp-json\/wp\/v2\/types\/post"}],"author":[{"embeddable":true,"href":"https:\/\/www.gaveanews.com\/index.php\/wp-json\/wp\/v2\/users\/18"}],"replies":[{"embeddable":true,"href":"https:\/\/www.gaveanews.com\/index.php\/wp-json\/wp\/v2\/comments?post=155512"}],"version-history":[{"count":1,"href":"https:\/\/www.gaveanews.com\/index.php\/wp-json\/wp\/v2\/posts\/155512\/revisions"}],"predecessor-version":[{"id":155515,"href":"https:\/\/www.gaveanews.com\/index.php\/wp-json\/wp\/v2\/posts\/155512\/revisions\/155515"}],"wp:featuredmedia":[{"embeddable":true,"href":"https:\/\/www.gaveanews.com\/index.php\/wp-json\/wp\/v2\/media\/155387"}],"wp:attachment":[{"href":"https:\/\/www.gaveanews.com\/index.php\/wp-json\/wp\/v2\/media?parent=155512"}],"wp:term":[{"taxonomy":"category","embeddable":true,"href":"https:\/\/www.gaveanews.com\/index.php\/wp-json\/wp\/v2\/categories?post=155512"},{"taxonomy":"post_tag","embeddable":true,"href":"https:\/\/www.gaveanews.com\/index.php\/wp-json\/wp\/v2\/tags?post=155512"}],"curies":[{"name":"wp","href":"https:\/\/api.w.org\/{rel}","templated":true}]}}