{"id":155521,"date":"2024-07-31T00:00:46","date_gmt":"2024-07-31T03:00:46","guid":{"rendered":"https:\/\/www.gaveanews.com\/?p=155521"},"modified":"2024-07-31T00:00:48","modified_gmt":"2024-07-31T03:00:48","slug":"a-declaracao-de-calleri-sobre-james-rodriguez","status":"publish","type":"post","link":"https:\/\/www.gaveanews.com\/index.php\/2024\/07\/31\/a-declaracao-de-calleri-sobre-james-rodriguez\/","title":{"rendered":"A declara\u00e7\u00e3o de Calleri sobre James Rodriguez"},"content":{"rendered":"\n<h2 class=\"wp-block-heading\" id=\"h-o-argentino-ressaltou-a-importancia-de-ter-um-jogador-do-tamanho-da-grandeza-de-james\">O argentino ressaltou a import\u00e2ncia de ter um jogador do tamanho da grandeza de James <\/h2>\n\n\n\n<p>Nesta noite de ter\u00e7a-feira (30) , o S\u00e3o Paulo garantiu uma vit\u00f3ria important\u00edssima sobre o Goi\u00e1s no jogo de ida das oitavas de final da Copa do Brasil. Com gols de Luciano e Calleri, ambos marcados no segundo tempo, o time tricolor abriu uma vantagem confort\u00e1vel no confronto, vencendo por 2 a 0.<\/p>\n\n\n\n<p>A partida foi dominada pelos donos da casa, que passaram a maior parte do tempo no ataque. No entanto, o S\u00e3o Paulo encontrou dificuldades para superar a s\u00f3lida defesa goiana, conseguindo balan\u00e7ar as redes apenas na etapa final. O Goi\u00e1s jogou com dez jogadores desde os 34 minutos do primeiro tempo, ap\u00f3s a expuls\u00e3o de Marc\u00e3o, o que facilitou a press\u00e3o ofensiva dos paulistas.<\/p>\n\n\n\n<p>Al\u00e9m de comentar sobre a vit\u00f3ria, Calleri tamb\u00e9m aproveitou para ressaltar sua admira\u00e7\u00e3o por James Rodr\u00edguez e lamentar a sa\u00edda do jogador colombiano. O camisa 9 tamb\u00e9m falou da import\u00e2ncia de ter um jogador como James no time.  <\/p>\n\n\n\n<p>&#8220;Eu amo o James, como joga. Ele n\u00e3o conseguiu encaixar, foi uma pena ele n\u00e3o se encaixar, \u00e9 um dos melhores jogadores que j\u00e1 joguei. Uma pena ele ir embora, seria muito importante ter James Rodr\u00edguez no time para ganhar a Libertadores e a Copa do Brasil. Se o melhor era ele sair, \u00e9 uma pena,&#8221; disse Calleri.<\/p>\n\n\n\n<h2 class=\"wp-block-heading\" id=\"h-situacao-de-james-rodriguez\">Situa\u00e7\u00e3o de James Rodriguez <\/h2>\n\n\n\n<p>A expectativa \u00e9 que a assinatura de rescis\u00e3o saia ainda essa semana. James e S\u00e3o Paulo chegaram \u00e1 um acordo, onde o jogador abrir\u00e1 m\u00e3o de receber tudo o que o Tricolor deve. Ele deveria ter retornado ao S\u00e3o Paulo no dia 22, mas pediu para n\u00e3o se reapresentar enquanto negociava o fim de seu v\u00ednculo com o clube.<\/p>\n","protected":false},"excerpt":{"rendered":"<p>O argentino ressaltou a import\u00e2ncia de ter um jogador do tamanho da grandeza de James Nesta noite de ter\u00e7a-feira (30) , o S\u00e3o Paulo garantiu uma vit\u00f3ria important\u00edssima sobre o Goi\u00e1s no jogo de ida das oitavas de final da Copa do Brasil. Com gols de Luciano e Calleri, ambos marcados no segundo tempo, o [&hellip;]<\/p>\n","protected":false},"author":17,"featured_media":148324,"comment_status":"open","ping_status":"closed","sticky":false,"template":"","format":"standard","meta":{"footnotes":""},"categories":[151],"tags":[],"class_list":["post-155521","post","type-post","status-publish","format-standard","has-post-thumbnail","hentry","category-sao-paulo"],"yoast_head":"<!-- This site is optimized with the Yoast SEO Premium plugin v24.2 (Yoast SEO v26.9) - https:\/\/yoast.com\/product\/yoast-seo-premium-wordpress\/ -->\n<title>A declara\u00e7\u00e3o de Calleri sobre James Rodriguez<\/title>\n<meta name=\"robots\" content=\"index, follow, max-snippet:-1, max-image-preview:large, max-video-preview:-1\" \/>\n<link rel=\"canonical\" href=\"https:\/\/www.gaveanews.com\/index.php\/2024\/07\/31\/a-declaracao-de-calleri-sobre-james-rodriguez\/\" \/>\n<meta property=\"og:locale\" content=\"pt_BR\" \/>\n<meta property=\"og:type\" content=\"article\" \/>\n<meta property=\"og:title\" content=\"A declara\u00e7\u00e3o de Calleri sobre James Rodriguez\" \/>\n<meta property=\"og:description\" content=\"O argentino ressaltou a import\u00e2ncia de ter um jogador do tamanho da grandeza de James Nesta noite de ter\u00e7a-feira (30) , o S\u00e3o Paulo garantiu uma vit\u00f3ria important\u00edssima sobre o Goi\u00e1s no jogo de ida das oitavas de final da Copa do Brasil. Com gols de Luciano e Calleri, ambos marcados no segundo tempo, o [&hellip;]\" \/>\n<meta property=\"og:url\" content=\"https:\/\/www.gaveanews.com\/index.php\/2024\/07\/31\/a-declaracao-de-calleri-sobre-james-rodriguez\/\" \/>\n<meta property=\"og:site_name\" content=\"G\u00e1vea News\" \/>\n<meta property=\"article:publisher\" content=\"https:\/\/facebook.com\/gaveaNews\/\" \/>\n<meta property=\"article:published_time\" content=\"2024-07-31T03:00:46+00:00\" \/>\n<meta property=\"article:modified_time\" content=\"2024-07-31T03:00:48+00:00\" \/>\n<meta property=\"og:image\" content=\"https:\/\/www.gaveanews.com\/wp-content\/uploads\/Jonathan-Calleri-em-acao-pelo-Sao-Paulo.webp\" \/>\n\t<meta property=\"og:image:width\" content=\"1080\" \/>\n\t<meta property=\"og:image:height\" content=\"1346\" \/>\n\t<meta property=\"og:image:type\" content=\"image\/jpeg\" \/>\n<meta name=\"author\" content=\"Geovanna Thomaz\" \/>\n<meta name=\"twitter:card\" content=\"summary_large_image\" \/>\n<meta name=\"twitter:label1\" content=\"Escrito por\" \/>\n\t<meta name=\"twitter:data1\" content=\"Geovanna Thomaz\" \/>\n\t<meta name=\"twitter:label2\" content=\"Est. tempo de leitura\" \/>\n\t<meta name=\"twitter:data2\" content=\"2 minutos\" \/>\n<script type=\"application\/ld+json\" class=\"yoast-schema-graph\">{\"@context\":\"https:\/\/schema.org\",\"@graph\":[{\"@type\":\"NewsArticle\",\"@id\":\"https:\/\/www.gaveanews.com\/index.php\/2024\/07\/31\/a-declaracao-de-calleri-sobre-james-rodriguez\/#article\",\"isPartOf\":{\"@id\":\"https:\/\/www.gaveanews.com\/index.php\/2024\/07\/31\/a-declaracao-de-calleri-sobre-james-rodriguez\/\"},\"author\":{\"name\":\"Geovanna Thomaz\",\"@id\":\"https:\/\/www.gaveanews.com\/#\/schema\/person\/f42654babcd2b2014a1a65af82b081f1\"},\"headline\":\"A declara\u00e7\u00e3o de Calleri sobre James Rodriguez\",\"datePublished\":\"2024-07-31T03:00:46+00:00\",\"dateModified\":\"2024-07-31T03:00:48+00:00\",\"mainEntityOfPage\":{\"@id\":\"https:\/\/www.gaveanews.com\/index.php\/2024\/07\/31\/a-declaracao-de-calleri-sobre-james-rodriguez\/\"},\"wordCount\":321,\"commentCount\":0,\"image\":{\"@id\":\"https:\/\/www.gaveanews.com\/index.php\/2024\/07\/31\/a-declaracao-de-calleri-sobre-james-rodriguez\/#primaryimage\"},\"thumbnailUrl\":\"https:\/\/www.gaveanews.com\/wp-content\/uploads\/Jonathan-Calleri-em-acao-pelo-Sao-Paulo.webp\",\"articleSection\":[\"S\u00e3o Paulo\"],\"inLanguage\":\"pt-BR\",\"potentialAction\":[{\"@type\":\"CommentAction\",\"name\":\"Comment\",\"target\":[\"https:\/\/www.gaveanews.com\/index.php\/2024\/07\/31\/a-declaracao-de-calleri-sobre-james-rodriguez\/#respond\"]}],\"copyrightYear\":\"2024\",\"copyrightHolder\":{\"@id\":\"https:\/\/www.gaveanews.com\/#organization\"}},{\"@type\":\"WebPage\",\"@id\":\"https:\/\/www.gaveanews.com\/index.php\/2024\/07\/31\/a-declaracao-de-calleri-sobre-james-rodriguez\/\",\"url\":\"https:\/\/www.gaveanews.com\/index.php\/2024\/07\/31\/a-declaracao-de-calleri-sobre-james-rodriguez\/\",\"name\":\"A declara\u00e7\u00e3o de Calleri sobre James Rodriguez\",\"isPartOf\":{\"@id\":\"https:\/\/www.gaveanews.com\/#website\"},\"primaryImageOfPage\":{\"@id\":\"https:\/\/www.gaveanews.com\/index.php\/2024\/07\/31\/a-declaracao-de-calleri-sobre-james-rodriguez\/#primaryimage\"},\"image\":{\"@id\":\"https:\/\/www.gaveanews.com\/index.php\/2024\/07\/31\/a-declaracao-de-calleri-sobre-james-rodriguez\/#primaryimage\"},\"thumbnailUrl\":\"https:\/\/www.gaveanews.com\/wp-content\/uploads\/Jonathan-Calleri-em-acao-pelo-Sao-Paulo.webp\",\"datePublished\":\"2024-07-31T03:00:46+00:00\",\"dateModified\":\"2024-07-31T03:00:48+00:00\",\"author\":{\"@id\":\"https:\/\/www.gaveanews.com\/#\/schema\/person\/f42654babcd2b2014a1a65af82b081f1\"},\"breadcrumb\":{\"@id\":\"https:\/\/www.gaveanews.com\/index.php\/2024\/07\/31\/a-declaracao-de-calleri-sobre-james-rodriguez\/#breadcrumb\"},\"inLanguage\":\"pt-BR\",\"potentialAction\":[{\"@type\":\"ReadAction\",\"target\":[\"https:\/\/www.gaveanews.com\/index.php\/2024\/07\/31\/a-declaracao-de-calleri-sobre-james-rodriguez\/\"]}]},{\"@type\":\"ImageObject\",\"inLanguage\":\"pt-BR\",\"@id\":\"https:\/\/www.gaveanews.com\/index.php\/2024\/07\/31\/a-declaracao-de-calleri-sobre-james-rodriguez\/#primaryimage\",\"url\":\"https:\/\/www.gaveanews.com\/wp-content\/uploads\/Jonathan-Calleri-em-acao-pelo-Sao-Paulo.webp\",\"contentUrl\":\"https:\/\/www.gaveanews.com\/wp-content\/uploads\/Jonathan-Calleri-em-acao-pelo-Sao-Paulo.webp\",\"width\":1080,\"height\":1346,\"caption\":\"Jonathan Calleri em a\u00e7\u00e3o pelo S\u00e3o Paulo (Foto: Reprodu\u00e7\u00e3o\/Instagram)\"},{\"@type\":\"BreadcrumbList\",\"@id\":\"https:\/\/www.gaveanews.com\/index.php\/2024\/07\/31\/a-declaracao-de-calleri-sobre-james-rodriguez\/#breadcrumb\",\"itemListElement\":[{\"@type\":\"ListItem\",\"position\":1,\"name\":\"Home\",\"item\":\"https:\/\/www.gaveanews.com\/\"},{\"@type\":\"ListItem\",\"position\":2,\"name\":\"A declara\u00e7\u00e3o de Calleri sobre James Rodriguez\"}]},{\"@type\":\"WebSite\",\"@id\":\"https:\/\/www.gaveanews.com\/#website\",\"url\":\"https:\/\/www.gaveanews.com\/\",\"name\":\"G\u00e1vea News\",\"description\":\"Veja todas as not\u00edcias sobre o Flamengo: Contrata\u00e7\u00f5es, categorias de base, resultados das partidas, tabela de classifica\u00e7\u00e3o, pr\u00f3ximos jogos!\",\"potentialAction\":[{\"@type\":\"SearchAction\",\"target\":{\"@type\":\"EntryPoint\",\"urlTemplate\":\"https:\/\/www.gaveanews.com\/?s={search_term_string}\"},\"query-input\":{\"@type\":\"PropertyValueSpecification\",\"valueRequired\":true,\"valueName\":\"search_term_string\"}}],\"inLanguage\":\"pt-BR\"},{\"@type\":\"Person\",\"@id\":\"https:\/\/www.gaveanews.com\/#\/schema\/person\/f42654babcd2b2014a1a65af82b081f1\",\"name\":\"Geovanna Thomaz\",\"image\":{\"@type\":\"ImageObject\",\"inLanguage\":\"pt-BR\",\"@id\":\"https:\/\/www.gaveanews.com\/#\/schema\/person\/image\/\",\"url\":\"https:\/\/secure.gravatar.com\/avatar\/4092073255489533afb558984b49b64268c47198af8623cc82a925ae9fb7118a?s=96&d=mm&r=g\",\"contentUrl\":\"https:\/\/secure.gravatar.com\/avatar\/4092073255489533afb558984b49b64268c47198af8623cc82a925ae9fb7118a?s=96&d=mm&r=g\",\"caption\":\"Geovanna Thomaz\"}}]}<\/script>\n<!-- \/ Yoast SEO Premium plugin. -->","yoast_head_json":{"title":"A declara\u00e7\u00e3o de Calleri sobre James Rodriguez","robots":{"index":"index","follow":"follow","max-snippet":"max-snippet:-1","max-image-preview":"max-image-preview:large","max-video-preview":"max-video-preview:-1"},"canonical":"https:\/\/www.gaveanews.com\/index.php\/2024\/07\/31\/a-declaracao-de-calleri-sobre-james-rodriguez\/","og_locale":"pt_BR","og_type":"article","og_title":"A declara\u00e7\u00e3o de Calleri sobre James Rodriguez","og_description":"O argentino ressaltou a import\u00e2ncia de ter um jogador do tamanho da grandeza de James Nesta noite de ter\u00e7a-feira (30) , o S\u00e3o Paulo garantiu uma vit\u00f3ria important\u00edssima sobre o Goi\u00e1s no jogo de ida das oitavas de final da Copa do Brasil. Com gols de Luciano e Calleri, ambos marcados no segundo tempo, o [&hellip;]","og_url":"https:\/\/www.gaveanews.com\/index.php\/2024\/07\/31\/a-declaracao-de-calleri-sobre-james-rodriguez\/","og_site_name":"G\u00e1vea News","article_publisher":"https:\/\/facebook.com\/gaveaNews\/","article_published_time":"2024-07-31T03:00:46+00:00","article_modified_time":"2024-07-31T03:00:48+00:00","og_image":[{"width":1080,"height":1346,"url":"https:\/\/www.gaveanews.com\/wp-content\/uploads\/Jonathan-Calleri-em-acao-pelo-Sao-Paulo.webp","type":"image\/jpeg"}],"author":"Geovanna Thomaz","twitter_card":"summary_large_image","twitter_misc":{"Escrito por":"Geovanna Thomaz","Est. tempo de leitura":"2 minutos"},"schema":{"@context":"https:\/\/schema.org","@graph":[{"@type":"NewsArticle","@id":"https:\/\/www.gaveanews.com\/index.php\/2024\/07\/31\/a-declaracao-de-calleri-sobre-james-rodriguez\/#article","isPartOf":{"@id":"https:\/\/www.gaveanews.com\/index.php\/2024\/07\/31\/a-declaracao-de-calleri-sobre-james-rodriguez\/"},"author":{"name":"Geovanna Thomaz","@id":"https:\/\/www.gaveanews.com\/#\/schema\/person\/f42654babcd2b2014a1a65af82b081f1"},"headline":"A declara\u00e7\u00e3o de Calleri sobre James Rodriguez","datePublished":"2024-07-31T03:00:46+00:00","dateModified":"2024-07-31T03:00:48+00:00","mainEntityOfPage":{"@id":"https:\/\/www.gaveanews.com\/index.php\/2024\/07\/31\/a-declaracao-de-calleri-sobre-james-rodriguez\/"},"wordCount":321,"commentCount":0,"image":{"@id":"https:\/\/www.gaveanews.com\/index.php\/2024\/07\/31\/a-declaracao-de-calleri-sobre-james-rodriguez\/#primaryimage"},"thumbnailUrl":"https:\/\/www.gaveanews.com\/wp-content\/uploads\/Jonathan-Calleri-em-acao-pelo-Sao-Paulo.webp","articleSection":["S\u00e3o Paulo"],"inLanguage":"pt-BR","potentialAction":[{"@type":"CommentAction","name":"Comment","target":["https:\/\/www.gaveanews.com\/index.php\/2024\/07\/31\/a-declaracao-de-calleri-sobre-james-rodriguez\/#respond"]}],"copyrightYear":"2024","copyrightHolder":{"@id":"https:\/\/www.gaveanews.com\/#organization"}},{"@type":"WebPage","@id":"https:\/\/www.gaveanews.com\/index.php\/2024\/07\/31\/a-declaracao-de-calleri-sobre-james-rodriguez\/","url":"https:\/\/www.gaveanews.com\/index.php\/2024\/07\/31\/a-declaracao-de-calleri-sobre-james-rodriguez\/","name":"A declara\u00e7\u00e3o de Calleri sobre James Rodriguez","isPartOf":{"@id":"https:\/\/www.gaveanews.com\/#website"},"primaryImageOfPage":{"@id":"https:\/\/www.gaveanews.com\/index.php\/2024\/07\/31\/a-declaracao-de-calleri-sobre-james-rodriguez\/#primaryimage"},"image":{"@id":"https:\/\/www.gaveanews.com\/index.php\/2024\/07\/31\/a-declaracao-de-calleri-sobre-james-rodriguez\/#primaryimage"},"thumbnailUrl":"https:\/\/www.gaveanews.com\/wp-content\/uploads\/Jonathan-Calleri-em-acao-pelo-Sao-Paulo.webp","datePublished":"2024-07-31T03:00:46+00:00","dateModified":"2024-07-31T03:00:48+00:00","author":{"@id":"https:\/\/www.gaveanews.com\/#\/schema\/person\/f42654babcd2b2014a1a65af82b081f1"},"breadcrumb":{"@id":"https:\/\/www.gaveanews.com\/index.php\/2024\/07\/31\/a-declaracao-de-calleri-sobre-james-rodriguez\/#breadcrumb"},"inLanguage":"pt-BR","potentialAction":[{"@type":"ReadAction","target":["https:\/\/www.gaveanews.com\/index.php\/2024\/07\/31\/a-declaracao-de-calleri-sobre-james-rodriguez\/"]}]},{"@type":"ImageObject","inLanguage":"pt-BR","@id":"https:\/\/www.gaveanews.com\/index.php\/2024\/07\/31\/a-declaracao-de-calleri-sobre-james-rodriguez\/#primaryimage","url":"https:\/\/www.gaveanews.com\/wp-content\/uploads\/Jonathan-Calleri-em-acao-pelo-Sao-Paulo.webp","contentUrl":"https:\/\/www.gaveanews.com\/wp-content\/uploads\/Jonathan-Calleri-em-acao-pelo-Sao-Paulo.webp","width":1080,"height":1346,"caption":"Jonathan Calleri em a\u00e7\u00e3o pelo S\u00e3o Paulo (Foto: Reprodu\u00e7\u00e3o\/Instagram)"},{"@type":"BreadcrumbList","@id":"https:\/\/www.gaveanews.com\/index.php\/2024\/07\/31\/a-declaracao-de-calleri-sobre-james-rodriguez\/#breadcrumb","itemListElement":[{"@type":"ListItem","position":1,"name":"Home","item":"https:\/\/www.gaveanews.com\/"},{"@type":"ListItem","position":2,"name":"A declara\u00e7\u00e3o de Calleri sobre James Rodriguez"}]},{"@type":"WebSite","@id":"https:\/\/www.gaveanews.com\/#website","url":"https:\/\/www.gaveanews.com\/","name":"G\u00e1vea News","description":"Veja todas as not\u00edcias sobre o Flamengo: Contrata\u00e7\u00f5es, categorias de base, resultados das partidas, tabela de classifica\u00e7\u00e3o, pr\u00f3ximos jogos!","potentialAction":[{"@type":"SearchAction","target":{"@type":"EntryPoint","urlTemplate":"https:\/\/www.gaveanews.com\/?s={search_term_string}"},"query-input":{"@type":"PropertyValueSpecification","valueRequired":true,"valueName":"search_term_string"}}],"inLanguage":"pt-BR"},{"@type":"Person","@id":"https:\/\/www.gaveanews.com\/#\/schema\/person\/f42654babcd2b2014a1a65af82b081f1","name":"Geovanna Thomaz","image":{"@type":"ImageObject","inLanguage":"pt-BR","@id":"https:\/\/www.gaveanews.com\/#\/schema\/person\/image\/","url":"https:\/\/secure.gravatar.com\/avatar\/4092073255489533afb558984b49b64268c47198af8623cc82a925ae9fb7118a?s=96&d=mm&r=g","contentUrl":"https:\/\/secure.gravatar.com\/avatar\/4092073255489533afb558984b49b64268c47198af8623cc82a925ae9fb7118a?s=96&d=mm&r=g","caption":"Geovanna Thomaz"}}]}},"_links":{"self":[{"href":"https:\/\/www.gaveanews.com\/index.php\/wp-json\/wp\/v2\/posts\/155521","targetHints":{"allow":["GET"]}}],"collection":[{"href":"https:\/\/www.gaveanews.com\/index.php\/wp-json\/wp\/v2\/posts"}],"about":[{"href":"https:\/\/www.gaveanews.com\/index.php\/wp-json\/wp\/v2\/types\/post"}],"author":[{"embeddable":true,"href":"https:\/\/www.gaveanews.com\/index.php\/wp-json\/wp\/v2\/users\/17"}],"replies":[{"embeddable":true,"href":"https:\/\/www.gaveanews.com\/index.php\/wp-json\/wp\/v2\/comments?post=155521"}],"version-history":[{"count":1,"href":"https:\/\/www.gaveanews.com\/index.php\/wp-json\/wp\/v2\/posts\/155521\/revisions"}],"predecessor-version":[{"id":155525,"href":"https:\/\/www.gaveanews.com\/index.php\/wp-json\/wp\/v2\/posts\/155521\/revisions\/155525"}],"wp:featuredmedia":[{"embeddable":true,"href":"https:\/\/www.gaveanews.com\/index.php\/wp-json\/wp\/v2\/media\/148324"}],"wp:attachment":[{"href":"https:\/\/www.gaveanews.com\/index.php\/wp-json\/wp\/v2\/media?parent=155521"}],"wp:term":[{"taxonomy":"category","embeddable":true,"href":"https:\/\/www.gaveanews.com\/index.php\/wp-json\/wp\/v2\/categories?post=155521"},{"taxonomy":"post_tag","embeddable":true,"href":"https:\/\/www.gaveanews.com\/index.php\/wp-json\/wp\/v2\/tags?post=155521"}],"curies":[{"name":"wp","href":"https:\/\/api.w.org\/{rel}","templated":true}]}}