{"id":155550,"date":"2024-07-31T12:53:21","date_gmt":"2024-07-31T15:53:21","guid":{"rendered":"https:\/\/www.gaveanews.com\/?p=155550"},"modified":"2024-07-31T12:53:23","modified_gmt":"2024-07-31T15:53:23","slug":"oficial-mbappe-compra-clube-na-franca-por-valor-astronomico","status":"publish","type":"post","link":"https:\/\/www.gaveanews.com\/index.php\/2024\/07\/31\/oficial-mbappe-compra-clube-na-franca-por-valor-astronomico\/","title":{"rendered":"Oficial: Mbapp\u00e9 compra clube na Fran\u00e7a por valor astron\u00f4mico"},"content":{"rendered":"\n<p>Mbapp\u00e9 est\u00e1 recebendo um valor multimilion\u00e1rio no Real Madrid e vai come\u00e7ar a temporada podendo conquistar seu primeiro t\u00edtulo oficial Europeu, caso consiga vencer o Atalanta na Supercopa da UEFA, quando abre a temporada da equipe espanhola.<\/p>\n\n\n\n<p>Fora das quatro linhas, o Mbapp\u00e9 tem feito alguns neg\u00f3cios no seu pa\u00eds natal, a Fran\u00e7a, e investiu em um clube das categorias mais baixas para conseguir fazer com que ele cres\u00e7a e converta em mais dinheiro ao jogador.<\/p>\n\n\n\n<ul class=\"wp-block-list\">\n<li><a href=\"https:\/\/www.gaveanews.com\/index.php\/2024\/07\/29\/raphael-varane-ex-manchester-united-e-real-madrid-tem-novo-clube\/\">Raph\u00e4el Varane, ex-Manchester United e Real Madrid, tem novo clube<\/a><\/li>\n\n\n\n<li><a href=\"https:\/\/www.gaveanews.com\/index.php\/2024\/07\/26\/chelsea-e-real-madrid-podem-realizar-troca\/\">Chelsea e Real Madrid podem realizar troca<\/a><\/li>\n<\/ul>\n\n\n\n<p>Segundo informa\u00e7\u00f5es do GE, o &#8216;Coalition Capital&#8217; \u00e9 um fundo de investimentos administrado pela fam\u00edlia de Mbapp\u00e9 oficializou a compra do Caen, equipe que atualmente est\u00e1 na segunda divis\u00e3o francesa. O an\u00fancio foi feito pelo pr\u00f3prio clube franc\u00eas nas redes sociais.<\/p>\n\n\n\n<p>Fayza Lamari, m\u00e3e de Mbapp\u00e9, \u00e9 quem comanda os investimentos do clube e ela gerencia carreiras esportivas, uma funda\u00e7\u00e3o e publicidade. O Caen foi a equipe em que Kant\u00e9, um dos melhores volantes do futebol e parceiro de Mbapp\u00e9 na sele\u00e7\u00e3o francesa, ganhou destaque no futebol.<\/p>\n\n\n\n<p>A equipe \u00e9 a primeira compra da fam\u00edlia, que gerencia as carreiras de Kylian e Ethan Mbapp\u00e9 e de outros atletas do futebol. A empresa investiu cerca de 91 milh\u00f5es de reais para o investimento e conseguiu a maior parte das a\u00e7\u00f5es do clube.<\/p>\n\n\n\n<p>O Caen pertencia ao Oaktree, grupo americano dono da Inter de Mil\u00e3o. A empresa deixou o comando do clube para novos investidores. O Caen ficou em 6\u00ba na Ligue 2 da Fran\u00e7a na \u00faltima temporada. Kant\u00e9 defendeu a equipe entre 2013 e 2015 em 81 jogos com 6 gols.<\/p>\n\n\n\n<h2 class=\"wp-block-heading\" id=\"h-quando-comeca-a-temporada-de-mbappe\">Quando come\u00e7a a temporada de Mbapp\u00e9?<\/h2>\n\n\n\n<p>O Real Madrid est\u00e1 participando de uma s\u00e9rie de amistosos preparat\u00f3rios para a temporada europeia que come\u00e7a na Supercopa da UEFA contra o Atlanta no dia 14 de agosto \u00e0s 16 horas no hor\u00e1rio de Bras\u00edlia.<\/p>\n","protected":false},"excerpt":{"rendered":"<p>Mbapp\u00e9 est\u00e1 recebendo um valor multimilion\u00e1rio no Real Madrid e vai come\u00e7ar a temporada podendo conquistar seu primeiro t\u00edtulo oficial Europeu, caso consiga vencer o Atalanta na Supercopa da UEFA, quando abre a temporada da equipe espanhola. Fora das quatro linhas, o Mbapp\u00e9 tem feito alguns neg\u00f3cios no seu pa\u00eds natal, a Fran\u00e7a, e investiu [&hellip;]<\/p>\n","protected":false},"author":19,"featured_media":127936,"comment_status":"open","ping_status":"closed","sticky":false,"template":"","format":"standard","meta":{"footnotes":""},"categories":[88],"tags":[],"class_list":["post-155550","post","type-post","status-publish","format-standard","has-post-thumbnail","hentry","category-real-madrid"],"yoast_head":"<!-- This site is optimized with the Yoast SEO Premium plugin v24.2 (Yoast SEO v26.9) - https:\/\/yoast.com\/product\/yoast-seo-premium-wordpress\/ -->\n<title>Oficial: Mbapp\u00e9 compra clube na Fran\u00e7a por valor astron\u00f4mico<\/title>\n<meta name=\"robots\" content=\"index, follow, max-snippet:-1, max-image-preview:large, max-video-preview:-1\" \/>\n<link rel=\"canonical\" href=\"https:\/\/www.gaveanews.com\/index.php\/2024\/07\/31\/oficial-mbappe-compra-clube-na-franca-por-valor-astronomico\/\" \/>\n<meta property=\"og:locale\" content=\"pt_BR\" \/>\n<meta property=\"og:type\" content=\"article\" \/>\n<meta property=\"og:title\" content=\"Oficial: Mbapp\u00e9 compra clube na Fran\u00e7a por valor astron\u00f4mico\" \/>\n<meta property=\"og:description\" content=\"Mbapp\u00e9 est\u00e1 recebendo um valor multimilion\u00e1rio no Real Madrid e vai come\u00e7ar a temporada podendo conquistar seu primeiro t\u00edtulo oficial Europeu, caso consiga vencer o Atalanta na Supercopa da UEFA, quando abre a temporada da equipe espanhola. Fora das quatro linhas, o Mbapp\u00e9 tem feito alguns neg\u00f3cios no seu pa\u00eds natal, a Fran\u00e7a, e investiu [&hellip;]\" \/>\n<meta property=\"og:url\" content=\"https:\/\/www.gaveanews.com\/index.php\/2024\/07\/31\/oficial-mbappe-compra-clube-na-franca-por-valor-astronomico\/\" \/>\n<meta property=\"og:site_name\" content=\"G\u00e1vea News\" \/>\n<meta property=\"article:publisher\" content=\"https:\/\/facebook.com\/gaveaNews\/\" \/>\n<meta property=\"article:published_time\" content=\"2024-07-31T15:53:21+00:00\" \/>\n<meta property=\"article:modified_time\" content=\"2024-07-31T15:53:23+00:00\" \/>\n<meta property=\"og:image\" content=\"https:\/\/www.gaveanews.com\/wp-content\/uploads\/k.mbappe_1708474514717.webp\" \/>\n\t<meta property=\"og:image:width\" content=\"1222\" \/>\n\t<meta property=\"og:image:height\" content=\"815\" \/>\n\t<meta property=\"og:image:type\" content=\"image\/webp\" \/>\n<meta name=\"author\" content=\"Bruno Zanchetta\" \/>\n<meta name=\"twitter:card\" content=\"summary_large_image\" \/>\n<meta name=\"twitter:label1\" content=\"Escrito por\" \/>\n\t<meta name=\"twitter:data1\" content=\"Bruno Zanchetta\" \/>\n\t<meta name=\"twitter:label2\" content=\"Est. tempo de leitura\" \/>\n\t<meta name=\"twitter:data2\" content=\"2 minutos\" \/>\n<script type=\"application\/ld+json\" class=\"yoast-schema-graph\">{\"@context\":\"https:\/\/schema.org\",\"@graph\":[{\"@type\":\"NewsArticle\",\"@id\":\"https:\/\/www.gaveanews.com\/index.php\/2024\/07\/31\/oficial-mbappe-compra-clube-na-franca-por-valor-astronomico\/#article\",\"isPartOf\":{\"@id\":\"https:\/\/www.gaveanews.com\/index.php\/2024\/07\/31\/oficial-mbappe-compra-clube-na-franca-por-valor-astronomico\/\"},\"author\":{\"name\":\"Bruno Zanchetta\",\"@id\":\"https:\/\/www.gaveanews.com\/#\/schema\/person\/32fddefab25b466689f181be346cd98c\"},\"headline\":\"Oficial: Mbapp\u00e9 compra clube na Fran\u00e7a por valor astron\u00f4mico\",\"datePublished\":\"2024-07-31T15:53:21+00:00\",\"dateModified\":\"2024-07-31T15:53:23+00:00\",\"mainEntityOfPage\":{\"@id\":\"https:\/\/www.gaveanews.com\/index.php\/2024\/07\/31\/oficial-mbappe-compra-clube-na-franca-por-valor-astronomico\/\"},\"wordCount\":342,\"commentCount\":0,\"image\":{\"@id\":\"https:\/\/www.gaveanews.com\/index.php\/2024\/07\/31\/oficial-mbappe-compra-clube-na-franca-por-valor-astronomico\/#primaryimage\"},\"thumbnailUrl\":\"https:\/\/www.gaveanews.com\/wp-content\/uploads\/k.mbappe_1708474514717.webp\",\"articleSection\":[\"Real Madrid\"],\"inLanguage\":\"pt-BR\",\"potentialAction\":[{\"@type\":\"CommentAction\",\"name\":\"Comment\",\"target\":[\"https:\/\/www.gaveanews.com\/index.php\/2024\/07\/31\/oficial-mbappe-compra-clube-na-franca-por-valor-astronomico\/#respond\"]}],\"copyrightYear\":\"2024\",\"copyrightHolder\":{\"@id\":\"https:\/\/www.gaveanews.com\/#organization\"}},{\"@type\":\"WebPage\",\"@id\":\"https:\/\/www.gaveanews.com\/index.php\/2024\/07\/31\/oficial-mbappe-compra-clube-na-franca-por-valor-astronomico\/\",\"url\":\"https:\/\/www.gaveanews.com\/index.php\/2024\/07\/31\/oficial-mbappe-compra-clube-na-franca-por-valor-astronomico\/\",\"name\":\"Oficial: Mbapp\u00e9 compra clube na Fran\u00e7a por valor astron\u00f4mico\",\"isPartOf\":{\"@id\":\"https:\/\/www.gaveanews.com\/#website\"},\"primaryImageOfPage\":{\"@id\":\"https:\/\/www.gaveanews.com\/index.php\/2024\/07\/31\/oficial-mbappe-compra-clube-na-franca-por-valor-astronomico\/#primaryimage\"},\"image\":{\"@id\":\"https:\/\/www.gaveanews.com\/index.php\/2024\/07\/31\/oficial-mbappe-compra-clube-na-franca-por-valor-astronomico\/#primaryimage\"},\"thumbnailUrl\":\"https:\/\/www.gaveanews.com\/wp-content\/uploads\/k.mbappe_1708474514717.webp\",\"datePublished\":\"2024-07-31T15:53:21+00:00\",\"dateModified\":\"2024-07-31T15:53:23+00:00\",\"author\":{\"@id\":\"https:\/\/www.gaveanews.com\/#\/schema\/person\/32fddefab25b466689f181be346cd98c\"},\"breadcrumb\":{\"@id\":\"https:\/\/www.gaveanews.com\/index.php\/2024\/07\/31\/oficial-mbappe-compra-clube-na-franca-por-valor-astronomico\/#breadcrumb\"},\"inLanguage\":\"pt-BR\",\"potentialAction\":[{\"@type\":\"ReadAction\",\"target\":[\"https:\/\/www.gaveanews.com\/index.php\/2024\/07\/31\/oficial-mbappe-compra-clube-na-franca-por-valor-astronomico\/\"]}]},{\"@type\":\"ImageObject\",\"inLanguage\":\"pt-BR\",\"@id\":\"https:\/\/www.gaveanews.com\/index.php\/2024\/07\/31\/oficial-mbappe-compra-clube-na-franca-por-valor-astronomico\/#primaryimage\",\"url\":\"https:\/\/www.gaveanews.com\/wp-content\/uploads\/k.mbappe_1708474514717.webp\",\"contentUrl\":\"https:\/\/www.gaveanews.com\/wp-content\/uploads\/k.mbappe_1708474514717.webp\",\"width\":1222,\"height\":815,\"caption\":\"Kylian Mbappe em a\u00e7\u00e3o pela sele\u00e7\u00e3o da Fran\u00e7a (Foto: Reprodu\u00e7\u00e3o\/Instagram)\"},{\"@type\":\"BreadcrumbList\",\"@id\":\"https:\/\/www.gaveanews.com\/index.php\/2024\/07\/31\/oficial-mbappe-compra-clube-na-franca-por-valor-astronomico\/#breadcrumb\",\"itemListElement\":[{\"@type\":\"ListItem\",\"position\":1,\"name\":\"Home\",\"item\":\"https:\/\/www.gaveanews.com\/\"},{\"@type\":\"ListItem\",\"position\":2,\"name\":\"Oficial: Mbapp\u00e9 compra clube na Fran\u00e7a por valor astron\u00f4mico\"}]},{\"@type\":\"WebSite\",\"@id\":\"https:\/\/www.gaveanews.com\/#website\",\"url\":\"https:\/\/www.gaveanews.com\/\",\"name\":\"G\u00e1vea News\",\"description\":\"Veja todas as not\u00edcias sobre o Flamengo: Contrata\u00e7\u00f5es, categorias de base, resultados das partidas, tabela de classifica\u00e7\u00e3o, pr\u00f3ximos jogos!\",\"potentialAction\":[{\"@type\":\"SearchAction\",\"target\":{\"@type\":\"EntryPoint\",\"urlTemplate\":\"https:\/\/www.gaveanews.com\/?s={search_term_string}\"},\"query-input\":{\"@type\":\"PropertyValueSpecification\",\"valueRequired\":true,\"valueName\":\"search_term_string\"}}],\"inLanguage\":\"pt-BR\"},{\"@type\":\"Person\",\"@id\":\"https:\/\/www.gaveanews.com\/#\/schema\/person\/32fddefab25b466689f181be346cd98c\",\"name\":\"Bruno Zanchetta\",\"image\":{\"@type\":\"ImageObject\",\"inLanguage\":\"pt-BR\",\"@id\":\"https:\/\/www.gaveanews.com\/#\/schema\/person\/image\/\",\"url\":\"https:\/\/secure.gravatar.com\/avatar\/3ba2d39f8a912ad65276975a996d6ad8d9e3dd13448684be8dc4d7c17099d2ee?s=96&d=mm&r=g\",\"contentUrl\":\"https:\/\/secure.gravatar.com\/avatar\/3ba2d39f8a912ad65276975a996d6ad8d9e3dd13448684be8dc4d7c17099d2ee?s=96&d=mm&r=g\",\"caption\":\"Bruno Zanchetta\"}}]}<\/script>\n<!-- \/ Yoast SEO Premium plugin. -->","yoast_head_json":{"title":"Oficial: Mbapp\u00e9 compra clube na Fran\u00e7a por valor astron\u00f4mico","robots":{"index":"index","follow":"follow","max-snippet":"max-snippet:-1","max-image-preview":"max-image-preview:large","max-video-preview":"max-video-preview:-1"},"canonical":"https:\/\/www.gaveanews.com\/index.php\/2024\/07\/31\/oficial-mbappe-compra-clube-na-franca-por-valor-astronomico\/","og_locale":"pt_BR","og_type":"article","og_title":"Oficial: Mbapp\u00e9 compra clube na Fran\u00e7a por valor astron\u00f4mico","og_description":"Mbapp\u00e9 est\u00e1 recebendo um valor multimilion\u00e1rio no Real Madrid e vai come\u00e7ar a temporada podendo conquistar seu primeiro t\u00edtulo oficial Europeu, caso consiga vencer o Atalanta na Supercopa da UEFA, quando abre a temporada da equipe espanhola. Fora das quatro linhas, o Mbapp\u00e9 tem feito alguns neg\u00f3cios no seu pa\u00eds natal, a Fran\u00e7a, e investiu [&hellip;]","og_url":"https:\/\/www.gaveanews.com\/index.php\/2024\/07\/31\/oficial-mbappe-compra-clube-na-franca-por-valor-astronomico\/","og_site_name":"G\u00e1vea News","article_publisher":"https:\/\/facebook.com\/gaveaNews\/","article_published_time":"2024-07-31T15:53:21+00:00","article_modified_time":"2024-07-31T15:53:23+00:00","og_image":[{"width":1222,"height":815,"url":"https:\/\/www.gaveanews.com\/wp-content\/uploads\/k.mbappe_1708474514717.webp","type":"image\/webp"}],"author":"Bruno Zanchetta","twitter_card":"summary_large_image","twitter_misc":{"Escrito por":"Bruno Zanchetta","Est. tempo de leitura":"2 minutos"},"schema":{"@context":"https:\/\/schema.org","@graph":[{"@type":"NewsArticle","@id":"https:\/\/www.gaveanews.com\/index.php\/2024\/07\/31\/oficial-mbappe-compra-clube-na-franca-por-valor-astronomico\/#article","isPartOf":{"@id":"https:\/\/www.gaveanews.com\/index.php\/2024\/07\/31\/oficial-mbappe-compra-clube-na-franca-por-valor-astronomico\/"},"author":{"name":"Bruno Zanchetta","@id":"https:\/\/www.gaveanews.com\/#\/schema\/person\/32fddefab25b466689f181be346cd98c"},"headline":"Oficial: Mbapp\u00e9 compra clube na Fran\u00e7a por valor astron\u00f4mico","datePublished":"2024-07-31T15:53:21+00:00","dateModified":"2024-07-31T15:53:23+00:00","mainEntityOfPage":{"@id":"https:\/\/www.gaveanews.com\/index.php\/2024\/07\/31\/oficial-mbappe-compra-clube-na-franca-por-valor-astronomico\/"},"wordCount":342,"commentCount":0,"image":{"@id":"https:\/\/www.gaveanews.com\/index.php\/2024\/07\/31\/oficial-mbappe-compra-clube-na-franca-por-valor-astronomico\/#primaryimage"},"thumbnailUrl":"https:\/\/www.gaveanews.com\/wp-content\/uploads\/k.mbappe_1708474514717.webp","articleSection":["Real Madrid"],"inLanguage":"pt-BR","potentialAction":[{"@type":"CommentAction","name":"Comment","target":["https:\/\/www.gaveanews.com\/index.php\/2024\/07\/31\/oficial-mbappe-compra-clube-na-franca-por-valor-astronomico\/#respond"]}],"copyrightYear":"2024","copyrightHolder":{"@id":"https:\/\/www.gaveanews.com\/#organization"}},{"@type":"WebPage","@id":"https:\/\/www.gaveanews.com\/index.php\/2024\/07\/31\/oficial-mbappe-compra-clube-na-franca-por-valor-astronomico\/","url":"https:\/\/www.gaveanews.com\/index.php\/2024\/07\/31\/oficial-mbappe-compra-clube-na-franca-por-valor-astronomico\/","name":"Oficial: Mbapp\u00e9 compra clube na Fran\u00e7a por valor astron\u00f4mico","isPartOf":{"@id":"https:\/\/www.gaveanews.com\/#website"},"primaryImageOfPage":{"@id":"https:\/\/www.gaveanews.com\/index.php\/2024\/07\/31\/oficial-mbappe-compra-clube-na-franca-por-valor-astronomico\/#primaryimage"},"image":{"@id":"https:\/\/www.gaveanews.com\/index.php\/2024\/07\/31\/oficial-mbappe-compra-clube-na-franca-por-valor-astronomico\/#primaryimage"},"thumbnailUrl":"https:\/\/www.gaveanews.com\/wp-content\/uploads\/k.mbappe_1708474514717.webp","datePublished":"2024-07-31T15:53:21+00:00","dateModified":"2024-07-31T15:53:23+00:00","author":{"@id":"https:\/\/www.gaveanews.com\/#\/schema\/person\/32fddefab25b466689f181be346cd98c"},"breadcrumb":{"@id":"https:\/\/www.gaveanews.com\/index.php\/2024\/07\/31\/oficial-mbappe-compra-clube-na-franca-por-valor-astronomico\/#breadcrumb"},"inLanguage":"pt-BR","potentialAction":[{"@type":"ReadAction","target":["https:\/\/www.gaveanews.com\/index.php\/2024\/07\/31\/oficial-mbappe-compra-clube-na-franca-por-valor-astronomico\/"]}]},{"@type":"ImageObject","inLanguage":"pt-BR","@id":"https:\/\/www.gaveanews.com\/index.php\/2024\/07\/31\/oficial-mbappe-compra-clube-na-franca-por-valor-astronomico\/#primaryimage","url":"https:\/\/www.gaveanews.com\/wp-content\/uploads\/k.mbappe_1708474514717.webp","contentUrl":"https:\/\/www.gaveanews.com\/wp-content\/uploads\/k.mbappe_1708474514717.webp","width":1222,"height":815,"caption":"Kylian Mbappe em a\u00e7\u00e3o pela sele\u00e7\u00e3o da Fran\u00e7a (Foto: Reprodu\u00e7\u00e3o\/Instagram)"},{"@type":"BreadcrumbList","@id":"https:\/\/www.gaveanews.com\/index.php\/2024\/07\/31\/oficial-mbappe-compra-clube-na-franca-por-valor-astronomico\/#breadcrumb","itemListElement":[{"@type":"ListItem","position":1,"name":"Home","item":"https:\/\/www.gaveanews.com\/"},{"@type":"ListItem","position":2,"name":"Oficial: Mbapp\u00e9 compra clube na Fran\u00e7a por valor astron\u00f4mico"}]},{"@type":"WebSite","@id":"https:\/\/www.gaveanews.com\/#website","url":"https:\/\/www.gaveanews.com\/","name":"G\u00e1vea News","description":"Veja todas as not\u00edcias sobre o Flamengo: Contrata\u00e7\u00f5es, categorias de base, resultados das partidas, tabela de classifica\u00e7\u00e3o, pr\u00f3ximos jogos!","potentialAction":[{"@type":"SearchAction","target":{"@type":"EntryPoint","urlTemplate":"https:\/\/www.gaveanews.com\/?s={search_term_string}"},"query-input":{"@type":"PropertyValueSpecification","valueRequired":true,"valueName":"search_term_string"}}],"inLanguage":"pt-BR"},{"@type":"Person","@id":"https:\/\/www.gaveanews.com\/#\/schema\/person\/32fddefab25b466689f181be346cd98c","name":"Bruno Zanchetta","image":{"@type":"ImageObject","inLanguage":"pt-BR","@id":"https:\/\/www.gaveanews.com\/#\/schema\/person\/image\/","url":"https:\/\/secure.gravatar.com\/avatar\/3ba2d39f8a912ad65276975a996d6ad8d9e3dd13448684be8dc4d7c17099d2ee?s=96&d=mm&r=g","contentUrl":"https:\/\/secure.gravatar.com\/avatar\/3ba2d39f8a912ad65276975a996d6ad8d9e3dd13448684be8dc4d7c17099d2ee?s=96&d=mm&r=g","caption":"Bruno Zanchetta"}}]}},"_links":{"self":[{"href":"https:\/\/www.gaveanews.com\/index.php\/wp-json\/wp\/v2\/posts\/155550","targetHints":{"allow":["GET"]}}],"collection":[{"href":"https:\/\/www.gaveanews.com\/index.php\/wp-json\/wp\/v2\/posts"}],"about":[{"href":"https:\/\/www.gaveanews.com\/index.php\/wp-json\/wp\/v2\/types\/post"}],"author":[{"embeddable":true,"href":"https:\/\/www.gaveanews.com\/index.php\/wp-json\/wp\/v2\/users\/19"}],"replies":[{"embeddable":true,"href":"https:\/\/www.gaveanews.com\/index.php\/wp-json\/wp\/v2\/comments?post=155550"}],"version-history":[{"count":1,"href":"https:\/\/www.gaveanews.com\/index.php\/wp-json\/wp\/v2\/posts\/155550\/revisions"}],"predecessor-version":[{"id":155551,"href":"https:\/\/www.gaveanews.com\/index.php\/wp-json\/wp\/v2\/posts\/155550\/revisions\/155551"}],"wp:featuredmedia":[{"embeddable":true,"href":"https:\/\/www.gaveanews.com\/index.php\/wp-json\/wp\/v2\/media\/127936"}],"wp:attachment":[{"href":"https:\/\/www.gaveanews.com\/index.php\/wp-json\/wp\/v2\/media?parent=155550"}],"wp:term":[{"taxonomy":"category","embeddable":true,"href":"https:\/\/www.gaveanews.com\/index.php\/wp-json\/wp\/v2\/categories?post=155550"},{"taxonomy":"post_tag","embeddable":true,"href":"https:\/\/www.gaveanews.com\/index.php\/wp-json\/wp\/v2\/tags?post=155550"}],"curies":[{"name":"wp","href":"https:\/\/api.w.org\/{rel}","templated":true}]}}