{"id":155685,"date":"2024-07-31T21:25:14","date_gmt":"2024-08-01T00:25:14","guid":{"rendered":"https:\/\/www.gaveanews.com\/?p=155685"},"modified":"2024-07-31T21:25:17","modified_gmt":"2024-08-01T00:25:17","slug":"a-declaracao-de-luis-zubeldia-apos-a-vitoria-do-sao-paulo-2","status":"publish","type":"post","link":"https:\/\/www.gaveanews.com\/index.php\/2024\/07\/31\/a-declaracao-de-luis-zubeldia-apos-a-vitoria-do-sao-paulo-2\/","title":{"rendered":"A declara\u00e7\u00e3o de Luis Zubeld\u00eda ap\u00f3s a vit\u00f3ria do S\u00e3o Paulo"},"content":{"rendered":"\n<h2 class=\"wp-block-heading\" id=\"h-sao-paulo-vence-o-goias-por-2-a-0-e-ganha-vantagem-na-copa-do-brasil\">S\u00e3o Paulo vence o Goi\u00e1s por 2 a 0 e ganha vantagem na Copa do Brasil<\/h2>\n\n\n\n<p>O S\u00e3o Paulo superou o Goi\u00e1s por 2 a 0 na noite de ter\u00e7a-feira, no Morumbi, no jogo de ida das oitavas de final da Copa do Brasil. Apesar da vit\u00f3ria, a equipe tricolor encontrou dificuldades para furar a retranca montada pelo advers\u00e1rio.<\/p>\n\n\n\n<p>O t\u00e9cnico Luis Zubeld\u00eda reconheceu que o S\u00e3o Paulo demorou a encontrar solu\u00e7\u00f5es para o jogo, com os gols surgindo apenas no segundo tempo, depois que o Goi\u00e1s ficou com um jogador a menos devido \u00e0 expuls\u00e3o de Marc\u00e3o. <\/p>\n\n\n\n<p>&#8220;O mais dif\u00edcil no futebol \u00e9 trabalhar sem espa\u00e7o, \u00e9 o mais dif\u00edcil. Sab\u00edamos da complexidade. Esse tipo de jogo \u00e9 o mais dif\u00edcil,&#8221; comentou o treinador argentino.<\/p>\n\n\n\n<h2 class=\"wp-block-heading\" id=\"h-mudancas-decisivas-no-segundo-tempo\">Mudan\u00e7as decisivas no segundo tempo<\/h2>\n\n\n\n<p>Uma das principais mudan\u00e7as feitas por Zubeld\u00eda foi a entrada de Erick no lugar de Bobadilla no segundo tempo. Em apenas dois minutos em campo, Erick contribuiu com um passe para Calleri, que resultou no gol de Luciano ap\u00f3s um rebote. <\/p>\n\n\n\n<p>&#8220;A entrada do Erick teve a ver com as solu\u00e7\u00f5es no espa\u00e7o curto, ele aberto pela direita poderia dar algum passe, driblar, atacar o pouco espa\u00e7o que havia, tudo o que aconteceu na jogada de gol. Um jogador que resolve no espa\u00e7o curto, a partida se apresentava para ele, por isso a mudan\u00e7a,&#8221; explicou Zubeld\u00eda.<\/p>\n\n\n\n<p>O t\u00e9cnico tamb\u00e9m destacou a import\u00e2ncia de certos atributos para superar uma equipe bem posicionada defensivamente. Ele mencionou Luiz Gustavo, que arriscou um chute de longa dist\u00e2ncia que resultou no segundo gol de Calleri ap\u00f3s outro rebote.<\/p>\n\n\n\n<p> &#8220;Quando falo de dificuldades antes uma equipe que marca bem em bloco baixo, tem que aparecer certos atributos que nem todas as equipes t\u00eam, como fez Luiz Gustavo, de chutar de meia dist\u00e2ncia,&#8221; afirmou.<\/p>\n\n\n\n<p>Zubeld\u00eda elogiou a equipe por encontrar alternativas para superar o bloqueio defensivo do Goi\u00e1s. <\/p>\n\n\n\n<p>&#8220;H\u00e1 alternativas para destravar um bloqueio baixo, o chute de fora \u00e9 um, a jogada por fora, a bola parada. O drible \u00e9 muito importante. O passe criativo. Tivemos o drible no primeiro gol, a contund\u00eancia tamb\u00e9m. S\u00e3o virtudes,&#8221; concluiu o treinador.<\/p>\n\n\n\n<p>Com a vit\u00f3ria, o S\u00e3o Paulo tem uma boa vantagem no confronto, podendo perder por at\u00e9 um gol de diferen\u00e7a na partida de volta e ainda assim se classificar. O jogo de volta contra o Goi\u00e1s est\u00e1 marcado para a pr\u00f3xima quinta-feira, \u00e0s 20h, em Goi\u00e2nia. Antes disso, o Tricolor enfrentar\u00e1 o Flamengo no s\u00e1bado, \u00e0s 21h30, em casa, pelo Brasileir\u00e3o.<\/p>\n","protected":false},"excerpt":{"rendered":"<p>S\u00e3o Paulo vence o Goi\u00e1s por 2 a 0 e ganha vantagem na Copa do Brasil O S\u00e3o Paulo superou o Goi\u00e1s por 2 a 0 na noite de ter\u00e7a-feira, no Morumbi, no jogo de ida das oitavas de final da Copa do Brasil. Apesar da vit\u00f3ria, a equipe tricolor encontrou dificuldades para furar a [&hellip;]<\/p>\n","protected":false},"author":17,"featured_media":155699,"comment_status":"open","ping_status":"closed","sticky":false,"template":"","format":"standard","meta":{"footnotes":""},"categories":[151],"tags":[],"class_list":["post-155685","post","type-post","status-publish","format-standard","has-post-thumbnail","hentry","category-sao-paulo"],"yoast_head":"<!-- This site is optimized with the Yoast SEO Premium plugin v24.2 (Yoast SEO v26.9) - https:\/\/yoast.com\/product\/yoast-seo-premium-wordpress\/ -->\n<title>A declara\u00e7\u00e3o de Luis Zubeld\u00eda ap\u00f3s a vit\u00f3ria do S\u00e3o Paulo<\/title>\n<meta name=\"robots\" content=\"index, follow, max-snippet:-1, max-image-preview:large, max-video-preview:-1\" \/>\n<link rel=\"canonical\" href=\"https:\/\/www.gaveanews.com\/index.php\/2024\/07\/31\/a-declaracao-de-luis-zubeldia-apos-a-vitoria-do-sao-paulo-2\/\" \/>\n<meta property=\"og:locale\" content=\"pt_BR\" \/>\n<meta property=\"og:type\" content=\"article\" \/>\n<meta property=\"og:title\" content=\"A declara\u00e7\u00e3o de Luis Zubeld\u00eda ap\u00f3s a vit\u00f3ria do S\u00e3o Paulo\" \/>\n<meta property=\"og:description\" content=\"S\u00e3o Paulo vence o Goi\u00e1s por 2 a 0 e ganha vantagem na Copa do Brasil O S\u00e3o Paulo superou o Goi\u00e1s por 2 a 0 na noite de ter\u00e7a-feira, no Morumbi, no jogo de ida das oitavas de final da Copa do Brasil. Apesar da vit\u00f3ria, a equipe tricolor encontrou dificuldades para furar a [&hellip;]\" \/>\n<meta property=\"og:url\" content=\"https:\/\/www.gaveanews.com\/index.php\/2024\/07\/31\/a-declaracao-de-luis-zubeldia-apos-a-vitoria-do-sao-paulo-2\/\" \/>\n<meta property=\"og:site_name\" content=\"G\u00e1vea News\" \/>\n<meta property=\"article:publisher\" content=\"https:\/\/facebook.com\/gaveaNews\/\" \/>\n<meta property=\"article:published_time\" content=\"2024-08-01T00:25:14+00:00\" \/>\n<meta property=\"article:modified_time\" content=\"2024-08-01T00:25:17+00:00\" \/>\n<meta property=\"og:image\" content=\"https:\/\/www.gaveanews.com\/wp-content\/uploads\/Luis-Francisco-Zubeldia-treinador-do-Sao-Paulo-durante-partida-da-Copa-do-Brasil-2024.webp\" \/>\n\t<meta property=\"og:image:width\" content=\"1333\" \/>\n\t<meta property=\"og:image:height\" content=\"889\" \/>\n\t<meta property=\"og:image:type\" content=\"image\/webp\" \/>\n<meta name=\"author\" content=\"Geovanna Thomaz\" \/>\n<meta name=\"twitter:card\" content=\"summary_large_image\" \/>\n<meta name=\"twitter:label1\" content=\"Escrito por\" \/>\n\t<meta name=\"twitter:data1\" content=\"Geovanna Thomaz\" \/>\n\t<meta name=\"twitter:label2\" content=\"Est. tempo de leitura\" \/>\n\t<meta name=\"twitter:data2\" content=\"3 minutos\" \/>\n<script type=\"application\/ld+json\" class=\"yoast-schema-graph\">{\"@context\":\"https:\/\/schema.org\",\"@graph\":[{\"@type\":\"NewsArticle\",\"@id\":\"https:\/\/www.gaveanews.com\/index.php\/2024\/07\/31\/a-declaracao-de-luis-zubeldia-apos-a-vitoria-do-sao-paulo-2\/#article\",\"isPartOf\":{\"@id\":\"https:\/\/www.gaveanews.com\/index.php\/2024\/07\/31\/a-declaracao-de-luis-zubeldia-apos-a-vitoria-do-sao-paulo-2\/\"},\"author\":{\"name\":\"Geovanna Thomaz\",\"@id\":\"https:\/\/www.gaveanews.com\/#\/schema\/person\/f42654babcd2b2014a1a65af82b081f1\"},\"headline\":\"A declara\u00e7\u00e3o de Luis Zubeld\u00eda ap\u00f3s a vit\u00f3ria do S\u00e3o Paulo\",\"datePublished\":\"2024-08-01T00:25:14+00:00\",\"dateModified\":\"2024-08-01T00:25:17+00:00\",\"mainEntityOfPage\":{\"@id\":\"https:\/\/www.gaveanews.com\/index.php\/2024\/07\/31\/a-declaracao-de-luis-zubeldia-apos-a-vitoria-do-sao-paulo-2\/\"},\"wordCount\":470,\"commentCount\":0,\"image\":{\"@id\":\"https:\/\/www.gaveanews.com\/index.php\/2024\/07\/31\/a-declaracao-de-luis-zubeldia-apos-a-vitoria-do-sao-paulo-2\/#primaryimage\"},\"thumbnailUrl\":\"https:\/\/www.gaveanews.com\/wp-content\/uploads\/Luis-Francisco-Zubeldia-treinador-do-Sao-Paulo-durante-partida-da-Copa-do-Brasil-2024.webp\",\"articleSection\":[\"S\u00e3o Paulo\"],\"inLanguage\":\"pt-BR\",\"potentialAction\":[{\"@type\":\"CommentAction\",\"name\":\"Comment\",\"target\":[\"https:\/\/www.gaveanews.com\/index.php\/2024\/07\/31\/a-declaracao-de-luis-zubeldia-apos-a-vitoria-do-sao-paulo-2\/#respond\"]}],\"copyrightYear\":\"2024\",\"copyrightHolder\":{\"@id\":\"https:\/\/www.gaveanews.com\/#organization\"}},{\"@type\":\"WebPage\",\"@id\":\"https:\/\/www.gaveanews.com\/index.php\/2024\/07\/31\/a-declaracao-de-luis-zubeldia-apos-a-vitoria-do-sao-paulo-2\/\",\"url\":\"https:\/\/www.gaveanews.com\/index.php\/2024\/07\/31\/a-declaracao-de-luis-zubeldia-apos-a-vitoria-do-sao-paulo-2\/\",\"name\":\"A declara\u00e7\u00e3o de Luis Zubeld\u00eda ap\u00f3s a vit\u00f3ria do S\u00e3o Paulo\",\"isPartOf\":{\"@id\":\"https:\/\/www.gaveanews.com\/#website\"},\"primaryImageOfPage\":{\"@id\":\"https:\/\/www.gaveanews.com\/index.php\/2024\/07\/31\/a-declaracao-de-luis-zubeldia-apos-a-vitoria-do-sao-paulo-2\/#primaryimage\"},\"image\":{\"@id\":\"https:\/\/www.gaveanews.com\/index.php\/2024\/07\/31\/a-declaracao-de-luis-zubeldia-apos-a-vitoria-do-sao-paulo-2\/#primaryimage\"},\"thumbnailUrl\":\"https:\/\/www.gaveanews.com\/wp-content\/uploads\/Luis-Francisco-Zubeldia-treinador-do-Sao-Paulo-durante-partida-da-Copa-do-Brasil-2024.webp\",\"datePublished\":\"2024-08-01T00:25:14+00:00\",\"dateModified\":\"2024-08-01T00:25:17+00:00\",\"author\":{\"@id\":\"https:\/\/www.gaveanews.com\/#\/schema\/person\/f42654babcd2b2014a1a65af82b081f1\"},\"breadcrumb\":{\"@id\":\"https:\/\/www.gaveanews.com\/index.php\/2024\/07\/31\/a-declaracao-de-luis-zubeldia-apos-a-vitoria-do-sao-paulo-2\/#breadcrumb\"},\"inLanguage\":\"pt-BR\",\"potentialAction\":[{\"@type\":\"ReadAction\",\"target\":[\"https:\/\/www.gaveanews.com\/index.php\/2024\/07\/31\/a-declaracao-de-luis-zubeldia-apos-a-vitoria-do-sao-paulo-2\/\"]}]},{\"@type\":\"ImageObject\",\"inLanguage\":\"pt-BR\",\"@id\":\"https:\/\/www.gaveanews.com\/index.php\/2024\/07\/31\/a-declaracao-de-luis-zubeldia-apos-a-vitoria-do-sao-paulo-2\/#primaryimage\",\"url\":\"https:\/\/www.gaveanews.com\/wp-content\/uploads\/Luis-Francisco-Zubeldia-treinador-do-Sao-Paulo-durante-partida-da-Copa-do-Brasil-2024.webp\",\"contentUrl\":\"https:\/\/www.gaveanews.com\/wp-content\/uploads\/Luis-Francisco-Zubeldia-treinador-do-Sao-Paulo-durante-partida-da-Copa-do-Brasil-2024.webp\",\"width\":1333,\"height\":889,\"caption\":\"Luis Francisco Zubeld\u00eda, treinador do S\u00e3o Paulo durante partida da Copa do Brasil 2024 (Foto: Rubens Chiri e Paulo Pinto\/S\u00e3o Paulo)\"},{\"@type\":\"BreadcrumbList\",\"@id\":\"https:\/\/www.gaveanews.com\/index.php\/2024\/07\/31\/a-declaracao-de-luis-zubeldia-apos-a-vitoria-do-sao-paulo-2\/#breadcrumb\",\"itemListElement\":[{\"@type\":\"ListItem\",\"position\":1,\"name\":\"Home\",\"item\":\"https:\/\/www.gaveanews.com\/\"},{\"@type\":\"ListItem\",\"position\":2,\"name\":\"A declara\u00e7\u00e3o de Luis Zubeld\u00eda ap\u00f3s a vit\u00f3ria do S\u00e3o Paulo\"}]},{\"@type\":\"WebSite\",\"@id\":\"https:\/\/www.gaveanews.com\/#website\",\"url\":\"https:\/\/www.gaveanews.com\/\",\"name\":\"G\u00e1vea News\",\"description\":\"Veja todas as not\u00edcias sobre o Flamengo: Contrata\u00e7\u00f5es, categorias de base, resultados das partidas, tabela de classifica\u00e7\u00e3o, pr\u00f3ximos jogos!\",\"potentialAction\":[{\"@type\":\"SearchAction\",\"target\":{\"@type\":\"EntryPoint\",\"urlTemplate\":\"https:\/\/www.gaveanews.com\/?s={search_term_string}\"},\"query-input\":{\"@type\":\"PropertyValueSpecification\",\"valueRequired\":true,\"valueName\":\"search_term_string\"}}],\"inLanguage\":\"pt-BR\"},{\"@type\":\"Person\",\"@id\":\"https:\/\/www.gaveanews.com\/#\/schema\/person\/f42654babcd2b2014a1a65af82b081f1\",\"name\":\"Geovanna Thomaz\",\"image\":{\"@type\":\"ImageObject\",\"inLanguage\":\"pt-BR\",\"@id\":\"https:\/\/www.gaveanews.com\/#\/schema\/person\/image\/\",\"url\":\"https:\/\/secure.gravatar.com\/avatar\/4092073255489533afb558984b49b64268c47198af8623cc82a925ae9fb7118a?s=96&d=mm&r=g\",\"contentUrl\":\"https:\/\/secure.gravatar.com\/avatar\/4092073255489533afb558984b49b64268c47198af8623cc82a925ae9fb7118a?s=96&d=mm&r=g\",\"caption\":\"Geovanna Thomaz\"}}]}<\/script>\n<!-- \/ Yoast SEO Premium plugin. -->","yoast_head_json":{"title":"A declara\u00e7\u00e3o de Luis Zubeld\u00eda ap\u00f3s a vit\u00f3ria do S\u00e3o Paulo","robots":{"index":"index","follow":"follow","max-snippet":"max-snippet:-1","max-image-preview":"max-image-preview:large","max-video-preview":"max-video-preview:-1"},"canonical":"https:\/\/www.gaveanews.com\/index.php\/2024\/07\/31\/a-declaracao-de-luis-zubeldia-apos-a-vitoria-do-sao-paulo-2\/","og_locale":"pt_BR","og_type":"article","og_title":"A declara\u00e7\u00e3o de Luis Zubeld\u00eda ap\u00f3s a vit\u00f3ria do S\u00e3o Paulo","og_description":"S\u00e3o Paulo vence o Goi\u00e1s por 2 a 0 e ganha vantagem na Copa do Brasil O S\u00e3o Paulo superou o Goi\u00e1s por 2 a 0 na noite de ter\u00e7a-feira, no Morumbi, no jogo de ida das oitavas de final da Copa do Brasil. Apesar da vit\u00f3ria, a equipe tricolor encontrou dificuldades para furar a [&hellip;]","og_url":"https:\/\/www.gaveanews.com\/index.php\/2024\/07\/31\/a-declaracao-de-luis-zubeldia-apos-a-vitoria-do-sao-paulo-2\/","og_site_name":"G\u00e1vea News","article_publisher":"https:\/\/facebook.com\/gaveaNews\/","article_published_time":"2024-08-01T00:25:14+00:00","article_modified_time":"2024-08-01T00:25:17+00:00","og_image":[{"width":1333,"height":889,"url":"https:\/\/www.gaveanews.com\/wp-content\/uploads\/Luis-Francisco-Zubeldia-treinador-do-Sao-Paulo-durante-partida-da-Copa-do-Brasil-2024.webp","type":"image\/webp"}],"author":"Geovanna Thomaz","twitter_card":"summary_large_image","twitter_misc":{"Escrito por":"Geovanna Thomaz","Est. tempo de leitura":"3 minutos"},"schema":{"@context":"https:\/\/schema.org","@graph":[{"@type":"NewsArticle","@id":"https:\/\/www.gaveanews.com\/index.php\/2024\/07\/31\/a-declaracao-de-luis-zubeldia-apos-a-vitoria-do-sao-paulo-2\/#article","isPartOf":{"@id":"https:\/\/www.gaveanews.com\/index.php\/2024\/07\/31\/a-declaracao-de-luis-zubeldia-apos-a-vitoria-do-sao-paulo-2\/"},"author":{"name":"Geovanna Thomaz","@id":"https:\/\/www.gaveanews.com\/#\/schema\/person\/f42654babcd2b2014a1a65af82b081f1"},"headline":"A declara\u00e7\u00e3o de Luis Zubeld\u00eda ap\u00f3s a vit\u00f3ria do S\u00e3o Paulo","datePublished":"2024-08-01T00:25:14+00:00","dateModified":"2024-08-01T00:25:17+00:00","mainEntityOfPage":{"@id":"https:\/\/www.gaveanews.com\/index.php\/2024\/07\/31\/a-declaracao-de-luis-zubeldia-apos-a-vitoria-do-sao-paulo-2\/"},"wordCount":470,"commentCount":0,"image":{"@id":"https:\/\/www.gaveanews.com\/index.php\/2024\/07\/31\/a-declaracao-de-luis-zubeldia-apos-a-vitoria-do-sao-paulo-2\/#primaryimage"},"thumbnailUrl":"https:\/\/www.gaveanews.com\/wp-content\/uploads\/Luis-Francisco-Zubeldia-treinador-do-Sao-Paulo-durante-partida-da-Copa-do-Brasil-2024.webp","articleSection":["S\u00e3o Paulo"],"inLanguage":"pt-BR","potentialAction":[{"@type":"CommentAction","name":"Comment","target":["https:\/\/www.gaveanews.com\/index.php\/2024\/07\/31\/a-declaracao-de-luis-zubeldia-apos-a-vitoria-do-sao-paulo-2\/#respond"]}],"copyrightYear":"2024","copyrightHolder":{"@id":"https:\/\/www.gaveanews.com\/#organization"}},{"@type":"WebPage","@id":"https:\/\/www.gaveanews.com\/index.php\/2024\/07\/31\/a-declaracao-de-luis-zubeldia-apos-a-vitoria-do-sao-paulo-2\/","url":"https:\/\/www.gaveanews.com\/index.php\/2024\/07\/31\/a-declaracao-de-luis-zubeldia-apos-a-vitoria-do-sao-paulo-2\/","name":"A declara\u00e7\u00e3o de Luis Zubeld\u00eda ap\u00f3s a vit\u00f3ria do S\u00e3o Paulo","isPartOf":{"@id":"https:\/\/www.gaveanews.com\/#website"},"primaryImageOfPage":{"@id":"https:\/\/www.gaveanews.com\/index.php\/2024\/07\/31\/a-declaracao-de-luis-zubeldia-apos-a-vitoria-do-sao-paulo-2\/#primaryimage"},"image":{"@id":"https:\/\/www.gaveanews.com\/index.php\/2024\/07\/31\/a-declaracao-de-luis-zubeldia-apos-a-vitoria-do-sao-paulo-2\/#primaryimage"},"thumbnailUrl":"https:\/\/www.gaveanews.com\/wp-content\/uploads\/Luis-Francisco-Zubeldia-treinador-do-Sao-Paulo-durante-partida-da-Copa-do-Brasil-2024.webp","datePublished":"2024-08-01T00:25:14+00:00","dateModified":"2024-08-01T00:25:17+00:00","author":{"@id":"https:\/\/www.gaveanews.com\/#\/schema\/person\/f42654babcd2b2014a1a65af82b081f1"},"breadcrumb":{"@id":"https:\/\/www.gaveanews.com\/index.php\/2024\/07\/31\/a-declaracao-de-luis-zubeldia-apos-a-vitoria-do-sao-paulo-2\/#breadcrumb"},"inLanguage":"pt-BR","potentialAction":[{"@type":"ReadAction","target":["https:\/\/www.gaveanews.com\/index.php\/2024\/07\/31\/a-declaracao-de-luis-zubeldia-apos-a-vitoria-do-sao-paulo-2\/"]}]},{"@type":"ImageObject","inLanguage":"pt-BR","@id":"https:\/\/www.gaveanews.com\/index.php\/2024\/07\/31\/a-declaracao-de-luis-zubeldia-apos-a-vitoria-do-sao-paulo-2\/#primaryimage","url":"https:\/\/www.gaveanews.com\/wp-content\/uploads\/Luis-Francisco-Zubeldia-treinador-do-Sao-Paulo-durante-partida-da-Copa-do-Brasil-2024.webp","contentUrl":"https:\/\/www.gaveanews.com\/wp-content\/uploads\/Luis-Francisco-Zubeldia-treinador-do-Sao-Paulo-durante-partida-da-Copa-do-Brasil-2024.webp","width":1333,"height":889,"caption":"Luis Francisco Zubeld\u00eda, treinador do S\u00e3o Paulo durante partida da Copa do Brasil 2024 (Foto: Rubens Chiri e Paulo Pinto\/S\u00e3o Paulo)"},{"@type":"BreadcrumbList","@id":"https:\/\/www.gaveanews.com\/index.php\/2024\/07\/31\/a-declaracao-de-luis-zubeldia-apos-a-vitoria-do-sao-paulo-2\/#breadcrumb","itemListElement":[{"@type":"ListItem","position":1,"name":"Home","item":"https:\/\/www.gaveanews.com\/"},{"@type":"ListItem","position":2,"name":"A declara\u00e7\u00e3o de Luis Zubeld\u00eda ap\u00f3s a vit\u00f3ria do S\u00e3o Paulo"}]},{"@type":"WebSite","@id":"https:\/\/www.gaveanews.com\/#website","url":"https:\/\/www.gaveanews.com\/","name":"G\u00e1vea News","description":"Veja todas as not\u00edcias sobre o Flamengo: Contrata\u00e7\u00f5es, categorias de base, resultados das partidas, tabela de classifica\u00e7\u00e3o, pr\u00f3ximos jogos!","potentialAction":[{"@type":"SearchAction","target":{"@type":"EntryPoint","urlTemplate":"https:\/\/www.gaveanews.com\/?s={search_term_string}"},"query-input":{"@type":"PropertyValueSpecification","valueRequired":true,"valueName":"search_term_string"}}],"inLanguage":"pt-BR"},{"@type":"Person","@id":"https:\/\/www.gaveanews.com\/#\/schema\/person\/f42654babcd2b2014a1a65af82b081f1","name":"Geovanna Thomaz","image":{"@type":"ImageObject","inLanguage":"pt-BR","@id":"https:\/\/www.gaveanews.com\/#\/schema\/person\/image\/","url":"https:\/\/secure.gravatar.com\/avatar\/4092073255489533afb558984b49b64268c47198af8623cc82a925ae9fb7118a?s=96&d=mm&r=g","contentUrl":"https:\/\/secure.gravatar.com\/avatar\/4092073255489533afb558984b49b64268c47198af8623cc82a925ae9fb7118a?s=96&d=mm&r=g","caption":"Geovanna Thomaz"}}]}},"_links":{"self":[{"href":"https:\/\/www.gaveanews.com\/index.php\/wp-json\/wp\/v2\/posts\/155685","targetHints":{"allow":["GET"]}}],"collection":[{"href":"https:\/\/www.gaveanews.com\/index.php\/wp-json\/wp\/v2\/posts"}],"about":[{"href":"https:\/\/www.gaveanews.com\/index.php\/wp-json\/wp\/v2\/types\/post"}],"author":[{"embeddable":true,"href":"https:\/\/www.gaveanews.com\/index.php\/wp-json\/wp\/v2\/users\/17"}],"replies":[{"embeddable":true,"href":"https:\/\/www.gaveanews.com\/index.php\/wp-json\/wp\/v2\/comments?post=155685"}],"version-history":[{"count":1,"href":"https:\/\/www.gaveanews.com\/index.php\/wp-json\/wp\/v2\/posts\/155685\/revisions"}],"predecessor-version":[{"id":155689,"href":"https:\/\/www.gaveanews.com\/index.php\/wp-json\/wp\/v2\/posts\/155685\/revisions\/155689"}],"wp:featuredmedia":[{"embeddable":true,"href":"https:\/\/www.gaveanews.com\/index.php\/wp-json\/wp\/v2\/media\/155699"}],"wp:attachment":[{"href":"https:\/\/www.gaveanews.com\/index.php\/wp-json\/wp\/v2\/media?parent=155685"}],"wp:term":[{"taxonomy":"category","embeddable":true,"href":"https:\/\/www.gaveanews.com\/index.php\/wp-json\/wp\/v2\/categories?post=155685"},{"taxonomy":"post_tag","embeddable":true,"href":"https:\/\/www.gaveanews.com\/index.php\/wp-json\/wp\/v2\/tags?post=155685"}],"curies":[{"name":"wp","href":"https:\/\/api.w.org\/{rel}","templated":true}]}}